{"id":118960,"date":"2025-05-01T10:30:12","date_gmt":"2025-05-01T15:30:12","guid":{"rendered":"https:\/\/futbolhoy.co\/?p=118960"},"modified":"2025-05-03T13:35:09","modified_gmt":"2025-05-03T18:35:09","slug":"julen-lopetegui-encuentra-trabajo-dirigira-a-seleccion","status":"publish","type":"post","link":"https:\/\/futbolhoy.co\/index.php\/2025\/05\/01\/julen-lopetegui-encuentra-trabajo-dirigira-a-seleccion\/","title":{"rendered":"Julen Lopetegui encuentra trabajo: dirigir\u00e1 a selecci\u00f3n"},"content":{"rendered":"<p style=\"text-align: justify;\"><span style=\"font-family: helvetica, arial, sans-serif;\">El espa\u00f1ol\u00a0<strong class=\"highlight\">Julen<\/strong>\u00a0<strong class=\"highlight\">Lopetegui<\/strong>, exseleccionador espa\u00f1ol y exentrenador del<strong> Real Madrid,<\/strong> fue nombrado al frente de la selecci\u00f3n de Catar en sustituci\u00f3n de su compatriota Luis Garc\u00eda, anunci\u00f3 este jueves la Federaci\u00f3n Catar\u00ed (QFA).\u00a0<\/span><\/p>\n<p style=\"text-align: justify;\"><span style=\"font-family: helvetica, arial, sans-serif;\">\"Listos para un nuevo cap\u00edtulo. Bienvenido\u00a0<strong class=\"highlight\">Lopetegui<\/strong>\", anunci\u00f3 la federaci\u00f3n en las redes sociales junto con un breve v\u00eddeo del antiguo portero llegado a la sede de la entidad.<\/span><\/p>\n<p style=\"text-align: justify;\"><span style=\"font-family: helvetica, arial, sans-serif;\">El clip termina con un plano cerrado del t\u00e9cnico que declara:<strong> \"Estoy listo\".\u00a0<\/strong><\/span><\/p>\n<p style=\"text-align: justify;\"><span style=\"font-family: helvetica, arial, sans-serif;\">El espa\u00f1ol de 58 a\u00f1os firm\u00f3 hasta 2027, a\u00f1o de la pr\u00f3xima <strong>Copa Asi\u00e1tica de Naciones en Arabia Saudita<\/strong>, de la que Catar es vigente bicampeona.<\/span><\/p>\n<p style=\"text-align: justify;\"><span style=\"font-family: helvetica, arial, sans-serif;\">Exguardameta del <strong>Real Madrid y del Barcelona<\/strong> entre otros,\u00a0<strong class=\"highlight\">Lopetegui<\/strong>\u00a0toma las riendas de Catar en plena campa\u00f1a de clasificaci\u00f3n para la pr\u00f3xima Copa del Mundo, en 2026.\u00a0<\/span><\/p>\n<p style=\"text-align: justify;\"><span style=\"font-family: helvetica, arial, sans-serif;\">Su primer partido al frente de la selecci\u00f3n catar\u00ed ser\u00e1 el<strong> 5 de junio en casa contra Ir\u00e1n,<\/strong> seguido de un viaje el 10 de junio a Uzbekist\u00e1n.\u00a0<\/span><\/p>\n<p style=\"text-align: justify;\"><span style=\"font-family: helvetica, arial, sans-serif;\">Al frente de <strong>Espa\u00f1a entre 2016 y 2018,<\/strong> logr\u00f3 14 victorias, seis empates y ninguna derrota, antes de dirigir brevemente al Real Madrid.<\/span><\/p>\n","protected":false},"excerpt":{"rendered":"<p>El espa\u00f1ol\u00a0Julen\u00a0Lopetegui, exseleccionador espa\u00f1ol y exentrenador del Real Madrid, fue nombrado al frente de la selecci\u00f3n de Catar en sustituci\u00f3n de su compatriota Luis Garc\u00eda, anunci\u00f3 este jueves la Federaci\u00f3n Catar\u00ed (QFA).\u00a0 \"Listos para un nuevo cap\u00edtulo. Bienvenido\u00a0Lopetegui\", anunci\u00f3 la federaci\u00f3n en las redes sociales junto con un breve v\u00eddeo del antiguo portero llegado a [&hellip;]<\/p>\n","protected":false},"author":4,"featured_media":118961,"comment_status":"open","ping_status":"open","sticky":false,"template":"","format":"standard","meta":{"_acf_changed":false,"footnotes":""},"categories":[152],"tags":[],"class_list":{"0":"post-118960","1":"post","2":"type-post","3":"status-publish","4":"format-standard","5":"has-post-thumbnail","7":"category-mundo-futbol"},"acf":[],"yoast_head":"<!-- This site is optimized with the Yoast SEO plugin v26.8 - https:\/\/yoast.com\/product\/yoast-seo-wordpress\/ -->\n<title>Julen Lopetegui encuentra trabajo: dirigir\u00e1 a selecci\u00f3n -<\/title>\n<meta name=\"robots\" content=\"index, follow, max-snippet:-1, max-image-preview:large, max-video-preview:-1\" \/>\n<link rel=\"canonical\" href=\"https:\/\/futbolhoy.co\/index.php\/2025\/05\/01\/julen-lopetegui-encuentra-trabajo-dirigira-a-seleccion\/\" \/>\n<meta property=\"og:locale\" content=\"es_ES\" \/>\n<meta property=\"og:type\" content=\"article\" \/>\n<meta property=\"og:title\" content=\"Julen Lopetegui encuentra trabajo: dirigir\u00e1 a selecci\u00f3n -\" \/>\n<meta property=\"og:description\" content=\"El espa\u00f1ol\u00a0Julen\u00a0Lopetegui, exseleccionador espa\u00f1ol y exentrenador del Real Madrid, fue nombrado al frente de la selecci\u00f3n de Catar en sustituci\u00f3n de su compatriota Luis Garc\u00eda, anunci\u00f3 este jueves la Federaci\u00f3n Catar\u00ed (QFA).\u00a0 &quot;Listos para un nuevo cap\u00edtulo. Bienvenido\u00a0Lopetegui&quot;, anunci\u00f3 la federaci\u00f3n en las redes sociales junto con un breve v\u00eddeo del antiguo portero llegado a [&hellip;]\" \/>\n<meta property=\"og:url\" content=\"https:\/\/futbolhoy.co\/index.php\/2025\/05\/01\/julen-lopetegui-encuentra-trabajo-dirigira-a-seleccion\/\" \/>\n<meta property=\"article:publisher\" content=\"https:\/\/www.facebook.com\/FutbolHoyCol\/\" \/>\n<meta property=\"article:published_time\" content=\"2025-05-01T15:30:12+00:00\" \/>\n<meta property=\"article:modified_time\" content=\"2025-05-03T18:35:09+00:00\" \/>\n<meta property=\"og:image\" content=\"https:\/\/futbolhoy.co\/wp-content\/uploads\/2025\/05\/Gp20aAVXIAATrK9.jpg\" \/>\n\t<meta property=\"og:image:width\" content=\"1486\" \/>\n\t<meta property=\"og:image:height\" content=\"954\" \/>\n\t<meta property=\"og:image:type\" content=\"image\/jpeg\" \/>\n<meta name=\"author\" content=\"contenido\" \/>\n<meta name=\"twitter:card\" content=\"summary_large_image\" \/>\n<meta name=\"twitter:creator\" content=\"@FutbolHoyCol\" \/>\n<meta name=\"twitter:site\" content=\"@FutbolHoyCol\" \/>\n<meta name=\"twitter:label1\" content=\"Escrito por\" \/>\n\t<meta name=\"twitter:data1\" content=\"contenido\" \/>\n\t<meta name=\"twitter:label2\" content=\"Tiempo de lectura\" \/>\n\t<meta name=\"twitter:data2\" content=\"1 minuto\" \/>\n<script type=\"application\/ld+json\" class=\"yoast-schema-graph\">{\"@context\":\"https:\/\/schema.org\",\"@graph\":[{\"@type\":\"Article\",\"@id\":\"https:\/\/futbolhoy.co\/index.php\/2025\/05\/01\/julen-lopetegui-encuentra-trabajo-dirigira-a-seleccion\/#article\",\"isPartOf\":{\"@id\":\"https:\/\/futbolhoy.co\/index.php\/2025\/05\/01\/julen-lopetegui-encuentra-trabajo-dirigira-a-seleccion\/\"},\"author\":{\"name\":\"contenido\",\"@id\":\"https:\/\/futbolhoy.co\/#\/schema\/person\/1721b69355b6623eaff15ac7b92d4cc3\"},\"headline\":\"Julen Lopetegui encuentra trabajo: dirigir\u00e1 a selecci\u00f3n\",\"datePublished\":\"2025-05-01T15:30:12+00:00\",\"dateModified\":\"2025-05-03T18:35:09+00:00\",\"mainEntityOfPage\":{\"@id\":\"https:\/\/futbolhoy.co\/index.php\/2025\/05\/01\/julen-lopetegui-encuentra-trabajo-dirigira-a-seleccion\/\"},\"wordCount\":203,\"commentCount\":0,\"publisher\":{\"@id\":\"https:\/\/futbolhoy.co\/#organization\"},\"image\":{\"@id\":\"https:\/\/futbolhoy.co\/index.php\/2025\/05\/01\/julen-lopetegui-encuentra-trabajo-dirigira-a-seleccion\/#primaryimage\"},\"thumbnailUrl\":\"https:\/\/futbolhoy.co\/wp-content\/uploads\/2025\/05\/Gp20aAVXIAATrK9.jpg\",\"articleSection\":[\"Mundo Futbol\"],\"inLanguage\":\"es\",\"potentialAction\":[{\"@type\":\"CommentAction\",\"name\":\"Comment\",\"target\":[\"https:\/\/futbolhoy.co\/index.php\/2025\/05\/01\/julen-lopetegui-encuentra-trabajo-dirigira-a-seleccion\/#respond\"]}]},{\"@type\":\"WebPage\",\"@id\":\"https:\/\/futbolhoy.co\/index.php\/2025\/05\/01\/julen-lopetegui-encuentra-trabajo-dirigira-a-seleccion\/\",\"url\":\"https:\/\/futbolhoy.co\/index.php\/2025\/05\/01\/julen-lopetegui-encuentra-trabajo-dirigira-a-seleccion\/\",\"name\":\"Julen Lopetegui encuentra trabajo: dirigir\u00e1 a selecci\u00f3n -\",\"isPartOf\":{\"@id\":\"https:\/\/futbolhoy.co\/#website\"},\"primaryImageOfPage\":{\"@id\":\"https:\/\/futbolhoy.co\/index.php\/2025\/05\/01\/julen-lopetegui-encuentra-trabajo-dirigira-a-seleccion\/#primaryimage\"},\"image\":{\"@id\":\"https:\/\/futbolhoy.co\/index.php\/2025\/05\/01\/julen-lopetegui-encuentra-trabajo-dirigira-a-seleccion\/#primaryimage\"},\"thumbnailUrl\":\"https:\/\/futbolhoy.co\/wp-content\/uploads\/2025\/05\/Gp20aAVXIAATrK9.jpg\",\"datePublished\":\"2025-05-01T15:30:12+00:00\",\"dateModified\":\"2025-05-03T18:35:09+00:00\",\"breadcrumb\":{\"@id\":\"https:\/\/futbolhoy.co\/index.php\/2025\/05\/01\/julen-lopetegui-encuentra-trabajo-dirigira-a-seleccion\/#breadcrumb\"},\"inLanguage\":\"es\",\"potentialAction\":[{\"@type\":\"ReadAction\",\"target\":[\"https:\/\/futbolhoy.co\/index.php\/2025\/05\/01\/julen-lopetegui-encuentra-trabajo-dirigira-a-seleccion\/\"]}]},{\"@type\":\"ImageObject\",\"inLanguage\":\"es\",\"@id\":\"https:\/\/futbolhoy.co\/index.php\/2025\/05\/01\/julen-lopetegui-encuentra-trabajo-dirigira-a-seleccion\/#primaryimage\",\"url\":\"https:\/\/futbolhoy.co\/wp-content\/uploads\/2025\/05\/Gp20aAVXIAATrK9.jpg\",\"contentUrl\":\"https:\/\/futbolhoy.co\/wp-content\/uploads\/2025\/05\/Gp20aAVXIAATrK9.jpg\",\"width\":1486,\"height\":954},{\"@type\":\"BreadcrumbList\",\"@id\":\"https:\/\/futbolhoy.co\/index.php\/2025\/05\/01\/julen-lopetegui-encuentra-trabajo-dirigira-a-seleccion\/#breadcrumb\",\"itemListElement\":[{\"@type\":\"ListItem\",\"position\":1,\"name\":\"Portada\",\"item\":\"https:\/\/futbolhoy.co\/\"},{\"@type\":\"ListItem\",\"position\":2,\"name\":\"Julen Lopetegui encuentra trabajo: dirigir\u00e1 a selecci\u00f3n\"}]},{\"@type\":\"WebSite\",\"@id\":\"https:\/\/futbolhoy.co\/#website\",\"url\":\"https:\/\/futbolhoy.co\/\",\"name\":\"FutbolHoy\",\"description\":\"\",\"publisher\":{\"@id\":\"https:\/\/futbolhoy.co\/#organization\"},\"potentialAction\":[{\"@type\":\"SearchAction\",\"target\":{\"@type\":\"EntryPoint\",\"urlTemplate\":\"https:\/\/futbolhoy.co\/?s={search_term_string}\"},\"query-input\":{\"@type\":\"PropertyValueSpecification\",\"valueRequired\":true,\"valueName\":\"search_term_string\"}}],\"inLanguage\":\"es\"},{\"@type\":\"Organization\",\"@id\":\"https:\/\/futbolhoy.co\/#organization\",\"name\":\"Futbolhoy.co\",\"url\":\"https:\/\/futbolhoy.co\/\",\"logo\":{\"@type\":\"ImageObject\",\"inLanguage\":\"es\",\"@id\":\"https:\/\/futbolhoy.co\/#\/schema\/logo\/image\/\",\"url\":\"https:\/\/futbolhoy.co\/wp-content\/uploads\/2018\/08\/17426380_1906371736249227_6326180412931521141_n.jpg\",\"contentUrl\":\"https:\/\/futbolhoy.co\/wp-content\/uploads\/2018\/08\/17426380_1906371736249227_6326180412931521141_n.jpg\",\"width\":960,\"height\":960,\"caption\":\"Futbolhoy.co\"},\"image\":{\"@id\":\"https:\/\/futbolhoy.co\/#\/schema\/logo\/image\/\"},\"sameAs\":[\"https:\/\/www.facebook.com\/FutbolHoyCol\/\",\"https:\/\/x.com\/FutbolHoyCol\",\"https:\/\/www.instagram.com\/futbolhoycol\/\"]},{\"@type\":\"Person\",\"@id\":\"https:\/\/futbolhoy.co\/#\/schema\/person\/1721b69355b6623eaff15ac7b92d4cc3\",\"name\":\"contenido\",\"image\":{\"@type\":\"ImageObject\",\"inLanguage\":\"es\",\"@id\":\"https:\/\/futbolhoy.co\/#\/schema\/person\/image\/\",\"url\":\"https:\/\/secure.gravatar.com\/avatar\/4f656d3256f5134f466206e7c3941518?s=96&d=mm&r=g\",\"contentUrl\":\"https:\/\/secure.gravatar.com\/avatar\/4f656d3256f5134f466206e7c3941518?s=96&d=mm&r=g\",\"caption\":\"contenido\"}}]}<\/script>\n<!-- \/ Yoast SEO plugin. -->","yoast_head_json":{"title":"Julen Lopetegui encuentra trabajo: dirigir\u00e1 a selecci\u00f3n -","robots":{"index":"index","follow":"follow","max-snippet":"max-snippet:-1","max-image-preview":"max-image-preview:large","max-video-preview":"max-video-preview:-1"},"canonical":"https:\/\/futbolhoy.co\/index.php\/2025\/05\/01\/julen-lopetegui-encuentra-trabajo-dirigira-a-seleccion\/","og_locale":"es_ES","og_type":"article","og_title":"Julen Lopetegui encuentra trabajo: dirigir\u00e1 a selecci\u00f3n -","og_description":"El espa\u00f1ol\u00a0Julen\u00a0Lopetegui, exseleccionador espa\u00f1ol y exentrenador del Real Madrid, fue nombrado al frente de la selecci\u00f3n de Catar en sustituci\u00f3n de su compatriota Luis Garc\u00eda, anunci\u00f3 este jueves la Federaci\u00f3n Catar\u00ed (QFA).\u00a0 \"Listos para un nuevo cap\u00edtulo. Bienvenido\u00a0Lopetegui\", anunci\u00f3 la federaci\u00f3n en las redes sociales junto con un breve v\u00eddeo del antiguo portero llegado a [&hellip;]","og_url":"https:\/\/futbolhoy.co\/index.php\/2025\/05\/01\/julen-lopetegui-encuentra-trabajo-dirigira-a-seleccion\/","article_publisher":"https:\/\/www.facebook.com\/FutbolHoyCol\/","article_published_time":"2025-05-01T15:30:12+00:00","article_modified_time":"2025-05-03T18:35:09+00:00","og_image":[{"width":1486,"height":954,"url":"https:\/\/futbolhoy.co\/wp-content\/uploads\/2025\/05\/Gp20aAVXIAATrK9.jpg","type":"image\/jpeg"}],"author":"contenido","twitter_card":"summary_large_image","twitter_creator":"@FutbolHoyCol","twitter_site":"@FutbolHoyCol","twitter_misc":{"Escrito por":"contenido","Tiempo de lectura":"1 minuto"},"schema":{"@context":"https:\/\/schema.org","@graph":[{"@type":"Article","@id":"https:\/\/futbolhoy.co\/index.php\/2025\/05\/01\/julen-lopetegui-encuentra-trabajo-dirigira-a-seleccion\/#article","isPartOf":{"@id":"https:\/\/futbolhoy.co\/index.php\/2025\/05\/01\/julen-lopetegui-encuentra-trabajo-dirigira-a-seleccion\/"},"author":{"name":"contenido","@id":"https:\/\/futbolhoy.co\/#\/schema\/person\/1721b69355b6623eaff15ac7b92d4cc3"},"headline":"Julen Lopetegui encuentra trabajo: dirigir\u00e1 a selecci\u00f3n","datePublished":"2025-05-01T15:30:12+00:00","dateModified":"2025-05-03T18:35:09+00:00","mainEntityOfPage":{"@id":"https:\/\/futbolhoy.co\/index.php\/2025\/05\/01\/julen-lopetegui-encuentra-trabajo-dirigira-a-seleccion\/"},"wordCount":203,"commentCount":0,"publisher":{"@id":"https:\/\/futbolhoy.co\/#organization"},"image":{"@id":"https:\/\/futbolhoy.co\/index.php\/2025\/05\/01\/julen-lopetegui-encuentra-trabajo-dirigira-a-seleccion\/#primaryimage"},"thumbnailUrl":"https:\/\/futbolhoy.co\/wp-content\/uploads\/2025\/05\/Gp20aAVXIAATrK9.jpg","articleSection":["Mundo Futbol"],"inLanguage":"es","potentialAction":[{"@type":"CommentAction","name":"Comment","target":["https:\/\/futbolhoy.co\/index.php\/2025\/05\/01\/julen-lopetegui-encuentra-trabajo-dirigira-a-seleccion\/#respond"]}]},{"@type":"WebPage","@id":"https:\/\/futbolhoy.co\/index.php\/2025\/05\/01\/julen-lopetegui-encuentra-trabajo-dirigira-a-seleccion\/","url":"https:\/\/futbolhoy.co\/index.php\/2025\/05\/01\/julen-lopetegui-encuentra-trabajo-dirigira-a-seleccion\/","name":"Julen Lopetegui encuentra trabajo: dirigir\u00e1 a selecci\u00f3n -","isPartOf":{"@id":"https:\/\/futbolhoy.co\/#website"},"primaryImageOfPage":{"@id":"https:\/\/futbolhoy.co\/index.php\/2025\/05\/01\/julen-lopetegui-encuentra-trabajo-dirigira-a-seleccion\/#primaryimage"},"image":{"@id":"https:\/\/futbolhoy.co\/index.php\/2025\/05\/01\/julen-lopetegui-encuentra-trabajo-dirigira-a-seleccion\/#primaryimage"},"thumbnailUrl":"https:\/\/futbolhoy.co\/wp-content\/uploads\/2025\/05\/Gp20aAVXIAATrK9.jpg","datePublished":"2025-05-01T15:30:12+00:00","dateModified":"2025-05-03T18:35:09+00:00","breadcrumb":{"@id":"https:\/\/futbolhoy.co\/index.php\/2025\/05\/01\/julen-lopetegui-encuentra-trabajo-dirigira-a-seleccion\/#breadcrumb"},"inLanguage":"es","potentialAction":[{"@type":"ReadAction","target":["https:\/\/futbolhoy.co\/index.php\/2025\/05\/01\/julen-lopetegui-encuentra-trabajo-dirigira-a-seleccion\/"]}]},{"@type":"ImageObject","inLanguage":"es","@id":"https:\/\/futbolhoy.co\/index.php\/2025\/05\/01\/julen-lopetegui-encuentra-trabajo-dirigira-a-seleccion\/#primaryimage","url":"https:\/\/futbolhoy.co\/wp-content\/uploads\/2025\/05\/Gp20aAVXIAATrK9.jpg","contentUrl":"https:\/\/futbolhoy.co\/wp-content\/uploads\/2025\/05\/Gp20aAVXIAATrK9.jpg","width":1486,"height":954},{"@type":"BreadcrumbList","@id":"https:\/\/futbolhoy.co\/index.php\/2025\/05\/01\/julen-lopetegui-encuentra-trabajo-dirigira-a-seleccion\/#breadcrumb","itemListElement":[{"@type":"ListItem","position":1,"name":"Portada","item":"https:\/\/futbolhoy.co\/"},{"@type":"ListItem","position":2,"name":"Julen Lopetegui encuentra trabajo: dirigir\u00e1 a selecci\u00f3n"}]},{"@type":"WebSite","@id":"https:\/\/futbolhoy.co\/#website","url":"https:\/\/futbolhoy.co\/","name":"FutbolHoy","description":"","publisher":{"@id":"https:\/\/futbolhoy.co\/#organization"},"potentialAction":[{"@type":"SearchAction","target":{"@type":"EntryPoint","urlTemplate":"https:\/\/futbolhoy.co\/?s={search_term_string}"},"query-input":{"@type":"PropertyValueSpecification","valueRequired":true,"valueName":"search_term_string"}}],"inLanguage":"es"},{"@type":"Organization","@id":"https:\/\/futbolhoy.co\/#organization","name":"Futbolhoy.co","url":"https:\/\/futbolhoy.co\/","logo":{"@type":"ImageObject","inLanguage":"es","@id":"https:\/\/futbolhoy.co\/#\/schema\/logo\/image\/","url":"https:\/\/futbolhoy.co\/wp-content\/uploads\/2018\/08\/17426380_1906371736249227_6326180412931521141_n.jpg","contentUrl":"https:\/\/futbolhoy.co\/wp-content\/uploads\/2018\/08\/17426380_1906371736249227_6326180412931521141_n.jpg","width":960,"height":960,"caption":"Futbolhoy.co"},"image":{"@id":"https:\/\/futbolhoy.co\/#\/schema\/logo\/image\/"},"sameAs":["https:\/\/www.facebook.com\/FutbolHoyCol\/","https:\/\/x.com\/FutbolHoyCol","https:\/\/www.instagram.com\/futbolhoycol\/"]},{"@type":"Person","@id":"https:\/\/futbolhoy.co\/#\/schema\/person\/1721b69355b6623eaff15ac7b92d4cc3","name":"contenido","image":{"@type":"ImageObject","inLanguage":"es","@id":"https:\/\/futbolhoy.co\/#\/schema\/person\/image\/","url":"https:\/\/secure.gravatar.com\/avatar\/4f656d3256f5134f466206e7c3941518?s=96&d=mm&r=g","contentUrl":"https:\/\/secure.gravatar.com\/avatar\/4f656d3256f5134f466206e7c3941518?s=96&d=mm&r=g","caption":"contenido"}}]}},"publishpress_future_action":{"enabled":false,"date":"2026-05-04 19:34:44","action":"change-status","newStatus":"draft","terms":[],"taxonomy":"category","extraData":[]},"publishpress_future_workflow_manual_trigger":{"enabledWorkflows":[]},"_links":{"self":[{"href":"https:\/\/futbolhoy.co\/index.php\/wp-json\/wp\/v2\/posts\/118960","targetHints":{"allow":["GET"]}}],"collection":[{"href":"https:\/\/futbolhoy.co\/index.php\/wp-json\/wp\/v2\/posts"}],"about":[{"href":"https:\/\/futbolhoy.co\/index.php\/wp-json\/wp\/v2\/types\/post"}],"author":[{"embeddable":true,"href":"https:\/\/futbolhoy.co\/index.php\/wp-json\/wp\/v2\/users\/4"}],"replies":[{"embeddable":true,"href":"https:\/\/futbolhoy.co\/index.php\/wp-json\/wp\/v2\/comments?post=118960"}],"version-history":[{"count":1,"href":"https:\/\/futbolhoy.co\/index.php\/wp-json\/wp\/v2\/posts\/118960\/revisions"}],"predecessor-version":[{"id":118962,"href":"https:\/\/futbolhoy.co\/index.php\/wp-json\/wp\/v2\/posts\/118960\/revisions\/118962"}],"wp:featuredmedia":[{"embeddable":true,"href":"https:\/\/futbolhoy.co\/index.php\/wp-json\/wp\/v2\/media\/118961"}],"wp:attachment":[{"href":"https:\/\/futbolhoy.co\/index.php\/wp-json\/wp\/v2\/media?parent=118960"}],"wp:term":[{"taxonomy":"category","embeddable":true,"href":"https:\/\/futbolhoy.co\/index.php\/wp-json\/wp\/v2\/categories?post=118960"},{"taxonomy":"post_tag","embeddable":true,"href":"https:\/\/futbolhoy.co\/index.php\/wp-json\/wp\/v2\/tags?post=118960"}],"curies":[{"name":"wp","href":"https:\/\/api.w.org\/{rel}","templated":true}]}}