{"id":118977,"date":"2025-05-02T07:40:33","date_gmt":"2025-05-02T12:40:33","guid":{"rendered":"https:\/\/futbolhoy.co\/?p=118977"},"modified":"2025-05-03T22:48:59","modified_gmt":"2025-05-04T03:48:59","slug":"kevin-mier-estaria-en-el-radar-de-dos-gigantes-de-europa","status":"publish","type":"post","link":"https:\/\/futbolhoy.co\/index.php\/2025\/05\/02\/kevin-mier-estaria-en-el-radar-de-dos-gigantes-de-europa\/","title":{"rendered":"Kevin Mier estar\u00eda en el radar de dos gigantes de Europa"},"content":{"rendered":"<p style=\"text-align: justify;\"><span style=\"font-family: helvetica, arial, sans-serif;\"><strong>Kevin Mier<\/strong> se ha consolidado como una de las grandes figuras del <strong>Cruz Azul<\/strong> de <strong>M\u00e9xico,<\/strong> quien este mi\u00e9rcoles logr\u00f3 clasificar a su novena final de la<strong> Liga de Campeones de la Concacaf,<\/strong> luego de derrotar 1-0 a <strong>Tigres,<\/strong> tambi\u00e9n de <strong>M\u00e9xico.<\/strong> En la final se estar\u00e1n enfrentando el pr\u00f3ximo 1 de junio al <strong>Vancouver Whitecaps<\/strong>, de la <strong>MLS.<\/strong><\/span><\/p>\n<p style=\"text-align: justify;\"><span style=\"font-family: helvetica, arial, sans-serif;\"><strong>C\u00e9sar Caballero<\/strong>, periodista mexicano de <strong><em>ESPN,<\/em><\/strong> habl\u00f3 de las posibilidades de que el portero colombiano de 24 a\u00f1os abandone el club, existiendo algunos rumores de que est\u00e9 siendo seguido por el <strong>Manchester United,<\/strong> de la <strong>Premier League,<\/strong> y el <strong>Bayern M\u00fanich,<\/strong> de la <strong>Bundesliga.<\/strong><\/span><\/p>\n<p style=\"text-align: justify;\"><span style=\"font-family: helvetica, arial, sans-serif;\">No obstante, el reportero dej\u00f3 en claro que todav\u00eda no hay una oferta o siquiera un sondeo oficial de estos clubes con La M\u00e1quina Cementera. El club estar\u00eda dispuesto a vender a su portero, a quien tiene valorado en <strong>15 millones de d\u00f3lares.<\/strong><\/span><\/p>\n<p style=\"text-align: justify;\"><span style=\"font-family: helvetica, arial, sans-serif;\">Mier, nacido en <strong>Barrancabermeja,<\/strong> se encuentra en el Cruz Azul desde el a\u00f1o 2024, cuando lleg\u00f3 procedente de <strong>Atl\u00e9tico Nacional.<\/strong> El portero se ha ganado el cari\u00f1o de los aficionados y persigue su primer t\u00edtulo en dicho pa\u00eds.<\/span><\/p>\n","protected":false},"excerpt":{"rendered":"<p>Kevin Mier se ha consolidado como una de las grandes figuras del Cruz Azul de M\u00e9xico, quien este mi\u00e9rcoles logr\u00f3 clasificar a su novena final de la Liga de Campeones de la Concacaf, luego de derrotar 1-0 a Tigres, tambi\u00e9n de M\u00e9xico. En la final se estar\u00e1n enfrentando el pr\u00f3ximo 1 de junio al Vancouver [&hellip;]<\/p>\n","protected":false},"author":4,"featured_media":118978,"comment_status":"open","ping_status":"open","sticky":false,"template":"","format":"standard","meta":{"_acf_changed":false,"footnotes":""},"categories":[418],"tags":[],"class_list":{"0":"post-118977","1":"post","2":"type-post","3":"status-publish","4":"format-standard","5":"has-post-thumbnail","7":"category-colombia"},"acf":[],"yoast_head":"<!-- This site is optimized with the Yoast SEO plugin v26.8 - https:\/\/yoast.com\/product\/yoast-seo-wordpress\/ -->\n<title>Kevin Mier estar\u00eda en el radar de dos gigantes de Europa -<\/title>\n<meta name=\"robots\" content=\"index, follow, max-snippet:-1, max-image-preview:large, max-video-preview:-1\" \/>\n<link rel=\"canonical\" href=\"https:\/\/futbolhoy.co\/index.php\/2025\/05\/02\/kevin-mier-estaria-en-el-radar-de-dos-gigantes-de-europa\/\" \/>\n<meta property=\"og:locale\" content=\"es_ES\" \/>\n<meta property=\"og:type\" content=\"article\" \/>\n<meta property=\"og:title\" content=\"Kevin Mier estar\u00eda en el radar de dos gigantes de Europa -\" \/>\n<meta property=\"og:description\" content=\"Kevin Mier se ha consolidado como una de las grandes figuras del Cruz Azul de M\u00e9xico, quien este mi\u00e9rcoles logr\u00f3 clasificar a su novena final de la Liga de Campeones de la Concacaf, luego de derrotar 1-0 a Tigres, tambi\u00e9n de M\u00e9xico. En la final se estar\u00e1n enfrentando el pr\u00f3ximo 1 de junio al Vancouver [&hellip;]\" \/>\n<meta property=\"og:url\" content=\"https:\/\/futbolhoy.co\/index.php\/2025\/05\/02\/kevin-mier-estaria-en-el-radar-de-dos-gigantes-de-europa\/\" \/>\n<meta property=\"article:publisher\" content=\"https:\/\/www.facebook.com\/FutbolHoyCol\/\" \/>\n<meta property=\"article:published_time\" content=\"2025-05-02T12:40:33+00:00\" \/>\n<meta property=\"article:modified_time\" content=\"2025-05-04T03:48:59+00:00\" \/>\n<meta property=\"og:image\" content=\"https:\/\/futbolhoy.co\/wp-content\/uploads\/2025\/05\/Mier.png\" \/>\n\t<meta property=\"og:image:width\" content=\"928\" \/>\n\t<meta property=\"og:image:height\" content=\"761\" \/>\n\t<meta property=\"og:image:type\" content=\"image\/png\" \/>\n<meta name=\"author\" content=\"contenido\" \/>\n<meta name=\"twitter:card\" content=\"summary_large_image\" \/>\n<meta name=\"twitter:creator\" content=\"@FutbolHoyCol\" \/>\n<meta name=\"twitter:site\" content=\"@FutbolHoyCol\" \/>\n<meta name=\"twitter:label1\" content=\"Escrito por\" \/>\n\t<meta name=\"twitter:data1\" content=\"contenido\" \/>\n\t<meta name=\"twitter:label2\" content=\"Tiempo de lectura\" \/>\n\t<meta name=\"twitter:data2\" content=\"1 minuto\" \/>\n<script type=\"application\/ld+json\" class=\"yoast-schema-graph\">{\"@context\":\"https:\/\/schema.org\",\"@graph\":[{\"@type\":\"Article\",\"@id\":\"https:\/\/futbolhoy.co\/index.php\/2025\/05\/02\/kevin-mier-estaria-en-el-radar-de-dos-gigantes-de-europa\/#article\",\"isPartOf\":{\"@id\":\"https:\/\/futbolhoy.co\/index.php\/2025\/05\/02\/kevin-mier-estaria-en-el-radar-de-dos-gigantes-de-europa\/\"},\"author\":{\"name\":\"contenido\",\"@id\":\"https:\/\/futbolhoy.co\/#\/schema\/person\/1721b69355b6623eaff15ac7b92d4cc3\"},\"headline\":\"Kevin Mier estar\u00eda en el radar de dos gigantes de Europa\",\"datePublished\":\"2025-05-02T12:40:33+00:00\",\"dateModified\":\"2025-05-04T03:48:59+00:00\",\"mainEntityOfPage\":{\"@id\":\"https:\/\/futbolhoy.co\/index.php\/2025\/05\/02\/kevin-mier-estaria-en-el-radar-de-dos-gigantes-de-europa\/\"},\"wordCount\":210,\"commentCount\":0,\"publisher\":{\"@id\":\"https:\/\/futbolhoy.co\/#organization\"},\"image\":{\"@id\":\"https:\/\/futbolhoy.co\/index.php\/2025\/05\/02\/kevin-mier-estaria-en-el-radar-de-dos-gigantes-de-europa\/#primaryimage\"},\"thumbnailUrl\":\"https:\/\/futbolhoy.co\/wp-content\/uploads\/2025\/05\/Mier.png\",\"articleSection\":[\"Colombia\"],\"inLanguage\":\"es\",\"potentialAction\":[{\"@type\":\"CommentAction\",\"name\":\"Comment\",\"target\":[\"https:\/\/futbolhoy.co\/index.php\/2025\/05\/02\/kevin-mier-estaria-en-el-radar-de-dos-gigantes-de-europa\/#respond\"]}]},{\"@type\":\"WebPage\",\"@id\":\"https:\/\/futbolhoy.co\/index.php\/2025\/05\/02\/kevin-mier-estaria-en-el-radar-de-dos-gigantes-de-europa\/\",\"url\":\"https:\/\/futbolhoy.co\/index.php\/2025\/05\/02\/kevin-mier-estaria-en-el-radar-de-dos-gigantes-de-europa\/\",\"name\":\"Kevin Mier estar\u00eda en el radar de dos gigantes de Europa -\",\"isPartOf\":{\"@id\":\"https:\/\/futbolhoy.co\/#website\"},\"primaryImageOfPage\":{\"@id\":\"https:\/\/futbolhoy.co\/index.php\/2025\/05\/02\/kevin-mier-estaria-en-el-radar-de-dos-gigantes-de-europa\/#primaryimage\"},\"image\":{\"@id\":\"https:\/\/futbolhoy.co\/index.php\/2025\/05\/02\/kevin-mier-estaria-en-el-radar-de-dos-gigantes-de-europa\/#primaryimage\"},\"thumbnailUrl\":\"https:\/\/futbolhoy.co\/wp-content\/uploads\/2025\/05\/Mier.png\",\"datePublished\":\"2025-05-02T12:40:33+00:00\",\"dateModified\":\"2025-05-04T03:48:59+00:00\",\"breadcrumb\":{\"@id\":\"https:\/\/futbolhoy.co\/index.php\/2025\/05\/02\/kevin-mier-estaria-en-el-radar-de-dos-gigantes-de-europa\/#breadcrumb\"},\"inLanguage\":\"es\",\"potentialAction\":[{\"@type\":\"ReadAction\",\"target\":[\"https:\/\/futbolhoy.co\/index.php\/2025\/05\/02\/kevin-mier-estaria-en-el-radar-de-dos-gigantes-de-europa\/\"]}]},{\"@type\":\"ImageObject\",\"inLanguage\":\"es\",\"@id\":\"https:\/\/futbolhoy.co\/index.php\/2025\/05\/02\/kevin-mier-estaria-en-el-radar-de-dos-gigantes-de-europa\/#primaryimage\",\"url\":\"https:\/\/futbolhoy.co\/wp-content\/uploads\/2025\/05\/Mier.png\",\"contentUrl\":\"https:\/\/futbolhoy.co\/wp-content\/uploads\/2025\/05\/Mier.png\",\"width\":928,\"height\":761},{\"@type\":\"BreadcrumbList\",\"@id\":\"https:\/\/futbolhoy.co\/index.php\/2025\/05\/02\/kevin-mier-estaria-en-el-radar-de-dos-gigantes-de-europa\/#breadcrumb\",\"itemListElement\":[{\"@type\":\"ListItem\",\"position\":1,\"name\":\"Portada\",\"item\":\"https:\/\/futbolhoy.co\/\"},{\"@type\":\"ListItem\",\"position\":2,\"name\":\"Kevin Mier estar\u00eda en el radar de dos gigantes de Europa\"}]},{\"@type\":\"WebSite\",\"@id\":\"https:\/\/futbolhoy.co\/#website\",\"url\":\"https:\/\/futbolhoy.co\/\",\"name\":\"FutbolHoy\",\"description\":\"\",\"publisher\":{\"@id\":\"https:\/\/futbolhoy.co\/#organization\"},\"potentialAction\":[{\"@type\":\"SearchAction\",\"target\":{\"@type\":\"EntryPoint\",\"urlTemplate\":\"https:\/\/futbolhoy.co\/?s={search_term_string}\"},\"query-input\":{\"@type\":\"PropertyValueSpecification\",\"valueRequired\":true,\"valueName\":\"search_term_string\"}}],\"inLanguage\":\"es\"},{\"@type\":\"Organization\",\"@id\":\"https:\/\/futbolhoy.co\/#organization\",\"name\":\"Futbolhoy.co\",\"url\":\"https:\/\/futbolhoy.co\/\",\"logo\":{\"@type\":\"ImageObject\",\"inLanguage\":\"es\",\"@id\":\"https:\/\/futbolhoy.co\/#\/schema\/logo\/image\/\",\"url\":\"https:\/\/futbolhoy.co\/wp-content\/uploads\/2018\/08\/17426380_1906371736249227_6326180412931521141_n.jpg\",\"contentUrl\":\"https:\/\/futbolhoy.co\/wp-content\/uploads\/2018\/08\/17426380_1906371736249227_6326180412931521141_n.jpg\",\"width\":960,\"height\":960,\"caption\":\"Futbolhoy.co\"},\"image\":{\"@id\":\"https:\/\/futbolhoy.co\/#\/schema\/logo\/image\/\"},\"sameAs\":[\"https:\/\/www.facebook.com\/FutbolHoyCol\/\",\"https:\/\/x.com\/FutbolHoyCol\",\"https:\/\/www.instagram.com\/futbolhoycol\/\"]},{\"@type\":\"Person\",\"@id\":\"https:\/\/futbolhoy.co\/#\/schema\/person\/1721b69355b6623eaff15ac7b92d4cc3\",\"name\":\"contenido\",\"image\":{\"@type\":\"ImageObject\",\"inLanguage\":\"es\",\"@id\":\"https:\/\/futbolhoy.co\/#\/schema\/person\/image\/\",\"url\":\"https:\/\/secure.gravatar.com\/avatar\/4f656d3256f5134f466206e7c3941518?s=96&d=mm&r=g\",\"contentUrl\":\"https:\/\/secure.gravatar.com\/avatar\/4f656d3256f5134f466206e7c3941518?s=96&d=mm&r=g\",\"caption\":\"contenido\"}}]}<\/script>\n<!-- \/ Yoast SEO plugin. -->","yoast_head_json":{"title":"Kevin Mier estar\u00eda en el radar de dos gigantes de Europa -","robots":{"index":"index","follow":"follow","max-snippet":"max-snippet:-1","max-image-preview":"max-image-preview:large","max-video-preview":"max-video-preview:-1"},"canonical":"https:\/\/futbolhoy.co\/index.php\/2025\/05\/02\/kevin-mier-estaria-en-el-radar-de-dos-gigantes-de-europa\/","og_locale":"es_ES","og_type":"article","og_title":"Kevin Mier estar\u00eda en el radar de dos gigantes de Europa -","og_description":"Kevin Mier se ha consolidado como una de las grandes figuras del Cruz Azul de M\u00e9xico, quien este mi\u00e9rcoles logr\u00f3 clasificar a su novena final de la Liga de Campeones de la Concacaf, luego de derrotar 1-0 a Tigres, tambi\u00e9n de M\u00e9xico. En la final se estar\u00e1n enfrentando el pr\u00f3ximo 1 de junio al Vancouver [&hellip;]","og_url":"https:\/\/futbolhoy.co\/index.php\/2025\/05\/02\/kevin-mier-estaria-en-el-radar-de-dos-gigantes-de-europa\/","article_publisher":"https:\/\/www.facebook.com\/FutbolHoyCol\/","article_published_time":"2025-05-02T12:40:33+00:00","article_modified_time":"2025-05-04T03:48:59+00:00","og_image":[{"width":928,"height":761,"url":"https:\/\/futbolhoy.co\/wp-content\/uploads\/2025\/05\/Mier.png","type":"image\/png"}],"author":"contenido","twitter_card":"summary_large_image","twitter_creator":"@FutbolHoyCol","twitter_site":"@FutbolHoyCol","twitter_misc":{"Escrito por":"contenido","Tiempo de lectura":"1 minuto"},"schema":{"@context":"https:\/\/schema.org","@graph":[{"@type":"Article","@id":"https:\/\/futbolhoy.co\/index.php\/2025\/05\/02\/kevin-mier-estaria-en-el-radar-de-dos-gigantes-de-europa\/#article","isPartOf":{"@id":"https:\/\/futbolhoy.co\/index.php\/2025\/05\/02\/kevin-mier-estaria-en-el-radar-de-dos-gigantes-de-europa\/"},"author":{"name":"contenido","@id":"https:\/\/futbolhoy.co\/#\/schema\/person\/1721b69355b6623eaff15ac7b92d4cc3"},"headline":"Kevin Mier estar\u00eda en el radar de dos gigantes de Europa","datePublished":"2025-05-02T12:40:33+00:00","dateModified":"2025-05-04T03:48:59+00:00","mainEntityOfPage":{"@id":"https:\/\/futbolhoy.co\/index.php\/2025\/05\/02\/kevin-mier-estaria-en-el-radar-de-dos-gigantes-de-europa\/"},"wordCount":210,"commentCount":0,"publisher":{"@id":"https:\/\/futbolhoy.co\/#organization"},"image":{"@id":"https:\/\/futbolhoy.co\/index.php\/2025\/05\/02\/kevin-mier-estaria-en-el-radar-de-dos-gigantes-de-europa\/#primaryimage"},"thumbnailUrl":"https:\/\/futbolhoy.co\/wp-content\/uploads\/2025\/05\/Mier.png","articleSection":["Colombia"],"inLanguage":"es","potentialAction":[{"@type":"CommentAction","name":"Comment","target":["https:\/\/futbolhoy.co\/index.php\/2025\/05\/02\/kevin-mier-estaria-en-el-radar-de-dos-gigantes-de-europa\/#respond"]}]},{"@type":"WebPage","@id":"https:\/\/futbolhoy.co\/index.php\/2025\/05\/02\/kevin-mier-estaria-en-el-radar-de-dos-gigantes-de-europa\/","url":"https:\/\/futbolhoy.co\/index.php\/2025\/05\/02\/kevin-mier-estaria-en-el-radar-de-dos-gigantes-de-europa\/","name":"Kevin Mier estar\u00eda en el radar de dos gigantes de Europa -","isPartOf":{"@id":"https:\/\/futbolhoy.co\/#website"},"primaryImageOfPage":{"@id":"https:\/\/futbolhoy.co\/index.php\/2025\/05\/02\/kevin-mier-estaria-en-el-radar-de-dos-gigantes-de-europa\/#primaryimage"},"image":{"@id":"https:\/\/futbolhoy.co\/index.php\/2025\/05\/02\/kevin-mier-estaria-en-el-radar-de-dos-gigantes-de-europa\/#primaryimage"},"thumbnailUrl":"https:\/\/futbolhoy.co\/wp-content\/uploads\/2025\/05\/Mier.png","datePublished":"2025-05-02T12:40:33+00:00","dateModified":"2025-05-04T03:48:59+00:00","breadcrumb":{"@id":"https:\/\/futbolhoy.co\/index.php\/2025\/05\/02\/kevin-mier-estaria-en-el-radar-de-dos-gigantes-de-europa\/#breadcrumb"},"inLanguage":"es","potentialAction":[{"@type":"ReadAction","target":["https:\/\/futbolhoy.co\/index.php\/2025\/05\/02\/kevin-mier-estaria-en-el-radar-de-dos-gigantes-de-europa\/"]}]},{"@type":"ImageObject","inLanguage":"es","@id":"https:\/\/futbolhoy.co\/index.php\/2025\/05\/02\/kevin-mier-estaria-en-el-radar-de-dos-gigantes-de-europa\/#primaryimage","url":"https:\/\/futbolhoy.co\/wp-content\/uploads\/2025\/05\/Mier.png","contentUrl":"https:\/\/futbolhoy.co\/wp-content\/uploads\/2025\/05\/Mier.png","width":928,"height":761},{"@type":"BreadcrumbList","@id":"https:\/\/futbolhoy.co\/index.php\/2025\/05\/02\/kevin-mier-estaria-en-el-radar-de-dos-gigantes-de-europa\/#breadcrumb","itemListElement":[{"@type":"ListItem","position":1,"name":"Portada","item":"https:\/\/futbolhoy.co\/"},{"@type":"ListItem","position":2,"name":"Kevin Mier estar\u00eda en el radar de dos gigantes de Europa"}]},{"@type":"WebSite","@id":"https:\/\/futbolhoy.co\/#website","url":"https:\/\/futbolhoy.co\/","name":"FutbolHoy","description":"","publisher":{"@id":"https:\/\/futbolhoy.co\/#organization"},"potentialAction":[{"@type":"SearchAction","target":{"@type":"EntryPoint","urlTemplate":"https:\/\/futbolhoy.co\/?s={search_term_string}"},"query-input":{"@type":"PropertyValueSpecification","valueRequired":true,"valueName":"search_term_string"}}],"inLanguage":"es"},{"@type":"Organization","@id":"https:\/\/futbolhoy.co\/#organization","name":"Futbolhoy.co","url":"https:\/\/futbolhoy.co\/","logo":{"@type":"ImageObject","inLanguage":"es","@id":"https:\/\/futbolhoy.co\/#\/schema\/logo\/image\/","url":"https:\/\/futbolhoy.co\/wp-content\/uploads\/2018\/08\/17426380_1906371736249227_6326180412931521141_n.jpg","contentUrl":"https:\/\/futbolhoy.co\/wp-content\/uploads\/2018\/08\/17426380_1906371736249227_6326180412931521141_n.jpg","width":960,"height":960,"caption":"Futbolhoy.co"},"image":{"@id":"https:\/\/futbolhoy.co\/#\/schema\/logo\/image\/"},"sameAs":["https:\/\/www.facebook.com\/FutbolHoyCol\/","https:\/\/x.com\/FutbolHoyCol","https:\/\/www.instagram.com\/futbolhoycol\/"]},{"@type":"Person","@id":"https:\/\/futbolhoy.co\/#\/schema\/person\/1721b69355b6623eaff15ac7b92d4cc3","name":"contenido","image":{"@type":"ImageObject","inLanguage":"es","@id":"https:\/\/futbolhoy.co\/#\/schema\/person\/image\/","url":"https:\/\/secure.gravatar.com\/avatar\/4f656d3256f5134f466206e7c3941518?s=96&d=mm&r=g","contentUrl":"https:\/\/secure.gravatar.com\/avatar\/4f656d3256f5134f466206e7c3941518?s=96&d=mm&r=g","caption":"contenido"}}]}},"publishpress_future_action":{"enabled":false,"date":"2026-05-05 00:38:27","action":"change-status","newStatus":"draft","terms":[],"taxonomy":"category","extraData":[]},"publishpress_future_workflow_manual_trigger":{"enabledWorkflows":[]},"_links":{"self":[{"href":"https:\/\/futbolhoy.co\/index.php\/wp-json\/wp\/v2\/posts\/118977","targetHints":{"allow":["GET"]}}],"collection":[{"href":"https:\/\/futbolhoy.co\/index.php\/wp-json\/wp\/v2\/posts"}],"about":[{"href":"https:\/\/futbolhoy.co\/index.php\/wp-json\/wp\/v2\/types\/post"}],"author":[{"embeddable":true,"href":"https:\/\/futbolhoy.co\/index.php\/wp-json\/wp\/v2\/users\/4"}],"replies":[{"embeddable":true,"href":"https:\/\/futbolhoy.co\/index.php\/wp-json\/wp\/v2\/comments?post=118977"}],"version-history":[{"count":1,"href":"https:\/\/futbolhoy.co\/index.php\/wp-json\/wp\/v2\/posts\/118977\/revisions"}],"predecessor-version":[{"id":118979,"href":"https:\/\/futbolhoy.co\/index.php\/wp-json\/wp\/v2\/posts\/118977\/revisions\/118979"}],"wp:featuredmedia":[{"embeddable":true,"href":"https:\/\/futbolhoy.co\/index.php\/wp-json\/wp\/v2\/media\/118978"}],"wp:attachment":[{"href":"https:\/\/futbolhoy.co\/index.php\/wp-json\/wp\/v2\/media?parent=118977"}],"wp:term":[{"taxonomy":"category","embeddable":true,"href":"https:\/\/futbolhoy.co\/index.php\/wp-json\/wp\/v2\/categories?post=118977"},{"taxonomy":"post_tag","embeddable":true,"href":"https:\/\/futbolhoy.co\/index.php\/wp-json\/wp\/v2\/tags?post=118977"}],"curies":[{"name":"wp","href":"https:\/\/api.w.org\/{rel}","templated":true}]}}