{"id":118984,"date":"2025-05-02T18:19:28","date_gmt":"2025-05-02T23:19:28","guid":{"rendered":"https:\/\/futbolhoy.co\/?p=118984"},"modified":"2025-05-04T12:29:13","modified_gmt":"2025-05-04T17:29:13","slug":"luis-diaz-seguiria-en-el-liverpool-la-proxima-temporada","status":"publish","type":"post","link":"https:\/\/futbolhoy.co\/index.php\/2025\/05\/02\/luis-diaz-seguiria-en-el-liverpool-la-proxima-temporada\/","title":{"rendered":"Luis D\u00edaz seguir\u00eda en el Liverpool la pr\u00f3xima temporada"},"content":{"rendered":"<p style=\"text-align: justify;\"><span style=\"font-family: helvetica, arial, sans-serif;\">Pese a ser una de las grandes figuras en el t\u00edtulo del <strong>Liverpool,<\/strong> el futuro de <strong>Luis D\u00edaz<\/strong> en el club ingl\u00e9s era incierto, dado que hab\u00edan varios rumores que aseguraban que el colombiano saldr\u00eda del club para la pr\u00f3xima temporada.<\/span><\/p>\n<p style=\"text-align: justify;\"><span style=\"font-family: helvetica, arial, sans-serif;\">El guajiro, quien ya ha sido vinculado en distintas oportunidades con el <strong>Barcelona,<\/strong> lleg\u00f3 a sonar en las \u00faltimas semanas para el f\u00fatbol de <strong>Arabia Saudita,<\/strong> al asegurarse que habr\u00eda dificultades para acordar un nuevo contrato entre las partes.<\/span><\/p>\n<p style=\"text-align: justify;\"><span style=\"font-family: helvetica, arial, sans-serif;\">Seg\u00fan el reconocido medio brit\u00e1nico <strong><em>The Athletic<\/em><\/strong>, las negociaciones entre Lucho y el vigente campe\u00f3n de la Premier League ya estar\u00edan en marcha. Adicional a ello, D\u00edaz no estar\u00eda buscando una salida.<\/span><\/p>\n<p style=\"text-align: justify;\"><span style=\"font-family: helvetica, arial, sans-serif;\">Una de las inconformidades de D\u00edaz en el Liverpool ser\u00eda su salario, siendo uno e los jugadores que menos gana en el club, a pesar de su importante atribuci\u00f3n al equipo. D\u00edaz se encuentra en el club de Anfield desde el 2021, sumando cinco t\u00edtulos desde su llegada, todos ellos del f\u00fatbol ingl\u00e9s.<\/span><\/p>\n","protected":false},"excerpt":{"rendered":"<p>Pese a ser una de las grandes figuras en el t\u00edtulo del Liverpool, el futuro de Luis D\u00edaz en el club ingl\u00e9s era incierto, dado que hab\u00edan varios rumores que aseguraban que el colombiano saldr\u00eda del club para la pr\u00f3xima temporada. El guajiro, quien ya ha sido vinculado en distintas oportunidades con el Barcelona, lleg\u00f3 [&hellip;]<\/p>\n","protected":false},"author":4,"featured_media":118985,"comment_status":"open","ping_status":"open","sticky":false,"template":"","format":"standard","meta":{"_acf_changed":false,"footnotes":""},"categories":[418],"tags":[],"class_list":{"0":"post-118984","1":"post","2":"type-post","3":"status-publish","4":"format-standard","5":"has-post-thumbnail","7":"category-colombia"},"acf":[],"yoast_head":"<!-- This site is optimized with the Yoast SEO plugin v26.8 - https:\/\/yoast.com\/product\/yoast-seo-wordpress\/ -->\n<title>Luis D\u00edaz seguir\u00eda en el Liverpool la pr\u00f3xima temporada -<\/title>\n<meta name=\"robots\" content=\"index, follow, max-snippet:-1, max-image-preview:large, max-video-preview:-1\" \/>\n<link rel=\"canonical\" href=\"https:\/\/futbolhoy.co\/index.php\/2025\/05\/02\/luis-diaz-seguiria-en-el-liverpool-la-proxima-temporada\/\" \/>\n<meta property=\"og:locale\" content=\"es_ES\" \/>\n<meta property=\"og:type\" content=\"article\" \/>\n<meta property=\"og:title\" content=\"Luis D\u00edaz seguir\u00eda en el Liverpool la pr\u00f3xima temporada -\" \/>\n<meta property=\"og:description\" content=\"Pese a ser una de las grandes figuras en el t\u00edtulo del Liverpool, el futuro de Luis D\u00edaz en el club ingl\u00e9s era incierto, dado que hab\u00edan varios rumores que aseguraban que el colombiano saldr\u00eda del club para la pr\u00f3xima temporada. El guajiro, quien ya ha sido vinculado en distintas oportunidades con el Barcelona, lleg\u00f3 [&hellip;]\" \/>\n<meta property=\"og:url\" content=\"https:\/\/futbolhoy.co\/index.php\/2025\/05\/02\/luis-diaz-seguiria-en-el-liverpool-la-proxima-temporada\/\" \/>\n<meta property=\"article:publisher\" content=\"https:\/\/www.facebook.com\/FutbolHoyCol\/\" \/>\n<meta property=\"article:published_time\" content=\"2025-05-02T23:19:28+00:00\" \/>\n<meta property=\"article:modified_time\" content=\"2025-05-04T17:29:13+00:00\" \/>\n<meta property=\"og:image\" content=\"https:\/\/futbolhoy.co\/wp-content\/uploads\/2025\/05\/Lucho-D-1024x857.png\" \/>\n\t<meta property=\"og:image:width\" content=\"1024\" \/>\n\t<meta property=\"og:image:height\" content=\"857\" \/>\n\t<meta property=\"og:image:type\" content=\"image\/png\" \/>\n<meta name=\"author\" content=\"contenido\" \/>\n<meta name=\"twitter:card\" content=\"summary_large_image\" \/>\n<meta name=\"twitter:creator\" content=\"@FutbolHoyCol\" \/>\n<meta name=\"twitter:site\" content=\"@FutbolHoyCol\" \/>\n<meta name=\"twitter:label1\" content=\"Escrito por\" \/>\n\t<meta name=\"twitter:data1\" content=\"contenido\" \/>\n\t<meta name=\"twitter:label2\" content=\"Tiempo de lectura\" \/>\n\t<meta name=\"twitter:data2\" content=\"1 minuto\" \/>\n<script type=\"application\/ld+json\" class=\"yoast-schema-graph\">{\"@context\":\"https:\/\/schema.org\",\"@graph\":[{\"@type\":\"Article\",\"@id\":\"https:\/\/futbolhoy.co\/index.php\/2025\/05\/02\/luis-diaz-seguiria-en-el-liverpool-la-proxima-temporada\/#article\",\"isPartOf\":{\"@id\":\"https:\/\/futbolhoy.co\/index.php\/2025\/05\/02\/luis-diaz-seguiria-en-el-liverpool-la-proxima-temporada\/\"},\"author\":{\"name\":\"contenido\",\"@id\":\"https:\/\/futbolhoy.co\/#\/schema\/person\/1721b69355b6623eaff15ac7b92d4cc3\"},\"headline\":\"Luis D\u00edaz seguir\u00eda en el Liverpool la pr\u00f3xima temporada\",\"datePublished\":\"2025-05-02T23:19:28+00:00\",\"dateModified\":\"2025-05-04T17:29:13+00:00\",\"mainEntityOfPage\":{\"@id\":\"https:\/\/futbolhoy.co\/index.php\/2025\/05\/02\/luis-diaz-seguiria-en-el-liverpool-la-proxima-temporada\/\"},\"wordCount\":197,\"commentCount\":0,\"publisher\":{\"@id\":\"https:\/\/futbolhoy.co\/#organization\"},\"image\":{\"@id\":\"https:\/\/futbolhoy.co\/index.php\/2025\/05\/02\/luis-diaz-seguiria-en-el-liverpool-la-proxima-temporada\/#primaryimage\"},\"thumbnailUrl\":\"https:\/\/futbolhoy.co\/wp-content\/uploads\/2025\/05\/Lucho-D.png\",\"articleSection\":[\"Colombia\"],\"inLanguage\":\"es\",\"potentialAction\":[{\"@type\":\"CommentAction\",\"name\":\"Comment\",\"target\":[\"https:\/\/futbolhoy.co\/index.php\/2025\/05\/02\/luis-diaz-seguiria-en-el-liverpool-la-proxima-temporada\/#respond\"]}]},{\"@type\":\"WebPage\",\"@id\":\"https:\/\/futbolhoy.co\/index.php\/2025\/05\/02\/luis-diaz-seguiria-en-el-liverpool-la-proxima-temporada\/\",\"url\":\"https:\/\/futbolhoy.co\/index.php\/2025\/05\/02\/luis-diaz-seguiria-en-el-liverpool-la-proxima-temporada\/\",\"name\":\"Luis D\u00edaz seguir\u00eda en el Liverpool la pr\u00f3xima temporada -\",\"isPartOf\":{\"@id\":\"https:\/\/futbolhoy.co\/#website\"},\"primaryImageOfPage\":{\"@id\":\"https:\/\/futbolhoy.co\/index.php\/2025\/05\/02\/luis-diaz-seguiria-en-el-liverpool-la-proxima-temporada\/#primaryimage\"},\"image\":{\"@id\":\"https:\/\/futbolhoy.co\/index.php\/2025\/05\/02\/luis-diaz-seguiria-en-el-liverpool-la-proxima-temporada\/#primaryimage\"},\"thumbnailUrl\":\"https:\/\/futbolhoy.co\/wp-content\/uploads\/2025\/05\/Lucho-D.png\",\"datePublished\":\"2025-05-02T23:19:28+00:00\",\"dateModified\":\"2025-05-04T17:29:13+00:00\",\"breadcrumb\":{\"@id\":\"https:\/\/futbolhoy.co\/index.php\/2025\/05\/02\/luis-diaz-seguiria-en-el-liverpool-la-proxima-temporada\/#breadcrumb\"},\"inLanguage\":\"es\",\"potentialAction\":[{\"@type\":\"ReadAction\",\"target\":[\"https:\/\/futbolhoy.co\/index.php\/2025\/05\/02\/luis-diaz-seguiria-en-el-liverpool-la-proxima-temporada\/\"]}]},{\"@type\":\"ImageObject\",\"inLanguage\":\"es\",\"@id\":\"https:\/\/futbolhoy.co\/index.php\/2025\/05\/02\/luis-diaz-seguiria-en-el-liverpool-la-proxima-temporada\/#primaryimage\",\"url\":\"https:\/\/futbolhoy.co\/wp-content\/uploads\/2025\/05\/Lucho-D.png\",\"contentUrl\":\"https:\/\/futbolhoy.co\/wp-content\/uploads\/2025\/05\/Lucho-D.png\",\"width\":1030,\"height\":862},{\"@type\":\"BreadcrumbList\",\"@id\":\"https:\/\/futbolhoy.co\/index.php\/2025\/05\/02\/luis-diaz-seguiria-en-el-liverpool-la-proxima-temporada\/#breadcrumb\",\"itemListElement\":[{\"@type\":\"ListItem\",\"position\":1,\"name\":\"Portada\",\"item\":\"https:\/\/futbolhoy.co\/\"},{\"@type\":\"ListItem\",\"position\":2,\"name\":\"Luis D\u00edaz seguir\u00eda en el Liverpool la pr\u00f3xima temporada\"}]},{\"@type\":\"WebSite\",\"@id\":\"https:\/\/futbolhoy.co\/#website\",\"url\":\"https:\/\/futbolhoy.co\/\",\"name\":\"FutbolHoy\",\"description\":\"\",\"publisher\":{\"@id\":\"https:\/\/futbolhoy.co\/#organization\"},\"potentialAction\":[{\"@type\":\"SearchAction\",\"target\":{\"@type\":\"EntryPoint\",\"urlTemplate\":\"https:\/\/futbolhoy.co\/?s={search_term_string}\"},\"query-input\":{\"@type\":\"PropertyValueSpecification\",\"valueRequired\":true,\"valueName\":\"search_term_string\"}}],\"inLanguage\":\"es\"},{\"@type\":\"Organization\",\"@id\":\"https:\/\/futbolhoy.co\/#organization\",\"name\":\"Futbolhoy.co\",\"url\":\"https:\/\/futbolhoy.co\/\",\"logo\":{\"@type\":\"ImageObject\",\"inLanguage\":\"es\",\"@id\":\"https:\/\/futbolhoy.co\/#\/schema\/logo\/image\/\",\"url\":\"https:\/\/futbolhoy.co\/wp-content\/uploads\/2018\/08\/17426380_1906371736249227_6326180412931521141_n.jpg\",\"contentUrl\":\"https:\/\/futbolhoy.co\/wp-content\/uploads\/2018\/08\/17426380_1906371736249227_6326180412931521141_n.jpg\",\"width\":960,\"height\":960,\"caption\":\"Futbolhoy.co\"},\"image\":{\"@id\":\"https:\/\/futbolhoy.co\/#\/schema\/logo\/image\/\"},\"sameAs\":[\"https:\/\/www.facebook.com\/FutbolHoyCol\/\",\"https:\/\/x.com\/FutbolHoyCol\",\"https:\/\/www.instagram.com\/futbolhoycol\/\"]},{\"@type\":\"Person\",\"@id\":\"https:\/\/futbolhoy.co\/#\/schema\/person\/1721b69355b6623eaff15ac7b92d4cc3\",\"name\":\"contenido\",\"image\":{\"@type\":\"ImageObject\",\"inLanguage\":\"es\",\"@id\":\"https:\/\/futbolhoy.co\/#\/schema\/person\/image\/\",\"url\":\"https:\/\/secure.gravatar.com\/avatar\/4f656d3256f5134f466206e7c3941518?s=96&d=mm&r=g\",\"contentUrl\":\"https:\/\/secure.gravatar.com\/avatar\/4f656d3256f5134f466206e7c3941518?s=96&d=mm&r=g\",\"caption\":\"contenido\"}}]}<\/script>\n<!-- \/ Yoast SEO plugin. -->","yoast_head_json":{"title":"Luis D\u00edaz seguir\u00eda en el Liverpool la pr\u00f3xima temporada -","robots":{"index":"index","follow":"follow","max-snippet":"max-snippet:-1","max-image-preview":"max-image-preview:large","max-video-preview":"max-video-preview:-1"},"canonical":"https:\/\/futbolhoy.co\/index.php\/2025\/05\/02\/luis-diaz-seguiria-en-el-liverpool-la-proxima-temporada\/","og_locale":"es_ES","og_type":"article","og_title":"Luis D\u00edaz seguir\u00eda en el Liverpool la pr\u00f3xima temporada -","og_description":"Pese a ser una de las grandes figuras en el t\u00edtulo del Liverpool, el futuro de Luis D\u00edaz en el club ingl\u00e9s era incierto, dado que hab\u00edan varios rumores que aseguraban que el colombiano saldr\u00eda del club para la pr\u00f3xima temporada. El guajiro, quien ya ha sido vinculado en distintas oportunidades con el Barcelona, lleg\u00f3 [&hellip;]","og_url":"https:\/\/futbolhoy.co\/index.php\/2025\/05\/02\/luis-diaz-seguiria-en-el-liverpool-la-proxima-temporada\/","article_publisher":"https:\/\/www.facebook.com\/FutbolHoyCol\/","article_published_time":"2025-05-02T23:19:28+00:00","article_modified_time":"2025-05-04T17:29:13+00:00","og_image":[{"width":1024,"height":857,"url":"https:\/\/futbolhoy.co\/wp-content\/uploads\/2025\/05\/Lucho-D-1024x857.png","type":"image\/png"}],"author":"contenido","twitter_card":"summary_large_image","twitter_creator":"@FutbolHoyCol","twitter_site":"@FutbolHoyCol","twitter_misc":{"Escrito por":"contenido","Tiempo de lectura":"1 minuto"},"schema":{"@context":"https:\/\/schema.org","@graph":[{"@type":"Article","@id":"https:\/\/futbolhoy.co\/index.php\/2025\/05\/02\/luis-diaz-seguiria-en-el-liverpool-la-proxima-temporada\/#article","isPartOf":{"@id":"https:\/\/futbolhoy.co\/index.php\/2025\/05\/02\/luis-diaz-seguiria-en-el-liverpool-la-proxima-temporada\/"},"author":{"name":"contenido","@id":"https:\/\/futbolhoy.co\/#\/schema\/person\/1721b69355b6623eaff15ac7b92d4cc3"},"headline":"Luis D\u00edaz seguir\u00eda en el Liverpool la pr\u00f3xima temporada","datePublished":"2025-05-02T23:19:28+00:00","dateModified":"2025-05-04T17:29:13+00:00","mainEntityOfPage":{"@id":"https:\/\/futbolhoy.co\/index.php\/2025\/05\/02\/luis-diaz-seguiria-en-el-liverpool-la-proxima-temporada\/"},"wordCount":197,"commentCount":0,"publisher":{"@id":"https:\/\/futbolhoy.co\/#organization"},"image":{"@id":"https:\/\/futbolhoy.co\/index.php\/2025\/05\/02\/luis-diaz-seguiria-en-el-liverpool-la-proxima-temporada\/#primaryimage"},"thumbnailUrl":"https:\/\/futbolhoy.co\/wp-content\/uploads\/2025\/05\/Lucho-D.png","articleSection":["Colombia"],"inLanguage":"es","potentialAction":[{"@type":"CommentAction","name":"Comment","target":["https:\/\/futbolhoy.co\/index.php\/2025\/05\/02\/luis-diaz-seguiria-en-el-liverpool-la-proxima-temporada\/#respond"]}]},{"@type":"WebPage","@id":"https:\/\/futbolhoy.co\/index.php\/2025\/05\/02\/luis-diaz-seguiria-en-el-liverpool-la-proxima-temporada\/","url":"https:\/\/futbolhoy.co\/index.php\/2025\/05\/02\/luis-diaz-seguiria-en-el-liverpool-la-proxima-temporada\/","name":"Luis D\u00edaz seguir\u00eda en el Liverpool la pr\u00f3xima temporada -","isPartOf":{"@id":"https:\/\/futbolhoy.co\/#website"},"primaryImageOfPage":{"@id":"https:\/\/futbolhoy.co\/index.php\/2025\/05\/02\/luis-diaz-seguiria-en-el-liverpool-la-proxima-temporada\/#primaryimage"},"image":{"@id":"https:\/\/futbolhoy.co\/index.php\/2025\/05\/02\/luis-diaz-seguiria-en-el-liverpool-la-proxima-temporada\/#primaryimage"},"thumbnailUrl":"https:\/\/futbolhoy.co\/wp-content\/uploads\/2025\/05\/Lucho-D.png","datePublished":"2025-05-02T23:19:28+00:00","dateModified":"2025-05-04T17:29:13+00:00","breadcrumb":{"@id":"https:\/\/futbolhoy.co\/index.php\/2025\/05\/02\/luis-diaz-seguiria-en-el-liverpool-la-proxima-temporada\/#breadcrumb"},"inLanguage":"es","potentialAction":[{"@type":"ReadAction","target":["https:\/\/futbolhoy.co\/index.php\/2025\/05\/02\/luis-diaz-seguiria-en-el-liverpool-la-proxima-temporada\/"]}]},{"@type":"ImageObject","inLanguage":"es","@id":"https:\/\/futbolhoy.co\/index.php\/2025\/05\/02\/luis-diaz-seguiria-en-el-liverpool-la-proxima-temporada\/#primaryimage","url":"https:\/\/futbolhoy.co\/wp-content\/uploads\/2025\/05\/Lucho-D.png","contentUrl":"https:\/\/futbolhoy.co\/wp-content\/uploads\/2025\/05\/Lucho-D.png","width":1030,"height":862},{"@type":"BreadcrumbList","@id":"https:\/\/futbolhoy.co\/index.php\/2025\/05\/02\/luis-diaz-seguiria-en-el-liverpool-la-proxima-temporada\/#breadcrumb","itemListElement":[{"@type":"ListItem","position":1,"name":"Portada","item":"https:\/\/futbolhoy.co\/"},{"@type":"ListItem","position":2,"name":"Luis D\u00edaz seguir\u00eda en el Liverpool la pr\u00f3xima temporada"}]},{"@type":"WebSite","@id":"https:\/\/futbolhoy.co\/#website","url":"https:\/\/futbolhoy.co\/","name":"FutbolHoy","description":"","publisher":{"@id":"https:\/\/futbolhoy.co\/#organization"},"potentialAction":[{"@type":"SearchAction","target":{"@type":"EntryPoint","urlTemplate":"https:\/\/futbolhoy.co\/?s={search_term_string}"},"query-input":{"@type":"PropertyValueSpecification","valueRequired":true,"valueName":"search_term_string"}}],"inLanguage":"es"},{"@type":"Organization","@id":"https:\/\/futbolhoy.co\/#organization","name":"Futbolhoy.co","url":"https:\/\/futbolhoy.co\/","logo":{"@type":"ImageObject","inLanguage":"es","@id":"https:\/\/futbolhoy.co\/#\/schema\/logo\/image\/","url":"https:\/\/futbolhoy.co\/wp-content\/uploads\/2018\/08\/17426380_1906371736249227_6326180412931521141_n.jpg","contentUrl":"https:\/\/futbolhoy.co\/wp-content\/uploads\/2018\/08\/17426380_1906371736249227_6326180412931521141_n.jpg","width":960,"height":960,"caption":"Futbolhoy.co"},"image":{"@id":"https:\/\/futbolhoy.co\/#\/schema\/logo\/image\/"},"sameAs":["https:\/\/www.facebook.com\/FutbolHoyCol\/","https:\/\/x.com\/FutbolHoyCol","https:\/\/www.instagram.com\/futbolhoycol\/"]},{"@type":"Person","@id":"https:\/\/futbolhoy.co\/#\/schema\/person\/1721b69355b6623eaff15ac7b92d4cc3","name":"contenido","image":{"@type":"ImageObject","inLanguage":"es","@id":"https:\/\/futbolhoy.co\/#\/schema\/person\/image\/","url":"https:\/\/secure.gravatar.com\/avatar\/4f656d3256f5134f466206e7c3941518?s=96&d=mm&r=g","contentUrl":"https:\/\/secure.gravatar.com\/avatar\/4f656d3256f5134f466206e7c3941518?s=96&d=mm&r=g","caption":"contenido"}}]}},"publishpress_future_action":{"enabled":false,"date":"2026-05-05 00:42:58","action":"change-status","newStatus":"draft","terms":[],"taxonomy":"category","extraData":[]},"publishpress_future_workflow_manual_trigger":{"enabledWorkflows":[]},"_links":{"self":[{"href":"https:\/\/futbolhoy.co\/index.php\/wp-json\/wp\/v2\/posts\/118984","targetHints":{"allow":["GET"]}}],"collection":[{"href":"https:\/\/futbolhoy.co\/index.php\/wp-json\/wp\/v2\/posts"}],"about":[{"href":"https:\/\/futbolhoy.co\/index.php\/wp-json\/wp\/v2\/types\/post"}],"author":[{"embeddable":true,"href":"https:\/\/futbolhoy.co\/index.php\/wp-json\/wp\/v2\/users\/4"}],"replies":[{"embeddable":true,"href":"https:\/\/futbolhoy.co\/index.php\/wp-json\/wp\/v2\/comments?post=118984"}],"version-history":[{"count":2,"href":"https:\/\/futbolhoy.co\/index.php\/wp-json\/wp\/v2\/posts\/118984\/revisions"}],"predecessor-version":[{"id":119053,"href":"https:\/\/futbolhoy.co\/index.php\/wp-json\/wp\/v2\/posts\/118984\/revisions\/119053"}],"wp:featuredmedia":[{"embeddable":true,"href":"https:\/\/futbolhoy.co\/index.php\/wp-json\/wp\/v2\/media\/118985"}],"wp:attachment":[{"href":"https:\/\/futbolhoy.co\/index.php\/wp-json\/wp\/v2\/media?parent=118984"}],"wp:term":[{"taxonomy":"category","embeddable":true,"href":"https:\/\/futbolhoy.co\/index.php\/wp-json\/wp\/v2\/categories?post=118984"},{"taxonomy":"post_tag","embeddable":true,"href":"https:\/\/futbolhoy.co\/index.php\/wp-json\/wp\/v2\/tags?post=118984"}],"curies":[{"name":"wp","href":"https:\/\/api.w.org\/{rel}","templated":true}]}}