{"id":119015,"date":"2025-05-03T13:41:06","date_gmt":"2025-05-03T18:41:06","guid":{"rendered":"https:\/\/futbolhoy.co\/?p=119015"},"modified":"2025-05-04T18:20:18","modified_gmt":"2025-05-04T23:20:18","slug":"falcao-muy-cerca-de-volver-a-las-canchas-con-millonarios","status":"publish","type":"post","link":"https:\/\/futbolhoy.co\/index.php\/2025\/05\/03\/falcao-muy-cerca-de-volver-a-las-canchas-con-millonarios\/","title":{"rendered":"Falcao, muy cerca de volver a las canchas con Millonarios"},"content":{"rendered":"<p style=\"text-align: justify;\"><span style=\"font-family: helvetica, arial, sans-serif;\"><strong>Millonarios,<\/strong> muy cerca de asegurar su clasificaci\u00f3n a los cuadrangulares finales y en la lucha por los primeros lugares del <strong>Todos Contra Todos,<\/strong> contin\u00faa recuperando piezas claves para el remate del campeonato. <strong>Falcao,<\/strong> su principal figura, estar\u00eda de vuelta durante la pr\u00f3xima semana.<\/span><\/p>\n<p style=\"text-align: justify;\"><span style=\"font-family: helvetica, arial, sans-serif;\">Seg\u00fan inform\u00f3 el t\u00e9cnico del equipo, el antioque\u00f1o <strong>David Gonz\u00e1lez,<\/strong> El Tigre se sumar\u00e1 al 100% a las pr\u00e1cticas desde este lunes y estar\u00eda regresando a la convocatoria contra el <strong>Deportivo Pereira<\/strong> o el<strong> Once Caldas.<\/strong><\/span><\/p>\n<p style=\"text-align: justify;\"><span style=\"font-family: helvetica, arial, sans-serif;\">En di\u00e1logo con <strong><em>ESPN,<\/em><\/strong> Gonz\u00e1lez explic\u00f3: \u201cRadamel ha estado entrenando a la par del grupo, pero no a la totalidad. Desde el lunes se integra al 100% y pensar\u00eda que es cuesti\u00f3n de c\u00f3mo est\u00e9 en esos primeros d\u00edas para ver si est\u00e1 para Pereira u Once Caldas. Es inminente su regreso pronto\u201d.<\/span><\/p>\n<p style=\"text-align: justify;\"><span style=\"font-family: helvetica, arial, sans-serif;\">Falcao se encuentra ausente en Millonarios desde el pasado 24 de febrero, en la derrota 3-1 ante el <strong>Deportivo Cali.<\/strong> En este campeonato registra cuatro compromisos y una anotaci\u00f3n, frente al<strong> Uni\u00f3n Magdalena.<\/strong><\/span><\/p>\n<p style=\"text-align: justify;\"><span style=\"font-family: helvetica, arial, sans-serif;\">Millonarios se ubica en la tercera posici\u00f3n de la Liga con 30 puntos. El jueves recibir\u00e1 al Pereira en partido pendiente de la fecha 15 y el domingo visitar\u00e1 al Once Caldas, en juego por la fecha 18.<\/span><\/p>\n","protected":false},"excerpt":{"rendered":"<p>Millonarios, muy cerca de asegurar su clasificaci\u00f3n a los cuadrangulares finales y en la lucha por los primeros lugares del Todos Contra Todos, contin\u00faa recuperando piezas claves para el remate del campeonato. Falcao, su principal figura, estar\u00eda de vuelta durante la pr\u00f3xima semana. Seg\u00fan inform\u00f3 el t\u00e9cnico del equipo, el antioque\u00f1o David Gonz\u00e1lez, El Tigre [&hellip;]<\/p>\n","protected":false},"author":4,"featured_media":119016,"comment_status":"open","ping_status":"open","sticky":false,"template":"","format":"standard","meta":{"_acf_changed":false,"footnotes":""},"categories":[7],"tags":[],"class_list":{"0":"post-119015","1":"post","2":"type-post","3":"status-publish","4":"format-standard","5":"has-post-thumbnail","7":"category-liga-betplay"},"acf":[],"yoast_head":"<!-- This site is optimized with the Yoast SEO plugin v26.8 - https:\/\/yoast.com\/product\/yoast-seo-wordpress\/ -->\n<title>Falcao, muy cerca de volver a las canchas con Millonarios -<\/title>\n<meta name=\"robots\" content=\"index, follow, max-snippet:-1, max-image-preview:large, max-video-preview:-1\" \/>\n<link rel=\"canonical\" href=\"https:\/\/futbolhoy.co\/index.php\/2025\/05\/03\/falcao-muy-cerca-de-volver-a-las-canchas-con-millonarios\/\" \/>\n<meta property=\"og:locale\" content=\"es_ES\" \/>\n<meta property=\"og:type\" content=\"article\" \/>\n<meta property=\"og:title\" content=\"Falcao, muy cerca de volver a las canchas con Millonarios -\" \/>\n<meta property=\"og:description\" content=\"Millonarios, muy cerca de asegurar su clasificaci\u00f3n a los cuadrangulares finales y en la lucha por los primeros lugares del Todos Contra Todos, contin\u00faa recuperando piezas claves para el remate del campeonato. Falcao, su principal figura, estar\u00eda de vuelta durante la pr\u00f3xima semana. Seg\u00fan inform\u00f3 el t\u00e9cnico del equipo, el antioque\u00f1o David Gonz\u00e1lez, El Tigre [&hellip;]\" \/>\n<meta property=\"og:url\" content=\"https:\/\/futbolhoy.co\/index.php\/2025\/05\/03\/falcao-muy-cerca-de-volver-a-las-canchas-con-millonarios\/\" \/>\n<meta property=\"article:publisher\" content=\"https:\/\/www.facebook.com\/FutbolHoyCol\/\" \/>\n<meta property=\"article:published_time\" content=\"2025-05-03T18:41:06+00:00\" \/>\n<meta property=\"article:modified_time\" content=\"2025-05-04T23:20:18+00:00\" \/>\n<meta property=\"og:image\" content=\"https:\/\/futbolhoy.co\/wp-content\/uploads\/2025\/05\/Falca-Millos.png\" \/>\n\t<meta property=\"og:image:width\" content=\"1282\" \/>\n\t<meta property=\"og:image:height\" content=\"865\" \/>\n\t<meta property=\"og:image:type\" content=\"image\/png\" \/>\n<meta name=\"author\" content=\"contenido\" \/>\n<meta name=\"twitter:card\" content=\"summary_large_image\" \/>\n<meta name=\"twitter:creator\" content=\"@FutbolHoyCol\" \/>\n<meta name=\"twitter:site\" content=\"@FutbolHoyCol\" \/>\n<meta name=\"twitter:label1\" content=\"Escrito por\" \/>\n\t<meta name=\"twitter:data1\" content=\"contenido\" \/>\n\t<meta name=\"twitter:label2\" content=\"Tiempo de lectura\" \/>\n\t<meta name=\"twitter:data2\" content=\"1 minuto\" \/>\n<script type=\"application\/ld+json\" class=\"yoast-schema-graph\">{\"@context\":\"https:\/\/schema.org\",\"@graph\":[{\"@type\":\"Article\",\"@id\":\"https:\/\/futbolhoy.co\/index.php\/2025\/05\/03\/falcao-muy-cerca-de-volver-a-las-canchas-con-millonarios\/#article\",\"isPartOf\":{\"@id\":\"https:\/\/futbolhoy.co\/index.php\/2025\/05\/03\/falcao-muy-cerca-de-volver-a-las-canchas-con-millonarios\/\"},\"author\":{\"name\":\"contenido\",\"@id\":\"https:\/\/futbolhoy.co\/#\/schema\/person\/1721b69355b6623eaff15ac7b92d4cc3\"},\"headline\":\"Falcao, muy cerca de volver a las canchas con Millonarios\",\"datePublished\":\"2025-05-03T18:41:06+00:00\",\"dateModified\":\"2025-05-04T23:20:18+00:00\",\"mainEntityOfPage\":{\"@id\":\"https:\/\/futbolhoy.co\/index.php\/2025\/05\/03\/falcao-muy-cerca-de-volver-a-las-canchas-con-millonarios\/\"},\"wordCount\":226,\"commentCount\":0,\"publisher\":{\"@id\":\"https:\/\/futbolhoy.co\/#organization\"},\"image\":{\"@id\":\"https:\/\/futbolhoy.co\/index.php\/2025\/05\/03\/falcao-muy-cerca-de-volver-a-las-canchas-con-millonarios\/#primaryimage\"},\"thumbnailUrl\":\"https:\/\/futbolhoy.co\/wp-content\/uploads\/2025\/05\/Falca-Millos.png\",\"articleSection\":[\"Liga BetPlay\"],\"inLanguage\":\"es\",\"potentialAction\":[{\"@type\":\"CommentAction\",\"name\":\"Comment\",\"target\":[\"https:\/\/futbolhoy.co\/index.php\/2025\/05\/03\/falcao-muy-cerca-de-volver-a-las-canchas-con-millonarios\/#respond\"]}]},{\"@type\":\"WebPage\",\"@id\":\"https:\/\/futbolhoy.co\/index.php\/2025\/05\/03\/falcao-muy-cerca-de-volver-a-las-canchas-con-millonarios\/\",\"url\":\"https:\/\/futbolhoy.co\/index.php\/2025\/05\/03\/falcao-muy-cerca-de-volver-a-las-canchas-con-millonarios\/\",\"name\":\"Falcao, muy cerca de volver a las canchas con Millonarios -\",\"isPartOf\":{\"@id\":\"https:\/\/futbolhoy.co\/#website\"},\"primaryImageOfPage\":{\"@id\":\"https:\/\/futbolhoy.co\/index.php\/2025\/05\/03\/falcao-muy-cerca-de-volver-a-las-canchas-con-millonarios\/#primaryimage\"},\"image\":{\"@id\":\"https:\/\/futbolhoy.co\/index.php\/2025\/05\/03\/falcao-muy-cerca-de-volver-a-las-canchas-con-millonarios\/#primaryimage\"},\"thumbnailUrl\":\"https:\/\/futbolhoy.co\/wp-content\/uploads\/2025\/05\/Falca-Millos.png\",\"datePublished\":\"2025-05-03T18:41:06+00:00\",\"dateModified\":\"2025-05-04T23:20:18+00:00\",\"breadcrumb\":{\"@id\":\"https:\/\/futbolhoy.co\/index.php\/2025\/05\/03\/falcao-muy-cerca-de-volver-a-las-canchas-con-millonarios\/#breadcrumb\"},\"inLanguage\":\"es\",\"potentialAction\":[{\"@type\":\"ReadAction\",\"target\":[\"https:\/\/futbolhoy.co\/index.php\/2025\/05\/03\/falcao-muy-cerca-de-volver-a-las-canchas-con-millonarios\/\"]}]},{\"@type\":\"ImageObject\",\"inLanguage\":\"es\",\"@id\":\"https:\/\/futbolhoy.co\/index.php\/2025\/05\/03\/falcao-muy-cerca-de-volver-a-las-canchas-con-millonarios\/#primaryimage\",\"url\":\"https:\/\/futbolhoy.co\/wp-content\/uploads\/2025\/05\/Falca-Millos.png\",\"contentUrl\":\"https:\/\/futbolhoy.co\/wp-content\/uploads\/2025\/05\/Falca-Millos.png\",\"width\":1282,\"height\":865},{\"@type\":\"BreadcrumbList\",\"@id\":\"https:\/\/futbolhoy.co\/index.php\/2025\/05\/03\/falcao-muy-cerca-de-volver-a-las-canchas-con-millonarios\/#breadcrumb\",\"itemListElement\":[{\"@type\":\"ListItem\",\"position\":1,\"name\":\"Portada\",\"item\":\"https:\/\/futbolhoy.co\/\"},{\"@type\":\"ListItem\",\"position\":2,\"name\":\"Falcao, muy cerca de volver a las canchas con Millonarios\"}]},{\"@type\":\"WebSite\",\"@id\":\"https:\/\/futbolhoy.co\/#website\",\"url\":\"https:\/\/futbolhoy.co\/\",\"name\":\"FutbolHoy\",\"description\":\"\",\"publisher\":{\"@id\":\"https:\/\/futbolhoy.co\/#organization\"},\"potentialAction\":[{\"@type\":\"SearchAction\",\"target\":{\"@type\":\"EntryPoint\",\"urlTemplate\":\"https:\/\/futbolhoy.co\/?s={search_term_string}\"},\"query-input\":{\"@type\":\"PropertyValueSpecification\",\"valueRequired\":true,\"valueName\":\"search_term_string\"}}],\"inLanguage\":\"es\"},{\"@type\":\"Organization\",\"@id\":\"https:\/\/futbolhoy.co\/#organization\",\"name\":\"Futbolhoy.co\",\"url\":\"https:\/\/futbolhoy.co\/\",\"logo\":{\"@type\":\"ImageObject\",\"inLanguage\":\"es\",\"@id\":\"https:\/\/futbolhoy.co\/#\/schema\/logo\/image\/\",\"url\":\"https:\/\/futbolhoy.co\/wp-content\/uploads\/2018\/08\/17426380_1906371736249227_6326180412931521141_n.jpg\",\"contentUrl\":\"https:\/\/futbolhoy.co\/wp-content\/uploads\/2018\/08\/17426380_1906371736249227_6326180412931521141_n.jpg\",\"width\":960,\"height\":960,\"caption\":\"Futbolhoy.co\"},\"image\":{\"@id\":\"https:\/\/futbolhoy.co\/#\/schema\/logo\/image\/\"},\"sameAs\":[\"https:\/\/www.facebook.com\/FutbolHoyCol\/\",\"https:\/\/x.com\/FutbolHoyCol\",\"https:\/\/www.instagram.com\/futbolhoycol\/\"]},{\"@type\":\"Person\",\"@id\":\"https:\/\/futbolhoy.co\/#\/schema\/person\/1721b69355b6623eaff15ac7b92d4cc3\",\"name\":\"contenido\",\"image\":{\"@type\":\"ImageObject\",\"inLanguage\":\"es\",\"@id\":\"https:\/\/futbolhoy.co\/#\/schema\/person\/image\/\",\"url\":\"https:\/\/secure.gravatar.com\/avatar\/4f656d3256f5134f466206e7c3941518?s=96&d=mm&r=g\",\"contentUrl\":\"https:\/\/secure.gravatar.com\/avatar\/4f656d3256f5134f466206e7c3941518?s=96&d=mm&r=g\",\"caption\":\"contenido\"}}]}<\/script>\n<!-- \/ Yoast SEO plugin. -->","yoast_head_json":{"title":"Falcao, muy cerca de volver a las canchas con Millonarios -","robots":{"index":"index","follow":"follow","max-snippet":"max-snippet:-1","max-image-preview":"max-image-preview:large","max-video-preview":"max-video-preview:-1"},"canonical":"https:\/\/futbolhoy.co\/index.php\/2025\/05\/03\/falcao-muy-cerca-de-volver-a-las-canchas-con-millonarios\/","og_locale":"es_ES","og_type":"article","og_title":"Falcao, muy cerca de volver a las canchas con Millonarios -","og_description":"Millonarios, muy cerca de asegurar su clasificaci\u00f3n a los cuadrangulares finales y en la lucha por los primeros lugares del Todos Contra Todos, contin\u00faa recuperando piezas claves para el remate del campeonato. Falcao, su principal figura, estar\u00eda de vuelta durante la pr\u00f3xima semana. Seg\u00fan inform\u00f3 el t\u00e9cnico del equipo, el antioque\u00f1o David Gonz\u00e1lez, El Tigre [&hellip;]","og_url":"https:\/\/futbolhoy.co\/index.php\/2025\/05\/03\/falcao-muy-cerca-de-volver-a-las-canchas-con-millonarios\/","article_publisher":"https:\/\/www.facebook.com\/FutbolHoyCol\/","article_published_time":"2025-05-03T18:41:06+00:00","article_modified_time":"2025-05-04T23:20:18+00:00","og_image":[{"width":1282,"height":865,"url":"https:\/\/futbolhoy.co\/wp-content\/uploads\/2025\/05\/Falca-Millos.png","type":"image\/png"}],"author":"contenido","twitter_card":"summary_large_image","twitter_creator":"@FutbolHoyCol","twitter_site":"@FutbolHoyCol","twitter_misc":{"Escrito por":"contenido","Tiempo de lectura":"1 minuto"},"schema":{"@context":"https:\/\/schema.org","@graph":[{"@type":"Article","@id":"https:\/\/futbolhoy.co\/index.php\/2025\/05\/03\/falcao-muy-cerca-de-volver-a-las-canchas-con-millonarios\/#article","isPartOf":{"@id":"https:\/\/futbolhoy.co\/index.php\/2025\/05\/03\/falcao-muy-cerca-de-volver-a-las-canchas-con-millonarios\/"},"author":{"name":"contenido","@id":"https:\/\/futbolhoy.co\/#\/schema\/person\/1721b69355b6623eaff15ac7b92d4cc3"},"headline":"Falcao, muy cerca de volver a las canchas con Millonarios","datePublished":"2025-05-03T18:41:06+00:00","dateModified":"2025-05-04T23:20:18+00:00","mainEntityOfPage":{"@id":"https:\/\/futbolhoy.co\/index.php\/2025\/05\/03\/falcao-muy-cerca-de-volver-a-las-canchas-con-millonarios\/"},"wordCount":226,"commentCount":0,"publisher":{"@id":"https:\/\/futbolhoy.co\/#organization"},"image":{"@id":"https:\/\/futbolhoy.co\/index.php\/2025\/05\/03\/falcao-muy-cerca-de-volver-a-las-canchas-con-millonarios\/#primaryimage"},"thumbnailUrl":"https:\/\/futbolhoy.co\/wp-content\/uploads\/2025\/05\/Falca-Millos.png","articleSection":["Liga BetPlay"],"inLanguage":"es","potentialAction":[{"@type":"CommentAction","name":"Comment","target":["https:\/\/futbolhoy.co\/index.php\/2025\/05\/03\/falcao-muy-cerca-de-volver-a-las-canchas-con-millonarios\/#respond"]}]},{"@type":"WebPage","@id":"https:\/\/futbolhoy.co\/index.php\/2025\/05\/03\/falcao-muy-cerca-de-volver-a-las-canchas-con-millonarios\/","url":"https:\/\/futbolhoy.co\/index.php\/2025\/05\/03\/falcao-muy-cerca-de-volver-a-las-canchas-con-millonarios\/","name":"Falcao, muy cerca de volver a las canchas con Millonarios -","isPartOf":{"@id":"https:\/\/futbolhoy.co\/#website"},"primaryImageOfPage":{"@id":"https:\/\/futbolhoy.co\/index.php\/2025\/05\/03\/falcao-muy-cerca-de-volver-a-las-canchas-con-millonarios\/#primaryimage"},"image":{"@id":"https:\/\/futbolhoy.co\/index.php\/2025\/05\/03\/falcao-muy-cerca-de-volver-a-las-canchas-con-millonarios\/#primaryimage"},"thumbnailUrl":"https:\/\/futbolhoy.co\/wp-content\/uploads\/2025\/05\/Falca-Millos.png","datePublished":"2025-05-03T18:41:06+00:00","dateModified":"2025-05-04T23:20:18+00:00","breadcrumb":{"@id":"https:\/\/futbolhoy.co\/index.php\/2025\/05\/03\/falcao-muy-cerca-de-volver-a-las-canchas-con-millonarios\/#breadcrumb"},"inLanguage":"es","potentialAction":[{"@type":"ReadAction","target":["https:\/\/futbolhoy.co\/index.php\/2025\/05\/03\/falcao-muy-cerca-de-volver-a-las-canchas-con-millonarios\/"]}]},{"@type":"ImageObject","inLanguage":"es","@id":"https:\/\/futbolhoy.co\/index.php\/2025\/05\/03\/falcao-muy-cerca-de-volver-a-las-canchas-con-millonarios\/#primaryimage","url":"https:\/\/futbolhoy.co\/wp-content\/uploads\/2025\/05\/Falca-Millos.png","contentUrl":"https:\/\/futbolhoy.co\/wp-content\/uploads\/2025\/05\/Falca-Millos.png","width":1282,"height":865},{"@type":"BreadcrumbList","@id":"https:\/\/futbolhoy.co\/index.php\/2025\/05\/03\/falcao-muy-cerca-de-volver-a-las-canchas-con-millonarios\/#breadcrumb","itemListElement":[{"@type":"ListItem","position":1,"name":"Portada","item":"https:\/\/futbolhoy.co\/"},{"@type":"ListItem","position":2,"name":"Falcao, muy cerca de volver a las canchas con Millonarios"}]},{"@type":"WebSite","@id":"https:\/\/futbolhoy.co\/#website","url":"https:\/\/futbolhoy.co\/","name":"FutbolHoy","description":"","publisher":{"@id":"https:\/\/futbolhoy.co\/#organization"},"potentialAction":[{"@type":"SearchAction","target":{"@type":"EntryPoint","urlTemplate":"https:\/\/futbolhoy.co\/?s={search_term_string}"},"query-input":{"@type":"PropertyValueSpecification","valueRequired":true,"valueName":"search_term_string"}}],"inLanguage":"es"},{"@type":"Organization","@id":"https:\/\/futbolhoy.co\/#organization","name":"Futbolhoy.co","url":"https:\/\/futbolhoy.co\/","logo":{"@type":"ImageObject","inLanguage":"es","@id":"https:\/\/futbolhoy.co\/#\/schema\/logo\/image\/","url":"https:\/\/futbolhoy.co\/wp-content\/uploads\/2018\/08\/17426380_1906371736249227_6326180412931521141_n.jpg","contentUrl":"https:\/\/futbolhoy.co\/wp-content\/uploads\/2018\/08\/17426380_1906371736249227_6326180412931521141_n.jpg","width":960,"height":960,"caption":"Futbolhoy.co"},"image":{"@id":"https:\/\/futbolhoy.co\/#\/schema\/logo\/image\/"},"sameAs":["https:\/\/www.facebook.com\/FutbolHoyCol\/","https:\/\/x.com\/FutbolHoyCol","https:\/\/www.instagram.com\/futbolhoycol\/"]},{"@type":"Person","@id":"https:\/\/futbolhoy.co\/#\/schema\/person\/1721b69355b6623eaff15ac7b92d4cc3","name":"contenido","image":{"@type":"ImageObject","inLanguage":"es","@id":"https:\/\/futbolhoy.co\/#\/schema\/person\/image\/","url":"https:\/\/secure.gravatar.com\/avatar\/4f656d3256f5134f466206e7c3941518?s=96&d=mm&r=g","contentUrl":"https:\/\/secure.gravatar.com\/avatar\/4f656d3256f5134f466206e7c3941518?s=96&d=mm&r=g","caption":"contenido"}}]}},"publishpress_future_action":{"enabled":false,"date":"2026-05-05 02:14:14","action":"change-status","newStatus":"draft","terms":[],"taxonomy":"category","extraData":[]},"publishpress_future_workflow_manual_trigger":{"enabledWorkflows":[]},"_links":{"self":[{"href":"https:\/\/futbolhoy.co\/index.php\/wp-json\/wp\/v2\/posts\/119015","targetHints":{"allow":["GET"]}}],"collection":[{"href":"https:\/\/futbolhoy.co\/index.php\/wp-json\/wp\/v2\/posts"}],"about":[{"href":"https:\/\/futbolhoy.co\/index.php\/wp-json\/wp\/v2\/types\/post"}],"author":[{"embeddable":true,"href":"https:\/\/futbolhoy.co\/index.php\/wp-json\/wp\/v2\/users\/4"}],"replies":[{"embeddable":true,"href":"https:\/\/futbolhoy.co\/index.php\/wp-json\/wp\/v2\/comments?post=119015"}],"version-history":[{"count":1,"href":"https:\/\/futbolhoy.co\/index.php\/wp-json\/wp\/v2\/posts\/119015\/revisions"}],"predecessor-version":[{"id":119017,"href":"https:\/\/futbolhoy.co\/index.php\/wp-json\/wp\/v2\/posts\/119015\/revisions\/119017"}],"wp:featuredmedia":[{"embeddable":true,"href":"https:\/\/futbolhoy.co\/index.php\/wp-json\/wp\/v2\/media\/119016"}],"wp:attachment":[{"href":"https:\/\/futbolhoy.co\/index.php\/wp-json\/wp\/v2\/media?parent=119015"}],"wp:term":[{"taxonomy":"category","embeddable":true,"href":"https:\/\/futbolhoy.co\/index.php\/wp-json\/wp\/v2\/categories?post=119015"},{"taxonomy":"post_tag","embeddable":true,"href":"https:\/\/futbolhoy.co\/index.php\/wp-json\/wp\/v2\/tags?post=119015"}],"curies":[{"name":"wp","href":"https:\/\/api.w.org\/{rel}","templated":true}]}}