{"id":119022,"date":"2025-05-03T22:34:29","date_gmt":"2025-05-04T03:34:29","guid":{"rendered":"https:\/\/futbolhoy.co\/?p=119022"},"modified":"2025-05-05T08:49:09","modified_gmt":"2025-05-05T13:49:09","slug":"junior-no-pudo-con-la-suplencia-del-america-en-barranquilla","status":"publish","type":"post","link":"https:\/\/futbolhoy.co\/index.php\/2025\/05\/03\/junior-no-pudo-con-la-suplencia-del-america-en-barranquilla\/","title":{"rendered":"Junior no pudo con la suplencia del Am\u00e9rica en Barranquilla"},"content":{"rendered":"<p style=\"text-align: justify;\"><span style=\"font-family: helvetica, arial, sans-serif;\"><strong>Junior<\/strong> desaprovech\u00f3 la oportunidad de arrebatarle la primera posici\u00f3n al <strong>Am\u00e9rica de Cali<\/strong> en el estadio <strong>Metropolitano Roberto Mel\u00e9ndez<\/strong> de <strong>Barranquilla.<\/strong> El equipo de <strong>C\u00e9sar Far\u00edas<\/strong> empat\u00f3 0-0 ante la suplencia de los vallecuacanos, concentrados en su pr\u00f3ximo juego de <strong>Copa Sudamericana.<\/strong><\/span><\/p>\n<p style=\"text-align: justify;\"><span style=\"font-family: helvetica, arial, sans-serif;\">El Tibur\u00f3n cont\u00f3 con las principales ocasiones de peligro a lo largo de los 90 minutos, incluso dispuso de una ocasi\u00f3n desde el punto penalti, tras una falta de <strong>Jos\u00e9 Cadav\u00eda<\/strong> sobre <strong>Te\u00f3filo Guti\u00e9rrez.<\/strong><\/span><\/p>\n<p style=\"text-align: justify;\"><span style=\"font-family: helvetica, arial, sans-serif;\">La ejecuci\u00f3n del cobro la asumi\u00f3 <strong>Javier B\u00e1ez,<\/strong> atajando el lanzamiento el uruguayo <strong>Santiago Silva<\/strong> a los 81 minutos. Este es el tercer penalti que Silva ataja desde que se encuentra en el equipo Escarlata.<\/span><\/p>\n<p style=\"text-align: justify;\"><span style=\"font-family: helvetica, arial, sans-serif;\">Am\u00e9rica se qued\u00f3 con 10 jugadores a los 90 minutos, por una fuerte entrada de <strong>Joider Micolta<\/strong> para cortar un contraataque del local, recibiendo la cartulina roja directa.<\/span><\/p>\n<p style=\"text-align: justify;\"><span style=\"font-family: helvetica, arial, sans-serif;\">Con este resultado, Am\u00e9rica lleg\u00f3 a <strong>33 puntos<\/strong> y el pr\u00f3ximo martes tendr\u00e1 una dura visita a <strong>Corinthians<\/strong> en <strong>Brasil,<\/strong> por la cuarta fecha de la Copa Sudamericana; <strong>Junior,<\/strong> con <strong>31 unidades,<\/strong> visitar\u00e1 a <strong>Santa Fe<\/strong> el pr\u00f3ximo s\u00e1bado en <strong>El Camp\u00edn.<\/strong><\/span><\/p>\n","protected":false},"excerpt":{"rendered":"<p>Junior desaprovech\u00f3 la oportunidad de arrebatarle la primera posici\u00f3n al Am\u00e9rica de Cali en el estadio Metropolitano Roberto Mel\u00e9ndez de Barranquilla. El equipo de C\u00e9sar Far\u00edas empat\u00f3 0-0 ante la suplencia de los vallecuacanos, concentrados en su pr\u00f3ximo juego de Copa Sudamericana. El Tibur\u00f3n cont\u00f3 con las principales ocasiones de peligro a lo largo de [&hellip;]<\/p>\n","protected":false},"author":4,"featured_media":119023,"comment_status":"open","ping_status":"open","sticky":false,"template":"","format":"standard","meta":{"_acf_changed":false,"footnotes":""},"categories":[7],"tags":[],"class_list":{"0":"post-119022","1":"post","2":"type-post","3":"status-publish","4":"format-standard","5":"has-post-thumbnail","7":"category-liga-betplay"},"acf":[],"yoast_head":"<!-- This site is optimized with the Yoast SEO plugin v26.8 - https:\/\/yoast.com\/product\/yoast-seo-wordpress\/ -->\n<title>Junior no pudo con la suplencia del Am\u00e9rica en Barranquilla -<\/title>\n<meta name=\"robots\" content=\"index, follow, max-snippet:-1, max-image-preview:large, max-video-preview:-1\" \/>\n<link rel=\"canonical\" href=\"https:\/\/futbolhoy.co\/index.php\/2025\/05\/03\/junior-no-pudo-con-la-suplencia-del-america-en-barranquilla\/\" \/>\n<meta property=\"og:locale\" content=\"es_ES\" \/>\n<meta property=\"og:type\" content=\"article\" \/>\n<meta property=\"og:title\" content=\"Junior no pudo con la suplencia del Am\u00e9rica en Barranquilla -\" \/>\n<meta property=\"og:description\" content=\"Junior desaprovech\u00f3 la oportunidad de arrebatarle la primera posici\u00f3n al Am\u00e9rica de Cali en el estadio Metropolitano Roberto Mel\u00e9ndez de Barranquilla. El equipo de C\u00e9sar Far\u00edas empat\u00f3 0-0 ante la suplencia de los vallecuacanos, concentrados en su pr\u00f3ximo juego de Copa Sudamericana. El Tibur\u00f3n cont\u00f3 con las principales ocasiones de peligro a lo largo de [&hellip;]\" \/>\n<meta property=\"og:url\" content=\"https:\/\/futbolhoy.co\/index.php\/2025\/05\/03\/junior-no-pudo-con-la-suplencia-del-america-en-barranquilla\/\" \/>\n<meta property=\"article:publisher\" content=\"https:\/\/www.facebook.com\/FutbolHoyCol\/\" \/>\n<meta property=\"article:published_time\" content=\"2025-05-04T03:34:29+00:00\" \/>\n<meta property=\"article:modified_time\" content=\"2025-05-05T13:49:09+00:00\" \/>\n<meta property=\"og:image\" content=\"https:\/\/futbolhoy.co\/wp-content\/uploads\/2025\/05\/Jun-Ame-1024x656.png\" \/>\n\t<meta property=\"og:image:width\" content=\"1024\" \/>\n\t<meta property=\"og:image:height\" content=\"656\" \/>\n\t<meta property=\"og:image:type\" content=\"image\/png\" \/>\n<meta name=\"author\" content=\"contenido\" \/>\n<meta name=\"twitter:card\" content=\"summary_large_image\" \/>\n<meta name=\"twitter:creator\" content=\"@FutbolHoyCol\" \/>\n<meta name=\"twitter:site\" content=\"@FutbolHoyCol\" \/>\n<meta name=\"twitter:label1\" content=\"Escrito por\" \/>\n\t<meta name=\"twitter:data1\" content=\"contenido\" \/>\n\t<meta name=\"twitter:label2\" content=\"Tiempo de lectura\" \/>\n\t<meta name=\"twitter:data2\" content=\"1 minuto\" \/>\n<script type=\"application\/ld+json\" class=\"yoast-schema-graph\">{\"@context\":\"https:\/\/schema.org\",\"@graph\":[{\"@type\":\"Article\",\"@id\":\"https:\/\/futbolhoy.co\/index.php\/2025\/05\/03\/junior-no-pudo-con-la-suplencia-del-america-en-barranquilla\/#article\",\"isPartOf\":{\"@id\":\"https:\/\/futbolhoy.co\/index.php\/2025\/05\/03\/junior-no-pudo-con-la-suplencia-del-america-en-barranquilla\/\"},\"author\":{\"name\":\"contenido\",\"@id\":\"https:\/\/futbolhoy.co\/#\/schema\/person\/1721b69355b6623eaff15ac7b92d4cc3\"},\"headline\":\"Junior no pudo con la suplencia del Am\u00e9rica en Barranquilla\",\"datePublished\":\"2025-05-04T03:34:29+00:00\",\"dateModified\":\"2025-05-05T13:49:09+00:00\",\"mainEntityOfPage\":{\"@id\":\"https:\/\/futbolhoy.co\/index.php\/2025\/05\/03\/junior-no-pudo-con-la-suplencia-del-america-en-barranquilla\/\"},\"wordCount\":205,\"commentCount\":0,\"publisher\":{\"@id\":\"https:\/\/futbolhoy.co\/#organization\"},\"image\":{\"@id\":\"https:\/\/futbolhoy.co\/index.php\/2025\/05\/03\/junior-no-pudo-con-la-suplencia-del-america-en-barranquilla\/#primaryimage\"},\"thumbnailUrl\":\"https:\/\/futbolhoy.co\/wp-content\/uploads\/2025\/05\/Jun-Ame.png\",\"articleSection\":[\"Liga BetPlay\"],\"inLanguage\":\"es\",\"potentialAction\":[{\"@type\":\"CommentAction\",\"name\":\"Comment\",\"target\":[\"https:\/\/futbolhoy.co\/index.php\/2025\/05\/03\/junior-no-pudo-con-la-suplencia-del-america-en-barranquilla\/#respond\"]}]},{\"@type\":\"WebPage\",\"@id\":\"https:\/\/futbolhoy.co\/index.php\/2025\/05\/03\/junior-no-pudo-con-la-suplencia-del-america-en-barranquilla\/\",\"url\":\"https:\/\/futbolhoy.co\/index.php\/2025\/05\/03\/junior-no-pudo-con-la-suplencia-del-america-en-barranquilla\/\",\"name\":\"Junior no pudo con la suplencia del Am\u00e9rica en Barranquilla -\",\"isPartOf\":{\"@id\":\"https:\/\/futbolhoy.co\/#website\"},\"primaryImageOfPage\":{\"@id\":\"https:\/\/futbolhoy.co\/index.php\/2025\/05\/03\/junior-no-pudo-con-la-suplencia-del-america-en-barranquilla\/#primaryimage\"},\"image\":{\"@id\":\"https:\/\/futbolhoy.co\/index.php\/2025\/05\/03\/junior-no-pudo-con-la-suplencia-del-america-en-barranquilla\/#primaryimage\"},\"thumbnailUrl\":\"https:\/\/futbolhoy.co\/wp-content\/uploads\/2025\/05\/Jun-Ame.png\",\"datePublished\":\"2025-05-04T03:34:29+00:00\",\"dateModified\":\"2025-05-05T13:49:09+00:00\",\"breadcrumb\":{\"@id\":\"https:\/\/futbolhoy.co\/index.php\/2025\/05\/03\/junior-no-pudo-con-la-suplencia-del-america-en-barranquilla\/#breadcrumb\"},\"inLanguage\":\"es\",\"potentialAction\":[{\"@type\":\"ReadAction\",\"target\":[\"https:\/\/futbolhoy.co\/index.php\/2025\/05\/03\/junior-no-pudo-con-la-suplencia-del-america-en-barranquilla\/\"]}]},{\"@type\":\"ImageObject\",\"inLanguage\":\"es\",\"@id\":\"https:\/\/futbolhoy.co\/index.php\/2025\/05\/03\/junior-no-pudo-con-la-suplencia-del-america-en-barranquilla\/#primaryimage\",\"url\":\"https:\/\/futbolhoy.co\/wp-content\/uploads\/2025\/05\/Jun-Ame.png\",\"contentUrl\":\"https:\/\/futbolhoy.co\/wp-content\/uploads\/2025\/05\/Jun-Ame.png\",\"width\":1354,\"height\":867},{\"@type\":\"BreadcrumbList\",\"@id\":\"https:\/\/futbolhoy.co\/index.php\/2025\/05\/03\/junior-no-pudo-con-la-suplencia-del-america-en-barranquilla\/#breadcrumb\",\"itemListElement\":[{\"@type\":\"ListItem\",\"position\":1,\"name\":\"Portada\",\"item\":\"https:\/\/futbolhoy.co\/\"},{\"@type\":\"ListItem\",\"position\":2,\"name\":\"Junior no pudo con la suplencia del Am\u00e9rica en Barranquilla\"}]},{\"@type\":\"WebSite\",\"@id\":\"https:\/\/futbolhoy.co\/#website\",\"url\":\"https:\/\/futbolhoy.co\/\",\"name\":\"FutbolHoy\",\"description\":\"\",\"publisher\":{\"@id\":\"https:\/\/futbolhoy.co\/#organization\"},\"potentialAction\":[{\"@type\":\"SearchAction\",\"target\":{\"@type\":\"EntryPoint\",\"urlTemplate\":\"https:\/\/futbolhoy.co\/?s={search_term_string}\"},\"query-input\":{\"@type\":\"PropertyValueSpecification\",\"valueRequired\":true,\"valueName\":\"search_term_string\"}}],\"inLanguage\":\"es\"},{\"@type\":\"Organization\",\"@id\":\"https:\/\/futbolhoy.co\/#organization\",\"name\":\"Futbolhoy.co\",\"url\":\"https:\/\/futbolhoy.co\/\",\"logo\":{\"@type\":\"ImageObject\",\"inLanguage\":\"es\",\"@id\":\"https:\/\/futbolhoy.co\/#\/schema\/logo\/image\/\",\"url\":\"https:\/\/futbolhoy.co\/wp-content\/uploads\/2018\/08\/17426380_1906371736249227_6326180412931521141_n.jpg\",\"contentUrl\":\"https:\/\/futbolhoy.co\/wp-content\/uploads\/2018\/08\/17426380_1906371736249227_6326180412931521141_n.jpg\",\"width\":960,\"height\":960,\"caption\":\"Futbolhoy.co\"},\"image\":{\"@id\":\"https:\/\/futbolhoy.co\/#\/schema\/logo\/image\/\"},\"sameAs\":[\"https:\/\/www.facebook.com\/FutbolHoyCol\/\",\"https:\/\/x.com\/FutbolHoyCol\",\"https:\/\/www.instagram.com\/futbolhoycol\/\"]},{\"@type\":\"Person\",\"@id\":\"https:\/\/futbolhoy.co\/#\/schema\/person\/1721b69355b6623eaff15ac7b92d4cc3\",\"name\":\"contenido\",\"image\":{\"@type\":\"ImageObject\",\"inLanguage\":\"es\",\"@id\":\"https:\/\/futbolhoy.co\/#\/schema\/person\/image\/\",\"url\":\"https:\/\/secure.gravatar.com\/avatar\/4f656d3256f5134f466206e7c3941518?s=96&d=mm&r=g\",\"contentUrl\":\"https:\/\/secure.gravatar.com\/avatar\/4f656d3256f5134f466206e7c3941518?s=96&d=mm&r=g\",\"caption\":\"contenido\"}}]}<\/script>\n<!-- \/ Yoast SEO plugin. -->","yoast_head_json":{"title":"Junior no pudo con la suplencia del Am\u00e9rica en Barranquilla -","robots":{"index":"index","follow":"follow","max-snippet":"max-snippet:-1","max-image-preview":"max-image-preview:large","max-video-preview":"max-video-preview:-1"},"canonical":"https:\/\/futbolhoy.co\/index.php\/2025\/05\/03\/junior-no-pudo-con-la-suplencia-del-america-en-barranquilla\/","og_locale":"es_ES","og_type":"article","og_title":"Junior no pudo con la suplencia del Am\u00e9rica en Barranquilla -","og_description":"Junior desaprovech\u00f3 la oportunidad de arrebatarle la primera posici\u00f3n al Am\u00e9rica de Cali en el estadio Metropolitano Roberto Mel\u00e9ndez de Barranquilla. El equipo de C\u00e9sar Far\u00edas empat\u00f3 0-0 ante la suplencia de los vallecuacanos, concentrados en su pr\u00f3ximo juego de Copa Sudamericana. El Tibur\u00f3n cont\u00f3 con las principales ocasiones de peligro a lo largo de [&hellip;]","og_url":"https:\/\/futbolhoy.co\/index.php\/2025\/05\/03\/junior-no-pudo-con-la-suplencia-del-america-en-barranquilla\/","article_publisher":"https:\/\/www.facebook.com\/FutbolHoyCol\/","article_published_time":"2025-05-04T03:34:29+00:00","article_modified_time":"2025-05-05T13:49:09+00:00","og_image":[{"width":1024,"height":656,"url":"https:\/\/futbolhoy.co\/wp-content\/uploads\/2025\/05\/Jun-Ame-1024x656.png","type":"image\/png"}],"author":"contenido","twitter_card":"summary_large_image","twitter_creator":"@FutbolHoyCol","twitter_site":"@FutbolHoyCol","twitter_misc":{"Escrito por":"contenido","Tiempo de lectura":"1 minuto"},"schema":{"@context":"https:\/\/schema.org","@graph":[{"@type":"Article","@id":"https:\/\/futbolhoy.co\/index.php\/2025\/05\/03\/junior-no-pudo-con-la-suplencia-del-america-en-barranquilla\/#article","isPartOf":{"@id":"https:\/\/futbolhoy.co\/index.php\/2025\/05\/03\/junior-no-pudo-con-la-suplencia-del-america-en-barranquilla\/"},"author":{"name":"contenido","@id":"https:\/\/futbolhoy.co\/#\/schema\/person\/1721b69355b6623eaff15ac7b92d4cc3"},"headline":"Junior no pudo con la suplencia del Am\u00e9rica en Barranquilla","datePublished":"2025-05-04T03:34:29+00:00","dateModified":"2025-05-05T13:49:09+00:00","mainEntityOfPage":{"@id":"https:\/\/futbolhoy.co\/index.php\/2025\/05\/03\/junior-no-pudo-con-la-suplencia-del-america-en-barranquilla\/"},"wordCount":205,"commentCount":0,"publisher":{"@id":"https:\/\/futbolhoy.co\/#organization"},"image":{"@id":"https:\/\/futbolhoy.co\/index.php\/2025\/05\/03\/junior-no-pudo-con-la-suplencia-del-america-en-barranquilla\/#primaryimage"},"thumbnailUrl":"https:\/\/futbolhoy.co\/wp-content\/uploads\/2025\/05\/Jun-Ame.png","articleSection":["Liga BetPlay"],"inLanguage":"es","potentialAction":[{"@type":"CommentAction","name":"Comment","target":["https:\/\/futbolhoy.co\/index.php\/2025\/05\/03\/junior-no-pudo-con-la-suplencia-del-america-en-barranquilla\/#respond"]}]},{"@type":"WebPage","@id":"https:\/\/futbolhoy.co\/index.php\/2025\/05\/03\/junior-no-pudo-con-la-suplencia-del-america-en-barranquilla\/","url":"https:\/\/futbolhoy.co\/index.php\/2025\/05\/03\/junior-no-pudo-con-la-suplencia-del-america-en-barranquilla\/","name":"Junior no pudo con la suplencia del Am\u00e9rica en Barranquilla -","isPartOf":{"@id":"https:\/\/futbolhoy.co\/#website"},"primaryImageOfPage":{"@id":"https:\/\/futbolhoy.co\/index.php\/2025\/05\/03\/junior-no-pudo-con-la-suplencia-del-america-en-barranquilla\/#primaryimage"},"image":{"@id":"https:\/\/futbolhoy.co\/index.php\/2025\/05\/03\/junior-no-pudo-con-la-suplencia-del-america-en-barranquilla\/#primaryimage"},"thumbnailUrl":"https:\/\/futbolhoy.co\/wp-content\/uploads\/2025\/05\/Jun-Ame.png","datePublished":"2025-05-04T03:34:29+00:00","dateModified":"2025-05-05T13:49:09+00:00","breadcrumb":{"@id":"https:\/\/futbolhoy.co\/index.php\/2025\/05\/03\/junior-no-pudo-con-la-suplencia-del-america-en-barranquilla\/#breadcrumb"},"inLanguage":"es","potentialAction":[{"@type":"ReadAction","target":["https:\/\/futbolhoy.co\/index.php\/2025\/05\/03\/junior-no-pudo-con-la-suplencia-del-america-en-barranquilla\/"]}]},{"@type":"ImageObject","inLanguage":"es","@id":"https:\/\/futbolhoy.co\/index.php\/2025\/05\/03\/junior-no-pudo-con-la-suplencia-del-america-en-barranquilla\/#primaryimage","url":"https:\/\/futbolhoy.co\/wp-content\/uploads\/2025\/05\/Jun-Ame.png","contentUrl":"https:\/\/futbolhoy.co\/wp-content\/uploads\/2025\/05\/Jun-Ame.png","width":1354,"height":867},{"@type":"BreadcrumbList","@id":"https:\/\/futbolhoy.co\/index.php\/2025\/05\/03\/junior-no-pudo-con-la-suplencia-del-america-en-barranquilla\/#breadcrumb","itemListElement":[{"@type":"ListItem","position":1,"name":"Portada","item":"https:\/\/futbolhoy.co\/"},{"@type":"ListItem","position":2,"name":"Junior no pudo con la suplencia del Am\u00e9rica en Barranquilla"}]},{"@type":"WebSite","@id":"https:\/\/futbolhoy.co\/#website","url":"https:\/\/futbolhoy.co\/","name":"FutbolHoy","description":"","publisher":{"@id":"https:\/\/futbolhoy.co\/#organization"},"potentialAction":[{"@type":"SearchAction","target":{"@type":"EntryPoint","urlTemplate":"https:\/\/futbolhoy.co\/?s={search_term_string}"},"query-input":{"@type":"PropertyValueSpecification","valueRequired":true,"valueName":"search_term_string"}}],"inLanguage":"es"},{"@type":"Organization","@id":"https:\/\/futbolhoy.co\/#organization","name":"Futbolhoy.co","url":"https:\/\/futbolhoy.co\/","logo":{"@type":"ImageObject","inLanguage":"es","@id":"https:\/\/futbolhoy.co\/#\/schema\/logo\/image\/","url":"https:\/\/futbolhoy.co\/wp-content\/uploads\/2018\/08\/17426380_1906371736249227_6326180412931521141_n.jpg","contentUrl":"https:\/\/futbolhoy.co\/wp-content\/uploads\/2018\/08\/17426380_1906371736249227_6326180412931521141_n.jpg","width":960,"height":960,"caption":"Futbolhoy.co"},"image":{"@id":"https:\/\/futbolhoy.co\/#\/schema\/logo\/image\/"},"sameAs":["https:\/\/www.facebook.com\/FutbolHoyCol\/","https:\/\/x.com\/FutbolHoyCol","https:\/\/www.instagram.com\/futbolhoycol\/"]},{"@type":"Person","@id":"https:\/\/futbolhoy.co\/#\/schema\/person\/1721b69355b6623eaff15ac7b92d4cc3","name":"contenido","image":{"@type":"ImageObject","inLanguage":"es","@id":"https:\/\/futbolhoy.co\/#\/schema\/person\/image\/","url":"https:\/\/secure.gravatar.com\/avatar\/4f656d3256f5134f466206e7c3941518?s=96&d=mm&r=g","contentUrl":"https:\/\/secure.gravatar.com\/avatar\/4f656d3256f5134f466206e7c3941518?s=96&d=mm&r=g","caption":"contenido"}}]}},"publishpress_future_action":{"enabled":false,"date":"2026-05-05 09:48:12","action":"change-status","newStatus":"draft","terms":[],"taxonomy":"category","extraData":[]},"publishpress_future_workflow_manual_trigger":{"enabledWorkflows":[]},"_links":{"self":[{"href":"https:\/\/futbolhoy.co\/index.php\/wp-json\/wp\/v2\/posts\/119022","targetHints":{"allow":["GET"]}}],"collection":[{"href":"https:\/\/futbolhoy.co\/index.php\/wp-json\/wp\/v2\/posts"}],"about":[{"href":"https:\/\/futbolhoy.co\/index.php\/wp-json\/wp\/v2\/types\/post"}],"author":[{"embeddable":true,"href":"https:\/\/futbolhoy.co\/index.php\/wp-json\/wp\/v2\/users\/4"}],"replies":[{"embeddable":true,"href":"https:\/\/futbolhoy.co\/index.php\/wp-json\/wp\/v2\/comments?post=119022"}],"version-history":[{"count":1,"href":"https:\/\/futbolhoy.co\/index.php\/wp-json\/wp\/v2\/posts\/119022\/revisions"}],"predecessor-version":[{"id":119024,"href":"https:\/\/futbolhoy.co\/index.php\/wp-json\/wp\/v2\/posts\/119022\/revisions\/119024"}],"wp:featuredmedia":[{"embeddable":true,"href":"https:\/\/futbolhoy.co\/index.php\/wp-json\/wp\/v2\/media\/119023"}],"wp:attachment":[{"href":"https:\/\/futbolhoy.co\/index.php\/wp-json\/wp\/v2\/media?parent=119022"}],"wp:term":[{"taxonomy":"category","embeddable":true,"href":"https:\/\/futbolhoy.co\/index.php\/wp-json\/wp\/v2\/categories?post=119022"},{"taxonomy":"post_tag","embeddable":true,"href":"https:\/\/futbolhoy.co\/index.php\/wp-json\/wp\/v2\/tags?post=119022"}],"curies":[{"name":"wp","href":"https:\/\/api.w.org\/{rel}","templated":true}]}}