{"id":119058,"date":"2025-05-04T21:08:56","date_gmt":"2025-05-05T02:08:56","guid":{"rendered":"https:\/\/futbolhoy.co\/?p=119058"},"modified":"2025-05-06T09:18:53","modified_gmt":"2025-05-06T14:18:53","slug":"union-magdalena-vs-once-caldas-suspendido-por-violencia-en-el-estadio","status":"publish","type":"post","link":"https:\/\/futbolhoy.co\/index.php\/2025\/05\/04\/union-magdalena-vs-once-caldas-suspendido-por-violencia-en-el-estadio\/","title":{"rendered":"Uni\u00f3n Magdalena Vs. Once Caldas, suspendido por violencia en el estadio"},"content":{"rendered":"<p style=\"text-align: justify;\"><span style=\"font-family: helvetica, arial, sans-serif;\"><strong>Santa Marta<\/strong> volvi\u00f3 a quedar en el ojo del hurac\u00e1n en el f\u00fatbol colombiano por el mal comportamiento de los hinchas del <strong>Uni\u00f3n Magdalena,<\/strong> esta vez, una invasi\u00f3n durante el juego entre el club samario y el <strong>Once Caldas.<\/strong><\/span><\/p>\n<p style=\"text-align: justify;\"><span style=\"font-family: helvetica, arial, sans-serif;\">Los hechos en el estadio <strong>Sierra Nevada<\/strong> se presentaron a los 80 minutos, cuando la visita ganaba 0-1 con anotaci\u00f3n de <strong>Dayro Moreno.<\/strong> Los hinchas, que hab\u00edan ingresado gratuitamente al escenario deportivo, saltaron en masa al terreno de juego, obligando a ambos equipos a retirarse a los camerinos.<\/span><\/p>\n<p style=\"text-align: justify;\"><span style=\"font-family: helvetica, arial, sans-serif;\">En medio de la invasi\u00f3n, el t\u00e9cnico <strong>Hern\u00e1n Dar\u00edo Herrera<\/strong>, del <strong>Once Caldas,<\/strong> y un recogebolas fueron agredidos, lo cual termin\u00f3 motivando a la suspensi\u00f3n definitiva del encuentro por parte de las autoridades.<\/span><\/p>\n<p style=\"text-align: justify;\"><span style=\"font-family: helvetica, arial, sans-serif;\"><strong>\"La Divisi\u00f3n Mayor del F\u00fatbol Colombiano - DIMAYOR<\/strong> se permite informar a la opini\u00f3n p\u00fablica que el partido entre Uni\u00f3n Magdalena y Once Caldas DAF, ha sido <strong>suspendido definitivamente<\/strong> por falta de garant\u00edas. El encuentro v\u00e1lido por la fecha 17 de la Liga BetPlay DIMAYOR I-2025 se suspendi\u00f3 al minuto 80 tras invasi\u00f3n de hinchas del club local\", inform\u00f3 la Dimayor.<\/span><\/p>\n<p style=\"text-align: justify;\"><span style=\"font-family: helvetica, arial, sans-serif;\">Y concluy\u00f3 al respecto: \"La decisi\u00f3n de suspensi\u00f3n del encuentro fue tomada por el cuerpo arbitral, despu\u00e9s de verificar las agresiones sufridas al t\u00e9cnico Hern\u00e1n Dar\u00edo Herrera de Once Caldas y un recogebolas. Desde la DIMAYOR hacemos un llamado para vivir la fiesta del f\u00fatbol en paz en todos los estadios del pa\u00eds\".<\/span><\/p>\n<p style=\"text-align: justify;\"><span style=\"font-family: helvetica, arial, sans-serif;\">Dayro anot\u00f3 el \u00fanico gol del partido a los 62 minutos, cazando en el \u00e1rea un rebote del portero <strong>Guillermo G\u00f3mez,<\/strong> que contuvo a medias un remate de <strong>Michael Barrios,<\/strong> para solo tener que empujar la pelota al fondo de la red.El equipo samario hab\u00eda sufrido la expulsi\u00f3n de <strong>Jos\u00e9 Mercado<\/strong> sobre los 65 minutos.<\/span><\/p>\n<p style=\"text-align: justify;\"><span style=\"font-family: helvetica, arial, sans-serif;\">Con esta anotaci\u00f3n, Dayro Moreno igual\u00f3 a <strong>Hugo Rodallega<\/strong> como m\u00e1ximo goleador del campeonato, ambos con nueve anotaciones, adem\u00e1s de ampliar su marca como goleador hist\u00f3rico colombiano con 360 anotaciones.<\/span><\/p>\n<p style=\"text-align: justify;\"><span style=\"font-family: helvetica, arial, sans-serif;\">A falta de confirmarse el resultado, Once Caldas sumar\u00e1 29 puntos, consolid\u00e1ndose al interior del grupo de los ocho mejores. El pr\u00f3ximo mi\u00e9rcoles estar\u00e1 recibiendo a<strong> Uni\u00f3n Espa\u00f1ola<\/strong> de <strong>Chile,<\/strong> por la cuarta fecha de la <strong>Copa Sudamericana.<\/strong><\/span><\/p>\n","protected":false},"excerpt":{"rendered":"<p>Santa Marta volvi\u00f3 a quedar en el ojo del hurac\u00e1n en el f\u00fatbol colombiano por el mal comportamiento de los hinchas del Uni\u00f3n Magdalena, esta vez, una invasi\u00f3n durante el juego entre el club samario y el Once Caldas. Los hechos en el estadio Sierra Nevada se presentaron a los 80 minutos, cuando la visita [&hellip;]<\/p>\n","protected":false},"author":4,"featured_media":119059,"comment_status":"open","ping_status":"open","sticky":false,"template":"","format":"standard","meta":{"_acf_changed":false,"footnotes":""},"categories":[7],"tags":[],"class_list":{"0":"post-119058","1":"post","2":"type-post","3":"status-publish","4":"format-standard","5":"has-post-thumbnail","7":"category-liga-betplay"},"acf":[],"yoast_head":"<!-- This site is optimized with the Yoast SEO plugin v26.8 - https:\/\/yoast.com\/product\/yoast-seo-wordpress\/ -->\n<title>Uni\u00f3n Magdalena Vs. Once Caldas, suspendido por violencia en el estadio -<\/title>\n<meta name=\"robots\" content=\"index, follow, max-snippet:-1, max-image-preview:large, max-video-preview:-1\" \/>\n<link rel=\"canonical\" href=\"https:\/\/futbolhoy.co\/index.php\/2025\/05\/04\/union-magdalena-vs-once-caldas-suspendido-por-violencia-en-el-estadio\/\" \/>\n<meta property=\"og:locale\" content=\"es_ES\" \/>\n<meta property=\"og:type\" content=\"article\" \/>\n<meta property=\"og:title\" content=\"Uni\u00f3n Magdalena Vs. Once Caldas, suspendido por violencia en el estadio -\" \/>\n<meta property=\"og:description\" content=\"Santa Marta volvi\u00f3 a quedar en el ojo del hurac\u00e1n en el f\u00fatbol colombiano por el mal comportamiento de los hinchas del Uni\u00f3n Magdalena, esta vez, una invasi\u00f3n durante el juego entre el club samario y el Once Caldas. Los hechos en el estadio Sierra Nevada se presentaron a los 80 minutos, cuando la visita [&hellip;]\" \/>\n<meta property=\"og:url\" content=\"https:\/\/futbolhoy.co\/index.php\/2025\/05\/04\/union-magdalena-vs-once-caldas-suspendido-por-violencia-en-el-estadio\/\" \/>\n<meta property=\"article:publisher\" content=\"https:\/\/www.facebook.com\/FutbolHoyCol\/\" \/>\n<meta property=\"article:published_time\" content=\"2025-05-05T02:08:56+00:00\" \/>\n<meta property=\"article:modified_time\" content=\"2025-05-06T14:18:53+00:00\" \/>\n<meta property=\"og:image\" content=\"https:\/\/futbolhoy.co\/wp-content\/uploads\/2025\/05\/Dayro.png\" \/>\n\t<meta property=\"og:image:width\" content=\"696\" \/>\n\t<meta property=\"og:image:height\" content=\"596\" \/>\n\t<meta property=\"og:image:type\" content=\"image\/png\" \/>\n<meta name=\"author\" content=\"contenido\" \/>\n<meta name=\"twitter:card\" content=\"summary_large_image\" \/>\n<meta name=\"twitter:creator\" content=\"@FutbolHoyCol\" \/>\n<meta name=\"twitter:site\" content=\"@FutbolHoyCol\" \/>\n<meta name=\"twitter:label1\" content=\"Escrito por\" \/>\n\t<meta name=\"twitter:data1\" content=\"contenido\" \/>\n\t<meta name=\"twitter:label2\" content=\"Tiempo de lectura\" \/>\n\t<meta name=\"twitter:data2\" content=\"2 minutos\" \/>\n<script type=\"application\/ld+json\" class=\"yoast-schema-graph\">{\"@context\":\"https:\/\/schema.org\",\"@graph\":[{\"@type\":\"Article\",\"@id\":\"https:\/\/futbolhoy.co\/index.php\/2025\/05\/04\/union-magdalena-vs-once-caldas-suspendido-por-violencia-en-el-estadio\/#article\",\"isPartOf\":{\"@id\":\"https:\/\/futbolhoy.co\/index.php\/2025\/05\/04\/union-magdalena-vs-once-caldas-suspendido-por-violencia-en-el-estadio\/\"},\"author\":{\"name\":\"contenido\",\"@id\":\"https:\/\/futbolhoy.co\/#\/schema\/person\/1721b69355b6623eaff15ac7b92d4cc3\"},\"headline\":\"Uni\u00f3n Magdalena Vs. Once Caldas, suspendido por violencia en el estadio\",\"datePublished\":\"2025-05-05T02:08:56+00:00\",\"dateModified\":\"2025-05-06T14:18:53+00:00\",\"mainEntityOfPage\":{\"@id\":\"https:\/\/futbolhoy.co\/index.php\/2025\/05\/04\/union-magdalena-vs-once-caldas-suspendido-por-violencia-en-el-estadio\/\"},\"wordCount\":402,\"commentCount\":0,\"publisher\":{\"@id\":\"https:\/\/futbolhoy.co\/#organization\"},\"image\":{\"@id\":\"https:\/\/futbolhoy.co\/index.php\/2025\/05\/04\/union-magdalena-vs-once-caldas-suspendido-por-violencia-en-el-estadio\/#primaryimage\"},\"thumbnailUrl\":\"https:\/\/futbolhoy.co\/wp-content\/uploads\/2025\/05\/Dayro.png\",\"articleSection\":[\"Liga BetPlay\"],\"inLanguage\":\"es\",\"potentialAction\":[{\"@type\":\"CommentAction\",\"name\":\"Comment\",\"target\":[\"https:\/\/futbolhoy.co\/index.php\/2025\/05\/04\/union-magdalena-vs-once-caldas-suspendido-por-violencia-en-el-estadio\/#respond\"]}]},{\"@type\":\"WebPage\",\"@id\":\"https:\/\/futbolhoy.co\/index.php\/2025\/05\/04\/union-magdalena-vs-once-caldas-suspendido-por-violencia-en-el-estadio\/\",\"url\":\"https:\/\/futbolhoy.co\/index.php\/2025\/05\/04\/union-magdalena-vs-once-caldas-suspendido-por-violencia-en-el-estadio\/\",\"name\":\"Uni\u00f3n Magdalena Vs. Once Caldas, suspendido por violencia en el estadio -\",\"isPartOf\":{\"@id\":\"https:\/\/futbolhoy.co\/#website\"},\"primaryImageOfPage\":{\"@id\":\"https:\/\/futbolhoy.co\/index.php\/2025\/05\/04\/union-magdalena-vs-once-caldas-suspendido-por-violencia-en-el-estadio\/#primaryimage\"},\"image\":{\"@id\":\"https:\/\/futbolhoy.co\/index.php\/2025\/05\/04\/union-magdalena-vs-once-caldas-suspendido-por-violencia-en-el-estadio\/#primaryimage\"},\"thumbnailUrl\":\"https:\/\/futbolhoy.co\/wp-content\/uploads\/2025\/05\/Dayro.png\",\"datePublished\":\"2025-05-05T02:08:56+00:00\",\"dateModified\":\"2025-05-06T14:18:53+00:00\",\"breadcrumb\":{\"@id\":\"https:\/\/futbolhoy.co\/index.php\/2025\/05\/04\/union-magdalena-vs-once-caldas-suspendido-por-violencia-en-el-estadio\/#breadcrumb\"},\"inLanguage\":\"es\",\"potentialAction\":[{\"@type\":\"ReadAction\",\"target\":[\"https:\/\/futbolhoy.co\/index.php\/2025\/05\/04\/union-magdalena-vs-once-caldas-suspendido-por-violencia-en-el-estadio\/\"]}]},{\"@type\":\"ImageObject\",\"inLanguage\":\"es\",\"@id\":\"https:\/\/futbolhoy.co\/index.php\/2025\/05\/04\/union-magdalena-vs-once-caldas-suspendido-por-violencia-en-el-estadio\/#primaryimage\",\"url\":\"https:\/\/futbolhoy.co\/wp-content\/uploads\/2025\/05\/Dayro.png\",\"contentUrl\":\"https:\/\/futbolhoy.co\/wp-content\/uploads\/2025\/05\/Dayro.png\",\"width\":978,\"height\":838},{\"@type\":\"BreadcrumbList\",\"@id\":\"https:\/\/futbolhoy.co\/index.php\/2025\/05\/04\/union-magdalena-vs-once-caldas-suspendido-por-violencia-en-el-estadio\/#breadcrumb\",\"itemListElement\":[{\"@type\":\"ListItem\",\"position\":1,\"name\":\"Portada\",\"item\":\"https:\/\/futbolhoy.co\/\"},{\"@type\":\"ListItem\",\"position\":2,\"name\":\"Uni\u00f3n Magdalena Vs. Once Caldas, suspendido por violencia en el estadio\"}]},{\"@type\":\"WebSite\",\"@id\":\"https:\/\/futbolhoy.co\/#website\",\"url\":\"https:\/\/futbolhoy.co\/\",\"name\":\"FutbolHoy\",\"description\":\"\",\"publisher\":{\"@id\":\"https:\/\/futbolhoy.co\/#organization\"},\"potentialAction\":[{\"@type\":\"SearchAction\",\"target\":{\"@type\":\"EntryPoint\",\"urlTemplate\":\"https:\/\/futbolhoy.co\/?s={search_term_string}\"},\"query-input\":{\"@type\":\"PropertyValueSpecification\",\"valueRequired\":true,\"valueName\":\"search_term_string\"}}],\"inLanguage\":\"es\"},{\"@type\":\"Organization\",\"@id\":\"https:\/\/futbolhoy.co\/#organization\",\"name\":\"Futbolhoy.co\",\"url\":\"https:\/\/futbolhoy.co\/\",\"logo\":{\"@type\":\"ImageObject\",\"inLanguage\":\"es\",\"@id\":\"https:\/\/futbolhoy.co\/#\/schema\/logo\/image\/\",\"url\":\"https:\/\/futbolhoy.co\/wp-content\/uploads\/2018\/08\/17426380_1906371736249227_6326180412931521141_n.jpg\",\"contentUrl\":\"https:\/\/futbolhoy.co\/wp-content\/uploads\/2018\/08\/17426380_1906371736249227_6326180412931521141_n.jpg\",\"width\":960,\"height\":960,\"caption\":\"Futbolhoy.co\"},\"image\":{\"@id\":\"https:\/\/futbolhoy.co\/#\/schema\/logo\/image\/\"},\"sameAs\":[\"https:\/\/www.facebook.com\/FutbolHoyCol\/\",\"https:\/\/x.com\/FutbolHoyCol\",\"https:\/\/www.instagram.com\/futbolhoycol\/\"]},{\"@type\":\"Person\",\"@id\":\"https:\/\/futbolhoy.co\/#\/schema\/person\/1721b69355b6623eaff15ac7b92d4cc3\",\"name\":\"contenido\",\"image\":{\"@type\":\"ImageObject\",\"inLanguage\":\"es\",\"@id\":\"https:\/\/futbolhoy.co\/#\/schema\/person\/image\/\",\"url\":\"https:\/\/secure.gravatar.com\/avatar\/4f656d3256f5134f466206e7c3941518?s=96&d=mm&r=g\",\"contentUrl\":\"https:\/\/secure.gravatar.com\/avatar\/4f656d3256f5134f466206e7c3941518?s=96&d=mm&r=g\",\"caption\":\"contenido\"}}]}<\/script>\n<!-- \/ Yoast SEO plugin. -->","yoast_head_json":{"title":"Uni\u00f3n Magdalena Vs. Once Caldas, suspendido por violencia en el estadio -","robots":{"index":"index","follow":"follow","max-snippet":"max-snippet:-1","max-image-preview":"max-image-preview:large","max-video-preview":"max-video-preview:-1"},"canonical":"https:\/\/futbolhoy.co\/index.php\/2025\/05\/04\/union-magdalena-vs-once-caldas-suspendido-por-violencia-en-el-estadio\/","og_locale":"es_ES","og_type":"article","og_title":"Uni\u00f3n Magdalena Vs. Once Caldas, suspendido por violencia en el estadio -","og_description":"Santa Marta volvi\u00f3 a quedar en el ojo del hurac\u00e1n en el f\u00fatbol colombiano por el mal comportamiento de los hinchas del Uni\u00f3n Magdalena, esta vez, una invasi\u00f3n durante el juego entre el club samario y el Once Caldas. Los hechos en el estadio Sierra Nevada se presentaron a los 80 minutos, cuando la visita [&hellip;]","og_url":"https:\/\/futbolhoy.co\/index.php\/2025\/05\/04\/union-magdalena-vs-once-caldas-suspendido-por-violencia-en-el-estadio\/","article_publisher":"https:\/\/www.facebook.com\/FutbolHoyCol\/","article_published_time":"2025-05-05T02:08:56+00:00","article_modified_time":"2025-05-06T14:18:53+00:00","og_image":[{"url":"https:\/\/futbolhoy.co\/wp-content\/uploads\/2025\/05\/Dayro.png","width":696,"height":596,"type":"image\/png"}],"author":"contenido","twitter_card":"summary_large_image","twitter_creator":"@FutbolHoyCol","twitter_site":"@FutbolHoyCol","twitter_misc":{"Escrito por":"contenido","Tiempo de lectura":"2 minutos"},"schema":{"@context":"https:\/\/schema.org","@graph":[{"@type":"Article","@id":"https:\/\/futbolhoy.co\/index.php\/2025\/05\/04\/union-magdalena-vs-once-caldas-suspendido-por-violencia-en-el-estadio\/#article","isPartOf":{"@id":"https:\/\/futbolhoy.co\/index.php\/2025\/05\/04\/union-magdalena-vs-once-caldas-suspendido-por-violencia-en-el-estadio\/"},"author":{"name":"contenido","@id":"https:\/\/futbolhoy.co\/#\/schema\/person\/1721b69355b6623eaff15ac7b92d4cc3"},"headline":"Uni\u00f3n Magdalena Vs. Once Caldas, suspendido por violencia en el estadio","datePublished":"2025-05-05T02:08:56+00:00","dateModified":"2025-05-06T14:18:53+00:00","mainEntityOfPage":{"@id":"https:\/\/futbolhoy.co\/index.php\/2025\/05\/04\/union-magdalena-vs-once-caldas-suspendido-por-violencia-en-el-estadio\/"},"wordCount":402,"commentCount":0,"publisher":{"@id":"https:\/\/futbolhoy.co\/#organization"},"image":{"@id":"https:\/\/futbolhoy.co\/index.php\/2025\/05\/04\/union-magdalena-vs-once-caldas-suspendido-por-violencia-en-el-estadio\/#primaryimage"},"thumbnailUrl":"https:\/\/futbolhoy.co\/wp-content\/uploads\/2025\/05\/Dayro.png","articleSection":["Liga BetPlay"],"inLanguage":"es","potentialAction":[{"@type":"CommentAction","name":"Comment","target":["https:\/\/futbolhoy.co\/index.php\/2025\/05\/04\/union-magdalena-vs-once-caldas-suspendido-por-violencia-en-el-estadio\/#respond"]}]},{"@type":"WebPage","@id":"https:\/\/futbolhoy.co\/index.php\/2025\/05\/04\/union-magdalena-vs-once-caldas-suspendido-por-violencia-en-el-estadio\/","url":"https:\/\/futbolhoy.co\/index.php\/2025\/05\/04\/union-magdalena-vs-once-caldas-suspendido-por-violencia-en-el-estadio\/","name":"Uni\u00f3n Magdalena Vs. Once Caldas, suspendido por violencia en el estadio -","isPartOf":{"@id":"https:\/\/futbolhoy.co\/#website"},"primaryImageOfPage":{"@id":"https:\/\/futbolhoy.co\/index.php\/2025\/05\/04\/union-magdalena-vs-once-caldas-suspendido-por-violencia-en-el-estadio\/#primaryimage"},"image":{"@id":"https:\/\/futbolhoy.co\/index.php\/2025\/05\/04\/union-magdalena-vs-once-caldas-suspendido-por-violencia-en-el-estadio\/#primaryimage"},"thumbnailUrl":"https:\/\/futbolhoy.co\/wp-content\/uploads\/2025\/05\/Dayro.png","datePublished":"2025-05-05T02:08:56+00:00","dateModified":"2025-05-06T14:18:53+00:00","breadcrumb":{"@id":"https:\/\/futbolhoy.co\/index.php\/2025\/05\/04\/union-magdalena-vs-once-caldas-suspendido-por-violencia-en-el-estadio\/#breadcrumb"},"inLanguage":"es","potentialAction":[{"@type":"ReadAction","target":["https:\/\/futbolhoy.co\/index.php\/2025\/05\/04\/union-magdalena-vs-once-caldas-suspendido-por-violencia-en-el-estadio\/"]}]},{"@type":"ImageObject","inLanguage":"es","@id":"https:\/\/futbolhoy.co\/index.php\/2025\/05\/04\/union-magdalena-vs-once-caldas-suspendido-por-violencia-en-el-estadio\/#primaryimage","url":"https:\/\/futbolhoy.co\/wp-content\/uploads\/2025\/05\/Dayro.png","contentUrl":"https:\/\/futbolhoy.co\/wp-content\/uploads\/2025\/05\/Dayro.png","width":978,"height":838},{"@type":"BreadcrumbList","@id":"https:\/\/futbolhoy.co\/index.php\/2025\/05\/04\/union-magdalena-vs-once-caldas-suspendido-por-violencia-en-el-estadio\/#breadcrumb","itemListElement":[{"@type":"ListItem","position":1,"name":"Portada","item":"https:\/\/futbolhoy.co\/"},{"@type":"ListItem","position":2,"name":"Uni\u00f3n Magdalena Vs. Once Caldas, suspendido por violencia en el estadio"}]},{"@type":"WebSite","@id":"https:\/\/futbolhoy.co\/#website","url":"https:\/\/futbolhoy.co\/","name":"FutbolHoy","description":"","publisher":{"@id":"https:\/\/futbolhoy.co\/#organization"},"potentialAction":[{"@type":"SearchAction","target":{"@type":"EntryPoint","urlTemplate":"https:\/\/futbolhoy.co\/?s={search_term_string}"},"query-input":{"@type":"PropertyValueSpecification","valueRequired":true,"valueName":"search_term_string"}}],"inLanguage":"es"},{"@type":"Organization","@id":"https:\/\/futbolhoy.co\/#organization","name":"Futbolhoy.co","url":"https:\/\/futbolhoy.co\/","logo":{"@type":"ImageObject","inLanguage":"es","@id":"https:\/\/futbolhoy.co\/#\/schema\/logo\/image\/","url":"https:\/\/futbolhoy.co\/wp-content\/uploads\/2018\/08\/17426380_1906371736249227_6326180412931521141_n.jpg","contentUrl":"https:\/\/futbolhoy.co\/wp-content\/uploads\/2018\/08\/17426380_1906371736249227_6326180412931521141_n.jpg","width":960,"height":960,"caption":"Futbolhoy.co"},"image":{"@id":"https:\/\/futbolhoy.co\/#\/schema\/logo\/image\/"},"sameAs":["https:\/\/www.facebook.com\/FutbolHoyCol\/","https:\/\/x.com\/FutbolHoyCol","https:\/\/www.instagram.com\/futbolhoycol\/"]},{"@type":"Person","@id":"https:\/\/futbolhoy.co\/#\/schema\/person\/1721b69355b6623eaff15ac7b92d4cc3","name":"contenido","image":{"@type":"ImageObject","inLanguage":"es","@id":"https:\/\/futbolhoy.co\/#\/schema\/person\/image\/","url":"https:\/\/secure.gravatar.com\/avatar\/4f656d3256f5134f466206e7c3941518?s=96&d=mm&r=g","contentUrl":"https:\/\/secure.gravatar.com\/avatar\/4f656d3256f5134f466206e7c3941518?s=96&d=mm&r=g","caption":"contenido"}}]}},"publishpress_future_action":{"enabled":false,"date":"2026-05-05 20:25:35","action":"change-status","newStatus":"draft","terms":[],"taxonomy":"category","extraData":[]},"publishpress_future_workflow_manual_trigger":{"enabledWorkflows":[]},"_links":{"self":[{"href":"https:\/\/futbolhoy.co\/index.php\/wp-json\/wp\/v2\/posts\/119058","targetHints":{"allow":["GET"]}}],"collection":[{"href":"https:\/\/futbolhoy.co\/index.php\/wp-json\/wp\/v2\/posts"}],"about":[{"href":"https:\/\/futbolhoy.co\/index.php\/wp-json\/wp\/v2\/types\/post"}],"author":[{"embeddable":true,"href":"https:\/\/futbolhoy.co\/index.php\/wp-json\/wp\/v2\/users\/4"}],"replies":[{"embeddable":true,"href":"https:\/\/futbolhoy.co\/index.php\/wp-json\/wp\/v2\/comments?post=119058"}],"version-history":[{"count":1,"href":"https:\/\/futbolhoy.co\/index.php\/wp-json\/wp\/v2\/posts\/119058\/revisions"}],"predecessor-version":[{"id":119060,"href":"https:\/\/futbolhoy.co\/index.php\/wp-json\/wp\/v2\/posts\/119058\/revisions\/119060"}],"wp:featuredmedia":[{"embeddable":true,"href":"https:\/\/futbolhoy.co\/index.php\/wp-json\/wp\/v2\/media\/119059"}],"wp:attachment":[{"href":"https:\/\/futbolhoy.co\/index.php\/wp-json\/wp\/v2\/media?parent=119058"}],"wp:term":[{"taxonomy":"category","embeddable":true,"href":"https:\/\/futbolhoy.co\/index.php\/wp-json\/wp\/v2\/categories?post=119058"},{"taxonomy":"post_tag","embeddable":true,"href":"https:\/\/futbolhoy.co\/index.php\/wp-json\/wp\/v2\/tags?post=119058"}],"curies":[{"name":"wp","href":"https:\/\/api.w.org\/{rel}","templated":true}]}}