{"id":119141,"date":"2025-05-07T08:34:51","date_gmt":"2025-05-07T13:34:51","guid":{"rendered":"https:\/\/futbolhoy.co\/?p=119141"},"modified":"2025-05-07T16:00:56","modified_gmt":"2025-05-07T21:00:56","slug":"psg-y-arsenal-por-el-ultimo-cupo-a-la-final","status":"publish","type":"post","link":"https:\/\/futbolhoy.co\/index.php\/2025\/05\/07\/psg-y-arsenal-por-el-ultimo-cupo-a-la-final\/","title":{"rendered":"PSG y Arsenal, por el \u00faltimo cupo a la final"},"content":{"rendered":"<p style=\"text-align: justify;\"><span style=\"font-family: helvetica, arial, sans-serif;\"><strong>PSG y Arsenal<\/strong>, que no guardan en sus vitrinas ninguna <strong>Liga de Campeones<\/strong>, buscar\u00e1n este martes alcanzar su segunda final de la m\u00e1xima competici\u00f3n continental y volver a llamar a la puerta de la historia, con una cierta ventaja del <strong>Par\u00eds Saint-Germain<\/strong> que se trajo un gol de ventaja de la ida en <strong>Londres.<\/strong><\/span><\/p>\n<p style=\"text-align: justify;\"><span style=\"font-family: helvetica, arial, sans-serif;\">Los de <strong>Mikel Arteta<\/strong> vuelven a la ciudad en la que en 2006 perdieron contra el <strong>Barcelona<\/strong> su \u00fanica final de la Liga de Campeones, decididos ahora a doblegar al PSG de <strong>Luis Enrique,<\/strong> que afronta sus cuartas semifinales en los \u00faltimos seis a\u00f1os para repetir la final que perdieron en <strong>Lisboa<\/strong> en 2020 ante el <strong>Bayern<\/strong>.<\/span><\/p>\n<p style=\"text-align: justify;\"><span style=\"font-family: helvetica, arial, sans-serif;\">Los ingleses, que ya se impusieron hace unos meses al PSG en la primera fase, han demostrado su capacidad para elevar el nivel ante rivales importantes, una cualidad que alcanz\u00f3 su m\u00e1ximo momento en los cuartos contra el <strong>Real Madrid,<\/strong> vigente campe\u00f3n.<\/span><\/p>\n<p style=\"text-align: justify;\"><span style=\"font-family: helvetica, arial, sans-serif;\">Demb\u00e9l\u00e9, lesionado en los isquios de la pierna derecha el tramo final de la ida, parece recuperado y no quiere perderse la cita hist\u00f3rica que afronta el club con el que est\u00e1 firmando la mejor temporada de su carrera.<\/span><\/p>\n<p style=\"text-align: justify;\"><span style=\"font-family: helvetica, arial, sans-serif;\">Arsensl, cuenta con cuatro buenas noticias para este encuentro, la recuperaci\u00f3n de <strong>Martin Odegaard, Jurrien Timber, Thomas Partey y Riccardo Calafiori.<\/strong><\/span><\/p>\n<p style=\"text-align: justify;\"><strong><span style=\"font-family: helvetica, arial, sans-serif;\">Alineaciones posibles:<\/span><\/strong><\/p>\n<p style=\"text-align: justify;\"><span style=\"font-family: helvetica, arial, sans-serif;\"><strong>PSG<\/strong>: Donnarumma; Hakimi, Marquinhos, Pacho, Nuno Mendes; Joao Neves, Vitinha, Fabi\u00e1n Ruiz; Dou\u00e9, Demb\u00e9l\u00e9, Kvaratskhelia<\/span><\/p>\n<p style=\"text-align: justify;\"><span style=\"font-family: helvetica, arial, sans-serif;\"><strong>Arsenal:<\/strong> Raya; Timber, Saliba, Kiwior, Lewis-Skelly; Rice, Partey, Odegaard; Martinelli, Saka, Merino<\/span><\/p>\n<p style=\"text-align: justify;\"><span style=\"font-family: helvetica, arial, sans-serif;\"><strong>\u00c1rbitro:<\/strong> Felix Zwayer (ALE)<\/span><\/p>\n","protected":false},"excerpt":{"rendered":"<p>PSG y Arsenal, que no guardan en sus vitrinas ninguna Liga de Campeones, buscar\u00e1n este martes alcanzar su segunda final de la m\u00e1xima competici\u00f3n continental y volver a llamar a la puerta de la historia, con una cierta ventaja del Par\u00eds Saint-Germain que se trajo un gol de ventaja de la ida en Londres. Los [&hellip;]<\/p>\n","protected":false},"author":4,"featured_media":119142,"comment_status":"open","ping_status":"open","sticky":false,"template":"","format":"standard","meta":{"_acf_changed":false,"footnotes":""},"categories":[4],"tags":[],"class_list":{"0":"post-119141","1":"post","2":"type-post","3":"status-publish","4":"format-standard","5":"has-post-thumbnail","7":"category-champions-league"},"acf":[],"yoast_head":"<!-- This site is optimized with the Yoast SEO plugin v26.8 - https:\/\/yoast.com\/product\/yoast-seo-wordpress\/ -->\n<title>PSG y Arsenal, por el \u00faltimo cupo a la final -<\/title>\n<meta name=\"robots\" content=\"index, follow, max-snippet:-1, max-image-preview:large, max-video-preview:-1\" \/>\n<link rel=\"canonical\" href=\"https:\/\/futbolhoy.co\/index.php\/2025\/05\/07\/psg-y-arsenal-por-el-ultimo-cupo-a-la-final\/\" \/>\n<meta property=\"og:locale\" content=\"es_ES\" \/>\n<meta property=\"og:type\" content=\"article\" \/>\n<meta property=\"og:title\" content=\"PSG y Arsenal, por el \u00faltimo cupo a la final -\" \/>\n<meta property=\"og:description\" content=\"PSG y Arsenal, que no guardan en sus vitrinas ninguna Liga de Campeones, buscar\u00e1n este martes alcanzar su segunda final de la m\u00e1xima competici\u00f3n continental y volver a llamar a la puerta de la historia, con una cierta ventaja del Par\u00eds Saint-Germain que se trajo un gol de ventaja de la ida en Londres. Los [&hellip;]\" \/>\n<meta property=\"og:url\" content=\"https:\/\/futbolhoy.co\/index.php\/2025\/05\/07\/psg-y-arsenal-por-el-ultimo-cupo-a-la-final\/\" \/>\n<meta property=\"article:publisher\" content=\"https:\/\/www.facebook.com\/FutbolHoyCol\/\" \/>\n<meta property=\"article:published_time\" content=\"2025-05-07T13:34:51+00:00\" \/>\n<meta property=\"article:modified_time\" content=\"2025-05-07T21:00:56+00:00\" \/>\n<meta property=\"og:image\" content=\"https:\/\/futbolhoy.co\/wp-content\/uploads\/2025\/05\/IMG_2409.jpeg\" \/>\n\t<meta property=\"og:image:width\" content=\"1179\" \/>\n\t<meta property=\"og:image:height\" content=\"919\" \/>\n\t<meta property=\"og:image:type\" content=\"image\/jpeg\" \/>\n<meta name=\"author\" content=\"contenido\" \/>\n<meta name=\"twitter:card\" content=\"summary_large_image\" \/>\n<meta name=\"twitter:creator\" content=\"@FutbolHoyCol\" \/>\n<meta name=\"twitter:site\" content=\"@FutbolHoyCol\" \/>\n<meta name=\"twitter:label1\" content=\"Escrito por\" \/>\n\t<meta name=\"twitter:data1\" content=\"contenido\" \/>\n\t<meta name=\"twitter:label2\" content=\"Tiempo de lectura\" \/>\n\t<meta name=\"twitter:data2\" content=\"1 minuto\" \/>\n<script type=\"application\/ld+json\" class=\"yoast-schema-graph\">{\"@context\":\"https:\/\/schema.org\",\"@graph\":[{\"@type\":\"Article\",\"@id\":\"https:\/\/futbolhoy.co\/index.php\/2025\/05\/07\/psg-y-arsenal-por-el-ultimo-cupo-a-la-final\/#article\",\"isPartOf\":{\"@id\":\"https:\/\/futbolhoy.co\/index.php\/2025\/05\/07\/psg-y-arsenal-por-el-ultimo-cupo-a-la-final\/\"},\"author\":{\"name\":\"contenido\",\"@id\":\"https:\/\/futbolhoy.co\/#\/schema\/person\/1721b69355b6623eaff15ac7b92d4cc3\"},\"headline\":\"PSG y Arsenal, por el \u00faltimo cupo a la final\",\"datePublished\":\"2025-05-07T13:34:51+00:00\",\"dateModified\":\"2025-05-07T21:00:56+00:00\",\"mainEntityOfPage\":{\"@id\":\"https:\/\/futbolhoy.co\/index.php\/2025\/05\/07\/psg-y-arsenal-por-el-ultimo-cupo-a-la-final\/\"},\"wordCount\":266,\"commentCount\":0,\"publisher\":{\"@id\":\"https:\/\/futbolhoy.co\/#organization\"},\"image\":{\"@id\":\"https:\/\/futbolhoy.co\/index.php\/2025\/05\/07\/psg-y-arsenal-por-el-ultimo-cupo-a-la-final\/#primaryimage\"},\"thumbnailUrl\":\"https:\/\/futbolhoy.co\/wp-content\/uploads\/2025\/05\/IMG_2409.jpeg\",\"articleSection\":[\"Champions League\"],\"inLanguage\":\"es\",\"potentialAction\":[{\"@type\":\"CommentAction\",\"name\":\"Comment\",\"target\":[\"https:\/\/futbolhoy.co\/index.php\/2025\/05\/07\/psg-y-arsenal-por-el-ultimo-cupo-a-la-final\/#respond\"]}]},{\"@type\":\"WebPage\",\"@id\":\"https:\/\/futbolhoy.co\/index.php\/2025\/05\/07\/psg-y-arsenal-por-el-ultimo-cupo-a-la-final\/\",\"url\":\"https:\/\/futbolhoy.co\/index.php\/2025\/05\/07\/psg-y-arsenal-por-el-ultimo-cupo-a-la-final\/\",\"name\":\"PSG y Arsenal, por el \u00faltimo cupo a la final -\",\"isPartOf\":{\"@id\":\"https:\/\/futbolhoy.co\/#website\"},\"primaryImageOfPage\":{\"@id\":\"https:\/\/futbolhoy.co\/index.php\/2025\/05\/07\/psg-y-arsenal-por-el-ultimo-cupo-a-la-final\/#primaryimage\"},\"image\":{\"@id\":\"https:\/\/futbolhoy.co\/index.php\/2025\/05\/07\/psg-y-arsenal-por-el-ultimo-cupo-a-la-final\/#primaryimage\"},\"thumbnailUrl\":\"https:\/\/futbolhoy.co\/wp-content\/uploads\/2025\/05\/IMG_2409.jpeg\",\"datePublished\":\"2025-05-07T13:34:51+00:00\",\"dateModified\":\"2025-05-07T21:00:56+00:00\",\"breadcrumb\":{\"@id\":\"https:\/\/futbolhoy.co\/index.php\/2025\/05\/07\/psg-y-arsenal-por-el-ultimo-cupo-a-la-final\/#breadcrumb\"},\"inLanguage\":\"es\",\"potentialAction\":[{\"@type\":\"ReadAction\",\"target\":[\"https:\/\/futbolhoy.co\/index.php\/2025\/05\/07\/psg-y-arsenal-por-el-ultimo-cupo-a-la-final\/\"]}]},{\"@type\":\"ImageObject\",\"inLanguage\":\"es\",\"@id\":\"https:\/\/futbolhoy.co\/index.php\/2025\/05\/07\/psg-y-arsenal-por-el-ultimo-cupo-a-la-final\/#primaryimage\",\"url\":\"https:\/\/futbolhoy.co\/wp-content\/uploads\/2025\/05\/IMG_2409.jpeg\",\"contentUrl\":\"https:\/\/futbolhoy.co\/wp-content\/uploads\/2025\/05\/IMG_2409.jpeg\",\"width\":1179,\"height\":919},{\"@type\":\"BreadcrumbList\",\"@id\":\"https:\/\/futbolhoy.co\/index.php\/2025\/05\/07\/psg-y-arsenal-por-el-ultimo-cupo-a-la-final\/#breadcrumb\",\"itemListElement\":[{\"@type\":\"ListItem\",\"position\":1,\"name\":\"Portada\",\"item\":\"https:\/\/futbolhoy.co\/\"},{\"@type\":\"ListItem\",\"position\":2,\"name\":\"PSG y Arsenal, por el \u00faltimo cupo a la final\"}]},{\"@type\":\"WebSite\",\"@id\":\"https:\/\/futbolhoy.co\/#website\",\"url\":\"https:\/\/futbolhoy.co\/\",\"name\":\"FutbolHoy\",\"description\":\"\",\"publisher\":{\"@id\":\"https:\/\/futbolhoy.co\/#organization\"},\"potentialAction\":[{\"@type\":\"SearchAction\",\"target\":{\"@type\":\"EntryPoint\",\"urlTemplate\":\"https:\/\/futbolhoy.co\/?s={search_term_string}\"},\"query-input\":{\"@type\":\"PropertyValueSpecification\",\"valueRequired\":true,\"valueName\":\"search_term_string\"}}],\"inLanguage\":\"es\"},{\"@type\":\"Organization\",\"@id\":\"https:\/\/futbolhoy.co\/#organization\",\"name\":\"Futbolhoy.co\",\"url\":\"https:\/\/futbolhoy.co\/\",\"logo\":{\"@type\":\"ImageObject\",\"inLanguage\":\"es\",\"@id\":\"https:\/\/futbolhoy.co\/#\/schema\/logo\/image\/\",\"url\":\"https:\/\/futbolhoy.co\/wp-content\/uploads\/2018\/08\/17426380_1906371736249227_6326180412931521141_n.jpg\",\"contentUrl\":\"https:\/\/futbolhoy.co\/wp-content\/uploads\/2018\/08\/17426380_1906371736249227_6326180412931521141_n.jpg\",\"width\":960,\"height\":960,\"caption\":\"Futbolhoy.co\"},\"image\":{\"@id\":\"https:\/\/futbolhoy.co\/#\/schema\/logo\/image\/\"},\"sameAs\":[\"https:\/\/www.facebook.com\/FutbolHoyCol\/\",\"https:\/\/x.com\/FutbolHoyCol\",\"https:\/\/www.instagram.com\/futbolhoycol\/\"]},{\"@type\":\"Person\",\"@id\":\"https:\/\/futbolhoy.co\/#\/schema\/person\/1721b69355b6623eaff15ac7b92d4cc3\",\"name\":\"contenido\",\"image\":{\"@type\":\"ImageObject\",\"inLanguage\":\"es\",\"@id\":\"https:\/\/futbolhoy.co\/#\/schema\/person\/image\/\",\"url\":\"https:\/\/secure.gravatar.com\/avatar\/4f656d3256f5134f466206e7c3941518?s=96&d=mm&r=g\",\"contentUrl\":\"https:\/\/secure.gravatar.com\/avatar\/4f656d3256f5134f466206e7c3941518?s=96&d=mm&r=g\",\"caption\":\"contenido\"}}]}<\/script>\n<!-- \/ Yoast SEO plugin. -->","yoast_head_json":{"title":"PSG y Arsenal, por el \u00faltimo cupo a la final -","robots":{"index":"index","follow":"follow","max-snippet":"max-snippet:-1","max-image-preview":"max-image-preview:large","max-video-preview":"max-video-preview:-1"},"canonical":"https:\/\/futbolhoy.co\/index.php\/2025\/05\/07\/psg-y-arsenal-por-el-ultimo-cupo-a-la-final\/","og_locale":"es_ES","og_type":"article","og_title":"PSG y Arsenal, por el \u00faltimo cupo a la final -","og_description":"PSG y Arsenal, que no guardan en sus vitrinas ninguna Liga de Campeones, buscar\u00e1n este martes alcanzar su segunda final de la m\u00e1xima competici\u00f3n continental y volver a llamar a la puerta de la historia, con una cierta ventaja del Par\u00eds Saint-Germain que se trajo un gol de ventaja de la ida en Londres. Los [&hellip;]","og_url":"https:\/\/futbolhoy.co\/index.php\/2025\/05\/07\/psg-y-arsenal-por-el-ultimo-cupo-a-la-final\/","article_publisher":"https:\/\/www.facebook.com\/FutbolHoyCol\/","article_published_time":"2025-05-07T13:34:51+00:00","article_modified_time":"2025-05-07T21:00:56+00:00","og_image":[{"width":1179,"height":919,"url":"https:\/\/futbolhoy.co\/wp-content\/uploads\/2025\/05\/IMG_2409.jpeg","type":"image\/jpeg"}],"author":"contenido","twitter_card":"summary_large_image","twitter_creator":"@FutbolHoyCol","twitter_site":"@FutbolHoyCol","twitter_misc":{"Escrito por":"contenido","Tiempo de lectura":"1 minuto"},"schema":{"@context":"https:\/\/schema.org","@graph":[{"@type":"Article","@id":"https:\/\/futbolhoy.co\/index.php\/2025\/05\/07\/psg-y-arsenal-por-el-ultimo-cupo-a-la-final\/#article","isPartOf":{"@id":"https:\/\/futbolhoy.co\/index.php\/2025\/05\/07\/psg-y-arsenal-por-el-ultimo-cupo-a-la-final\/"},"author":{"name":"contenido","@id":"https:\/\/futbolhoy.co\/#\/schema\/person\/1721b69355b6623eaff15ac7b92d4cc3"},"headline":"PSG y Arsenal, por el \u00faltimo cupo a la final","datePublished":"2025-05-07T13:34:51+00:00","dateModified":"2025-05-07T21:00:56+00:00","mainEntityOfPage":{"@id":"https:\/\/futbolhoy.co\/index.php\/2025\/05\/07\/psg-y-arsenal-por-el-ultimo-cupo-a-la-final\/"},"wordCount":266,"commentCount":0,"publisher":{"@id":"https:\/\/futbolhoy.co\/#organization"},"image":{"@id":"https:\/\/futbolhoy.co\/index.php\/2025\/05\/07\/psg-y-arsenal-por-el-ultimo-cupo-a-la-final\/#primaryimage"},"thumbnailUrl":"https:\/\/futbolhoy.co\/wp-content\/uploads\/2025\/05\/IMG_2409.jpeg","articleSection":["Champions League"],"inLanguage":"es","potentialAction":[{"@type":"CommentAction","name":"Comment","target":["https:\/\/futbolhoy.co\/index.php\/2025\/05\/07\/psg-y-arsenal-por-el-ultimo-cupo-a-la-final\/#respond"]}]},{"@type":"WebPage","@id":"https:\/\/futbolhoy.co\/index.php\/2025\/05\/07\/psg-y-arsenal-por-el-ultimo-cupo-a-la-final\/","url":"https:\/\/futbolhoy.co\/index.php\/2025\/05\/07\/psg-y-arsenal-por-el-ultimo-cupo-a-la-final\/","name":"PSG y Arsenal, por el \u00faltimo cupo a la final -","isPartOf":{"@id":"https:\/\/futbolhoy.co\/#website"},"primaryImageOfPage":{"@id":"https:\/\/futbolhoy.co\/index.php\/2025\/05\/07\/psg-y-arsenal-por-el-ultimo-cupo-a-la-final\/#primaryimage"},"image":{"@id":"https:\/\/futbolhoy.co\/index.php\/2025\/05\/07\/psg-y-arsenal-por-el-ultimo-cupo-a-la-final\/#primaryimage"},"thumbnailUrl":"https:\/\/futbolhoy.co\/wp-content\/uploads\/2025\/05\/IMG_2409.jpeg","datePublished":"2025-05-07T13:34:51+00:00","dateModified":"2025-05-07T21:00:56+00:00","breadcrumb":{"@id":"https:\/\/futbolhoy.co\/index.php\/2025\/05\/07\/psg-y-arsenal-por-el-ultimo-cupo-a-la-final\/#breadcrumb"},"inLanguage":"es","potentialAction":[{"@type":"ReadAction","target":["https:\/\/futbolhoy.co\/index.php\/2025\/05\/07\/psg-y-arsenal-por-el-ultimo-cupo-a-la-final\/"]}]},{"@type":"ImageObject","inLanguage":"es","@id":"https:\/\/futbolhoy.co\/index.php\/2025\/05\/07\/psg-y-arsenal-por-el-ultimo-cupo-a-la-final\/#primaryimage","url":"https:\/\/futbolhoy.co\/wp-content\/uploads\/2025\/05\/IMG_2409.jpeg","contentUrl":"https:\/\/futbolhoy.co\/wp-content\/uploads\/2025\/05\/IMG_2409.jpeg","width":1179,"height":919},{"@type":"BreadcrumbList","@id":"https:\/\/futbolhoy.co\/index.php\/2025\/05\/07\/psg-y-arsenal-por-el-ultimo-cupo-a-la-final\/#breadcrumb","itemListElement":[{"@type":"ListItem","position":1,"name":"Portada","item":"https:\/\/futbolhoy.co\/"},{"@type":"ListItem","position":2,"name":"PSG y Arsenal, por el \u00faltimo cupo a la final"}]},{"@type":"WebSite","@id":"https:\/\/futbolhoy.co\/#website","url":"https:\/\/futbolhoy.co\/","name":"FutbolHoy","description":"","publisher":{"@id":"https:\/\/futbolhoy.co\/#organization"},"potentialAction":[{"@type":"SearchAction","target":{"@type":"EntryPoint","urlTemplate":"https:\/\/futbolhoy.co\/?s={search_term_string}"},"query-input":{"@type":"PropertyValueSpecification","valueRequired":true,"valueName":"search_term_string"}}],"inLanguage":"es"},{"@type":"Organization","@id":"https:\/\/futbolhoy.co\/#organization","name":"Futbolhoy.co","url":"https:\/\/futbolhoy.co\/","logo":{"@type":"ImageObject","inLanguage":"es","@id":"https:\/\/futbolhoy.co\/#\/schema\/logo\/image\/","url":"https:\/\/futbolhoy.co\/wp-content\/uploads\/2018\/08\/17426380_1906371736249227_6326180412931521141_n.jpg","contentUrl":"https:\/\/futbolhoy.co\/wp-content\/uploads\/2018\/08\/17426380_1906371736249227_6326180412931521141_n.jpg","width":960,"height":960,"caption":"Futbolhoy.co"},"image":{"@id":"https:\/\/futbolhoy.co\/#\/schema\/logo\/image\/"},"sameAs":["https:\/\/www.facebook.com\/FutbolHoyCol\/","https:\/\/x.com\/FutbolHoyCol","https:\/\/www.instagram.com\/futbolhoycol\/"]},{"@type":"Person","@id":"https:\/\/futbolhoy.co\/#\/schema\/person\/1721b69355b6623eaff15ac7b92d4cc3","name":"contenido","image":{"@type":"ImageObject","inLanguage":"es","@id":"https:\/\/futbolhoy.co\/#\/schema\/person\/image\/","url":"https:\/\/secure.gravatar.com\/avatar\/4f656d3256f5134f466206e7c3941518?s=96&d=mm&r=g","contentUrl":"https:\/\/secure.gravatar.com\/avatar\/4f656d3256f5134f466206e7c3941518?s=96&d=mm&r=g","caption":"contenido"}}]}},"publishpress_future_action":{"enabled":false,"date":"2026-05-03 19:16:10","action":"change-status","newStatus":"draft","terms":[],"taxonomy":"category","extraData":[]},"publishpress_future_workflow_manual_trigger":{"enabledWorkflows":[]},"_links":{"self":[{"href":"https:\/\/futbolhoy.co\/index.php\/wp-json\/wp\/v2\/posts\/119141","targetHints":{"allow":["GET"]}}],"collection":[{"href":"https:\/\/futbolhoy.co\/index.php\/wp-json\/wp\/v2\/posts"}],"about":[{"href":"https:\/\/futbolhoy.co\/index.php\/wp-json\/wp\/v2\/types\/post"}],"author":[{"embeddable":true,"href":"https:\/\/futbolhoy.co\/index.php\/wp-json\/wp\/v2\/users\/4"}],"replies":[{"embeddable":true,"href":"https:\/\/futbolhoy.co\/index.php\/wp-json\/wp\/v2\/comments?post=119141"}],"version-history":[{"count":1,"href":"https:\/\/futbolhoy.co\/index.php\/wp-json\/wp\/v2\/posts\/119141\/revisions"}],"predecessor-version":[{"id":119143,"href":"https:\/\/futbolhoy.co\/index.php\/wp-json\/wp\/v2\/posts\/119141\/revisions\/119143"}],"wp:featuredmedia":[{"embeddable":true,"href":"https:\/\/futbolhoy.co\/index.php\/wp-json\/wp\/v2\/media\/119142"}],"wp:attachment":[{"href":"https:\/\/futbolhoy.co\/index.php\/wp-json\/wp\/v2\/media?parent=119141"}],"wp:term":[{"taxonomy":"category","embeddable":true,"href":"https:\/\/futbolhoy.co\/index.php\/wp-json\/wp\/v2\/categories?post=119141"},{"taxonomy":"post_tag","embeddable":true,"href":"https:\/\/futbolhoy.co\/index.php\/wp-json\/wp\/v2\/tags?post=119141"}],"curies":[{"name":"wp","href":"https:\/\/api.w.org\/{rel}","templated":true}]}}