{"id":119164,"date":"2025-05-08T09:40:28","date_gmt":"2025-05-08T14:40:28","guid":{"rendered":"https:\/\/futbolhoy.co\/?p=119164"},"modified":"2025-05-09T09:40:11","modified_gmt":"2025-05-09T14:40:11","slug":"nacional-necesitado-de-triunfo-ante-internacional","status":"publish","type":"post","link":"https:\/\/futbolhoy.co\/index.php\/2025\/05\/08\/nacional-necesitado-de-triunfo-ante-internacional\/","title":{"rendered":"Nacional, necesitado de triunfo ante Internacional"},"content":{"rendered":"<p><span style=\"font-family: helvetica, arial, sans-serif;\"><strong>Nacional e Internacional de Porto Alegre<\/strong> se enfrentan este jueves en <strong>Medell\u00edn,<\/strong> en un partido definitivo de la cuarta jornada del <strong>Grupo F<\/strong> de la <strong>Copa Libertadores<\/strong> en el que el vencedor quedar\u00e1 bien ubicado en la tabla y el perdedor ver\u00e1 comprometida su clasificaci\u00f3n a octavos.<\/span><\/p>\n<p style=\"text-align: justify;\"><span style=\"font-family: helvetica, arial, sans-serif;\">La victoria de <strong>Nacional de Uruguay<\/strong> ante <strong>Bah\u00eda<\/strong>, llev\u00f3 al cuadro antioque\u00f1o al \u00faltimo puesto de la zona con 3 unidades. Una eventual victoria le permitir\u00e1 alcanzar las 6 unidades y meterse en el segundo lugar.<\/span><\/p>\n<p style=\"text-align: justify;\"><span style=\"font-family: helvetica, arial, sans-serif;\">La principal novedad del conjunto de Medell\u00edn ser\u00e1 la reaparici\u00f3n del extremo <strong>Marino Hinestroza<\/strong> tras cumplir una jornada de sanci\u00f3n ante el Bah\u00eda y estar ausente en los \u00faltimos dos partidos de la liga colombiana por \"enfermedad general\".<\/span><\/p>\n<p style=\"text-align: justify;\"><span style=\"font-family: helvetica, arial, sans-serif;\">Todav\u00eda no estar\u00e1n disponibles el lateral <strong>Joan Castro<\/strong> ni el centrocampista <strong>Juan Manuel Zapata,<\/strong> pero <strong>Gandolfi<\/strong> contar\u00e1 con el resto de la n\u00f3mina que incluye al veterano portero <strong>David Ospina<\/strong>, al central <strong>William Tesillo,<\/strong> al centrocampista <strong>Matheus Uribe,<\/strong> al creativo <strong>Edwin Cardona<\/strong> y al goleador <strong>Alfredo Morelos<\/strong>.<\/span><\/p>\n<p style=\"text-align: justify;\"><span style=\"font-family: helvetica, arial, sans-serif;\">Los verdolagas afrontan este partido con la tranquilidad de haber conseguido anticipadamente su clasificaci\u00f3n a los cuadrangulares semifinales de la liga colombiana y ocupan el segundo lugar con 32 puntos, a uno del l\u00edder <strong>Am\u00e9rica de Cali.<\/strong><\/span><\/p>\n<p style=\"text-align: justify;\"><span style=\"font-family: helvetica, arial, sans-serif;\">Internacional lleg\u00f3 el martes a Medell\u00edn con una n\u00f3mina de 24 jugadores que tiene como principales bajas a los atacantes colombianos <strong>Johan Carbonero y Rafael Santos<\/strong> Borr\u00e9, al extremo <strong>Vitinho,<\/strong> al centrocampista Bruno, al lateral argentino <strong>Gabriel Mercado<\/strong> y al portero uruguayo <strong>Sergio Rochet.<\/strong><\/span><\/p>\n<p style=\"text-align: justify;\"><span style=\"font-family: helvetica, arial, sans-serif;\"><strong>Probables formaciones<\/strong><\/span><\/p>\n<p style=\"text-align: justify;\"><span style=\"font-family: helvetica, arial, sans-serif;\"><strong>Nacional:<\/strong> David Ospina; Andr\u00e9s Rom\u00e1n, Sim\u00f3n Garc\u00eda, William Tesillo, Camilo C\u00e1ndido; Jorman Campuzano, Matheus Uribe, Edwin Cardona; Andr\u00e9s Sarmiento, Marino Hinestroza y Alfredo Morelos.<\/span><\/p>\n<p style=\"text-align: justify;\"><span style=\"font-family: helvetica, arial, sans-serif;\"><strong>Internacional:<\/strong> Anthoni; Nathan, Vitao, Victor Gabriel, Bernabei; Fernando, Bruno Tabata, Bruno Henrique, Wesley; Alan Patrick y Enner Valencia.<\/span><\/p>\n<p style=\"text-align: justify;\"><span style=\"font-family: helvetica, arial, sans-serif;\"><strong>\u00c1rbitro09:35:03:<\/strong> Facundo Tello (ARG).<\/span><\/p>\n","protected":false},"excerpt":{"rendered":"<p>Nacional e Internacional de Porto Alegre se enfrentan este jueves en Medell\u00edn, en un partido definitivo de la cuarta jornada del Grupo F de la Copa Libertadores en el que el vencedor quedar\u00e1 bien ubicado en la tabla y el perdedor ver\u00e1 comprometida su clasificaci\u00f3n a octavos. La victoria de Nacional de Uruguay ante Bah\u00eda, [&hellip;]<\/p>\n","protected":false},"author":4,"featured_media":119161,"comment_status":"open","ping_status":"open","sticky":false,"template":"","format":"standard","meta":{"_acf_changed":false,"footnotes":""},"categories":[653],"tags":[],"class_list":{"0":"post-119164","1":"post","2":"type-post","3":"status-publish","4":"format-standard","5":"has-post-thumbnail","7":"category-copa-libertadores"},"acf":[],"yoast_head":"<!-- This site is optimized with the Yoast SEO plugin v26.8 - https:\/\/yoast.com\/product\/yoast-seo-wordpress\/ -->\n<title>Nacional, necesitado de triunfo ante Internacional -<\/title>\n<meta name=\"robots\" content=\"index, follow, max-snippet:-1, max-image-preview:large, max-video-preview:-1\" \/>\n<link rel=\"canonical\" href=\"https:\/\/futbolhoy.co\/index.php\/2025\/05\/08\/nacional-necesitado-de-triunfo-ante-internacional\/\" \/>\n<meta property=\"og:locale\" content=\"es_ES\" \/>\n<meta property=\"og:type\" content=\"article\" \/>\n<meta property=\"og:title\" content=\"Nacional, necesitado de triunfo ante Internacional -\" \/>\n<meta property=\"og:description\" content=\"Nacional e Internacional de Porto Alegre se enfrentan este jueves en Medell\u00edn, en un partido definitivo de la cuarta jornada del Grupo F de la Copa Libertadores en el que el vencedor quedar\u00e1 bien ubicado en la tabla y el perdedor ver\u00e1 comprometida su clasificaci\u00f3n a octavos. La victoria de Nacional de Uruguay ante Bah\u00eda, [&hellip;]\" \/>\n<meta property=\"og:url\" content=\"https:\/\/futbolhoy.co\/index.php\/2025\/05\/08\/nacional-necesitado-de-triunfo-ante-internacional\/\" \/>\n<meta property=\"article:publisher\" content=\"https:\/\/www.facebook.com\/FutbolHoyCol\/\" \/>\n<meta property=\"article:published_time\" content=\"2025-05-08T14:40:28+00:00\" \/>\n<meta property=\"article:modified_time\" content=\"2025-05-09T14:40:11+00:00\" \/>\n<meta property=\"og:image\" content=\"https:\/\/futbolhoy.co\/wp-content\/uploads\/2025\/05\/IMG_2454.jpeg\" \/>\n\t<meta property=\"og:image:width\" content=\"1179\" \/>\n\t<meta property=\"og:image:height\" content=\"1003\" \/>\n\t<meta property=\"og:image:type\" content=\"image\/jpeg\" \/>\n<meta name=\"author\" content=\"contenido\" \/>\n<meta name=\"twitter:card\" content=\"summary_large_image\" \/>\n<meta name=\"twitter:creator\" content=\"@FutbolHoyCol\" \/>\n<meta name=\"twitter:site\" content=\"@FutbolHoyCol\" \/>\n<meta name=\"twitter:label1\" content=\"Escrito por\" \/>\n\t<meta name=\"twitter:data1\" content=\"contenido\" \/>\n\t<meta name=\"twitter:label2\" content=\"Tiempo de lectura\" \/>\n\t<meta name=\"twitter:data2\" content=\"2 minutos\" \/>\n<script type=\"application\/ld+json\" class=\"yoast-schema-graph\">{\"@context\":\"https:\/\/schema.org\",\"@graph\":[{\"@type\":\"Article\",\"@id\":\"https:\/\/futbolhoy.co\/index.php\/2025\/05\/08\/nacional-necesitado-de-triunfo-ante-internacional\/#article\",\"isPartOf\":{\"@id\":\"https:\/\/futbolhoy.co\/index.php\/2025\/05\/08\/nacional-necesitado-de-triunfo-ante-internacional\/\"},\"author\":{\"name\":\"contenido\",\"@id\":\"https:\/\/futbolhoy.co\/#\/schema\/person\/1721b69355b6623eaff15ac7b92d4cc3\"},\"headline\":\"Nacional, necesitado de triunfo ante Internacional\",\"datePublished\":\"2025-05-08T14:40:28+00:00\",\"dateModified\":\"2025-05-09T14:40:11+00:00\",\"mainEntityOfPage\":{\"@id\":\"https:\/\/futbolhoy.co\/index.php\/2025\/05\/08\/nacional-necesitado-de-triunfo-ante-internacional\/\"},\"wordCount\":321,\"commentCount\":0,\"publisher\":{\"@id\":\"https:\/\/futbolhoy.co\/#organization\"},\"image\":{\"@id\":\"https:\/\/futbolhoy.co\/index.php\/2025\/05\/08\/nacional-necesitado-de-triunfo-ante-internacional\/#primaryimage\"},\"thumbnailUrl\":\"https:\/\/futbolhoy.co\/wp-content\/uploads\/2025\/05\/IMG_2454.jpeg\",\"articleSection\":[\"Libertadores\"],\"inLanguage\":\"es\",\"potentialAction\":[{\"@type\":\"CommentAction\",\"name\":\"Comment\",\"target\":[\"https:\/\/futbolhoy.co\/index.php\/2025\/05\/08\/nacional-necesitado-de-triunfo-ante-internacional\/#respond\"]}]},{\"@type\":\"WebPage\",\"@id\":\"https:\/\/futbolhoy.co\/index.php\/2025\/05\/08\/nacional-necesitado-de-triunfo-ante-internacional\/\",\"url\":\"https:\/\/futbolhoy.co\/index.php\/2025\/05\/08\/nacional-necesitado-de-triunfo-ante-internacional\/\",\"name\":\"Nacional, necesitado de triunfo ante Internacional -\",\"isPartOf\":{\"@id\":\"https:\/\/futbolhoy.co\/#website\"},\"primaryImageOfPage\":{\"@id\":\"https:\/\/futbolhoy.co\/index.php\/2025\/05\/08\/nacional-necesitado-de-triunfo-ante-internacional\/#primaryimage\"},\"image\":{\"@id\":\"https:\/\/futbolhoy.co\/index.php\/2025\/05\/08\/nacional-necesitado-de-triunfo-ante-internacional\/#primaryimage\"},\"thumbnailUrl\":\"https:\/\/futbolhoy.co\/wp-content\/uploads\/2025\/05\/IMG_2454.jpeg\",\"datePublished\":\"2025-05-08T14:40:28+00:00\",\"dateModified\":\"2025-05-09T14:40:11+00:00\",\"breadcrumb\":{\"@id\":\"https:\/\/futbolhoy.co\/index.php\/2025\/05\/08\/nacional-necesitado-de-triunfo-ante-internacional\/#breadcrumb\"},\"inLanguage\":\"es\",\"potentialAction\":[{\"@type\":\"ReadAction\",\"target\":[\"https:\/\/futbolhoy.co\/index.php\/2025\/05\/08\/nacional-necesitado-de-triunfo-ante-internacional\/\"]}]},{\"@type\":\"ImageObject\",\"inLanguage\":\"es\",\"@id\":\"https:\/\/futbolhoy.co\/index.php\/2025\/05\/08\/nacional-necesitado-de-triunfo-ante-internacional\/#primaryimage\",\"url\":\"https:\/\/futbolhoy.co\/wp-content\/uploads\/2025\/05\/IMG_2454.jpeg\",\"contentUrl\":\"https:\/\/futbolhoy.co\/wp-content\/uploads\/2025\/05\/IMG_2454.jpeg\",\"width\":1179,\"height\":1003},{\"@type\":\"BreadcrumbList\",\"@id\":\"https:\/\/futbolhoy.co\/index.php\/2025\/05\/08\/nacional-necesitado-de-triunfo-ante-internacional\/#breadcrumb\",\"itemListElement\":[{\"@type\":\"ListItem\",\"position\":1,\"name\":\"Portada\",\"item\":\"https:\/\/futbolhoy.co\/\"},{\"@type\":\"ListItem\",\"position\":2,\"name\":\"Nacional, necesitado de triunfo ante Internacional\"}]},{\"@type\":\"WebSite\",\"@id\":\"https:\/\/futbolhoy.co\/#website\",\"url\":\"https:\/\/futbolhoy.co\/\",\"name\":\"FutbolHoy\",\"description\":\"\",\"publisher\":{\"@id\":\"https:\/\/futbolhoy.co\/#organization\"},\"potentialAction\":[{\"@type\":\"SearchAction\",\"target\":{\"@type\":\"EntryPoint\",\"urlTemplate\":\"https:\/\/futbolhoy.co\/?s={search_term_string}\"},\"query-input\":{\"@type\":\"PropertyValueSpecification\",\"valueRequired\":true,\"valueName\":\"search_term_string\"}}],\"inLanguage\":\"es\"},{\"@type\":\"Organization\",\"@id\":\"https:\/\/futbolhoy.co\/#organization\",\"name\":\"Futbolhoy.co\",\"url\":\"https:\/\/futbolhoy.co\/\",\"logo\":{\"@type\":\"ImageObject\",\"inLanguage\":\"es\",\"@id\":\"https:\/\/futbolhoy.co\/#\/schema\/logo\/image\/\",\"url\":\"https:\/\/futbolhoy.co\/wp-content\/uploads\/2018\/08\/17426380_1906371736249227_6326180412931521141_n.jpg\",\"contentUrl\":\"https:\/\/futbolhoy.co\/wp-content\/uploads\/2018\/08\/17426380_1906371736249227_6326180412931521141_n.jpg\",\"width\":960,\"height\":960,\"caption\":\"Futbolhoy.co\"},\"image\":{\"@id\":\"https:\/\/futbolhoy.co\/#\/schema\/logo\/image\/\"},\"sameAs\":[\"https:\/\/www.facebook.com\/FutbolHoyCol\/\",\"https:\/\/x.com\/FutbolHoyCol\",\"https:\/\/www.instagram.com\/futbolhoycol\/\"]},{\"@type\":\"Person\",\"@id\":\"https:\/\/futbolhoy.co\/#\/schema\/person\/1721b69355b6623eaff15ac7b92d4cc3\",\"name\":\"contenido\",\"image\":{\"@type\":\"ImageObject\",\"inLanguage\":\"es\",\"@id\":\"https:\/\/futbolhoy.co\/#\/schema\/person\/image\/\",\"url\":\"https:\/\/secure.gravatar.com\/avatar\/4f656d3256f5134f466206e7c3941518?s=96&d=mm&r=g\",\"contentUrl\":\"https:\/\/secure.gravatar.com\/avatar\/4f656d3256f5134f466206e7c3941518?s=96&d=mm&r=g\",\"caption\":\"contenido\"}}]}<\/script>\n<!-- \/ Yoast SEO plugin. -->","yoast_head_json":{"title":"Nacional, necesitado de triunfo ante Internacional -","robots":{"index":"index","follow":"follow","max-snippet":"max-snippet:-1","max-image-preview":"max-image-preview:large","max-video-preview":"max-video-preview:-1"},"canonical":"https:\/\/futbolhoy.co\/index.php\/2025\/05\/08\/nacional-necesitado-de-triunfo-ante-internacional\/","og_locale":"es_ES","og_type":"article","og_title":"Nacional, necesitado de triunfo ante Internacional -","og_description":"Nacional e Internacional de Porto Alegre se enfrentan este jueves en Medell\u00edn, en un partido definitivo de la cuarta jornada del Grupo F de la Copa Libertadores en el que el vencedor quedar\u00e1 bien ubicado en la tabla y el perdedor ver\u00e1 comprometida su clasificaci\u00f3n a octavos. La victoria de Nacional de Uruguay ante Bah\u00eda, [&hellip;]","og_url":"https:\/\/futbolhoy.co\/index.php\/2025\/05\/08\/nacional-necesitado-de-triunfo-ante-internacional\/","article_publisher":"https:\/\/www.facebook.com\/FutbolHoyCol\/","article_published_time":"2025-05-08T14:40:28+00:00","article_modified_time":"2025-05-09T14:40:11+00:00","og_image":[{"width":1179,"height":1003,"url":"https:\/\/futbolhoy.co\/wp-content\/uploads\/2025\/05\/IMG_2454.jpeg","type":"image\/jpeg"}],"author":"contenido","twitter_card":"summary_large_image","twitter_creator":"@FutbolHoyCol","twitter_site":"@FutbolHoyCol","twitter_misc":{"Escrito por":"contenido","Tiempo de lectura":"2 minutos"},"schema":{"@context":"https:\/\/schema.org","@graph":[{"@type":"Article","@id":"https:\/\/futbolhoy.co\/index.php\/2025\/05\/08\/nacional-necesitado-de-triunfo-ante-internacional\/#article","isPartOf":{"@id":"https:\/\/futbolhoy.co\/index.php\/2025\/05\/08\/nacional-necesitado-de-triunfo-ante-internacional\/"},"author":{"name":"contenido","@id":"https:\/\/futbolhoy.co\/#\/schema\/person\/1721b69355b6623eaff15ac7b92d4cc3"},"headline":"Nacional, necesitado de triunfo ante Internacional","datePublished":"2025-05-08T14:40:28+00:00","dateModified":"2025-05-09T14:40:11+00:00","mainEntityOfPage":{"@id":"https:\/\/futbolhoy.co\/index.php\/2025\/05\/08\/nacional-necesitado-de-triunfo-ante-internacional\/"},"wordCount":321,"commentCount":0,"publisher":{"@id":"https:\/\/futbolhoy.co\/#organization"},"image":{"@id":"https:\/\/futbolhoy.co\/index.php\/2025\/05\/08\/nacional-necesitado-de-triunfo-ante-internacional\/#primaryimage"},"thumbnailUrl":"https:\/\/futbolhoy.co\/wp-content\/uploads\/2025\/05\/IMG_2454.jpeg","articleSection":["Libertadores"],"inLanguage":"es","potentialAction":[{"@type":"CommentAction","name":"Comment","target":["https:\/\/futbolhoy.co\/index.php\/2025\/05\/08\/nacional-necesitado-de-triunfo-ante-internacional\/#respond"]}]},{"@type":"WebPage","@id":"https:\/\/futbolhoy.co\/index.php\/2025\/05\/08\/nacional-necesitado-de-triunfo-ante-internacional\/","url":"https:\/\/futbolhoy.co\/index.php\/2025\/05\/08\/nacional-necesitado-de-triunfo-ante-internacional\/","name":"Nacional, necesitado de triunfo ante Internacional -","isPartOf":{"@id":"https:\/\/futbolhoy.co\/#website"},"primaryImageOfPage":{"@id":"https:\/\/futbolhoy.co\/index.php\/2025\/05\/08\/nacional-necesitado-de-triunfo-ante-internacional\/#primaryimage"},"image":{"@id":"https:\/\/futbolhoy.co\/index.php\/2025\/05\/08\/nacional-necesitado-de-triunfo-ante-internacional\/#primaryimage"},"thumbnailUrl":"https:\/\/futbolhoy.co\/wp-content\/uploads\/2025\/05\/IMG_2454.jpeg","datePublished":"2025-05-08T14:40:28+00:00","dateModified":"2025-05-09T14:40:11+00:00","breadcrumb":{"@id":"https:\/\/futbolhoy.co\/index.php\/2025\/05\/08\/nacional-necesitado-de-triunfo-ante-internacional\/#breadcrumb"},"inLanguage":"es","potentialAction":[{"@type":"ReadAction","target":["https:\/\/futbolhoy.co\/index.php\/2025\/05\/08\/nacional-necesitado-de-triunfo-ante-internacional\/"]}]},{"@type":"ImageObject","inLanguage":"es","@id":"https:\/\/futbolhoy.co\/index.php\/2025\/05\/08\/nacional-necesitado-de-triunfo-ante-internacional\/#primaryimage","url":"https:\/\/futbolhoy.co\/wp-content\/uploads\/2025\/05\/IMG_2454.jpeg","contentUrl":"https:\/\/futbolhoy.co\/wp-content\/uploads\/2025\/05\/IMG_2454.jpeg","width":1179,"height":1003},{"@type":"BreadcrumbList","@id":"https:\/\/futbolhoy.co\/index.php\/2025\/05\/08\/nacional-necesitado-de-triunfo-ante-internacional\/#breadcrumb","itemListElement":[{"@type":"ListItem","position":1,"name":"Portada","item":"https:\/\/futbolhoy.co\/"},{"@type":"ListItem","position":2,"name":"Nacional, necesitado de triunfo ante Internacional"}]},{"@type":"WebSite","@id":"https:\/\/futbolhoy.co\/#website","url":"https:\/\/futbolhoy.co\/","name":"FutbolHoy","description":"","publisher":{"@id":"https:\/\/futbolhoy.co\/#organization"},"potentialAction":[{"@type":"SearchAction","target":{"@type":"EntryPoint","urlTemplate":"https:\/\/futbolhoy.co\/?s={search_term_string}"},"query-input":{"@type":"PropertyValueSpecification","valueRequired":true,"valueName":"search_term_string"}}],"inLanguage":"es"},{"@type":"Organization","@id":"https:\/\/futbolhoy.co\/#organization","name":"Futbolhoy.co","url":"https:\/\/futbolhoy.co\/","logo":{"@type":"ImageObject","inLanguage":"es","@id":"https:\/\/futbolhoy.co\/#\/schema\/logo\/image\/","url":"https:\/\/futbolhoy.co\/wp-content\/uploads\/2018\/08\/17426380_1906371736249227_6326180412931521141_n.jpg","contentUrl":"https:\/\/futbolhoy.co\/wp-content\/uploads\/2018\/08\/17426380_1906371736249227_6326180412931521141_n.jpg","width":960,"height":960,"caption":"Futbolhoy.co"},"image":{"@id":"https:\/\/futbolhoy.co\/#\/schema\/logo\/image\/"},"sameAs":["https:\/\/www.facebook.com\/FutbolHoyCol\/","https:\/\/x.com\/FutbolHoyCol","https:\/\/www.instagram.com\/futbolhoycol\/"]},{"@type":"Person","@id":"https:\/\/futbolhoy.co\/#\/schema\/person\/1721b69355b6623eaff15ac7b92d4cc3","name":"contenido","image":{"@type":"ImageObject","inLanguage":"es","@id":"https:\/\/futbolhoy.co\/#\/schema\/person\/image\/","url":"https:\/\/secure.gravatar.com\/avatar\/4f656d3256f5134f466206e7c3941518?s=96&d=mm&r=g","contentUrl":"https:\/\/secure.gravatar.com\/avatar\/4f656d3256f5134f466206e7c3941518?s=96&d=mm&r=g","caption":"contenido"}}]}},"publishpress_future_action":{"enabled":false,"date":"2026-05-03 07:22:36","action":"change-status","newStatus":"draft","terms":[],"taxonomy":"category","extraData":[]},"publishpress_future_workflow_manual_trigger":{"enabledWorkflows":[]},"_links":{"self":[{"href":"https:\/\/futbolhoy.co\/index.php\/wp-json\/wp\/v2\/posts\/119164","targetHints":{"allow":["GET"]}}],"collection":[{"href":"https:\/\/futbolhoy.co\/index.php\/wp-json\/wp\/v2\/posts"}],"about":[{"href":"https:\/\/futbolhoy.co\/index.php\/wp-json\/wp\/v2\/types\/post"}],"author":[{"embeddable":true,"href":"https:\/\/futbolhoy.co\/index.php\/wp-json\/wp\/v2\/users\/4"}],"replies":[{"embeddable":true,"href":"https:\/\/futbolhoy.co\/index.php\/wp-json\/wp\/v2\/comments?post=119164"}],"version-history":[{"count":1,"href":"https:\/\/futbolhoy.co\/index.php\/wp-json\/wp\/v2\/posts\/119164\/revisions"}],"predecessor-version":[{"id":119165,"href":"https:\/\/futbolhoy.co\/index.php\/wp-json\/wp\/v2\/posts\/119164\/revisions\/119165"}],"wp:featuredmedia":[{"embeddable":true,"href":"https:\/\/futbolhoy.co\/index.php\/wp-json\/wp\/v2\/media\/119161"}],"wp:attachment":[{"href":"https:\/\/futbolhoy.co\/index.php\/wp-json\/wp\/v2\/media?parent=119164"}],"wp:term":[{"taxonomy":"category","embeddable":true,"href":"https:\/\/futbolhoy.co\/index.php\/wp-json\/wp\/v2\/categories?post=119164"},{"taxonomy":"post_tag","embeddable":true,"href":"https:\/\/futbolhoy.co\/index.php\/wp-json\/wp\/v2\/tags?post=119164"}],"curies":[{"name":"wp","href":"https:\/\/api.w.org\/{rel}","templated":true}]}}