{"id":119180,"date":"2025-05-08T22:05:04","date_gmt":"2025-05-09T03:05:04","guid":{"rendered":"https:\/\/futbolhoy.co\/?p=119180"},"modified":"2025-05-10T20:24:11","modified_gmt":"2025-05-11T01:24:11","slug":"nacional-vencio-a-internacional-y-tomo-respeto-en-la-libertadores","status":"publish","type":"post","link":"https:\/\/futbolhoy.co\/index.php\/2025\/05\/08\/nacional-vencio-a-internacional-y-tomo-respeto-en-la-libertadores\/","title":{"rendered":"Nacional venci\u00f3 a Internacional y tom\u00f3 respeto en la Libertadores"},"content":{"rendered":"<p style=\"text-align: justify;\"><span style=\"font-family: helvetica, arial, sans-serif;\"><b>Atl\u00e9tico Nacional<\/b><span style=\"font-weight: 400;\"> consigui\u00f3 un triunfo so\u00f1ado este jueves en la<\/span><b> Copa Libertadores,<\/b><span style=\"font-weight: 400;\"> luego de recibir a Internacional de Brasil y vencerlo por 3-1 en el estadio <\/span><b>Atanasio Girardot por la fecha 4 del Grupo F del certamen continental.<\/b><\/span><\/p>\n<p style=\"text-align: justify;\"><span style=\"font-family: helvetica, arial, sans-serif;\"><span style=\"font-weight: 400;\">El equipo paisa llagaba con la necesidad de sumar para no perder la carrera por uno <\/span><b>de los cupos a la siguiente ronda de la Libertadores,<\/b><span style=\"font-weight: 400;\"> sobre todo porque sumaba apenas tres puntos en tres duelos disputados, con una victoria y dos derrotas.\u00a0<\/span><\/span><\/p>\n<p style=\"text-align: justify;\"><span style=\"font-family: helvetica, arial, sans-serif;\"><span style=\"font-weight: 400;\">Al minuto 38 se abri\u00f3 la cuenta en <\/span><b>Medell\u00edn, con un centro de Camilo C\u00e1ndido<\/b><span style=\"font-weight: 400;\"> que termin\u00f3 en los pies de Kevin Viveros, para que el delantero pusiera en ventaja al cuadro verdolaga.\u00a0<\/span><\/span><\/p>\n<p style=\"text-align: justify;\"><span style=\"font-family: helvetica, arial, sans-serif;\"><span style=\"font-weight: 400;\">Billy Arce fue el encargado de poner el 2-0 tras un contragolpe con protagonismo de <\/span><b>Marino Hinestroza, quien lo asisti\u00f3 al minuto 55<\/b><span style=\"font-weight: 400;\"> y puso a celebrar a m\u00e1s de 41 mil hinchas presentes en el Atanasio Girardot.\u00a0<\/span><\/span><\/p>\n<p style=\"text-align: justify;\"><span style=\"font-family: helvetica, arial, sans-serif;\"><b>El descuento para los brasile\u00f1os lleg\u00f3 al minuto 80 cuando <\/b><span style=\"font-weight: 400;\">Alan Patrick de penal encaj\u00f3 el 2-1 y puso a sufrir a los dirigidos por Javier Gandolfi.\u00a0<\/span><\/span><\/p>\n<p style=\"text-align: justify;\"><span style=\"font-family: helvetica, arial, sans-serif;\"><b>Kevin Viveros se volvi\u00f3 a vestir de h\u00e9roe sobre el final, cuando al 90+3 <\/b><span style=\"font-weight: 400;\">se encarg\u00f3 de poner el tercero para los locales, con lo que suman 6 puntos y son segundos en el grupo que lidera Bah\u00eda con 7 unidades; Internacional, por su parte, es tercero con 3.<\/span><\/span><\/p>\n<p style=\"text-align: justify;\"><span style=\"font-family: helvetica, arial, sans-serif;\"><span style=\"font-weight: 400;\">Con el triunfo, Nacional respira en la Copa Libertadores, en un grupo con puntajes muy cercanos y peleando por dos cupos en los octavos de final y uno en <\/span><b>la Copa Sudamericana.<\/b><\/span><\/p>\n","protected":false},"excerpt":{"rendered":"<p>Atl\u00e9tico Nacional consigui\u00f3 un triunfo so\u00f1ado este jueves en la Copa Libertadores, luego de recibir a Internacional de Brasil y vencerlo por 3-1 en el estadio Atanasio Girardot por la fecha 4 del Grupo F del certamen continental. El equipo paisa llagaba con la necesidad de sumar para no perder la carrera por uno de [&hellip;]<\/p>\n","protected":false},"author":4,"featured_media":119181,"comment_status":"open","ping_status":"open","sticky":false,"template":"","format":"standard","meta":{"_acf_changed":false,"footnotes":""},"categories":[7],"tags":[],"class_list":{"0":"post-119180","1":"post","2":"type-post","3":"status-publish","4":"format-standard","5":"has-post-thumbnail","7":"category-liga-betplay"},"acf":[],"yoast_head":"<!-- This site is optimized with the Yoast SEO plugin v26.8 - https:\/\/yoast.com\/product\/yoast-seo-wordpress\/ -->\n<title>Nacional venci\u00f3 a Internacional y tom\u00f3 respeto en la Libertadores -<\/title>\n<meta name=\"robots\" content=\"index, follow, max-snippet:-1, max-image-preview:large, max-video-preview:-1\" \/>\n<link rel=\"canonical\" href=\"https:\/\/futbolhoy.co\/index.php\/2025\/05\/08\/nacional-vencio-a-internacional-y-tomo-respeto-en-la-libertadores\/\" \/>\n<meta property=\"og:locale\" content=\"es_ES\" \/>\n<meta property=\"og:type\" content=\"article\" \/>\n<meta property=\"og:title\" content=\"Nacional venci\u00f3 a Internacional y tom\u00f3 respeto en la Libertadores -\" \/>\n<meta property=\"og:description\" content=\"Atl\u00e9tico Nacional consigui\u00f3 un triunfo so\u00f1ado este jueves en la Copa Libertadores, luego de recibir a Internacional de Brasil y vencerlo por 3-1 en el estadio Atanasio Girardot por la fecha 4 del Grupo F del certamen continental. El equipo paisa llagaba con la necesidad de sumar para no perder la carrera por uno de [&hellip;]\" \/>\n<meta property=\"og:url\" content=\"https:\/\/futbolhoy.co\/index.php\/2025\/05\/08\/nacional-vencio-a-internacional-y-tomo-respeto-en-la-libertadores\/\" \/>\n<meta property=\"article:publisher\" content=\"https:\/\/www.facebook.com\/FutbolHoyCol\/\" \/>\n<meta property=\"article:published_time\" content=\"2025-05-09T03:05:04+00:00\" \/>\n<meta property=\"article:modified_time\" content=\"2025-05-11T01:24:11+00:00\" \/>\n<meta property=\"og:image\" content=\"https:\/\/futbolhoy.co\/wp-content\/uploads\/2025\/05\/Captura-de-pantalla-2025-05-08-a-las-10.03.27\u202fp.-m-1024x691.png\" \/>\n\t<meta property=\"og:image:width\" content=\"1024\" \/>\n\t<meta property=\"og:image:height\" content=\"691\" \/>\n\t<meta property=\"og:image:type\" content=\"image\/png\" \/>\n<meta name=\"author\" content=\"contenido\" \/>\n<meta name=\"twitter:card\" content=\"summary_large_image\" \/>\n<meta name=\"twitter:creator\" content=\"@FutbolHoyCol\" \/>\n<meta name=\"twitter:site\" content=\"@FutbolHoyCol\" \/>\n<meta name=\"twitter:label1\" content=\"Escrito por\" \/>\n\t<meta name=\"twitter:data1\" content=\"contenido\" \/>\n\t<meta name=\"twitter:label2\" content=\"Tiempo de lectura\" \/>\n\t<meta name=\"twitter:data2\" content=\"1 minuto\" \/>\n<script type=\"application\/ld+json\" class=\"yoast-schema-graph\">{\"@context\":\"https:\/\/schema.org\",\"@graph\":[{\"@type\":\"Article\",\"@id\":\"https:\/\/futbolhoy.co\/index.php\/2025\/05\/08\/nacional-vencio-a-internacional-y-tomo-respeto-en-la-libertadores\/#article\",\"isPartOf\":{\"@id\":\"https:\/\/futbolhoy.co\/index.php\/2025\/05\/08\/nacional-vencio-a-internacional-y-tomo-respeto-en-la-libertadores\/\"},\"author\":{\"name\":\"contenido\",\"@id\":\"https:\/\/futbolhoy.co\/#\/schema\/person\/1721b69355b6623eaff15ac7b92d4cc3\"},\"headline\":\"Nacional venci\u00f3 a Internacional y tom\u00f3 respeto en la Libertadores\",\"datePublished\":\"2025-05-09T03:05:04+00:00\",\"dateModified\":\"2025-05-11T01:24:11+00:00\",\"mainEntityOfPage\":{\"@id\":\"https:\/\/futbolhoy.co\/index.php\/2025\/05\/08\/nacional-vencio-a-internacional-y-tomo-respeto-en-la-libertadores\/\"},\"wordCount\":269,\"commentCount\":0,\"publisher\":{\"@id\":\"https:\/\/futbolhoy.co\/#organization\"},\"image\":{\"@id\":\"https:\/\/futbolhoy.co\/index.php\/2025\/05\/08\/nacional-vencio-a-internacional-y-tomo-respeto-en-la-libertadores\/#primaryimage\"},\"thumbnailUrl\":\"https:\/\/futbolhoy.co\/wp-content\/uploads\/2025\/05\/Captura-de-pantalla-2025-05-08-a-las-10.03.27\u202fp.-m.png\",\"articleSection\":[\"Liga BetPlay\"],\"inLanguage\":\"es\",\"potentialAction\":[{\"@type\":\"CommentAction\",\"name\":\"Comment\",\"target\":[\"https:\/\/futbolhoy.co\/index.php\/2025\/05\/08\/nacional-vencio-a-internacional-y-tomo-respeto-en-la-libertadores\/#respond\"]}]},{\"@type\":\"WebPage\",\"@id\":\"https:\/\/futbolhoy.co\/index.php\/2025\/05\/08\/nacional-vencio-a-internacional-y-tomo-respeto-en-la-libertadores\/\",\"url\":\"https:\/\/futbolhoy.co\/index.php\/2025\/05\/08\/nacional-vencio-a-internacional-y-tomo-respeto-en-la-libertadores\/\",\"name\":\"Nacional venci\u00f3 a Internacional y tom\u00f3 respeto en la Libertadores -\",\"isPartOf\":{\"@id\":\"https:\/\/futbolhoy.co\/#website\"},\"primaryImageOfPage\":{\"@id\":\"https:\/\/futbolhoy.co\/index.php\/2025\/05\/08\/nacional-vencio-a-internacional-y-tomo-respeto-en-la-libertadores\/#primaryimage\"},\"image\":{\"@id\":\"https:\/\/futbolhoy.co\/index.php\/2025\/05\/08\/nacional-vencio-a-internacional-y-tomo-respeto-en-la-libertadores\/#primaryimage\"},\"thumbnailUrl\":\"https:\/\/futbolhoy.co\/wp-content\/uploads\/2025\/05\/Captura-de-pantalla-2025-05-08-a-las-10.03.27\u202fp.-m.png\",\"datePublished\":\"2025-05-09T03:05:04+00:00\",\"dateModified\":\"2025-05-11T01:24:11+00:00\",\"breadcrumb\":{\"@id\":\"https:\/\/futbolhoy.co\/index.php\/2025\/05\/08\/nacional-vencio-a-internacional-y-tomo-respeto-en-la-libertadores\/#breadcrumb\"},\"inLanguage\":\"es\",\"potentialAction\":[{\"@type\":\"ReadAction\",\"target\":[\"https:\/\/futbolhoy.co\/index.php\/2025\/05\/08\/nacional-vencio-a-internacional-y-tomo-respeto-en-la-libertadores\/\"]}]},{\"@type\":\"ImageObject\",\"inLanguage\":\"es\",\"@id\":\"https:\/\/futbolhoy.co\/index.php\/2025\/05\/08\/nacional-vencio-a-internacional-y-tomo-respeto-en-la-libertadores\/#primaryimage\",\"url\":\"https:\/\/futbolhoy.co\/wp-content\/uploads\/2025\/05\/Captura-de-pantalla-2025-05-08-a-las-10.03.27\u202fp.-m.png\",\"contentUrl\":\"https:\/\/futbolhoy.co\/wp-content\/uploads\/2025\/05\/Captura-de-pantalla-2025-05-08-a-las-10.03.27\u202fp.-m.png\",\"width\":1998,\"height\":1348},{\"@type\":\"BreadcrumbList\",\"@id\":\"https:\/\/futbolhoy.co\/index.php\/2025\/05\/08\/nacional-vencio-a-internacional-y-tomo-respeto-en-la-libertadores\/#breadcrumb\",\"itemListElement\":[{\"@type\":\"ListItem\",\"position\":1,\"name\":\"Portada\",\"item\":\"https:\/\/futbolhoy.co\/\"},{\"@type\":\"ListItem\",\"position\":2,\"name\":\"Nacional venci\u00f3 a Internacional y tom\u00f3 respeto en la Libertadores\"}]},{\"@type\":\"WebSite\",\"@id\":\"https:\/\/futbolhoy.co\/#website\",\"url\":\"https:\/\/futbolhoy.co\/\",\"name\":\"FutbolHoy\",\"description\":\"\",\"publisher\":{\"@id\":\"https:\/\/futbolhoy.co\/#organization\"},\"potentialAction\":[{\"@type\":\"SearchAction\",\"target\":{\"@type\":\"EntryPoint\",\"urlTemplate\":\"https:\/\/futbolhoy.co\/?s={search_term_string}\"},\"query-input\":{\"@type\":\"PropertyValueSpecification\",\"valueRequired\":true,\"valueName\":\"search_term_string\"}}],\"inLanguage\":\"es\"},{\"@type\":\"Organization\",\"@id\":\"https:\/\/futbolhoy.co\/#organization\",\"name\":\"Futbolhoy.co\",\"url\":\"https:\/\/futbolhoy.co\/\",\"logo\":{\"@type\":\"ImageObject\",\"inLanguage\":\"es\",\"@id\":\"https:\/\/futbolhoy.co\/#\/schema\/logo\/image\/\",\"url\":\"https:\/\/futbolhoy.co\/wp-content\/uploads\/2018\/08\/17426380_1906371736249227_6326180412931521141_n.jpg\",\"contentUrl\":\"https:\/\/futbolhoy.co\/wp-content\/uploads\/2018\/08\/17426380_1906371736249227_6326180412931521141_n.jpg\",\"width\":960,\"height\":960,\"caption\":\"Futbolhoy.co\"},\"image\":{\"@id\":\"https:\/\/futbolhoy.co\/#\/schema\/logo\/image\/\"},\"sameAs\":[\"https:\/\/www.facebook.com\/FutbolHoyCol\/\",\"https:\/\/x.com\/FutbolHoyCol\",\"https:\/\/www.instagram.com\/futbolhoycol\/\"]},{\"@type\":\"Person\",\"@id\":\"https:\/\/futbolhoy.co\/#\/schema\/person\/1721b69355b6623eaff15ac7b92d4cc3\",\"name\":\"contenido\",\"image\":{\"@type\":\"ImageObject\",\"inLanguage\":\"es\",\"@id\":\"https:\/\/futbolhoy.co\/#\/schema\/person\/image\/\",\"url\":\"https:\/\/secure.gravatar.com\/avatar\/4f656d3256f5134f466206e7c3941518?s=96&d=mm&r=g\",\"contentUrl\":\"https:\/\/secure.gravatar.com\/avatar\/4f656d3256f5134f466206e7c3941518?s=96&d=mm&r=g\",\"caption\":\"contenido\"}}]}<\/script>\n<!-- \/ Yoast SEO plugin. -->","yoast_head_json":{"title":"Nacional venci\u00f3 a Internacional y tom\u00f3 respeto en la Libertadores -","robots":{"index":"index","follow":"follow","max-snippet":"max-snippet:-1","max-image-preview":"max-image-preview:large","max-video-preview":"max-video-preview:-1"},"canonical":"https:\/\/futbolhoy.co\/index.php\/2025\/05\/08\/nacional-vencio-a-internacional-y-tomo-respeto-en-la-libertadores\/","og_locale":"es_ES","og_type":"article","og_title":"Nacional venci\u00f3 a Internacional y tom\u00f3 respeto en la Libertadores -","og_description":"Atl\u00e9tico Nacional consigui\u00f3 un triunfo so\u00f1ado este jueves en la Copa Libertadores, luego de recibir a Internacional de Brasil y vencerlo por 3-1 en el estadio Atanasio Girardot por la fecha 4 del Grupo F del certamen continental. El equipo paisa llagaba con la necesidad de sumar para no perder la carrera por uno de [&hellip;]","og_url":"https:\/\/futbolhoy.co\/index.php\/2025\/05\/08\/nacional-vencio-a-internacional-y-tomo-respeto-en-la-libertadores\/","article_publisher":"https:\/\/www.facebook.com\/FutbolHoyCol\/","article_published_time":"2025-05-09T03:05:04+00:00","article_modified_time":"2025-05-11T01:24:11+00:00","og_image":[{"width":1024,"height":691,"url":"https:\/\/futbolhoy.co\/wp-content\/uploads\/2025\/05\/Captura-de-pantalla-2025-05-08-a-las-10.03.27\u202fp.-m-1024x691.png","type":"image\/png"}],"author":"contenido","twitter_card":"summary_large_image","twitter_creator":"@FutbolHoyCol","twitter_site":"@FutbolHoyCol","twitter_misc":{"Escrito por":"contenido","Tiempo de lectura":"1 minuto"},"schema":{"@context":"https:\/\/schema.org","@graph":[{"@type":"Article","@id":"https:\/\/futbolhoy.co\/index.php\/2025\/05\/08\/nacional-vencio-a-internacional-y-tomo-respeto-en-la-libertadores\/#article","isPartOf":{"@id":"https:\/\/futbolhoy.co\/index.php\/2025\/05\/08\/nacional-vencio-a-internacional-y-tomo-respeto-en-la-libertadores\/"},"author":{"name":"contenido","@id":"https:\/\/futbolhoy.co\/#\/schema\/person\/1721b69355b6623eaff15ac7b92d4cc3"},"headline":"Nacional venci\u00f3 a Internacional y tom\u00f3 respeto en la Libertadores","datePublished":"2025-05-09T03:05:04+00:00","dateModified":"2025-05-11T01:24:11+00:00","mainEntityOfPage":{"@id":"https:\/\/futbolhoy.co\/index.php\/2025\/05\/08\/nacional-vencio-a-internacional-y-tomo-respeto-en-la-libertadores\/"},"wordCount":269,"commentCount":0,"publisher":{"@id":"https:\/\/futbolhoy.co\/#organization"},"image":{"@id":"https:\/\/futbolhoy.co\/index.php\/2025\/05\/08\/nacional-vencio-a-internacional-y-tomo-respeto-en-la-libertadores\/#primaryimage"},"thumbnailUrl":"https:\/\/futbolhoy.co\/wp-content\/uploads\/2025\/05\/Captura-de-pantalla-2025-05-08-a-las-10.03.27\u202fp.-m.png","articleSection":["Liga BetPlay"],"inLanguage":"es","potentialAction":[{"@type":"CommentAction","name":"Comment","target":["https:\/\/futbolhoy.co\/index.php\/2025\/05\/08\/nacional-vencio-a-internacional-y-tomo-respeto-en-la-libertadores\/#respond"]}]},{"@type":"WebPage","@id":"https:\/\/futbolhoy.co\/index.php\/2025\/05\/08\/nacional-vencio-a-internacional-y-tomo-respeto-en-la-libertadores\/","url":"https:\/\/futbolhoy.co\/index.php\/2025\/05\/08\/nacional-vencio-a-internacional-y-tomo-respeto-en-la-libertadores\/","name":"Nacional venci\u00f3 a Internacional y tom\u00f3 respeto en la Libertadores -","isPartOf":{"@id":"https:\/\/futbolhoy.co\/#website"},"primaryImageOfPage":{"@id":"https:\/\/futbolhoy.co\/index.php\/2025\/05\/08\/nacional-vencio-a-internacional-y-tomo-respeto-en-la-libertadores\/#primaryimage"},"image":{"@id":"https:\/\/futbolhoy.co\/index.php\/2025\/05\/08\/nacional-vencio-a-internacional-y-tomo-respeto-en-la-libertadores\/#primaryimage"},"thumbnailUrl":"https:\/\/futbolhoy.co\/wp-content\/uploads\/2025\/05\/Captura-de-pantalla-2025-05-08-a-las-10.03.27\u202fp.-m.png","datePublished":"2025-05-09T03:05:04+00:00","dateModified":"2025-05-11T01:24:11+00:00","breadcrumb":{"@id":"https:\/\/futbolhoy.co\/index.php\/2025\/05\/08\/nacional-vencio-a-internacional-y-tomo-respeto-en-la-libertadores\/#breadcrumb"},"inLanguage":"es","potentialAction":[{"@type":"ReadAction","target":["https:\/\/futbolhoy.co\/index.php\/2025\/05\/08\/nacional-vencio-a-internacional-y-tomo-respeto-en-la-libertadores\/"]}]},{"@type":"ImageObject","inLanguage":"es","@id":"https:\/\/futbolhoy.co\/index.php\/2025\/05\/08\/nacional-vencio-a-internacional-y-tomo-respeto-en-la-libertadores\/#primaryimage","url":"https:\/\/futbolhoy.co\/wp-content\/uploads\/2025\/05\/Captura-de-pantalla-2025-05-08-a-las-10.03.27\u202fp.-m.png","contentUrl":"https:\/\/futbolhoy.co\/wp-content\/uploads\/2025\/05\/Captura-de-pantalla-2025-05-08-a-las-10.03.27\u202fp.-m.png","width":1998,"height":1348},{"@type":"BreadcrumbList","@id":"https:\/\/futbolhoy.co\/index.php\/2025\/05\/08\/nacional-vencio-a-internacional-y-tomo-respeto-en-la-libertadores\/#breadcrumb","itemListElement":[{"@type":"ListItem","position":1,"name":"Portada","item":"https:\/\/futbolhoy.co\/"},{"@type":"ListItem","position":2,"name":"Nacional venci\u00f3 a Internacional y tom\u00f3 respeto en la Libertadores"}]},{"@type":"WebSite","@id":"https:\/\/futbolhoy.co\/#website","url":"https:\/\/futbolhoy.co\/","name":"FutbolHoy","description":"","publisher":{"@id":"https:\/\/futbolhoy.co\/#organization"},"potentialAction":[{"@type":"SearchAction","target":{"@type":"EntryPoint","urlTemplate":"https:\/\/futbolhoy.co\/?s={search_term_string}"},"query-input":{"@type":"PropertyValueSpecification","valueRequired":true,"valueName":"search_term_string"}}],"inLanguage":"es"},{"@type":"Organization","@id":"https:\/\/futbolhoy.co\/#organization","name":"Futbolhoy.co","url":"https:\/\/futbolhoy.co\/","logo":{"@type":"ImageObject","inLanguage":"es","@id":"https:\/\/futbolhoy.co\/#\/schema\/logo\/image\/","url":"https:\/\/futbolhoy.co\/wp-content\/uploads\/2018\/08\/17426380_1906371736249227_6326180412931521141_n.jpg","contentUrl":"https:\/\/futbolhoy.co\/wp-content\/uploads\/2018\/08\/17426380_1906371736249227_6326180412931521141_n.jpg","width":960,"height":960,"caption":"Futbolhoy.co"},"image":{"@id":"https:\/\/futbolhoy.co\/#\/schema\/logo\/image\/"},"sameAs":["https:\/\/www.facebook.com\/FutbolHoyCol\/","https:\/\/x.com\/FutbolHoyCol","https:\/\/www.instagram.com\/futbolhoycol\/"]},{"@type":"Person","@id":"https:\/\/futbolhoy.co\/#\/schema\/person\/1721b69355b6623eaff15ac7b92d4cc3","name":"contenido","image":{"@type":"ImageObject","inLanguage":"es","@id":"https:\/\/futbolhoy.co\/#\/schema\/person\/image\/","url":"https:\/\/secure.gravatar.com\/avatar\/4f656d3256f5134f466206e7c3941518?s=96&d=mm&r=g","contentUrl":"https:\/\/secure.gravatar.com\/avatar\/4f656d3256f5134f466206e7c3941518?s=96&d=mm&r=g","caption":"contenido"}}]}},"publishpress_future_action":{"enabled":false,"date":"2026-05-03 03:37:41","action":"change-status","newStatus":"draft","terms":[],"taxonomy":"category","extraData":[]},"publishpress_future_workflow_manual_trigger":{"enabledWorkflows":[]},"_links":{"self":[{"href":"https:\/\/futbolhoy.co\/index.php\/wp-json\/wp\/v2\/posts\/119180","targetHints":{"allow":["GET"]}}],"collection":[{"href":"https:\/\/futbolhoy.co\/index.php\/wp-json\/wp\/v2\/posts"}],"about":[{"href":"https:\/\/futbolhoy.co\/index.php\/wp-json\/wp\/v2\/types\/post"}],"author":[{"embeddable":true,"href":"https:\/\/futbolhoy.co\/index.php\/wp-json\/wp\/v2\/users\/4"}],"replies":[{"embeddable":true,"href":"https:\/\/futbolhoy.co\/index.php\/wp-json\/wp\/v2\/comments?post=119180"}],"version-history":[{"count":1,"href":"https:\/\/futbolhoy.co\/index.php\/wp-json\/wp\/v2\/posts\/119180\/revisions"}],"predecessor-version":[{"id":119182,"href":"https:\/\/futbolhoy.co\/index.php\/wp-json\/wp\/v2\/posts\/119180\/revisions\/119182"}],"wp:featuredmedia":[{"embeddable":true,"href":"https:\/\/futbolhoy.co\/index.php\/wp-json\/wp\/v2\/media\/119181"}],"wp:attachment":[{"href":"https:\/\/futbolhoy.co\/index.php\/wp-json\/wp\/v2\/media?parent=119180"}],"wp:term":[{"taxonomy":"category","embeddable":true,"href":"https:\/\/futbolhoy.co\/index.php\/wp-json\/wp\/v2\/categories?post=119180"},{"taxonomy":"post_tag","embeddable":true,"href":"https:\/\/futbolhoy.co\/index.php\/wp-json\/wp\/v2\/tags?post=119180"}],"curies":[{"name":"wp","href":"https:\/\/api.w.org\/{rel}","templated":true}]}}