{"id":119279,"date":"2025-05-11T16:32:47","date_gmt":"2025-05-11T21:32:47","guid":{"rendered":"https:\/\/futbolhoy.co\/?p=119279"},"modified":"2025-05-12T08:33:43","modified_gmt":"2025-05-12T13:33:43","slug":"por-mi-me-quedaria-muchos-anos-luis-diaz-sobre-su-presencia-en-liverpool","status":"publish","type":"post","link":"https:\/\/futbolhoy.co\/index.php\/2025\/05\/11\/por-mi-me-quedaria-muchos-anos-luis-diaz-sobre-su-presencia-en-liverpool\/","title":{"rendered":"\u201cPor m\u00ed me quedar\u00eda muchos a\u00f1os\u201d, Luis D\u00edaz sobre su presencia en Liverpool"},"content":{"rendered":"<p class=\"x_ydp6f829d6MsoNormal\" style=\"text-align: justify;\"><span style=\"font-family: helvetica, arial, sans-serif;\"><b>El delantero colombiano Luis D\u00edaz,\u00a0<\/b>que marc\u00f3 el primer gol del\u00a0<b>Liverpool<\/b>\u00a0en el empate 2.2 con el\u00a0<b>Arsenal<\/b>\u00a0en la jornada 36 de la\u00a0<b>Liga Premier<\/b>, se refiri\u00f3 a su continuidad en el club campe\u00f3n y mostr\u00f3 su intenci\u00f3n de ampliar su actual v\u00ednculo, que se extiende hasta junio de 2027.<\/span><\/p>\n<p class=\"x_ydp6f829d6MsoNormal\" style=\"text-align: justify;\"><span style=\"font-family: helvetica, arial, sans-serif;\">\"Estoy feliz, desde el primer d\u00eda que llegu\u00e9 siempre he estado feliz, tranquilo, disfrutando el f\u00fatbol que se juega en este gran equipo\u201d, indic\u00f3 el \u2018Guajiro\u2019, quien respecto a las negociaciones que se adelantan para ampliar su v\u00ednculo se\u00f1al\u00f3: \u201cAh\u00ed estaremos hablando, lo habl\u00e1remos.\u00a0<b>Por m\u00ed, me quedar\u00eda los a\u00f1os que fueran,<\/b>\u00a0depende tambi\u00e9n del club, de todo, son detalles que se arreglan por aparte. Muy tranquilo, estoy feliz y disfrutando la Premier\".<\/span><\/p>\n<p class=\"x_ydp6f829d6MsoNormal\" style=\"text-align: justify;\"><span style=\"font-family: helvetica, arial, sans-serif;\">D\u00edaz firm\u00f3 su mejor temporada con el equipo desde que lleg\u00f3 a<b>\u00a0Inglaterra\u00a0<\/b>en 2021, sumando\u00a0<b>48 partidos, 17 anotaciones y 5 asistencias\u00a0<\/b>en todas las competiciones.<\/span><\/p>\n","protected":false},"excerpt":{"rendered":"<p>El delantero colombiano Luis D\u00edaz,\u00a0que marc\u00f3 el primer gol del\u00a0Liverpool\u00a0en el empate 2.2 con el\u00a0Arsenal\u00a0en la jornada 36 de la\u00a0Liga Premier, se refiri\u00f3 a su continuidad en el club campe\u00f3n y mostr\u00f3 su intenci\u00f3n de ampliar su actual v\u00ednculo, que se extiende hasta junio de 2027. \"Estoy feliz, desde el primer d\u00eda que llegu\u00e9 siempre [&hellip;]<\/p>\n","protected":false},"author":4,"featured_media":119280,"comment_status":"open","ping_status":"open","sticky":false,"template":"","format":"standard","meta":{"_acf_changed":false,"footnotes":""},"categories":[418],"tags":[],"class_list":{"0":"post-119279","1":"post","2":"type-post","3":"status-publish","4":"format-standard","5":"has-post-thumbnail","7":"category-colombia"},"acf":[],"yoast_head":"<!-- This site is optimized with the Yoast SEO plugin v26.8 - https:\/\/yoast.com\/product\/yoast-seo-wordpress\/ -->\n<title>\u201cPor m\u00ed me quedar\u00eda muchos a\u00f1os\u201d, Luis D\u00edaz sobre su presencia en Liverpool -<\/title>\n<meta name=\"robots\" content=\"index, follow, max-snippet:-1, max-image-preview:large, max-video-preview:-1\" \/>\n<link rel=\"canonical\" href=\"https:\/\/futbolhoy.co\/index.php\/2025\/05\/11\/por-mi-me-quedaria-muchos-anos-luis-diaz-sobre-su-presencia-en-liverpool\/\" \/>\n<meta property=\"og:locale\" content=\"es_ES\" \/>\n<meta property=\"og:type\" content=\"article\" \/>\n<meta property=\"og:title\" content=\"\u201cPor m\u00ed me quedar\u00eda muchos a\u00f1os\u201d, Luis D\u00edaz sobre su presencia en Liverpool -\" \/>\n<meta property=\"og:description\" content=\"El delantero colombiano Luis D\u00edaz,\u00a0que marc\u00f3 el primer gol del\u00a0Liverpool\u00a0en el empate 2.2 con el\u00a0Arsenal\u00a0en la jornada 36 de la\u00a0Liga Premier, se refiri\u00f3 a su continuidad en el club campe\u00f3n y mostr\u00f3 su intenci\u00f3n de ampliar su actual v\u00ednculo, que se extiende hasta junio de 2027. &quot;Estoy feliz, desde el primer d\u00eda que llegu\u00e9 siempre [&hellip;]\" \/>\n<meta property=\"og:url\" content=\"https:\/\/futbolhoy.co\/index.php\/2025\/05\/11\/por-mi-me-quedaria-muchos-anos-luis-diaz-sobre-su-presencia-en-liverpool\/\" \/>\n<meta property=\"article:publisher\" content=\"https:\/\/www.facebook.com\/FutbolHoyCol\/\" \/>\n<meta property=\"article:published_time\" content=\"2025-05-11T21:32:47+00:00\" \/>\n<meta property=\"article:modified_time\" content=\"2025-05-12T13:33:43+00:00\" \/>\n<meta property=\"og:image\" content=\"https:\/\/futbolhoy.co\/wp-content\/uploads\/2025\/05\/Luchini-1024x551.png\" \/>\n\t<meta property=\"og:image:width\" content=\"1024\" \/>\n\t<meta property=\"og:image:height\" content=\"551\" \/>\n\t<meta property=\"og:image:type\" content=\"image\/png\" \/>\n<meta name=\"author\" content=\"contenido\" \/>\n<meta name=\"twitter:card\" content=\"summary_large_image\" \/>\n<meta name=\"twitter:creator\" content=\"@FutbolHoyCol\" \/>\n<meta name=\"twitter:site\" content=\"@FutbolHoyCol\" \/>\n<meta name=\"twitter:label1\" content=\"Escrito por\" \/>\n\t<meta name=\"twitter:data1\" content=\"contenido\" \/>\n\t<meta name=\"twitter:label2\" content=\"Tiempo de lectura\" \/>\n\t<meta name=\"twitter:data2\" content=\"1 minuto\" \/>\n<script type=\"application\/ld+json\" class=\"yoast-schema-graph\">{\"@context\":\"https:\/\/schema.org\",\"@graph\":[{\"@type\":\"Article\",\"@id\":\"https:\/\/futbolhoy.co\/index.php\/2025\/05\/11\/por-mi-me-quedaria-muchos-anos-luis-diaz-sobre-su-presencia-en-liverpool\/#article\",\"isPartOf\":{\"@id\":\"https:\/\/futbolhoy.co\/index.php\/2025\/05\/11\/por-mi-me-quedaria-muchos-anos-luis-diaz-sobre-su-presencia-en-liverpool\/\"},\"author\":{\"name\":\"contenido\",\"@id\":\"https:\/\/futbolhoy.co\/#\/schema\/person\/1721b69355b6623eaff15ac7b92d4cc3\"},\"headline\":\"\u201cPor m\u00ed me quedar\u00eda muchos a\u00f1os\u201d, Luis D\u00edaz sobre su presencia en Liverpool\",\"datePublished\":\"2025-05-11T21:32:47+00:00\",\"dateModified\":\"2025-05-12T13:33:43+00:00\",\"mainEntityOfPage\":{\"@id\":\"https:\/\/futbolhoy.co\/index.php\/2025\/05\/11\/por-mi-me-quedaria-muchos-anos-luis-diaz-sobre-su-presencia-en-liverpool\/\"},\"wordCount\":174,\"commentCount\":0,\"publisher\":{\"@id\":\"https:\/\/futbolhoy.co\/#organization\"},\"image\":{\"@id\":\"https:\/\/futbolhoy.co\/index.php\/2025\/05\/11\/por-mi-me-quedaria-muchos-anos-luis-diaz-sobre-su-presencia-en-liverpool\/#primaryimage\"},\"thumbnailUrl\":\"https:\/\/futbolhoy.co\/wp-content\/uploads\/2025\/05\/Luchini.png\",\"articleSection\":[\"Colombia\"],\"inLanguage\":\"es\",\"potentialAction\":[{\"@type\":\"CommentAction\",\"name\":\"Comment\",\"target\":[\"https:\/\/futbolhoy.co\/index.php\/2025\/05\/11\/por-mi-me-quedaria-muchos-anos-luis-diaz-sobre-su-presencia-en-liverpool\/#respond\"]}]},{\"@type\":\"WebPage\",\"@id\":\"https:\/\/futbolhoy.co\/index.php\/2025\/05\/11\/por-mi-me-quedaria-muchos-anos-luis-diaz-sobre-su-presencia-en-liverpool\/\",\"url\":\"https:\/\/futbolhoy.co\/index.php\/2025\/05\/11\/por-mi-me-quedaria-muchos-anos-luis-diaz-sobre-su-presencia-en-liverpool\/\",\"name\":\"\u201cPor m\u00ed me quedar\u00eda muchos a\u00f1os\u201d, Luis D\u00edaz sobre su presencia en Liverpool -\",\"isPartOf\":{\"@id\":\"https:\/\/futbolhoy.co\/#website\"},\"primaryImageOfPage\":{\"@id\":\"https:\/\/futbolhoy.co\/index.php\/2025\/05\/11\/por-mi-me-quedaria-muchos-anos-luis-diaz-sobre-su-presencia-en-liverpool\/#primaryimage\"},\"image\":{\"@id\":\"https:\/\/futbolhoy.co\/index.php\/2025\/05\/11\/por-mi-me-quedaria-muchos-anos-luis-diaz-sobre-su-presencia-en-liverpool\/#primaryimage\"},\"thumbnailUrl\":\"https:\/\/futbolhoy.co\/wp-content\/uploads\/2025\/05\/Luchini.png\",\"datePublished\":\"2025-05-11T21:32:47+00:00\",\"dateModified\":\"2025-05-12T13:33:43+00:00\",\"breadcrumb\":{\"@id\":\"https:\/\/futbolhoy.co\/index.php\/2025\/05\/11\/por-mi-me-quedaria-muchos-anos-luis-diaz-sobre-su-presencia-en-liverpool\/#breadcrumb\"},\"inLanguage\":\"es\",\"potentialAction\":[{\"@type\":\"ReadAction\",\"target\":[\"https:\/\/futbolhoy.co\/index.php\/2025\/05\/11\/por-mi-me-quedaria-muchos-anos-luis-diaz-sobre-su-presencia-en-liverpool\/\"]}]},{\"@type\":\"ImageObject\",\"inLanguage\":\"es\",\"@id\":\"https:\/\/futbolhoy.co\/index.php\/2025\/05\/11\/por-mi-me-quedaria-muchos-anos-luis-diaz-sobre-su-presencia-en-liverpool\/#primaryimage\",\"url\":\"https:\/\/futbolhoy.co\/wp-content\/uploads\/2025\/05\/Luchini.png\",\"contentUrl\":\"https:\/\/futbolhoy.co\/wp-content\/uploads\/2025\/05\/Luchini.png\",\"width\":1601,\"height\":861},{\"@type\":\"BreadcrumbList\",\"@id\":\"https:\/\/futbolhoy.co\/index.php\/2025\/05\/11\/por-mi-me-quedaria-muchos-anos-luis-diaz-sobre-su-presencia-en-liverpool\/#breadcrumb\",\"itemListElement\":[{\"@type\":\"ListItem\",\"position\":1,\"name\":\"Portada\",\"item\":\"https:\/\/futbolhoy.co\/\"},{\"@type\":\"ListItem\",\"position\":2,\"name\":\"\u201cPor m\u00ed me quedar\u00eda muchos a\u00f1os\u201d, Luis D\u00edaz sobre su presencia en Liverpool\"}]},{\"@type\":\"WebSite\",\"@id\":\"https:\/\/futbolhoy.co\/#website\",\"url\":\"https:\/\/futbolhoy.co\/\",\"name\":\"FutbolHoy\",\"description\":\"\",\"publisher\":{\"@id\":\"https:\/\/futbolhoy.co\/#organization\"},\"potentialAction\":[{\"@type\":\"SearchAction\",\"target\":{\"@type\":\"EntryPoint\",\"urlTemplate\":\"https:\/\/futbolhoy.co\/?s={search_term_string}\"},\"query-input\":{\"@type\":\"PropertyValueSpecification\",\"valueRequired\":true,\"valueName\":\"search_term_string\"}}],\"inLanguage\":\"es\"},{\"@type\":\"Organization\",\"@id\":\"https:\/\/futbolhoy.co\/#organization\",\"name\":\"Futbolhoy.co\",\"url\":\"https:\/\/futbolhoy.co\/\",\"logo\":{\"@type\":\"ImageObject\",\"inLanguage\":\"es\",\"@id\":\"https:\/\/futbolhoy.co\/#\/schema\/logo\/image\/\",\"url\":\"https:\/\/futbolhoy.co\/wp-content\/uploads\/2018\/08\/17426380_1906371736249227_6326180412931521141_n.jpg\",\"contentUrl\":\"https:\/\/futbolhoy.co\/wp-content\/uploads\/2018\/08\/17426380_1906371736249227_6326180412931521141_n.jpg\",\"width\":960,\"height\":960,\"caption\":\"Futbolhoy.co\"},\"image\":{\"@id\":\"https:\/\/futbolhoy.co\/#\/schema\/logo\/image\/\"},\"sameAs\":[\"https:\/\/www.facebook.com\/FutbolHoyCol\/\",\"https:\/\/x.com\/FutbolHoyCol\",\"https:\/\/www.instagram.com\/futbolhoycol\/\"]},{\"@type\":\"Person\",\"@id\":\"https:\/\/futbolhoy.co\/#\/schema\/person\/1721b69355b6623eaff15ac7b92d4cc3\",\"name\":\"contenido\",\"image\":{\"@type\":\"ImageObject\",\"inLanguage\":\"es\",\"@id\":\"https:\/\/futbolhoy.co\/#\/schema\/person\/image\/\",\"url\":\"https:\/\/secure.gravatar.com\/avatar\/4f656d3256f5134f466206e7c3941518?s=96&d=mm&r=g\",\"contentUrl\":\"https:\/\/secure.gravatar.com\/avatar\/4f656d3256f5134f466206e7c3941518?s=96&d=mm&r=g\",\"caption\":\"contenido\"}}]}<\/script>\n<!-- \/ Yoast SEO plugin. -->","yoast_head_json":{"title":"\u201cPor m\u00ed me quedar\u00eda muchos a\u00f1os\u201d, Luis D\u00edaz sobre su presencia en Liverpool -","robots":{"index":"index","follow":"follow","max-snippet":"max-snippet:-1","max-image-preview":"max-image-preview:large","max-video-preview":"max-video-preview:-1"},"canonical":"https:\/\/futbolhoy.co\/index.php\/2025\/05\/11\/por-mi-me-quedaria-muchos-anos-luis-diaz-sobre-su-presencia-en-liverpool\/","og_locale":"es_ES","og_type":"article","og_title":"\u201cPor m\u00ed me quedar\u00eda muchos a\u00f1os\u201d, Luis D\u00edaz sobre su presencia en Liverpool -","og_description":"El delantero colombiano Luis D\u00edaz,\u00a0que marc\u00f3 el primer gol del\u00a0Liverpool\u00a0en el empate 2.2 con el\u00a0Arsenal\u00a0en la jornada 36 de la\u00a0Liga Premier, se refiri\u00f3 a su continuidad en el club campe\u00f3n y mostr\u00f3 su intenci\u00f3n de ampliar su actual v\u00ednculo, que se extiende hasta junio de 2027. \"Estoy feliz, desde el primer d\u00eda que llegu\u00e9 siempre [&hellip;]","og_url":"https:\/\/futbolhoy.co\/index.php\/2025\/05\/11\/por-mi-me-quedaria-muchos-anos-luis-diaz-sobre-su-presencia-en-liverpool\/","article_publisher":"https:\/\/www.facebook.com\/FutbolHoyCol\/","article_published_time":"2025-05-11T21:32:47+00:00","article_modified_time":"2025-05-12T13:33:43+00:00","og_image":[{"width":1024,"height":551,"url":"https:\/\/futbolhoy.co\/wp-content\/uploads\/2025\/05\/Luchini-1024x551.png","type":"image\/png"}],"author":"contenido","twitter_card":"summary_large_image","twitter_creator":"@FutbolHoyCol","twitter_site":"@FutbolHoyCol","twitter_misc":{"Escrito por":"contenido","Tiempo de lectura":"1 minuto"},"schema":{"@context":"https:\/\/schema.org","@graph":[{"@type":"Article","@id":"https:\/\/futbolhoy.co\/index.php\/2025\/05\/11\/por-mi-me-quedaria-muchos-anos-luis-diaz-sobre-su-presencia-en-liverpool\/#article","isPartOf":{"@id":"https:\/\/futbolhoy.co\/index.php\/2025\/05\/11\/por-mi-me-quedaria-muchos-anos-luis-diaz-sobre-su-presencia-en-liverpool\/"},"author":{"name":"contenido","@id":"https:\/\/futbolhoy.co\/#\/schema\/person\/1721b69355b6623eaff15ac7b92d4cc3"},"headline":"\u201cPor m\u00ed me quedar\u00eda muchos a\u00f1os\u201d, Luis D\u00edaz sobre su presencia en Liverpool","datePublished":"2025-05-11T21:32:47+00:00","dateModified":"2025-05-12T13:33:43+00:00","mainEntityOfPage":{"@id":"https:\/\/futbolhoy.co\/index.php\/2025\/05\/11\/por-mi-me-quedaria-muchos-anos-luis-diaz-sobre-su-presencia-en-liverpool\/"},"wordCount":174,"commentCount":0,"publisher":{"@id":"https:\/\/futbolhoy.co\/#organization"},"image":{"@id":"https:\/\/futbolhoy.co\/index.php\/2025\/05\/11\/por-mi-me-quedaria-muchos-anos-luis-diaz-sobre-su-presencia-en-liverpool\/#primaryimage"},"thumbnailUrl":"https:\/\/futbolhoy.co\/wp-content\/uploads\/2025\/05\/Luchini.png","articleSection":["Colombia"],"inLanguage":"es","potentialAction":[{"@type":"CommentAction","name":"Comment","target":["https:\/\/futbolhoy.co\/index.php\/2025\/05\/11\/por-mi-me-quedaria-muchos-anos-luis-diaz-sobre-su-presencia-en-liverpool\/#respond"]}]},{"@type":"WebPage","@id":"https:\/\/futbolhoy.co\/index.php\/2025\/05\/11\/por-mi-me-quedaria-muchos-anos-luis-diaz-sobre-su-presencia-en-liverpool\/","url":"https:\/\/futbolhoy.co\/index.php\/2025\/05\/11\/por-mi-me-quedaria-muchos-anos-luis-diaz-sobre-su-presencia-en-liverpool\/","name":"\u201cPor m\u00ed me quedar\u00eda muchos a\u00f1os\u201d, Luis D\u00edaz sobre su presencia en Liverpool -","isPartOf":{"@id":"https:\/\/futbolhoy.co\/#website"},"primaryImageOfPage":{"@id":"https:\/\/futbolhoy.co\/index.php\/2025\/05\/11\/por-mi-me-quedaria-muchos-anos-luis-diaz-sobre-su-presencia-en-liverpool\/#primaryimage"},"image":{"@id":"https:\/\/futbolhoy.co\/index.php\/2025\/05\/11\/por-mi-me-quedaria-muchos-anos-luis-diaz-sobre-su-presencia-en-liverpool\/#primaryimage"},"thumbnailUrl":"https:\/\/futbolhoy.co\/wp-content\/uploads\/2025\/05\/Luchini.png","datePublished":"2025-05-11T21:32:47+00:00","dateModified":"2025-05-12T13:33:43+00:00","breadcrumb":{"@id":"https:\/\/futbolhoy.co\/index.php\/2025\/05\/11\/por-mi-me-quedaria-muchos-anos-luis-diaz-sobre-su-presencia-en-liverpool\/#breadcrumb"},"inLanguage":"es","potentialAction":[{"@type":"ReadAction","target":["https:\/\/futbolhoy.co\/index.php\/2025\/05\/11\/por-mi-me-quedaria-muchos-anos-luis-diaz-sobre-su-presencia-en-liverpool\/"]}]},{"@type":"ImageObject","inLanguage":"es","@id":"https:\/\/futbolhoy.co\/index.php\/2025\/05\/11\/por-mi-me-quedaria-muchos-anos-luis-diaz-sobre-su-presencia-en-liverpool\/#primaryimage","url":"https:\/\/futbolhoy.co\/wp-content\/uploads\/2025\/05\/Luchini.png","contentUrl":"https:\/\/futbolhoy.co\/wp-content\/uploads\/2025\/05\/Luchini.png","width":1601,"height":861},{"@type":"BreadcrumbList","@id":"https:\/\/futbolhoy.co\/index.php\/2025\/05\/11\/por-mi-me-quedaria-muchos-anos-luis-diaz-sobre-su-presencia-en-liverpool\/#breadcrumb","itemListElement":[{"@type":"ListItem","position":1,"name":"Portada","item":"https:\/\/futbolhoy.co\/"},{"@type":"ListItem","position":2,"name":"\u201cPor m\u00ed me quedar\u00eda muchos a\u00f1os\u201d, Luis D\u00edaz sobre su presencia en Liverpool"}]},{"@type":"WebSite","@id":"https:\/\/futbolhoy.co\/#website","url":"https:\/\/futbolhoy.co\/","name":"FutbolHoy","description":"","publisher":{"@id":"https:\/\/futbolhoy.co\/#organization"},"potentialAction":[{"@type":"SearchAction","target":{"@type":"EntryPoint","urlTemplate":"https:\/\/futbolhoy.co\/?s={search_term_string}"},"query-input":{"@type":"PropertyValueSpecification","valueRequired":true,"valueName":"search_term_string"}}],"inLanguage":"es"},{"@type":"Organization","@id":"https:\/\/futbolhoy.co\/#organization","name":"Futbolhoy.co","url":"https:\/\/futbolhoy.co\/","logo":{"@type":"ImageObject","inLanguage":"es","@id":"https:\/\/futbolhoy.co\/#\/schema\/logo\/image\/","url":"https:\/\/futbolhoy.co\/wp-content\/uploads\/2018\/08\/17426380_1906371736249227_6326180412931521141_n.jpg","contentUrl":"https:\/\/futbolhoy.co\/wp-content\/uploads\/2018\/08\/17426380_1906371736249227_6326180412931521141_n.jpg","width":960,"height":960,"caption":"Futbolhoy.co"},"image":{"@id":"https:\/\/futbolhoy.co\/#\/schema\/logo\/image\/"},"sameAs":["https:\/\/www.facebook.com\/FutbolHoyCol\/","https:\/\/x.com\/FutbolHoyCol","https:\/\/www.instagram.com\/futbolhoycol\/"]},{"@type":"Person","@id":"https:\/\/futbolhoy.co\/#\/schema\/person\/1721b69355b6623eaff15ac7b92d4cc3","name":"contenido","image":{"@type":"ImageObject","inLanguage":"es","@id":"https:\/\/futbolhoy.co\/#\/schema\/person\/image\/","url":"https:\/\/secure.gravatar.com\/avatar\/4f656d3256f5134f466206e7c3941518?s=96&d=mm&r=g","contentUrl":"https:\/\/secure.gravatar.com\/avatar\/4f656d3256f5134f466206e7c3941518?s=96&d=mm&r=g","caption":"contenido"}}]}},"publishpress_future_action":{"enabled":false,"date":"2026-05-02 03:53:20","action":"change-status","newStatus":"draft","terms":[],"taxonomy":"category","extraData":[]},"publishpress_future_workflow_manual_trigger":{"enabledWorkflows":[]},"_links":{"self":[{"href":"https:\/\/futbolhoy.co\/index.php\/wp-json\/wp\/v2\/posts\/119279","targetHints":{"allow":["GET"]}}],"collection":[{"href":"https:\/\/futbolhoy.co\/index.php\/wp-json\/wp\/v2\/posts"}],"about":[{"href":"https:\/\/futbolhoy.co\/index.php\/wp-json\/wp\/v2\/types\/post"}],"author":[{"embeddable":true,"href":"https:\/\/futbolhoy.co\/index.php\/wp-json\/wp\/v2\/users\/4"}],"replies":[{"embeddable":true,"href":"https:\/\/futbolhoy.co\/index.php\/wp-json\/wp\/v2\/comments?post=119279"}],"version-history":[{"count":1,"href":"https:\/\/futbolhoy.co\/index.php\/wp-json\/wp\/v2\/posts\/119279\/revisions"}],"predecessor-version":[{"id":119281,"href":"https:\/\/futbolhoy.co\/index.php\/wp-json\/wp\/v2\/posts\/119279\/revisions\/119281"}],"wp:featuredmedia":[{"embeddable":true,"href":"https:\/\/futbolhoy.co\/index.php\/wp-json\/wp\/v2\/media\/119280"}],"wp:attachment":[{"href":"https:\/\/futbolhoy.co\/index.php\/wp-json\/wp\/v2\/media?parent=119279"}],"wp:term":[{"taxonomy":"category","embeddable":true,"href":"https:\/\/futbolhoy.co\/index.php\/wp-json\/wp\/v2\/categories?post=119279"},{"taxonomy":"post_tag","embeddable":true,"href":"https:\/\/futbolhoy.co\/index.php\/wp-json\/wp\/v2\/tags?post=119279"}],"curies":[{"name":"wp","href":"https:\/\/api.w.org\/{rel}","templated":true}]}}