{"id":119282,"date":"2025-05-11T15:33:22","date_gmt":"2025-05-11T20:33:22","guid":{"rendered":"https:\/\/futbolhoy.co\/?p=119282"},"modified":"2025-05-12T08:25:06","modified_gmt":"2025-05-12T13:25:06","slug":"demichelis-no-es-mas-el-tecnico-de-monterrey","status":"publish","type":"post","link":"https:\/\/futbolhoy.co\/index.php\/2025\/05\/11\/demichelis-no-es-mas-el-tecnico-de-monterrey\/","title":{"rendered":"Demichelis no es m\u00e1s el t\u00e9cnico de Monterrey"},"content":{"rendered":"<p class=\"x_ydp6f829d6MsoNormal\" style=\"text-align: justify;\"><span style=\"font-family: helvetica, arial, sans-serif;\" data-olk-copy-source=\"MessageBody\">El argentino\u00a0<b>Mart\u00edn Demichelis (44) dej\u00f3 de ser el entrenador de Rayados de Monterrey en M\u00e9xico<\/b>, luego de la eliminaci\u00f3n en los cuartos de final del torneo Clausura de la Liga MX.<\/span><\/p>\n<p class=\"x_ydp6f829d6MsoNormal\" style=\"text-align: justify;\"><span style=\"font-family: helvetica, arial, sans-serif;\">El equipo dio a conocer la noticia en un comunicado difundido en sus redes sociales en la que agradeci\u00f3 el trabajo del t\u00e9cnico, quien asumi\u00f3 el banquillo de los Rayados en agosto pasado.<\/span><\/p>\n<p class=\"x_ydp6f829d6MsoNormal\" style=\"text-align: justify;\"><span style=\"font-family: helvetica, arial, sans-serif;\">En 43 partidos, Demichelis alcanz\u00f3\u00a0<b>20 victorias, 11 empates y 12 derrotas, para un rendimiento del 55 %.<\/b><\/span><\/p>\n<p class=\"x_ydp6f829d6MsoNormal\" style=\"text-align: justify;\"><span style=\"font-family: helvetica, arial, sans-serif;\">Monterrey no dio pistas sobre qui\u00e9n ser\u00e1 su pr\u00f3ximo director t\u00e9cnico, que tendr\u00e1 la tarea de conducir al equipo en el\u00a0<b>Mundial de Clubes<\/b>\u00a0que se disputar\u00e1 del 15 de junio al 13 de julio.<\/span><\/p>\n<p class=\"x_ydp6f829d6MsoNormal\" style=\"text-align: justify;\"><span style=\"font-family: helvetica, arial, sans-serif;\">Los Rayados comparten el grupo E con\u00a0<b>River Plate argentino, el Urawa Red Diamonds japon\u00e9s y el Inter de Mil\u00e1n italiano.<\/b><\/span><\/p>\n<p class=\"x_ydp6f829d6MsoNormal\" style=\"text-align: justify;\"><span style=\"font-family: helvetica, arial, sans-serif;\">En el equipo de Monterrey militan los colombianos\u00a0<b>Stefan Medina y Nelson Deossa.<\/b><\/span><\/p>\n","protected":false},"excerpt":{"rendered":"<p>El argentino\u00a0Mart\u00edn Demichelis (44) dej\u00f3 de ser el entrenador de Rayados de Monterrey en M\u00e9xico, luego de la eliminaci\u00f3n en los cuartos de final del torneo Clausura de la Liga MX. El equipo dio a conocer la noticia en un comunicado difundido en sus redes sociales en la que agradeci\u00f3 el trabajo del t\u00e9cnico, quien [&hellip;]<\/p>\n","protected":false},"author":4,"featured_media":119283,"comment_status":"open","ping_status":"open","sticky":false,"template":"","format":"standard","meta":{"_acf_changed":false,"footnotes":""},"categories":[152],"tags":[],"class_list":{"0":"post-119282","1":"post","2":"type-post","3":"status-publish","4":"format-standard","5":"has-post-thumbnail","7":"category-mundo-futbol"},"acf":[],"yoast_head":"<!-- This site is optimized with the Yoast SEO plugin v26.8 - https:\/\/yoast.com\/product\/yoast-seo-wordpress\/ -->\n<title>Demichelis no es m\u00e1s el t\u00e9cnico de Monterrey -<\/title>\n<meta name=\"robots\" content=\"index, follow, max-snippet:-1, max-image-preview:large, max-video-preview:-1\" \/>\n<link rel=\"canonical\" href=\"https:\/\/futbolhoy.co\/index.php\/2025\/05\/11\/demichelis-no-es-mas-el-tecnico-de-monterrey\/\" \/>\n<meta property=\"og:locale\" content=\"es_ES\" \/>\n<meta property=\"og:type\" content=\"article\" \/>\n<meta property=\"og:title\" content=\"Demichelis no es m\u00e1s el t\u00e9cnico de Monterrey -\" \/>\n<meta property=\"og:description\" content=\"El argentino\u00a0Mart\u00edn Demichelis (44) dej\u00f3 de ser el entrenador de Rayados de Monterrey en M\u00e9xico, luego de la eliminaci\u00f3n en los cuartos de final del torneo Clausura de la Liga MX. El equipo dio a conocer la noticia en un comunicado difundido en sus redes sociales en la que agradeci\u00f3 el trabajo del t\u00e9cnico, quien [&hellip;]\" \/>\n<meta property=\"og:url\" content=\"https:\/\/futbolhoy.co\/index.php\/2025\/05\/11\/demichelis-no-es-mas-el-tecnico-de-monterrey\/\" \/>\n<meta property=\"article:publisher\" content=\"https:\/\/www.facebook.com\/FutbolHoyCol\/\" \/>\n<meta property=\"article:published_time\" content=\"2025-05-11T20:33:22+00:00\" \/>\n<meta property=\"article:modified_time\" content=\"2025-05-12T13:25:06+00:00\" \/>\n<meta property=\"og:image\" content=\"https:\/\/futbolhoy.co\/wp-content\/uploads\/2025\/05\/GWRnRtGXoAEs-tY-1024x683.jpg\" \/>\n\t<meta property=\"og:image:width\" content=\"1024\" \/>\n\t<meta property=\"og:image:height\" content=\"683\" \/>\n\t<meta property=\"og:image:type\" content=\"image\/jpeg\" \/>\n<meta name=\"author\" content=\"contenido\" \/>\n<meta name=\"twitter:card\" content=\"summary_large_image\" \/>\n<meta name=\"twitter:creator\" content=\"@FutbolHoyCol\" \/>\n<meta name=\"twitter:site\" content=\"@FutbolHoyCol\" \/>\n<meta name=\"twitter:label1\" content=\"Escrito por\" \/>\n\t<meta name=\"twitter:data1\" content=\"contenido\" \/>\n\t<meta name=\"twitter:label2\" content=\"Tiempo de lectura\" \/>\n\t<meta name=\"twitter:data2\" content=\"1 minuto\" \/>\n<script type=\"application\/ld+json\" class=\"yoast-schema-graph\">{\"@context\":\"https:\/\/schema.org\",\"@graph\":[{\"@type\":\"Article\",\"@id\":\"https:\/\/futbolhoy.co\/index.php\/2025\/05\/11\/demichelis-no-es-mas-el-tecnico-de-monterrey\/#article\",\"isPartOf\":{\"@id\":\"https:\/\/futbolhoy.co\/index.php\/2025\/05\/11\/demichelis-no-es-mas-el-tecnico-de-monterrey\/\"},\"author\":{\"name\":\"contenido\",\"@id\":\"https:\/\/futbolhoy.co\/#\/schema\/person\/1721b69355b6623eaff15ac7b92d4cc3\"},\"headline\":\"Demichelis no es m\u00e1s el t\u00e9cnico de Monterrey\",\"datePublished\":\"2025-05-11T20:33:22+00:00\",\"dateModified\":\"2025-05-12T13:25:06+00:00\",\"mainEntityOfPage\":{\"@id\":\"https:\/\/futbolhoy.co\/index.php\/2025\/05\/11\/demichelis-no-es-mas-el-tecnico-de-monterrey\/\"},\"wordCount\":162,\"commentCount\":0,\"publisher\":{\"@id\":\"https:\/\/futbolhoy.co\/#organization\"},\"image\":{\"@id\":\"https:\/\/futbolhoy.co\/index.php\/2025\/05\/11\/demichelis-no-es-mas-el-tecnico-de-monterrey\/#primaryimage\"},\"thumbnailUrl\":\"https:\/\/futbolhoy.co\/wp-content\/uploads\/2025\/05\/GWRnRtGXoAEs-tY.jpg\",\"articleSection\":[\"Mundo Futbol\"],\"inLanguage\":\"es\",\"potentialAction\":[{\"@type\":\"CommentAction\",\"name\":\"Comment\",\"target\":[\"https:\/\/futbolhoy.co\/index.php\/2025\/05\/11\/demichelis-no-es-mas-el-tecnico-de-monterrey\/#respond\"]}]},{\"@type\":\"WebPage\",\"@id\":\"https:\/\/futbolhoy.co\/index.php\/2025\/05\/11\/demichelis-no-es-mas-el-tecnico-de-monterrey\/\",\"url\":\"https:\/\/futbolhoy.co\/index.php\/2025\/05\/11\/demichelis-no-es-mas-el-tecnico-de-monterrey\/\",\"name\":\"Demichelis no es m\u00e1s el t\u00e9cnico de Monterrey -\",\"isPartOf\":{\"@id\":\"https:\/\/futbolhoy.co\/#website\"},\"primaryImageOfPage\":{\"@id\":\"https:\/\/futbolhoy.co\/index.php\/2025\/05\/11\/demichelis-no-es-mas-el-tecnico-de-monterrey\/#primaryimage\"},\"image\":{\"@id\":\"https:\/\/futbolhoy.co\/index.php\/2025\/05\/11\/demichelis-no-es-mas-el-tecnico-de-monterrey\/#primaryimage\"},\"thumbnailUrl\":\"https:\/\/futbolhoy.co\/wp-content\/uploads\/2025\/05\/GWRnRtGXoAEs-tY.jpg\",\"datePublished\":\"2025-05-11T20:33:22+00:00\",\"dateModified\":\"2025-05-12T13:25:06+00:00\",\"breadcrumb\":{\"@id\":\"https:\/\/futbolhoy.co\/index.php\/2025\/05\/11\/demichelis-no-es-mas-el-tecnico-de-monterrey\/#breadcrumb\"},\"inLanguage\":\"es\",\"potentialAction\":[{\"@type\":\"ReadAction\",\"target\":[\"https:\/\/futbolhoy.co\/index.php\/2025\/05\/11\/demichelis-no-es-mas-el-tecnico-de-monterrey\/\"]}]},{\"@type\":\"ImageObject\",\"inLanguage\":\"es\",\"@id\":\"https:\/\/futbolhoy.co\/index.php\/2025\/05\/11\/demichelis-no-es-mas-el-tecnico-de-monterrey\/#primaryimage\",\"url\":\"https:\/\/futbolhoy.co\/wp-content\/uploads\/2025\/05\/GWRnRtGXoAEs-tY.jpg\",\"contentUrl\":\"https:\/\/futbolhoy.co\/wp-content\/uploads\/2025\/05\/GWRnRtGXoAEs-tY.jpg\",\"width\":2048,\"height\":1365},{\"@type\":\"BreadcrumbList\",\"@id\":\"https:\/\/futbolhoy.co\/index.php\/2025\/05\/11\/demichelis-no-es-mas-el-tecnico-de-monterrey\/#breadcrumb\",\"itemListElement\":[{\"@type\":\"ListItem\",\"position\":1,\"name\":\"Portada\",\"item\":\"https:\/\/futbolhoy.co\/\"},{\"@type\":\"ListItem\",\"position\":2,\"name\":\"Demichelis no es m\u00e1s el t\u00e9cnico de Monterrey\"}]},{\"@type\":\"WebSite\",\"@id\":\"https:\/\/futbolhoy.co\/#website\",\"url\":\"https:\/\/futbolhoy.co\/\",\"name\":\"FutbolHoy\",\"description\":\"\",\"publisher\":{\"@id\":\"https:\/\/futbolhoy.co\/#organization\"},\"potentialAction\":[{\"@type\":\"SearchAction\",\"target\":{\"@type\":\"EntryPoint\",\"urlTemplate\":\"https:\/\/futbolhoy.co\/?s={search_term_string}\"},\"query-input\":{\"@type\":\"PropertyValueSpecification\",\"valueRequired\":true,\"valueName\":\"search_term_string\"}}],\"inLanguage\":\"es\"},{\"@type\":\"Organization\",\"@id\":\"https:\/\/futbolhoy.co\/#organization\",\"name\":\"Futbolhoy.co\",\"url\":\"https:\/\/futbolhoy.co\/\",\"logo\":{\"@type\":\"ImageObject\",\"inLanguage\":\"es\",\"@id\":\"https:\/\/futbolhoy.co\/#\/schema\/logo\/image\/\",\"url\":\"https:\/\/futbolhoy.co\/wp-content\/uploads\/2018\/08\/17426380_1906371736249227_6326180412931521141_n.jpg\",\"contentUrl\":\"https:\/\/futbolhoy.co\/wp-content\/uploads\/2018\/08\/17426380_1906371736249227_6326180412931521141_n.jpg\",\"width\":960,\"height\":960,\"caption\":\"Futbolhoy.co\"},\"image\":{\"@id\":\"https:\/\/futbolhoy.co\/#\/schema\/logo\/image\/\"},\"sameAs\":[\"https:\/\/www.facebook.com\/FutbolHoyCol\/\",\"https:\/\/x.com\/FutbolHoyCol\",\"https:\/\/www.instagram.com\/futbolhoycol\/\"]},{\"@type\":\"Person\",\"@id\":\"https:\/\/futbolhoy.co\/#\/schema\/person\/1721b69355b6623eaff15ac7b92d4cc3\",\"name\":\"contenido\",\"image\":{\"@type\":\"ImageObject\",\"inLanguage\":\"es\",\"@id\":\"https:\/\/futbolhoy.co\/#\/schema\/person\/image\/\",\"url\":\"https:\/\/secure.gravatar.com\/avatar\/4f656d3256f5134f466206e7c3941518?s=96&d=mm&r=g\",\"contentUrl\":\"https:\/\/secure.gravatar.com\/avatar\/4f656d3256f5134f466206e7c3941518?s=96&d=mm&r=g\",\"caption\":\"contenido\"}}]}<\/script>\n<!-- \/ Yoast SEO plugin. -->","yoast_head_json":{"title":"Demichelis no es m\u00e1s el t\u00e9cnico de Monterrey -","robots":{"index":"index","follow":"follow","max-snippet":"max-snippet:-1","max-image-preview":"max-image-preview:large","max-video-preview":"max-video-preview:-1"},"canonical":"https:\/\/futbolhoy.co\/index.php\/2025\/05\/11\/demichelis-no-es-mas-el-tecnico-de-monterrey\/","og_locale":"es_ES","og_type":"article","og_title":"Demichelis no es m\u00e1s el t\u00e9cnico de Monterrey -","og_description":"El argentino\u00a0Mart\u00edn Demichelis (44) dej\u00f3 de ser el entrenador de Rayados de Monterrey en M\u00e9xico, luego de la eliminaci\u00f3n en los cuartos de final del torneo Clausura de la Liga MX. El equipo dio a conocer la noticia en un comunicado difundido en sus redes sociales en la que agradeci\u00f3 el trabajo del t\u00e9cnico, quien [&hellip;]","og_url":"https:\/\/futbolhoy.co\/index.php\/2025\/05\/11\/demichelis-no-es-mas-el-tecnico-de-monterrey\/","article_publisher":"https:\/\/www.facebook.com\/FutbolHoyCol\/","article_published_time":"2025-05-11T20:33:22+00:00","article_modified_time":"2025-05-12T13:25:06+00:00","og_image":[{"width":1024,"height":683,"url":"https:\/\/futbolhoy.co\/wp-content\/uploads\/2025\/05\/GWRnRtGXoAEs-tY-1024x683.jpg","type":"image\/jpeg"}],"author":"contenido","twitter_card":"summary_large_image","twitter_creator":"@FutbolHoyCol","twitter_site":"@FutbolHoyCol","twitter_misc":{"Escrito por":"contenido","Tiempo de lectura":"1 minuto"},"schema":{"@context":"https:\/\/schema.org","@graph":[{"@type":"Article","@id":"https:\/\/futbolhoy.co\/index.php\/2025\/05\/11\/demichelis-no-es-mas-el-tecnico-de-monterrey\/#article","isPartOf":{"@id":"https:\/\/futbolhoy.co\/index.php\/2025\/05\/11\/demichelis-no-es-mas-el-tecnico-de-monterrey\/"},"author":{"name":"contenido","@id":"https:\/\/futbolhoy.co\/#\/schema\/person\/1721b69355b6623eaff15ac7b92d4cc3"},"headline":"Demichelis no es m\u00e1s el t\u00e9cnico de Monterrey","datePublished":"2025-05-11T20:33:22+00:00","dateModified":"2025-05-12T13:25:06+00:00","mainEntityOfPage":{"@id":"https:\/\/futbolhoy.co\/index.php\/2025\/05\/11\/demichelis-no-es-mas-el-tecnico-de-monterrey\/"},"wordCount":162,"commentCount":0,"publisher":{"@id":"https:\/\/futbolhoy.co\/#organization"},"image":{"@id":"https:\/\/futbolhoy.co\/index.php\/2025\/05\/11\/demichelis-no-es-mas-el-tecnico-de-monterrey\/#primaryimage"},"thumbnailUrl":"https:\/\/futbolhoy.co\/wp-content\/uploads\/2025\/05\/GWRnRtGXoAEs-tY.jpg","articleSection":["Mundo Futbol"],"inLanguage":"es","potentialAction":[{"@type":"CommentAction","name":"Comment","target":["https:\/\/futbolhoy.co\/index.php\/2025\/05\/11\/demichelis-no-es-mas-el-tecnico-de-monterrey\/#respond"]}]},{"@type":"WebPage","@id":"https:\/\/futbolhoy.co\/index.php\/2025\/05\/11\/demichelis-no-es-mas-el-tecnico-de-monterrey\/","url":"https:\/\/futbolhoy.co\/index.php\/2025\/05\/11\/demichelis-no-es-mas-el-tecnico-de-monterrey\/","name":"Demichelis no es m\u00e1s el t\u00e9cnico de Monterrey -","isPartOf":{"@id":"https:\/\/futbolhoy.co\/#website"},"primaryImageOfPage":{"@id":"https:\/\/futbolhoy.co\/index.php\/2025\/05\/11\/demichelis-no-es-mas-el-tecnico-de-monterrey\/#primaryimage"},"image":{"@id":"https:\/\/futbolhoy.co\/index.php\/2025\/05\/11\/demichelis-no-es-mas-el-tecnico-de-monterrey\/#primaryimage"},"thumbnailUrl":"https:\/\/futbolhoy.co\/wp-content\/uploads\/2025\/05\/GWRnRtGXoAEs-tY.jpg","datePublished":"2025-05-11T20:33:22+00:00","dateModified":"2025-05-12T13:25:06+00:00","breadcrumb":{"@id":"https:\/\/futbolhoy.co\/index.php\/2025\/05\/11\/demichelis-no-es-mas-el-tecnico-de-monterrey\/#breadcrumb"},"inLanguage":"es","potentialAction":[{"@type":"ReadAction","target":["https:\/\/futbolhoy.co\/index.php\/2025\/05\/11\/demichelis-no-es-mas-el-tecnico-de-monterrey\/"]}]},{"@type":"ImageObject","inLanguage":"es","@id":"https:\/\/futbolhoy.co\/index.php\/2025\/05\/11\/demichelis-no-es-mas-el-tecnico-de-monterrey\/#primaryimage","url":"https:\/\/futbolhoy.co\/wp-content\/uploads\/2025\/05\/GWRnRtGXoAEs-tY.jpg","contentUrl":"https:\/\/futbolhoy.co\/wp-content\/uploads\/2025\/05\/GWRnRtGXoAEs-tY.jpg","width":2048,"height":1365},{"@type":"BreadcrumbList","@id":"https:\/\/futbolhoy.co\/index.php\/2025\/05\/11\/demichelis-no-es-mas-el-tecnico-de-monterrey\/#breadcrumb","itemListElement":[{"@type":"ListItem","position":1,"name":"Portada","item":"https:\/\/futbolhoy.co\/"},{"@type":"ListItem","position":2,"name":"Demichelis no es m\u00e1s el t\u00e9cnico de Monterrey"}]},{"@type":"WebSite","@id":"https:\/\/futbolhoy.co\/#website","url":"https:\/\/futbolhoy.co\/","name":"FutbolHoy","description":"","publisher":{"@id":"https:\/\/futbolhoy.co\/#organization"},"potentialAction":[{"@type":"SearchAction","target":{"@type":"EntryPoint","urlTemplate":"https:\/\/futbolhoy.co\/?s={search_term_string}"},"query-input":{"@type":"PropertyValueSpecification","valueRequired":true,"valueName":"search_term_string"}}],"inLanguage":"es"},{"@type":"Organization","@id":"https:\/\/futbolhoy.co\/#organization","name":"Futbolhoy.co","url":"https:\/\/futbolhoy.co\/","logo":{"@type":"ImageObject","inLanguage":"es","@id":"https:\/\/futbolhoy.co\/#\/schema\/logo\/image\/","url":"https:\/\/futbolhoy.co\/wp-content\/uploads\/2018\/08\/17426380_1906371736249227_6326180412931521141_n.jpg","contentUrl":"https:\/\/futbolhoy.co\/wp-content\/uploads\/2018\/08\/17426380_1906371736249227_6326180412931521141_n.jpg","width":960,"height":960,"caption":"Futbolhoy.co"},"image":{"@id":"https:\/\/futbolhoy.co\/#\/schema\/logo\/image\/"},"sameAs":["https:\/\/www.facebook.com\/FutbolHoyCol\/","https:\/\/x.com\/FutbolHoyCol","https:\/\/www.instagram.com\/futbolhoycol\/"]},{"@type":"Person","@id":"https:\/\/futbolhoy.co\/#\/schema\/person\/1721b69355b6623eaff15ac7b92d4cc3","name":"contenido","image":{"@type":"ImageObject","inLanguage":"es","@id":"https:\/\/futbolhoy.co\/#\/schema\/person\/image\/","url":"https:\/\/secure.gravatar.com\/avatar\/4f656d3256f5134f466206e7c3941518?s=96&d=mm&r=g","contentUrl":"https:\/\/secure.gravatar.com\/avatar\/4f656d3256f5134f466206e7c3941518?s=96&d=mm&r=g","caption":"contenido"}}]}},"publishpress_future_action":{"enabled":false,"date":"2026-05-02 05:06:15","action":"change-status","newStatus":"draft","terms":[],"taxonomy":"category","extraData":[]},"publishpress_future_workflow_manual_trigger":{"enabledWorkflows":[]},"_links":{"self":[{"href":"https:\/\/futbolhoy.co\/index.php\/wp-json\/wp\/v2\/posts\/119282","targetHints":{"allow":["GET"]}}],"collection":[{"href":"https:\/\/futbolhoy.co\/index.php\/wp-json\/wp\/v2\/posts"}],"about":[{"href":"https:\/\/futbolhoy.co\/index.php\/wp-json\/wp\/v2\/types\/post"}],"author":[{"embeddable":true,"href":"https:\/\/futbolhoy.co\/index.php\/wp-json\/wp\/v2\/users\/4"}],"replies":[{"embeddable":true,"href":"https:\/\/futbolhoy.co\/index.php\/wp-json\/wp\/v2\/comments?post=119282"}],"version-history":[{"count":1,"href":"https:\/\/futbolhoy.co\/index.php\/wp-json\/wp\/v2\/posts\/119282\/revisions"}],"predecessor-version":[{"id":119284,"href":"https:\/\/futbolhoy.co\/index.php\/wp-json\/wp\/v2\/posts\/119282\/revisions\/119284"}],"wp:featuredmedia":[{"embeddable":true,"href":"https:\/\/futbolhoy.co\/index.php\/wp-json\/wp\/v2\/media\/119283"}],"wp:attachment":[{"href":"https:\/\/futbolhoy.co\/index.php\/wp-json\/wp\/v2\/media?parent=119282"}],"wp:term":[{"taxonomy":"category","embeddable":true,"href":"https:\/\/futbolhoy.co\/index.php\/wp-json\/wp\/v2\/categories?post=119282"},{"taxonomy":"post_tag","embeddable":true,"href":"https:\/\/futbolhoy.co\/index.php\/wp-json\/wp\/v2\/tags?post=119282"}],"curies":[{"name":"wp","href":"https:\/\/api.w.org\/{rel}","templated":true}]}}