{"id":119286,"date":"2025-05-11T20:15:48","date_gmt":"2025-05-12T01:15:48","guid":{"rendered":"https:\/\/futbolhoy.co\/?p=119286"},"modified":"2025-05-12T08:34:37","modified_gmt":"2025-05-12T13:34:37","slug":"nacional-gano-y-es-lider-de-la-liga-colombiana","status":"publish","type":"post","link":"https:\/\/futbolhoy.co\/index.php\/2025\/05\/11\/nacional-gano-y-es-lider-de-la-liga-colombiana\/","title":{"rendered":"Nacional gan\u00f3 y es l\u00edder de la Liga colombiana"},"content":{"rendered":"<p class=\"x_ydp6e00fb71yiv3739754275ydp4564b96dMsoNormal\" style=\"text-align: justify;\"><span style=\"font-family: helvetica, arial, sans-serif;\"><b><span lang=\"ES-MX\" data-olk-copy-source=\"MessageBody\">Atl\u00e9tico Nacional venci\u00f3 2-1 a Llaneros en el estadio Atanasio Girardot\u00a0<\/span><\/b><span lang=\"ES-MX\">en la fecha 18 de la Liga colombiana y se apoder\u00f3 del liderato del campeonato con\u00a0<b>35 puntos.\u00a0<\/b>El partido lo presenciaron poco m\u00e1s de\u00a0<b>20 mil espectadores<\/b>, la asistencia \u201cm\u00e1s baja\u201d del semestre del equipo \u2018verdolaga\u2019.<\/span><\/span><\/p>\n<p class=\"x_ydp6e00fb71yiv3739754275ydp4564b96dMsoNormal\" style=\"text-align: justify;\"><span lang=\"ES-MX\" style=\"font-family: helvetica, arial, sans-serif;\">El equipo antioque\u00f1o, que present\u00f3 una n\u00f3mina con varios jugadores que no son habitualmente titulares, marc\u00f3 con\u00a0<b>doblete de Andr\u00e9s Sarmiento a los 27 y 45+5 minutos.<\/b><\/span><\/p>\n<p class=\"x_ydp6e00fb71yiv3739754275ydp4564b96dMsoNormal\" style=\"text-align: justify;\"><span lang=\"ES-MX\" style=\"font-family: helvetica, arial, sans-serif;\">El descuento del\u00a0<b>equipo de<\/b>\u00a0<b>la media Colombia<\/b>, que mereci\u00f3 mejor suerte en el resultado final, lleg\u00f3 a trav\u00e9s de\u00a0<b>Michael Rangel a los 46\u2019<\/b>. Los dirigidos por\u00a0<b>Jos\u00e9 Luis Garc\u00eda<\/b>\u00a0tuvieron problemas al perder dos jugadores en cinco minutos por lesi\u00f3n. A los 15 minutos\u00a0<b>Brandon Churi<\/b>\u00a0dio paso a\u00a0<b>Kenner Valencia<\/b>, quien dej\u00f3 la cancha a los 20, dando paso a\u00a0<b>Freddy Espinal<\/b>.<\/span><\/p>\n<p class=\"x_ydp6e00fb71yiv3739754275ydp4564b96dMsoNormal\" style=\"text-align: justify;\"><span lang=\"ES-MX\" style=\"font-family: helvetica, arial, sans-serif;\">Nacional termin\u00f3 el compromiso con 9 jugadores menores de 22 a\u00f1os en campo, haciendo debutar a\u00a0<b>Juan Jos\u00e9 Rosa, de 17 a\u00f1os, como<\/b>\u00a0profesional.<\/span><\/p>\n<p class=\"x_ydp6e00fb71yiv3739754275ydp4564b96dMsoNormal\" style=\"text-align: justify;\"><span lang=\"ES-MX\" style=\"font-family: helvetica, arial, sans-serif;\">El partido no fue intenso, pero tuvo varias emociones y acciones de gol en los arcos de\u00a0<b>Luis Marqu\u00ednez y Kevin Armesto.<\/b><\/span><\/p>\n<p class=\"x_ydp6e00fb71yiv3739754275ydp4564b96dMsoNormal\" style=\"text-align: justify;\"><span lang=\"ES-MX\" style=\"font-family: helvetica, arial, sans-serif;\">El equipo local reserv\u00f3 el grueso de su plantilla titular para el definitivo partido de\u00a0<b>Copa Libertadores<\/b>\u00a0que disputar\u00e1\u00a0<b>como local ante Bah\u00eda de Brasil<\/b>\u00a0el mi\u00e9rcoles.<\/span><\/p>\n<p class=\"x_ydp6e00fb71yiv3739754275ydp4564b96dMsoNormal\" style=\"text-align: justify;\"><span lang=\"ES-MX\" style=\"font-family: helvetica, arial, sans-serif;\">Llaneros ratific\u00f3 su eliminaci\u00f3n al quedarse en el puesto 16 con 17 puntos, sumando\u00a0<b>cuatro derrotas en sus \u00faltimos cinco partidos<\/b>\u00a0disputados.\u00a0\u00a0<\/span><\/p>\n","protected":false},"excerpt":{"rendered":"<p>Atl\u00e9tico Nacional venci\u00f3 2-1 a Llaneros en el estadio Atanasio Girardot\u00a0en la fecha 18 de la Liga colombiana y se apoder\u00f3 del liderato del campeonato con\u00a035 puntos.\u00a0El partido lo presenciaron poco m\u00e1s de\u00a020 mil espectadores, la asistencia \u201cm\u00e1s baja\u201d del semestre del equipo \u2018verdolaga\u2019. El equipo antioque\u00f1o, que present\u00f3 una n\u00f3mina con varios jugadores que [&hellip;]<\/p>\n","protected":false},"author":4,"featured_media":119287,"comment_status":"open","ping_status":"open","sticky":false,"template":"","format":"standard","meta":{"_acf_changed":false,"footnotes":""},"categories":[7],"tags":[],"class_list":{"0":"post-119286","1":"post","2":"type-post","3":"status-publish","4":"format-standard","5":"has-post-thumbnail","7":"category-liga-betplay"},"acf":[],"yoast_head":"<!-- This site is optimized with the Yoast SEO plugin v26.8 - https:\/\/yoast.com\/product\/yoast-seo-wordpress\/ -->\n<title>Nacional gan\u00f3 y es l\u00edder de la Liga colombiana -<\/title>\n<meta name=\"robots\" content=\"index, follow, max-snippet:-1, max-image-preview:large, max-video-preview:-1\" \/>\n<link rel=\"canonical\" href=\"https:\/\/futbolhoy.co\/index.php\/2025\/05\/11\/nacional-gano-y-es-lider-de-la-liga-colombiana\/\" \/>\n<meta property=\"og:locale\" content=\"es_ES\" \/>\n<meta property=\"og:type\" content=\"article\" \/>\n<meta property=\"og:title\" content=\"Nacional gan\u00f3 y es l\u00edder de la Liga colombiana -\" \/>\n<meta property=\"og:description\" content=\"Atl\u00e9tico Nacional venci\u00f3 2-1 a Llaneros en el estadio Atanasio Girardot\u00a0en la fecha 18 de la Liga colombiana y se apoder\u00f3 del liderato del campeonato con\u00a035 puntos.\u00a0El partido lo presenciaron poco m\u00e1s de\u00a020 mil espectadores, la asistencia \u201cm\u00e1s baja\u201d del semestre del equipo \u2018verdolaga\u2019. El equipo antioque\u00f1o, que present\u00f3 una n\u00f3mina con varios jugadores que [&hellip;]\" \/>\n<meta property=\"og:url\" content=\"https:\/\/futbolhoy.co\/index.php\/2025\/05\/11\/nacional-gano-y-es-lider-de-la-liga-colombiana\/\" \/>\n<meta property=\"article:publisher\" content=\"https:\/\/www.facebook.com\/FutbolHoyCol\/\" \/>\n<meta property=\"article:published_time\" content=\"2025-05-12T01:15:48+00:00\" \/>\n<meta property=\"article:modified_time\" content=\"2025-05-12T13:34:37+00:00\" \/>\n<meta property=\"og:image\" content=\"https:\/\/futbolhoy.co\/wp-content\/uploads\/2025\/05\/Nal-1024x649.png\" \/>\n\t<meta property=\"og:image:width\" content=\"1024\" \/>\n\t<meta property=\"og:image:height\" content=\"649\" \/>\n\t<meta property=\"og:image:type\" content=\"image\/png\" \/>\n<meta name=\"author\" content=\"contenido\" \/>\n<meta name=\"twitter:card\" content=\"summary_large_image\" \/>\n<meta name=\"twitter:creator\" content=\"@FutbolHoyCol\" \/>\n<meta name=\"twitter:site\" content=\"@FutbolHoyCol\" \/>\n<meta name=\"twitter:label1\" content=\"Escrito por\" \/>\n\t<meta name=\"twitter:data1\" content=\"contenido\" \/>\n\t<meta name=\"twitter:label2\" content=\"Tiempo de lectura\" \/>\n\t<meta name=\"twitter:data2\" content=\"1 minuto\" \/>\n<script type=\"application\/ld+json\" class=\"yoast-schema-graph\">{\"@context\":\"https:\/\/schema.org\",\"@graph\":[{\"@type\":\"Article\",\"@id\":\"https:\/\/futbolhoy.co\/index.php\/2025\/05\/11\/nacional-gano-y-es-lider-de-la-liga-colombiana\/#article\",\"isPartOf\":{\"@id\":\"https:\/\/futbolhoy.co\/index.php\/2025\/05\/11\/nacional-gano-y-es-lider-de-la-liga-colombiana\/\"},\"author\":{\"name\":\"contenido\",\"@id\":\"https:\/\/futbolhoy.co\/#\/schema\/person\/1721b69355b6623eaff15ac7b92d4cc3\"},\"headline\":\"Nacional gan\u00f3 y es l\u00edder de la Liga colombiana\",\"datePublished\":\"2025-05-12T01:15:48+00:00\",\"dateModified\":\"2025-05-12T13:34:37+00:00\",\"mainEntityOfPage\":{\"@id\":\"https:\/\/futbolhoy.co\/index.php\/2025\/05\/11\/nacional-gano-y-es-lider-de-la-liga-colombiana\/\"},\"wordCount\":247,\"commentCount\":0,\"publisher\":{\"@id\":\"https:\/\/futbolhoy.co\/#organization\"},\"image\":{\"@id\":\"https:\/\/futbolhoy.co\/index.php\/2025\/05\/11\/nacional-gano-y-es-lider-de-la-liga-colombiana\/#primaryimage\"},\"thumbnailUrl\":\"https:\/\/futbolhoy.co\/wp-content\/uploads\/2025\/05\/Nal.png\",\"articleSection\":[\"Liga BetPlay\"],\"inLanguage\":\"es\",\"potentialAction\":[{\"@type\":\"CommentAction\",\"name\":\"Comment\",\"target\":[\"https:\/\/futbolhoy.co\/index.php\/2025\/05\/11\/nacional-gano-y-es-lider-de-la-liga-colombiana\/#respond\"]}]},{\"@type\":\"WebPage\",\"@id\":\"https:\/\/futbolhoy.co\/index.php\/2025\/05\/11\/nacional-gano-y-es-lider-de-la-liga-colombiana\/\",\"url\":\"https:\/\/futbolhoy.co\/index.php\/2025\/05\/11\/nacional-gano-y-es-lider-de-la-liga-colombiana\/\",\"name\":\"Nacional gan\u00f3 y es l\u00edder de la Liga colombiana -\",\"isPartOf\":{\"@id\":\"https:\/\/futbolhoy.co\/#website\"},\"primaryImageOfPage\":{\"@id\":\"https:\/\/futbolhoy.co\/index.php\/2025\/05\/11\/nacional-gano-y-es-lider-de-la-liga-colombiana\/#primaryimage\"},\"image\":{\"@id\":\"https:\/\/futbolhoy.co\/index.php\/2025\/05\/11\/nacional-gano-y-es-lider-de-la-liga-colombiana\/#primaryimage\"},\"thumbnailUrl\":\"https:\/\/futbolhoy.co\/wp-content\/uploads\/2025\/05\/Nal.png\",\"datePublished\":\"2025-05-12T01:15:48+00:00\",\"dateModified\":\"2025-05-12T13:34:37+00:00\",\"breadcrumb\":{\"@id\":\"https:\/\/futbolhoy.co\/index.php\/2025\/05\/11\/nacional-gano-y-es-lider-de-la-liga-colombiana\/#breadcrumb\"},\"inLanguage\":\"es\",\"potentialAction\":[{\"@type\":\"ReadAction\",\"target\":[\"https:\/\/futbolhoy.co\/index.php\/2025\/05\/11\/nacional-gano-y-es-lider-de-la-liga-colombiana\/\"]}]},{\"@type\":\"ImageObject\",\"inLanguage\":\"es\",\"@id\":\"https:\/\/futbolhoy.co\/index.php\/2025\/05\/11\/nacional-gano-y-es-lider-de-la-liga-colombiana\/#primaryimage\",\"url\":\"https:\/\/futbolhoy.co\/wp-content\/uploads\/2025\/05\/Nal.png\",\"contentUrl\":\"https:\/\/futbolhoy.co\/wp-content\/uploads\/2025\/05\/Nal.png\",\"width\":1362,\"height\":863},{\"@type\":\"BreadcrumbList\",\"@id\":\"https:\/\/futbolhoy.co\/index.php\/2025\/05\/11\/nacional-gano-y-es-lider-de-la-liga-colombiana\/#breadcrumb\",\"itemListElement\":[{\"@type\":\"ListItem\",\"position\":1,\"name\":\"Portada\",\"item\":\"https:\/\/futbolhoy.co\/\"},{\"@type\":\"ListItem\",\"position\":2,\"name\":\"Nacional gan\u00f3 y es l\u00edder de la Liga colombiana\"}]},{\"@type\":\"WebSite\",\"@id\":\"https:\/\/futbolhoy.co\/#website\",\"url\":\"https:\/\/futbolhoy.co\/\",\"name\":\"FutbolHoy\",\"description\":\"\",\"publisher\":{\"@id\":\"https:\/\/futbolhoy.co\/#organization\"},\"potentialAction\":[{\"@type\":\"SearchAction\",\"target\":{\"@type\":\"EntryPoint\",\"urlTemplate\":\"https:\/\/futbolhoy.co\/?s={search_term_string}\"},\"query-input\":{\"@type\":\"PropertyValueSpecification\",\"valueRequired\":true,\"valueName\":\"search_term_string\"}}],\"inLanguage\":\"es\"},{\"@type\":\"Organization\",\"@id\":\"https:\/\/futbolhoy.co\/#organization\",\"name\":\"Futbolhoy.co\",\"url\":\"https:\/\/futbolhoy.co\/\",\"logo\":{\"@type\":\"ImageObject\",\"inLanguage\":\"es\",\"@id\":\"https:\/\/futbolhoy.co\/#\/schema\/logo\/image\/\",\"url\":\"https:\/\/futbolhoy.co\/wp-content\/uploads\/2018\/08\/17426380_1906371736249227_6326180412931521141_n.jpg\",\"contentUrl\":\"https:\/\/futbolhoy.co\/wp-content\/uploads\/2018\/08\/17426380_1906371736249227_6326180412931521141_n.jpg\",\"width\":960,\"height\":960,\"caption\":\"Futbolhoy.co\"},\"image\":{\"@id\":\"https:\/\/futbolhoy.co\/#\/schema\/logo\/image\/\"},\"sameAs\":[\"https:\/\/www.facebook.com\/FutbolHoyCol\/\",\"https:\/\/x.com\/FutbolHoyCol\",\"https:\/\/www.instagram.com\/futbolhoycol\/\"]},{\"@type\":\"Person\",\"@id\":\"https:\/\/futbolhoy.co\/#\/schema\/person\/1721b69355b6623eaff15ac7b92d4cc3\",\"name\":\"contenido\",\"image\":{\"@type\":\"ImageObject\",\"inLanguage\":\"es\",\"@id\":\"https:\/\/futbolhoy.co\/#\/schema\/person\/image\/\",\"url\":\"https:\/\/secure.gravatar.com\/avatar\/4f656d3256f5134f466206e7c3941518?s=96&d=mm&r=g\",\"contentUrl\":\"https:\/\/secure.gravatar.com\/avatar\/4f656d3256f5134f466206e7c3941518?s=96&d=mm&r=g\",\"caption\":\"contenido\"}}]}<\/script>\n<!-- \/ Yoast SEO plugin. -->","yoast_head_json":{"title":"Nacional gan\u00f3 y es l\u00edder de la Liga colombiana -","robots":{"index":"index","follow":"follow","max-snippet":"max-snippet:-1","max-image-preview":"max-image-preview:large","max-video-preview":"max-video-preview:-1"},"canonical":"https:\/\/futbolhoy.co\/index.php\/2025\/05\/11\/nacional-gano-y-es-lider-de-la-liga-colombiana\/","og_locale":"es_ES","og_type":"article","og_title":"Nacional gan\u00f3 y es l\u00edder de la Liga colombiana -","og_description":"Atl\u00e9tico Nacional venci\u00f3 2-1 a Llaneros en el estadio Atanasio Girardot\u00a0en la fecha 18 de la Liga colombiana y se apoder\u00f3 del liderato del campeonato con\u00a035 puntos.\u00a0El partido lo presenciaron poco m\u00e1s de\u00a020 mil espectadores, la asistencia \u201cm\u00e1s baja\u201d del semestre del equipo \u2018verdolaga\u2019. El equipo antioque\u00f1o, que present\u00f3 una n\u00f3mina con varios jugadores que [&hellip;]","og_url":"https:\/\/futbolhoy.co\/index.php\/2025\/05\/11\/nacional-gano-y-es-lider-de-la-liga-colombiana\/","article_publisher":"https:\/\/www.facebook.com\/FutbolHoyCol\/","article_published_time":"2025-05-12T01:15:48+00:00","article_modified_time":"2025-05-12T13:34:37+00:00","og_image":[{"width":1024,"height":649,"url":"https:\/\/futbolhoy.co\/wp-content\/uploads\/2025\/05\/Nal-1024x649.png","type":"image\/png"}],"author":"contenido","twitter_card":"summary_large_image","twitter_creator":"@FutbolHoyCol","twitter_site":"@FutbolHoyCol","twitter_misc":{"Escrito por":"contenido","Tiempo de lectura":"1 minuto"},"schema":{"@context":"https:\/\/schema.org","@graph":[{"@type":"Article","@id":"https:\/\/futbolhoy.co\/index.php\/2025\/05\/11\/nacional-gano-y-es-lider-de-la-liga-colombiana\/#article","isPartOf":{"@id":"https:\/\/futbolhoy.co\/index.php\/2025\/05\/11\/nacional-gano-y-es-lider-de-la-liga-colombiana\/"},"author":{"name":"contenido","@id":"https:\/\/futbolhoy.co\/#\/schema\/person\/1721b69355b6623eaff15ac7b92d4cc3"},"headline":"Nacional gan\u00f3 y es l\u00edder de la Liga colombiana","datePublished":"2025-05-12T01:15:48+00:00","dateModified":"2025-05-12T13:34:37+00:00","mainEntityOfPage":{"@id":"https:\/\/futbolhoy.co\/index.php\/2025\/05\/11\/nacional-gano-y-es-lider-de-la-liga-colombiana\/"},"wordCount":247,"commentCount":0,"publisher":{"@id":"https:\/\/futbolhoy.co\/#organization"},"image":{"@id":"https:\/\/futbolhoy.co\/index.php\/2025\/05\/11\/nacional-gano-y-es-lider-de-la-liga-colombiana\/#primaryimage"},"thumbnailUrl":"https:\/\/futbolhoy.co\/wp-content\/uploads\/2025\/05\/Nal.png","articleSection":["Liga BetPlay"],"inLanguage":"es","potentialAction":[{"@type":"CommentAction","name":"Comment","target":["https:\/\/futbolhoy.co\/index.php\/2025\/05\/11\/nacional-gano-y-es-lider-de-la-liga-colombiana\/#respond"]}]},{"@type":"WebPage","@id":"https:\/\/futbolhoy.co\/index.php\/2025\/05\/11\/nacional-gano-y-es-lider-de-la-liga-colombiana\/","url":"https:\/\/futbolhoy.co\/index.php\/2025\/05\/11\/nacional-gano-y-es-lider-de-la-liga-colombiana\/","name":"Nacional gan\u00f3 y es l\u00edder de la Liga colombiana -","isPartOf":{"@id":"https:\/\/futbolhoy.co\/#website"},"primaryImageOfPage":{"@id":"https:\/\/futbolhoy.co\/index.php\/2025\/05\/11\/nacional-gano-y-es-lider-de-la-liga-colombiana\/#primaryimage"},"image":{"@id":"https:\/\/futbolhoy.co\/index.php\/2025\/05\/11\/nacional-gano-y-es-lider-de-la-liga-colombiana\/#primaryimage"},"thumbnailUrl":"https:\/\/futbolhoy.co\/wp-content\/uploads\/2025\/05\/Nal.png","datePublished":"2025-05-12T01:15:48+00:00","dateModified":"2025-05-12T13:34:37+00:00","breadcrumb":{"@id":"https:\/\/futbolhoy.co\/index.php\/2025\/05\/11\/nacional-gano-y-es-lider-de-la-liga-colombiana\/#breadcrumb"},"inLanguage":"es","potentialAction":[{"@type":"ReadAction","target":["https:\/\/futbolhoy.co\/index.php\/2025\/05\/11\/nacional-gano-y-es-lider-de-la-liga-colombiana\/"]}]},{"@type":"ImageObject","inLanguage":"es","@id":"https:\/\/futbolhoy.co\/index.php\/2025\/05\/11\/nacional-gano-y-es-lider-de-la-liga-colombiana\/#primaryimage","url":"https:\/\/futbolhoy.co\/wp-content\/uploads\/2025\/05\/Nal.png","contentUrl":"https:\/\/futbolhoy.co\/wp-content\/uploads\/2025\/05\/Nal.png","width":1362,"height":863},{"@type":"BreadcrumbList","@id":"https:\/\/futbolhoy.co\/index.php\/2025\/05\/11\/nacional-gano-y-es-lider-de-la-liga-colombiana\/#breadcrumb","itemListElement":[{"@type":"ListItem","position":1,"name":"Portada","item":"https:\/\/futbolhoy.co\/"},{"@type":"ListItem","position":2,"name":"Nacional gan\u00f3 y es l\u00edder de la Liga colombiana"}]},{"@type":"WebSite","@id":"https:\/\/futbolhoy.co\/#website","url":"https:\/\/futbolhoy.co\/","name":"FutbolHoy","description":"","publisher":{"@id":"https:\/\/futbolhoy.co\/#organization"},"potentialAction":[{"@type":"SearchAction","target":{"@type":"EntryPoint","urlTemplate":"https:\/\/futbolhoy.co\/?s={search_term_string}"},"query-input":{"@type":"PropertyValueSpecification","valueRequired":true,"valueName":"search_term_string"}}],"inLanguage":"es"},{"@type":"Organization","@id":"https:\/\/futbolhoy.co\/#organization","name":"Futbolhoy.co","url":"https:\/\/futbolhoy.co\/","logo":{"@type":"ImageObject","inLanguage":"es","@id":"https:\/\/futbolhoy.co\/#\/schema\/logo\/image\/","url":"https:\/\/futbolhoy.co\/wp-content\/uploads\/2018\/08\/17426380_1906371736249227_6326180412931521141_n.jpg","contentUrl":"https:\/\/futbolhoy.co\/wp-content\/uploads\/2018\/08\/17426380_1906371736249227_6326180412931521141_n.jpg","width":960,"height":960,"caption":"Futbolhoy.co"},"image":{"@id":"https:\/\/futbolhoy.co\/#\/schema\/logo\/image\/"},"sameAs":["https:\/\/www.facebook.com\/FutbolHoyCol\/","https:\/\/x.com\/FutbolHoyCol","https:\/\/www.instagram.com\/futbolhoycol\/"]},{"@type":"Person","@id":"https:\/\/futbolhoy.co\/#\/schema\/person\/1721b69355b6623eaff15ac7b92d4cc3","name":"contenido","image":{"@type":"ImageObject","inLanguage":"es","@id":"https:\/\/futbolhoy.co\/#\/schema\/person\/image\/","url":"https:\/\/secure.gravatar.com\/avatar\/4f656d3256f5134f466206e7c3941518?s=96&d=mm&r=g","contentUrl":"https:\/\/secure.gravatar.com\/avatar\/4f656d3256f5134f466206e7c3941518?s=96&d=mm&r=g","caption":"contenido"}}]}},"publishpress_future_action":{"enabled":false,"date":"2026-05-02 02:25:34","action":"change-status","newStatus":"draft","terms":[],"taxonomy":"category","extraData":[]},"publishpress_future_workflow_manual_trigger":{"enabledWorkflows":[]},"_links":{"self":[{"href":"https:\/\/futbolhoy.co\/index.php\/wp-json\/wp\/v2\/posts\/119286","targetHints":{"allow":["GET"]}}],"collection":[{"href":"https:\/\/futbolhoy.co\/index.php\/wp-json\/wp\/v2\/posts"}],"about":[{"href":"https:\/\/futbolhoy.co\/index.php\/wp-json\/wp\/v2\/types\/post"}],"author":[{"embeddable":true,"href":"https:\/\/futbolhoy.co\/index.php\/wp-json\/wp\/v2\/users\/4"}],"replies":[{"embeddable":true,"href":"https:\/\/futbolhoy.co\/index.php\/wp-json\/wp\/v2\/comments?post=119286"}],"version-history":[{"count":1,"href":"https:\/\/futbolhoy.co\/index.php\/wp-json\/wp\/v2\/posts\/119286\/revisions"}],"predecessor-version":[{"id":119288,"href":"https:\/\/futbolhoy.co\/index.php\/wp-json\/wp\/v2\/posts\/119286\/revisions\/119288"}],"wp:featuredmedia":[{"embeddable":true,"href":"https:\/\/futbolhoy.co\/index.php\/wp-json\/wp\/v2\/media\/119287"}],"wp:attachment":[{"href":"https:\/\/futbolhoy.co\/index.php\/wp-json\/wp\/v2\/media?parent=119286"}],"wp:term":[{"taxonomy":"category","embeddable":true,"href":"https:\/\/futbolhoy.co\/index.php\/wp-json\/wp\/v2\/categories?post=119286"},{"taxonomy":"post_tag","embeddable":true,"href":"https:\/\/futbolhoy.co\/index.php\/wp-json\/wp\/v2\/tags?post=119286"}],"curies":[{"name":"wp","href":"https:\/\/api.w.org\/{rel}","templated":true}]}}