{"id":119856,"date":"2025-05-29T16:10:49","date_gmt":"2025-05-29T21:10:49","guid":{"rendered":"https:\/\/futbolhoy.co\/?p=119856"},"modified":"2025-05-30T11:20:47","modified_gmt":"2025-05-30T16:20:47","slug":"novedades-y-ausencias-destacadas-de-la-convocatoria-de-la-seleccion-colombia","status":"publish","type":"post","link":"https:\/\/futbolhoy.co\/index.php\/2025\/05\/29\/novedades-y-ausencias-destacadas-de-la-convocatoria-de-la-seleccion-colombia\/","title":{"rendered":"Novedades y ausencias destacadas de la convocatoria de la Selecci\u00f3n Colombia"},"content":{"rendered":"<p style=\"text-align: justify;\"><span style=\"font-family: helvetica, arial, sans-serif;\">26 jugadores estar\u00e1n disponibles para la doble fecha <strong>FIFA<\/strong> de las <strong>Eliminatorias<\/strong> al <strong>Mundial<\/strong> (salvo <strong>Luis D\u00edaz<\/strong> que se pierde el juego con <strong>Per\u00fa<\/strong> por sanci\u00f3n). La Tricolor afronta partidos clave ante <strong>Per\u00fa,<\/strong> en <strong>Barranquilla,<\/strong> y <strong>Argentina<\/strong> en<strong> Buenos Aires.<\/strong><\/span><\/p>\n<p style=\"text-align: justify;\"><strong><span style=\"font-family: helvetica, arial, sans-serif;\">Novedades<\/span><\/strong><\/p>\n<p style=\"text-align: justify;\"><span style=\"font-family: helvetica, arial, sans-serif;\">El arquero <strong>Camilo Vargas,<\/strong> finalmente s\u00ed entr\u00f3 en la convocatoria, a pesar de que no juega un partido oficial hace m\u00e1s de un mes. El bogotano fue intervenido quir\u00fargicamente, pero tras la revisi\u00f3n m\u00e9dica, est\u00e1 apto para atajar.<\/span><\/p>\n<p style=\"text-align: justify;\"><span style=\"font-family: helvetica, arial, sans-serif;\">El arquero <strong>Kevin Mier<\/strong> regresa a una convocatoria, luego de m\u00e1s de un a\u00f1o de ausencia. Asimismo, <strong>Willer Ditta<\/strong> aparece en la lista de centrales, luego de haber estado en la n\u00f3mina de octubre del 2024. Asimismo, en la zona de laterales, <strong>Deiver Machado<\/strong> regresa y toma el lugar del lesionado <strong>Johan Mojica.<\/strong> El jugador no estaba desde la <strong>Copa<\/strong>\u00a0<strong>Am\u00e9rica.<\/strong><\/span><\/p>\n<p style=\"text-align: justify;\"><span style=\"font-family: helvetica, arial, sans-serif;\"><strong>Andr\u00e9s Rom\u00e1n<\/strong> es otra de las grandes novedades. Reemplaza a <strong>Santiago Arias<\/strong> y no juega con la Tricolor desde un amistoso en 2022.<\/span><\/p>\n<p style=\"text-align: justify;\"><span style=\"font-family: helvetica, arial, sans-serif;\">En la zona de volantes, <strong>Gustavo Puerta<\/strong> recibi\u00f3 su primer llamado para unas Eliminatorias, mientras que Yaser Asprilla toma el lugar de <strong>Johan Carbonero.<\/strong> En la zona ofensiva, <strong>Cucho Hern\u00e1ndez,<\/strong> de gran momento en el Real Betis, reemplaza a <strong>Santos Borr\u00e9<\/strong><\/span><\/p>\n<p style=\"text-align: justify;\"><strong><span style=\"font-family: helvetica, arial, sans-serif;\">Ausencias<\/span><\/strong><\/p>\n<p style=\"text-align: justify;\"><span style=\"font-family: helvetica, arial, sans-serif;\">Entre las m\u00e1s destacadas aparece el arquero <strong>\u00c1lvaro Montero,<\/strong> quien hab\u00eda sido tenido en cuenta en las \u00faltimas convocatorias a Eliminatorias. En esta oportunidad, <strong>Kevin Mier<\/strong> ocup\u00f3 su lugar.<\/span><\/p>\n<p style=\"text-align: justify;\"><span style=\"font-family: helvetica, arial, sans-serif;\"><strong>Carlos Cuesta<\/strong> no est\u00e1 ante el bajo rendimiento que ha mostrado en el <strong>Galatasaray.<\/strong> Su lugar lo tom\u00f3 Willer Ditta. Johan Mojica, habitual titular en el lateral izquierdo, no est\u00e1 por lesi\u00f3n.<\/span><\/p>\n<p style=\"text-align: justify;\"><span style=\"font-family: helvetica, arial, sans-serif;\">Finalmente, Rafael Santos Borr\u00e9 no alcanz\u00f3 a entrar en la lista. El delantero barranquillero se lesion\u00f3 a finales de abril y volvi\u00f3 a jugar apenas hasta el mi\u00e9rcoles 28 de mayo, siendo titular y marcando un gol. Pero el t\u00e9cnico <strong>Lorenzo<\/strong> tampoco lo consider\u00f3 y le dio paso a Cucho Hern\u00e1ndez.<\/span><\/p>\n","protected":false},"excerpt":{"rendered":"<p>26 jugadores estar\u00e1n disponibles para la doble fecha FIFA de las Eliminatorias al Mundial (salvo Luis D\u00edaz que se pierde el juego con Per\u00fa por sanci\u00f3n). La Tricolor afronta partidos clave ante Per\u00fa, en Barranquilla, y Argentina en Buenos Aires. Novedades El arquero Camilo Vargas, finalmente s\u00ed entr\u00f3 en la convocatoria, a pesar de que [&hellip;]<\/p>\n","protected":false},"author":4,"featured_media":119857,"comment_status":"open","ping_status":"open","sticky":false,"template":"","format":"standard","meta":{"_acf_changed":false,"footnotes":""},"categories":[418],"tags":[],"class_list":{"0":"post-119856","1":"post","2":"type-post","3":"status-publish","4":"format-standard","5":"has-post-thumbnail","7":"category-colombia"},"acf":[],"yoast_head":"<!-- This site is optimized with the Yoast SEO plugin v26.8 - https:\/\/yoast.com\/product\/yoast-seo-wordpress\/ -->\n<title>Novedades y ausencias destacadas de la convocatoria de la Selecci\u00f3n Colombia -<\/title>\n<meta name=\"robots\" content=\"index, follow, max-snippet:-1, max-image-preview:large, max-video-preview:-1\" \/>\n<link rel=\"canonical\" href=\"https:\/\/futbolhoy.co\/index.php\/2025\/05\/29\/novedades-y-ausencias-destacadas-de-la-convocatoria-de-la-seleccion-colombia\/\" \/>\n<meta property=\"og:locale\" content=\"es_ES\" \/>\n<meta property=\"og:type\" content=\"article\" \/>\n<meta property=\"og:title\" content=\"Novedades y ausencias destacadas de la convocatoria de la Selecci\u00f3n Colombia -\" \/>\n<meta property=\"og:description\" content=\"26 jugadores estar\u00e1n disponibles para la doble fecha FIFA de las Eliminatorias al Mundial (salvo Luis D\u00edaz que se pierde el juego con Per\u00fa por sanci\u00f3n). La Tricolor afronta partidos clave ante Per\u00fa, en Barranquilla, y Argentina en Buenos Aires. Novedades El arquero Camilo Vargas, finalmente s\u00ed entr\u00f3 en la convocatoria, a pesar de que [&hellip;]\" \/>\n<meta property=\"og:url\" content=\"https:\/\/futbolhoy.co\/index.php\/2025\/05\/29\/novedades-y-ausencias-destacadas-de-la-convocatoria-de-la-seleccion-colombia\/\" \/>\n<meta property=\"article:publisher\" content=\"https:\/\/www.facebook.com\/FutbolHoyCol\/\" \/>\n<meta property=\"article:published_time\" content=\"2025-05-29T21:10:49+00:00\" \/>\n<meta property=\"article:modified_time\" content=\"2025-05-30T16:20:47+00:00\" \/>\n<meta property=\"og:image\" content=\"https:\/\/futbolhoy.co\/wp-content\/uploads\/2025\/05\/WhatsApp-Image-2025-05-29-at-5.53.00-PM.jpeg\" \/>\n\t<meta property=\"og:image:width\" content=\"1179\" \/>\n\t<meta property=\"og:image:height\" content=\"1043\" \/>\n\t<meta property=\"og:image:type\" content=\"image\/jpeg\" \/>\n<meta name=\"author\" content=\"contenido\" \/>\n<meta name=\"twitter:card\" content=\"summary_large_image\" \/>\n<meta name=\"twitter:creator\" content=\"@FutbolHoyCol\" \/>\n<meta name=\"twitter:site\" content=\"@FutbolHoyCol\" \/>\n<meta name=\"twitter:label1\" content=\"Escrito por\" \/>\n\t<meta name=\"twitter:data1\" content=\"contenido\" \/>\n\t<meta name=\"twitter:label2\" content=\"Tiempo de lectura\" \/>\n\t<meta name=\"twitter:data2\" content=\"2 minutos\" \/>\n<script type=\"application\/ld+json\" class=\"yoast-schema-graph\">{\"@context\":\"https:\/\/schema.org\",\"@graph\":[{\"@type\":\"Article\",\"@id\":\"https:\/\/futbolhoy.co\/index.php\/2025\/05\/29\/novedades-y-ausencias-destacadas-de-la-convocatoria-de-la-seleccion-colombia\/#article\",\"isPartOf\":{\"@id\":\"https:\/\/futbolhoy.co\/index.php\/2025\/05\/29\/novedades-y-ausencias-destacadas-de-la-convocatoria-de-la-seleccion-colombia\/\"},\"author\":{\"name\":\"contenido\",\"@id\":\"https:\/\/futbolhoy.co\/#\/schema\/person\/1721b69355b6623eaff15ac7b92d4cc3\"},\"headline\":\"Novedades y ausencias destacadas de la convocatoria de la Selecci\u00f3n Colombia\",\"datePublished\":\"2025-05-29T21:10:49+00:00\",\"dateModified\":\"2025-05-30T16:20:47+00:00\",\"mainEntityOfPage\":{\"@id\":\"https:\/\/futbolhoy.co\/index.php\/2025\/05\/29\/novedades-y-ausencias-destacadas-de-la-convocatoria-de-la-seleccion-colombia\/\"},\"wordCount\":345,\"commentCount\":0,\"publisher\":{\"@id\":\"https:\/\/futbolhoy.co\/#organization\"},\"image\":{\"@id\":\"https:\/\/futbolhoy.co\/index.php\/2025\/05\/29\/novedades-y-ausencias-destacadas-de-la-convocatoria-de-la-seleccion-colombia\/#primaryimage\"},\"thumbnailUrl\":\"https:\/\/futbolhoy.co\/wp-content\/uploads\/2025\/05\/WhatsApp-Image-2025-05-29-at-5.53.00-PM.jpeg\",\"articleSection\":[\"Colombia\"],\"inLanguage\":\"es\",\"potentialAction\":[{\"@type\":\"CommentAction\",\"name\":\"Comment\",\"target\":[\"https:\/\/futbolhoy.co\/index.php\/2025\/05\/29\/novedades-y-ausencias-destacadas-de-la-convocatoria-de-la-seleccion-colombia\/#respond\"]}]},{\"@type\":\"WebPage\",\"@id\":\"https:\/\/futbolhoy.co\/index.php\/2025\/05\/29\/novedades-y-ausencias-destacadas-de-la-convocatoria-de-la-seleccion-colombia\/\",\"url\":\"https:\/\/futbolhoy.co\/index.php\/2025\/05\/29\/novedades-y-ausencias-destacadas-de-la-convocatoria-de-la-seleccion-colombia\/\",\"name\":\"Novedades y ausencias destacadas de la convocatoria de la Selecci\u00f3n Colombia -\",\"isPartOf\":{\"@id\":\"https:\/\/futbolhoy.co\/#website\"},\"primaryImageOfPage\":{\"@id\":\"https:\/\/futbolhoy.co\/index.php\/2025\/05\/29\/novedades-y-ausencias-destacadas-de-la-convocatoria-de-la-seleccion-colombia\/#primaryimage\"},\"image\":{\"@id\":\"https:\/\/futbolhoy.co\/index.php\/2025\/05\/29\/novedades-y-ausencias-destacadas-de-la-convocatoria-de-la-seleccion-colombia\/#primaryimage\"},\"thumbnailUrl\":\"https:\/\/futbolhoy.co\/wp-content\/uploads\/2025\/05\/WhatsApp-Image-2025-05-29-at-5.53.00-PM.jpeg\",\"datePublished\":\"2025-05-29T21:10:49+00:00\",\"dateModified\":\"2025-05-30T16:20:47+00:00\",\"breadcrumb\":{\"@id\":\"https:\/\/futbolhoy.co\/index.php\/2025\/05\/29\/novedades-y-ausencias-destacadas-de-la-convocatoria-de-la-seleccion-colombia\/#breadcrumb\"},\"inLanguage\":\"es\",\"potentialAction\":[{\"@type\":\"ReadAction\",\"target\":[\"https:\/\/futbolhoy.co\/index.php\/2025\/05\/29\/novedades-y-ausencias-destacadas-de-la-convocatoria-de-la-seleccion-colombia\/\"]}]},{\"@type\":\"ImageObject\",\"inLanguage\":\"es\",\"@id\":\"https:\/\/futbolhoy.co\/index.php\/2025\/05\/29\/novedades-y-ausencias-destacadas-de-la-convocatoria-de-la-seleccion-colombia\/#primaryimage\",\"url\":\"https:\/\/futbolhoy.co\/wp-content\/uploads\/2025\/05\/WhatsApp-Image-2025-05-29-at-5.53.00-PM.jpeg\",\"contentUrl\":\"https:\/\/futbolhoy.co\/wp-content\/uploads\/2025\/05\/WhatsApp-Image-2025-05-29-at-5.53.00-PM.jpeg\",\"width\":1179,\"height\":1043},{\"@type\":\"BreadcrumbList\",\"@id\":\"https:\/\/futbolhoy.co\/index.php\/2025\/05\/29\/novedades-y-ausencias-destacadas-de-la-convocatoria-de-la-seleccion-colombia\/#breadcrumb\",\"itemListElement\":[{\"@type\":\"ListItem\",\"position\":1,\"name\":\"Portada\",\"item\":\"https:\/\/futbolhoy.co\/\"},{\"@type\":\"ListItem\",\"position\":2,\"name\":\"Novedades y ausencias destacadas de la convocatoria de la Selecci\u00f3n Colombia\"}]},{\"@type\":\"WebSite\",\"@id\":\"https:\/\/futbolhoy.co\/#website\",\"url\":\"https:\/\/futbolhoy.co\/\",\"name\":\"FutbolHoy\",\"description\":\"\",\"publisher\":{\"@id\":\"https:\/\/futbolhoy.co\/#organization\"},\"potentialAction\":[{\"@type\":\"SearchAction\",\"target\":{\"@type\":\"EntryPoint\",\"urlTemplate\":\"https:\/\/futbolhoy.co\/?s={search_term_string}\"},\"query-input\":{\"@type\":\"PropertyValueSpecification\",\"valueRequired\":true,\"valueName\":\"search_term_string\"}}],\"inLanguage\":\"es\"},{\"@type\":\"Organization\",\"@id\":\"https:\/\/futbolhoy.co\/#organization\",\"name\":\"Futbolhoy.co\",\"url\":\"https:\/\/futbolhoy.co\/\",\"logo\":{\"@type\":\"ImageObject\",\"inLanguage\":\"es\",\"@id\":\"https:\/\/futbolhoy.co\/#\/schema\/logo\/image\/\",\"url\":\"https:\/\/futbolhoy.co\/wp-content\/uploads\/2018\/08\/17426380_1906371736249227_6326180412931521141_n.jpg\",\"contentUrl\":\"https:\/\/futbolhoy.co\/wp-content\/uploads\/2018\/08\/17426380_1906371736249227_6326180412931521141_n.jpg\",\"width\":960,\"height\":960,\"caption\":\"Futbolhoy.co\"},\"image\":{\"@id\":\"https:\/\/futbolhoy.co\/#\/schema\/logo\/image\/\"},\"sameAs\":[\"https:\/\/www.facebook.com\/FutbolHoyCol\/\",\"https:\/\/x.com\/FutbolHoyCol\",\"https:\/\/www.instagram.com\/futbolhoycol\/\"]},{\"@type\":\"Person\",\"@id\":\"https:\/\/futbolhoy.co\/#\/schema\/person\/1721b69355b6623eaff15ac7b92d4cc3\",\"name\":\"contenido\",\"image\":{\"@type\":\"ImageObject\",\"inLanguage\":\"es\",\"@id\":\"https:\/\/futbolhoy.co\/#\/schema\/person\/image\/\",\"url\":\"https:\/\/secure.gravatar.com\/avatar\/4f656d3256f5134f466206e7c3941518?s=96&d=mm&r=g\",\"contentUrl\":\"https:\/\/secure.gravatar.com\/avatar\/4f656d3256f5134f466206e7c3941518?s=96&d=mm&r=g\",\"caption\":\"contenido\"}}]}<\/script>\n<!-- \/ Yoast SEO plugin. -->","yoast_head_json":{"title":"Novedades y ausencias destacadas de la convocatoria de la Selecci\u00f3n Colombia -","robots":{"index":"index","follow":"follow","max-snippet":"max-snippet:-1","max-image-preview":"max-image-preview:large","max-video-preview":"max-video-preview:-1"},"canonical":"https:\/\/futbolhoy.co\/index.php\/2025\/05\/29\/novedades-y-ausencias-destacadas-de-la-convocatoria-de-la-seleccion-colombia\/","og_locale":"es_ES","og_type":"article","og_title":"Novedades y ausencias destacadas de la convocatoria de la Selecci\u00f3n Colombia -","og_description":"26 jugadores estar\u00e1n disponibles para la doble fecha FIFA de las Eliminatorias al Mundial (salvo Luis D\u00edaz que se pierde el juego con Per\u00fa por sanci\u00f3n). La Tricolor afronta partidos clave ante Per\u00fa, en Barranquilla, y Argentina en Buenos Aires. Novedades El arquero Camilo Vargas, finalmente s\u00ed entr\u00f3 en la convocatoria, a pesar de que [&hellip;]","og_url":"https:\/\/futbolhoy.co\/index.php\/2025\/05\/29\/novedades-y-ausencias-destacadas-de-la-convocatoria-de-la-seleccion-colombia\/","article_publisher":"https:\/\/www.facebook.com\/FutbolHoyCol\/","article_published_time":"2025-05-29T21:10:49+00:00","article_modified_time":"2025-05-30T16:20:47+00:00","og_image":[{"width":1179,"height":1043,"url":"https:\/\/futbolhoy.co\/wp-content\/uploads\/2025\/05\/WhatsApp-Image-2025-05-29-at-5.53.00-PM.jpeg","type":"image\/jpeg"}],"author":"contenido","twitter_card":"summary_large_image","twitter_creator":"@FutbolHoyCol","twitter_site":"@FutbolHoyCol","twitter_misc":{"Escrito por":"contenido","Tiempo de lectura":"2 minutos"},"schema":{"@context":"https:\/\/schema.org","@graph":[{"@type":"Article","@id":"https:\/\/futbolhoy.co\/index.php\/2025\/05\/29\/novedades-y-ausencias-destacadas-de-la-convocatoria-de-la-seleccion-colombia\/#article","isPartOf":{"@id":"https:\/\/futbolhoy.co\/index.php\/2025\/05\/29\/novedades-y-ausencias-destacadas-de-la-convocatoria-de-la-seleccion-colombia\/"},"author":{"name":"contenido","@id":"https:\/\/futbolhoy.co\/#\/schema\/person\/1721b69355b6623eaff15ac7b92d4cc3"},"headline":"Novedades y ausencias destacadas de la convocatoria de la Selecci\u00f3n Colombia","datePublished":"2025-05-29T21:10:49+00:00","dateModified":"2025-05-30T16:20:47+00:00","mainEntityOfPage":{"@id":"https:\/\/futbolhoy.co\/index.php\/2025\/05\/29\/novedades-y-ausencias-destacadas-de-la-convocatoria-de-la-seleccion-colombia\/"},"wordCount":345,"commentCount":0,"publisher":{"@id":"https:\/\/futbolhoy.co\/#organization"},"image":{"@id":"https:\/\/futbolhoy.co\/index.php\/2025\/05\/29\/novedades-y-ausencias-destacadas-de-la-convocatoria-de-la-seleccion-colombia\/#primaryimage"},"thumbnailUrl":"https:\/\/futbolhoy.co\/wp-content\/uploads\/2025\/05\/WhatsApp-Image-2025-05-29-at-5.53.00-PM.jpeg","articleSection":["Colombia"],"inLanguage":"es","potentialAction":[{"@type":"CommentAction","name":"Comment","target":["https:\/\/futbolhoy.co\/index.php\/2025\/05\/29\/novedades-y-ausencias-destacadas-de-la-convocatoria-de-la-seleccion-colombia\/#respond"]}]},{"@type":"WebPage","@id":"https:\/\/futbolhoy.co\/index.php\/2025\/05\/29\/novedades-y-ausencias-destacadas-de-la-convocatoria-de-la-seleccion-colombia\/","url":"https:\/\/futbolhoy.co\/index.php\/2025\/05\/29\/novedades-y-ausencias-destacadas-de-la-convocatoria-de-la-seleccion-colombia\/","name":"Novedades y ausencias destacadas de la convocatoria de la Selecci\u00f3n Colombia -","isPartOf":{"@id":"https:\/\/futbolhoy.co\/#website"},"primaryImageOfPage":{"@id":"https:\/\/futbolhoy.co\/index.php\/2025\/05\/29\/novedades-y-ausencias-destacadas-de-la-convocatoria-de-la-seleccion-colombia\/#primaryimage"},"image":{"@id":"https:\/\/futbolhoy.co\/index.php\/2025\/05\/29\/novedades-y-ausencias-destacadas-de-la-convocatoria-de-la-seleccion-colombia\/#primaryimage"},"thumbnailUrl":"https:\/\/futbolhoy.co\/wp-content\/uploads\/2025\/05\/WhatsApp-Image-2025-05-29-at-5.53.00-PM.jpeg","datePublished":"2025-05-29T21:10:49+00:00","dateModified":"2025-05-30T16:20:47+00:00","breadcrumb":{"@id":"https:\/\/futbolhoy.co\/index.php\/2025\/05\/29\/novedades-y-ausencias-destacadas-de-la-convocatoria-de-la-seleccion-colombia\/#breadcrumb"},"inLanguage":"es","potentialAction":[{"@type":"ReadAction","target":["https:\/\/futbolhoy.co\/index.php\/2025\/05\/29\/novedades-y-ausencias-destacadas-de-la-convocatoria-de-la-seleccion-colombia\/"]}]},{"@type":"ImageObject","inLanguage":"es","@id":"https:\/\/futbolhoy.co\/index.php\/2025\/05\/29\/novedades-y-ausencias-destacadas-de-la-convocatoria-de-la-seleccion-colombia\/#primaryimage","url":"https:\/\/futbolhoy.co\/wp-content\/uploads\/2025\/05\/WhatsApp-Image-2025-05-29-at-5.53.00-PM.jpeg","contentUrl":"https:\/\/futbolhoy.co\/wp-content\/uploads\/2025\/05\/WhatsApp-Image-2025-05-29-at-5.53.00-PM.jpeg","width":1179,"height":1043},{"@type":"BreadcrumbList","@id":"https:\/\/futbolhoy.co\/index.php\/2025\/05\/29\/novedades-y-ausencias-destacadas-de-la-convocatoria-de-la-seleccion-colombia\/#breadcrumb","itemListElement":[{"@type":"ListItem","position":1,"name":"Portada","item":"https:\/\/futbolhoy.co\/"},{"@type":"ListItem","position":2,"name":"Novedades y ausencias destacadas de la convocatoria de la Selecci\u00f3n Colombia"}]},{"@type":"WebSite","@id":"https:\/\/futbolhoy.co\/#website","url":"https:\/\/futbolhoy.co\/","name":"FutbolHoy","description":"","publisher":{"@id":"https:\/\/futbolhoy.co\/#organization"},"potentialAction":[{"@type":"SearchAction","target":{"@type":"EntryPoint","urlTemplate":"https:\/\/futbolhoy.co\/?s={search_term_string}"},"query-input":{"@type":"PropertyValueSpecification","valueRequired":true,"valueName":"search_term_string"}}],"inLanguage":"es"},{"@type":"Organization","@id":"https:\/\/futbolhoy.co\/#organization","name":"Futbolhoy.co","url":"https:\/\/futbolhoy.co\/","logo":{"@type":"ImageObject","inLanguage":"es","@id":"https:\/\/futbolhoy.co\/#\/schema\/logo\/image\/","url":"https:\/\/futbolhoy.co\/wp-content\/uploads\/2018\/08\/17426380_1906371736249227_6326180412931521141_n.jpg","contentUrl":"https:\/\/futbolhoy.co\/wp-content\/uploads\/2018\/08\/17426380_1906371736249227_6326180412931521141_n.jpg","width":960,"height":960,"caption":"Futbolhoy.co"},"image":{"@id":"https:\/\/futbolhoy.co\/#\/schema\/logo\/image\/"},"sameAs":["https:\/\/www.facebook.com\/FutbolHoyCol\/","https:\/\/x.com\/FutbolHoyCol","https:\/\/www.instagram.com\/futbolhoycol\/"]},{"@type":"Person","@id":"https:\/\/futbolhoy.co\/#\/schema\/person\/1721b69355b6623eaff15ac7b92d4cc3","name":"contenido","image":{"@type":"ImageObject","inLanguage":"es","@id":"https:\/\/futbolhoy.co\/#\/schema\/person\/image\/","url":"https:\/\/secure.gravatar.com\/avatar\/4f656d3256f5134f466206e7c3941518?s=96&d=mm&r=g","contentUrl":"https:\/\/secure.gravatar.com\/avatar\/4f656d3256f5134f466206e7c3941518?s=96&d=mm&r=g","caption":"contenido"}}]}},"publishpress_future_action":{"enabled":false,"date":"2026-05-02 03:57:04","action":"change-status","newStatus":"draft","terms":[],"taxonomy":"category","extraData":[]},"publishpress_future_workflow_manual_trigger":{"enabledWorkflows":[]},"_links":{"self":[{"href":"https:\/\/futbolhoy.co\/index.php\/wp-json\/wp\/v2\/posts\/119856","targetHints":{"allow":["GET"]}}],"collection":[{"href":"https:\/\/futbolhoy.co\/index.php\/wp-json\/wp\/v2\/posts"}],"about":[{"href":"https:\/\/futbolhoy.co\/index.php\/wp-json\/wp\/v2\/types\/post"}],"author":[{"embeddable":true,"href":"https:\/\/futbolhoy.co\/index.php\/wp-json\/wp\/v2\/users\/4"}],"replies":[{"embeddable":true,"href":"https:\/\/futbolhoy.co\/index.php\/wp-json\/wp\/v2\/comments?post=119856"}],"version-history":[{"count":1,"href":"https:\/\/futbolhoy.co\/index.php\/wp-json\/wp\/v2\/posts\/119856\/revisions"}],"predecessor-version":[{"id":119858,"href":"https:\/\/futbolhoy.co\/index.php\/wp-json\/wp\/v2\/posts\/119856\/revisions\/119858"}],"wp:featuredmedia":[{"embeddable":true,"href":"https:\/\/futbolhoy.co\/index.php\/wp-json\/wp\/v2\/media\/119857"}],"wp:attachment":[{"href":"https:\/\/futbolhoy.co\/index.php\/wp-json\/wp\/v2\/media?parent=119856"}],"wp:term":[{"taxonomy":"category","embeddable":true,"href":"https:\/\/futbolhoy.co\/index.php\/wp-json\/wp\/v2\/categories?post=119856"},{"taxonomy":"post_tag","embeddable":true,"href":"https:\/\/futbolhoy.co\/index.php\/wp-json\/wp\/v2\/tags?post=119856"}],"curies":[{"name":"wp","href":"https:\/\/api.w.org\/{rel}","templated":true}]}}