{"id":120049,"date":"2025-06-04T08:20:50","date_gmt":"2025-06-04T13:20:50","guid":{"rendered":"https:\/\/futbolhoy.co\/?p=120049"},"modified":"2025-06-05T10:02:37","modified_gmt":"2025-06-05T15:02:37","slug":"modric-cerca-de-llegar-a-un-grande-de-italia","status":"publish","type":"post","link":"https:\/\/futbolhoy.co\/index.php\/2025\/06\/04\/modric-cerca-de-llegar-a-un-grande-de-italia\/","title":{"rendered":"Modric, cerca de llegar a un grande de Italia"},"content":{"rendered":"<p style=\"text-align: justify;\"><span style=\"font-family: helvetica, arial, sans-serif;\"><strong>Luka Modric,<\/strong> todav\u00eda capit\u00e1n del<strong> Real Madrid,<\/strong> est\u00e1 cerca de cerrar su fichaje por el <strong>Milan<\/strong> para la pr\u00f3xima temporada, equipo al que podr\u00eda llegar despu\u00e9s del <strong>Mundial de clubes<\/strong>, tal y como informaron este mi\u00e9rcoles los medios italianos.<\/span><\/p>\n<p style=\"text-align: justify;\"><span style=\"font-family: helvetica, arial, sans-serif;\">El Milan, que cerr\u00f3 las incorporaciones de <strong>Massimiliano Allegri<\/strong> como nuevo entrenador y de<strong> Igli Tare<\/strong> como nuevo director deportivo en los \u00faltimos d\u00edas, prepara ya la pr\u00f3xima temporada tras el descalabro en la pasada que le dej\u00f3 sin competiciones europeas.<\/span><\/p>\n<p style=\"text-align: justify;\"><span style=\"font-family: helvetica, arial, sans-serif;\">El objetivo principal del club es la llegada de Modric para reforzar as\u00ed un centro del campo que quedar\u00e1 hu\u00e9rfano tras la m\u00e1s que probable marcha del neerland\u00e9s <strong>Tijjani Reijnders<\/strong> al <strong>Manchester<\/strong>\u00a0<strong>City<\/strong> de <strong>Pep Guardiola.<\/strong><\/span><\/p>\n<p style=\"text-align: justify;\"><span style=\"font-family: helvetica, arial, sans-serif;\">Las pr\u00f3ximas horas ser\u00e1n cruciales, seg\u00fan se\u00f1alaron las mencionadas fuentes, y el director deportivo &#8216;rossonero&#8217; viaj\u00f3 a <strong>Croacia<\/strong> para presentar la oferta al futbolista, que apunta a ser de un a\u00f1o con opci\u00f3n a otro m\u00e1s.<\/span><\/p>\n","protected":false},"excerpt":{"rendered":"<p>Luka Modric, todav\u00eda capit\u00e1n del Real Madrid, est\u00e1 cerca de cerrar su fichaje por el Milan para la pr\u00f3xima temporada, equipo al que podr\u00eda llegar despu\u00e9s del Mundial de clubes, tal y como informaron este mi\u00e9rcoles los medios italianos. El Milan, que cerr\u00f3 las incorporaciones de Massimiliano Allegri como nuevo entrenador y de Igli Tare [&hellip;]<\/p>\n","protected":false},"author":4,"featured_media":120050,"comment_status":"open","ping_status":"closed","sticky":false,"template":"","format":"standard","meta":{"_acf_changed":false,"footnotes":""},"categories":[152],"tags":[],"class_list":{"0":"post-120049","1":"post","2":"type-post","3":"status-publish","4":"format-standard","5":"has-post-thumbnail","7":"category-mundo-futbol"},"acf":[],"_links":{"self":[{"href":"https:\/\/futbolhoy.co\/index.php\/wp-json\/wp\/v2\/posts\/120049","targetHints":{"allow":["GET"]}}],"collection":[{"href":"https:\/\/futbolhoy.co\/index.php\/wp-json\/wp\/v2\/posts"}],"about":[{"href":"https:\/\/futbolhoy.co\/index.php\/wp-json\/wp\/v2\/types\/post"}],"author":[{"embeddable":true,"href":"https:\/\/futbolhoy.co\/index.php\/wp-json\/wp\/v2\/users\/4"}],"replies":[{"embeddable":true,"href":"https:\/\/futbolhoy.co\/index.php\/wp-json\/wp\/v2\/comments?post=120049"}],"version-history":[{"count":1,"href":"https:\/\/futbolhoy.co\/index.php\/wp-json\/wp\/v2\/posts\/120049\/revisions"}],"predecessor-version":[{"id":120051,"href":"https:\/\/futbolhoy.co\/index.php\/wp-json\/wp\/v2\/posts\/120049\/revisions\/120051"}],"wp:featuredmedia":[{"embeddable":true,"href":"https:\/\/futbolhoy.co\/index.php\/wp-json\/wp\/v2\/media\/120050"}],"wp:attachment":[{"href":"https:\/\/futbolhoy.co\/index.php\/wp-json\/wp\/v2\/media?parent=120049"}],"wp:term":[{"taxonomy":"category","embeddable":true,"href":"https:\/\/futbolhoy.co\/index.php\/wp-json\/wp\/v2\/categories?post=120049"},{"taxonomy":"post_tag","embeddable":true,"href":"https:\/\/futbolhoy.co\/index.php\/wp-json\/wp\/v2\/tags?post=120049"}],"curies":[{"name":"wp","href":"https:\/\/api.w.org\/{rel}","templated":true}]}}