{"id":120466,"date":"2025-06-20T13:08:02","date_gmt":"2025-06-20T18:08:02","guid":{"rendered":"https:\/\/futbolhoy.co\/?p=120466"},"modified":"2025-06-22T17:26:56","modified_gmt":"2025-06-22T22:26:56","slug":"quintero-exploto-contra-rumores-de-estafa-y-salida-de-america","status":"publish","type":"post","link":"https:\/\/futbolhoy.co\/index.php\/2025\/06\/20\/quintero-exploto-contra-rumores-de-estafa-y-salida-de-america\/","title":{"rendered":"Quintero explot\u00f3 contra rumores de estafa y salida de Am\u00e9rica"},"content":{"rendered":"<p style=\"text-align: justify;\"><span style=\"font-family: helvetica, arial, sans-serif;\">La sorpresiva salida de la convocatoria de <b>Juan Fernando Quintero antes del partido contra independiente Medell\u00edn<\/b> levant\u00f3 a\u00fan m\u00e1s la pol\u00e9mica alrededor de los rumores sobre una supuesta estafa que habr\u00eda sufrido el Am\u00e9rica y que incluye al volante.\u00a0<\/span><\/p>\n<p style=\"text-align: justify;\"><span style=\"font-family: helvetica, arial, sans-serif;\"><b>Quintero no jug\u00f3 el \u00faltimo partido del semestre <\/b>con Am\u00e9rica y los rumores de su salida cada vez son m\u00e1s altos, luego de conocerse una supuesta estafa en la que habr\u00eda ca\u00eddo el equipo junto al jugador y por la que nos estar\u00edan haciendo los pagos correspondientes a su llegada al cuadro escarlata.\u00a0<\/span><\/p>\n<p style=\"text-align: justify;\"><span style=\"font-family: helvetica, arial, sans-serif;\">Con estos rumores en el aire, <b>Quintero explot\u00f3 a trav\u00e9s de sus redes sociales y dej\u00f3 claro que, <\/b>primero, no ha sido v\u00edctima de ninguna estafa, adem\u00e1s, que no se est\u00e1 aprovechando de nada y es un profesional, por lo que su salida de la convocatoria no fue algo m\u00e1s que un tema f\u00edsico.\u00a0<\/span><\/p>\n<p style=\"text-align: justify;\"><span style=\"font-family: helvetica, arial, sans-serif;\">\u201cViendo tantas cosas que se <b>inventan y que todo el mundo es due\u00f1o de la verdad <\/b>y piensan que lo saben todo, hasta con lo personal se meten y hacen comentarios con propiedad\u201d, inici\u00f3 el jugador.\u00a0<\/span><\/p>\n<p style=\"text-align: justify;\"><span style=\"font-family: helvetica, arial, sans-serif;\">\u201c<b>No soy v\u00edctima de ninguna estafa y tampoco me aprovecho de eso<\/b>... El que me conoce sabe c\u00f3mo soy y el que no pues no es mi culpa\u201d.<\/span><\/p>\n<p style=\"text-align: justify;\"><span style=\"font-family: helvetica, arial, sans-serif;\">\u201cEl d\u00eda que yo salga del equipo del cual estoy orgulloso, como lo dije <b>en d\u00edas pasados, yo mismo anunciar\u00e9 y dir\u00e9 las cosas<\/b>, as\u00ed como siempre he sido transparente frentero... Le guste a quien le guste quiz\u00e1s por ser as\u00ed la gente se confunde conmigo\u201d, a\u00f1adi\u00f3.\u00a0<\/span><\/p>\n<p style=\"text-align: justify;\"><span style=\"font-family: helvetica, arial, sans-serif;\">\u201c<b>No busco aceptaci\u00f3n de nadie, no le debo nada a nadi<\/b>e, me puedo ver al espejo tranquilo y s\u00ed, soy ganador desde ni\u00f1o... Si cada 6 meses analizo mi situaci\u00f3n es porque me gusta competir y ganar, y quiz\u00e1s muchas veces tomamos decisiones basadas en eso y a veces no se gana\u201d.\u00a0<\/span><\/p>\n","protected":false},"excerpt":{"rendered":"<p>La sorpresiva salida de la convocatoria de Juan Fernando Quintero antes del partido contra independiente Medell\u00edn levant\u00f3 a\u00fan m\u00e1s la pol\u00e9mica alrededor de los rumores sobre una supuesta estafa que habr\u00eda sufrido el Am\u00e9rica y que incluye al volante.\u00a0 Quintero no jug\u00f3 el \u00faltimo partido del semestre con Am\u00e9rica y los rumores de su salida [&hellip;]<\/p>\n","protected":false},"author":4,"featured_media":120468,"comment_status":"open","ping_status":"open","sticky":false,"template":"","format":"standard","meta":{"_acf_changed":false,"footnotes":""},"categories":[418],"tags":[],"class_list":{"0":"post-120466","1":"post","2":"type-post","3":"status-publish","4":"format-standard","5":"has-post-thumbnail","7":"category-colombia"},"acf":[],"yoast_head":"<!-- This site is optimized with the Yoast SEO plugin v26.8 - https:\/\/yoast.com\/product\/yoast-seo-wordpress\/ -->\n<title>Quintero explot\u00f3 contra rumores de estafa y salida de Am\u00e9rica -<\/title>\n<meta name=\"robots\" content=\"index, follow, max-snippet:-1, max-image-preview:large, max-video-preview:-1\" \/>\n<link rel=\"canonical\" href=\"https:\/\/futbolhoy.co\/index.php\/2025\/06\/20\/quintero-exploto-contra-rumores-de-estafa-y-salida-de-america\/\" \/>\n<meta property=\"og:locale\" content=\"es_ES\" \/>\n<meta property=\"og:type\" content=\"article\" \/>\n<meta property=\"og:title\" content=\"Quintero explot\u00f3 contra rumores de estafa y salida de Am\u00e9rica -\" \/>\n<meta property=\"og:description\" content=\"La sorpresiva salida de la convocatoria de Juan Fernando Quintero antes del partido contra independiente Medell\u00edn levant\u00f3 a\u00fan m\u00e1s la pol\u00e9mica alrededor de los rumores sobre una supuesta estafa que habr\u00eda sufrido el Am\u00e9rica y que incluye al volante.\u00a0 Quintero no jug\u00f3 el \u00faltimo partido del semestre con Am\u00e9rica y los rumores de su salida [&hellip;]\" \/>\n<meta property=\"og:url\" content=\"https:\/\/futbolhoy.co\/index.php\/2025\/06\/20\/quintero-exploto-contra-rumores-de-estafa-y-salida-de-america\/\" \/>\n<meta property=\"article:publisher\" content=\"https:\/\/www.facebook.com\/FutbolHoyCol\/\" \/>\n<meta property=\"article:published_time\" content=\"2025-06-20T18:08:02+00:00\" \/>\n<meta property=\"article:modified_time\" content=\"2025-06-22T22:26:56+00:00\" \/>\n<meta property=\"og:image\" content=\"https:\/\/futbolhoy.co\/wp-content\/uploads\/2025\/06\/IMG_5160.jpeg\" \/>\n\t<meta property=\"og:image:width\" content=\"912\" \/>\n\t<meta property=\"og:image:height\" content=\"623\" \/>\n\t<meta property=\"og:image:type\" content=\"image\/jpeg\" \/>\n<meta name=\"author\" content=\"contenido\" \/>\n<meta name=\"twitter:card\" content=\"summary_large_image\" \/>\n<meta name=\"twitter:creator\" content=\"@FutbolHoyCol\" \/>\n<meta name=\"twitter:site\" content=\"@FutbolHoyCol\" \/>\n<meta name=\"twitter:label1\" content=\"Escrito por\" \/>\n\t<meta name=\"twitter:data1\" content=\"contenido\" \/>\n\t<meta name=\"twitter:label2\" content=\"Tiempo de lectura\" \/>\n\t<meta name=\"twitter:data2\" content=\"2 minutos\" \/>\n<script type=\"application\/ld+json\" class=\"yoast-schema-graph\">{\"@context\":\"https:\/\/schema.org\",\"@graph\":[{\"@type\":\"Article\",\"@id\":\"https:\/\/futbolhoy.co\/index.php\/2025\/06\/20\/quintero-exploto-contra-rumores-de-estafa-y-salida-de-america\/#article\",\"isPartOf\":{\"@id\":\"https:\/\/futbolhoy.co\/index.php\/2025\/06\/20\/quintero-exploto-contra-rumores-de-estafa-y-salida-de-america\/\"},\"author\":{\"name\":\"contenido\",\"@id\":\"https:\/\/futbolhoy.co\/#\/schema\/person\/1721b69355b6623eaff15ac7b92d4cc3\"},\"headline\":\"Quintero explot\u00f3 contra rumores de estafa y salida de Am\u00e9rica\",\"datePublished\":\"2025-06-20T18:08:02+00:00\",\"dateModified\":\"2025-06-22T22:26:56+00:00\",\"mainEntityOfPage\":{\"@id\":\"https:\/\/futbolhoy.co\/index.php\/2025\/06\/20\/quintero-exploto-contra-rumores-de-estafa-y-salida-de-america\/\"},\"wordCount\":346,\"commentCount\":0,\"publisher\":{\"@id\":\"https:\/\/futbolhoy.co\/#organization\"},\"image\":{\"@id\":\"https:\/\/futbolhoy.co\/index.php\/2025\/06\/20\/quintero-exploto-contra-rumores-de-estafa-y-salida-de-america\/#primaryimage\"},\"thumbnailUrl\":\"https:\/\/futbolhoy.co\/wp-content\/uploads\/2025\/06\/IMG_5160.jpeg\",\"articleSection\":[\"Colombia\"],\"inLanguage\":\"es\",\"potentialAction\":[{\"@type\":\"CommentAction\",\"name\":\"Comment\",\"target\":[\"https:\/\/futbolhoy.co\/index.php\/2025\/06\/20\/quintero-exploto-contra-rumores-de-estafa-y-salida-de-america\/#respond\"]}]},{\"@type\":\"WebPage\",\"@id\":\"https:\/\/futbolhoy.co\/index.php\/2025\/06\/20\/quintero-exploto-contra-rumores-de-estafa-y-salida-de-america\/\",\"url\":\"https:\/\/futbolhoy.co\/index.php\/2025\/06\/20\/quintero-exploto-contra-rumores-de-estafa-y-salida-de-america\/\",\"name\":\"Quintero explot\u00f3 contra rumores de estafa y salida de Am\u00e9rica -\",\"isPartOf\":{\"@id\":\"https:\/\/futbolhoy.co\/#website\"},\"primaryImageOfPage\":{\"@id\":\"https:\/\/futbolhoy.co\/index.php\/2025\/06\/20\/quintero-exploto-contra-rumores-de-estafa-y-salida-de-america\/#primaryimage\"},\"image\":{\"@id\":\"https:\/\/futbolhoy.co\/index.php\/2025\/06\/20\/quintero-exploto-contra-rumores-de-estafa-y-salida-de-america\/#primaryimage\"},\"thumbnailUrl\":\"https:\/\/futbolhoy.co\/wp-content\/uploads\/2025\/06\/IMG_5160.jpeg\",\"datePublished\":\"2025-06-20T18:08:02+00:00\",\"dateModified\":\"2025-06-22T22:26:56+00:00\",\"breadcrumb\":{\"@id\":\"https:\/\/futbolhoy.co\/index.php\/2025\/06\/20\/quintero-exploto-contra-rumores-de-estafa-y-salida-de-america\/#breadcrumb\"},\"inLanguage\":\"es\",\"potentialAction\":[{\"@type\":\"ReadAction\",\"target\":[\"https:\/\/futbolhoy.co\/index.php\/2025\/06\/20\/quintero-exploto-contra-rumores-de-estafa-y-salida-de-america\/\"]}]},{\"@type\":\"ImageObject\",\"inLanguage\":\"es\",\"@id\":\"https:\/\/futbolhoy.co\/index.php\/2025\/06\/20\/quintero-exploto-contra-rumores-de-estafa-y-salida-de-america\/#primaryimage\",\"url\":\"https:\/\/futbolhoy.co\/wp-content\/uploads\/2025\/06\/IMG_5160.jpeg\",\"contentUrl\":\"https:\/\/futbolhoy.co\/wp-content\/uploads\/2025\/06\/IMG_5160.jpeg\",\"width\":912,\"height\":623},{\"@type\":\"BreadcrumbList\",\"@id\":\"https:\/\/futbolhoy.co\/index.php\/2025\/06\/20\/quintero-exploto-contra-rumores-de-estafa-y-salida-de-america\/#breadcrumb\",\"itemListElement\":[{\"@type\":\"ListItem\",\"position\":1,\"name\":\"Portada\",\"item\":\"https:\/\/futbolhoy.co\/\"},{\"@type\":\"ListItem\",\"position\":2,\"name\":\"Quintero explot\u00f3 contra rumores de estafa y salida de Am\u00e9rica\"}]},{\"@type\":\"WebSite\",\"@id\":\"https:\/\/futbolhoy.co\/#website\",\"url\":\"https:\/\/futbolhoy.co\/\",\"name\":\"FutbolHoy\",\"description\":\"\",\"publisher\":{\"@id\":\"https:\/\/futbolhoy.co\/#organization\"},\"potentialAction\":[{\"@type\":\"SearchAction\",\"target\":{\"@type\":\"EntryPoint\",\"urlTemplate\":\"https:\/\/futbolhoy.co\/?s={search_term_string}\"},\"query-input\":{\"@type\":\"PropertyValueSpecification\",\"valueRequired\":true,\"valueName\":\"search_term_string\"}}],\"inLanguage\":\"es\"},{\"@type\":\"Organization\",\"@id\":\"https:\/\/futbolhoy.co\/#organization\",\"name\":\"Futbolhoy.co\",\"url\":\"https:\/\/futbolhoy.co\/\",\"logo\":{\"@type\":\"ImageObject\",\"inLanguage\":\"es\",\"@id\":\"https:\/\/futbolhoy.co\/#\/schema\/logo\/image\/\",\"url\":\"https:\/\/futbolhoy.co\/wp-content\/uploads\/2018\/08\/17426380_1906371736249227_6326180412931521141_n.jpg\",\"contentUrl\":\"https:\/\/futbolhoy.co\/wp-content\/uploads\/2018\/08\/17426380_1906371736249227_6326180412931521141_n.jpg\",\"width\":960,\"height\":960,\"caption\":\"Futbolhoy.co\"},\"image\":{\"@id\":\"https:\/\/futbolhoy.co\/#\/schema\/logo\/image\/\"},\"sameAs\":[\"https:\/\/www.facebook.com\/FutbolHoyCol\/\",\"https:\/\/x.com\/FutbolHoyCol\",\"https:\/\/www.instagram.com\/futbolhoycol\/\"]},{\"@type\":\"Person\",\"@id\":\"https:\/\/futbolhoy.co\/#\/schema\/person\/1721b69355b6623eaff15ac7b92d4cc3\",\"name\":\"contenido\",\"image\":{\"@type\":\"ImageObject\",\"inLanguage\":\"es\",\"@id\":\"https:\/\/futbolhoy.co\/#\/schema\/person\/image\/\",\"url\":\"https:\/\/secure.gravatar.com\/avatar\/4f656d3256f5134f466206e7c3941518?s=96&d=mm&r=g\",\"contentUrl\":\"https:\/\/secure.gravatar.com\/avatar\/4f656d3256f5134f466206e7c3941518?s=96&d=mm&r=g\",\"caption\":\"contenido\"}}]}<\/script>\n<!-- \/ Yoast SEO plugin. -->","yoast_head_json":{"title":"Quintero explot\u00f3 contra rumores de estafa y salida de Am\u00e9rica -","robots":{"index":"index","follow":"follow","max-snippet":"max-snippet:-1","max-image-preview":"max-image-preview:large","max-video-preview":"max-video-preview:-1"},"canonical":"https:\/\/futbolhoy.co\/index.php\/2025\/06\/20\/quintero-exploto-contra-rumores-de-estafa-y-salida-de-america\/","og_locale":"es_ES","og_type":"article","og_title":"Quintero explot\u00f3 contra rumores de estafa y salida de Am\u00e9rica -","og_description":"La sorpresiva salida de la convocatoria de Juan Fernando Quintero antes del partido contra independiente Medell\u00edn levant\u00f3 a\u00fan m\u00e1s la pol\u00e9mica alrededor de los rumores sobre una supuesta estafa que habr\u00eda sufrido el Am\u00e9rica y que incluye al volante.\u00a0 Quintero no jug\u00f3 el \u00faltimo partido del semestre con Am\u00e9rica y los rumores de su salida [&hellip;]","og_url":"https:\/\/futbolhoy.co\/index.php\/2025\/06\/20\/quintero-exploto-contra-rumores-de-estafa-y-salida-de-america\/","article_publisher":"https:\/\/www.facebook.com\/FutbolHoyCol\/","article_published_time":"2025-06-20T18:08:02+00:00","article_modified_time":"2025-06-22T22:26:56+00:00","og_image":[{"width":912,"height":623,"url":"https:\/\/futbolhoy.co\/wp-content\/uploads\/2025\/06\/IMG_5160.jpeg","type":"image\/jpeg"}],"author":"contenido","twitter_card":"summary_large_image","twitter_creator":"@FutbolHoyCol","twitter_site":"@FutbolHoyCol","twitter_misc":{"Escrito por":"contenido","Tiempo de lectura":"2 minutos"},"schema":{"@context":"https:\/\/schema.org","@graph":[{"@type":"Article","@id":"https:\/\/futbolhoy.co\/index.php\/2025\/06\/20\/quintero-exploto-contra-rumores-de-estafa-y-salida-de-america\/#article","isPartOf":{"@id":"https:\/\/futbolhoy.co\/index.php\/2025\/06\/20\/quintero-exploto-contra-rumores-de-estafa-y-salida-de-america\/"},"author":{"name":"contenido","@id":"https:\/\/futbolhoy.co\/#\/schema\/person\/1721b69355b6623eaff15ac7b92d4cc3"},"headline":"Quintero explot\u00f3 contra rumores de estafa y salida de Am\u00e9rica","datePublished":"2025-06-20T18:08:02+00:00","dateModified":"2025-06-22T22:26:56+00:00","mainEntityOfPage":{"@id":"https:\/\/futbolhoy.co\/index.php\/2025\/06\/20\/quintero-exploto-contra-rumores-de-estafa-y-salida-de-america\/"},"wordCount":346,"commentCount":0,"publisher":{"@id":"https:\/\/futbolhoy.co\/#organization"},"image":{"@id":"https:\/\/futbolhoy.co\/index.php\/2025\/06\/20\/quintero-exploto-contra-rumores-de-estafa-y-salida-de-america\/#primaryimage"},"thumbnailUrl":"https:\/\/futbolhoy.co\/wp-content\/uploads\/2025\/06\/IMG_5160.jpeg","articleSection":["Colombia"],"inLanguage":"es","potentialAction":[{"@type":"CommentAction","name":"Comment","target":["https:\/\/futbolhoy.co\/index.php\/2025\/06\/20\/quintero-exploto-contra-rumores-de-estafa-y-salida-de-america\/#respond"]}]},{"@type":"WebPage","@id":"https:\/\/futbolhoy.co\/index.php\/2025\/06\/20\/quintero-exploto-contra-rumores-de-estafa-y-salida-de-america\/","url":"https:\/\/futbolhoy.co\/index.php\/2025\/06\/20\/quintero-exploto-contra-rumores-de-estafa-y-salida-de-america\/","name":"Quintero explot\u00f3 contra rumores de estafa y salida de Am\u00e9rica -","isPartOf":{"@id":"https:\/\/futbolhoy.co\/#website"},"primaryImageOfPage":{"@id":"https:\/\/futbolhoy.co\/index.php\/2025\/06\/20\/quintero-exploto-contra-rumores-de-estafa-y-salida-de-america\/#primaryimage"},"image":{"@id":"https:\/\/futbolhoy.co\/index.php\/2025\/06\/20\/quintero-exploto-contra-rumores-de-estafa-y-salida-de-america\/#primaryimage"},"thumbnailUrl":"https:\/\/futbolhoy.co\/wp-content\/uploads\/2025\/06\/IMG_5160.jpeg","datePublished":"2025-06-20T18:08:02+00:00","dateModified":"2025-06-22T22:26:56+00:00","breadcrumb":{"@id":"https:\/\/futbolhoy.co\/index.php\/2025\/06\/20\/quintero-exploto-contra-rumores-de-estafa-y-salida-de-america\/#breadcrumb"},"inLanguage":"es","potentialAction":[{"@type":"ReadAction","target":["https:\/\/futbolhoy.co\/index.php\/2025\/06\/20\/quintero-exploto-contra-rumores-de-estafa-y-salida-de-america\/"]}]},{"@type":"ImageObject","inLanguage":"es","@id":"https:\/\/futbolhoy.co\/index.php\/2025\/06\/20\/quintero-exploto-contra-rumores-de-estafa-y-salida-de-america\/#primaryimage","url":"https:\/\/futbolhoy.co\/wp-content\/uploads\/2025\/06\/IMG_5160.jpeg","contentUrl":"https:\/\/futbolhoy.co\/wp-content\/uploads\/2025\/06\/IMG_5160.jpeg","width":912,"height":623},{"@type":"BreadcrumbList","@id":"https:\/\/futbolhoy.co\/index.php\/2025\/06\/20\/quintero-exploto-contra-rumores-de-estafa-y-salida-de-america\/#breadcrumb","itemListElement":[{"@type":"ListItem","position":1,"name":"Portada","item":"https:\/\/futbolhoy.co\/"},{"@type":"ListItem","position":2,"name":"Quintero explot\u00f3 contra rumores de estafa y salida de Am\u00e9rica"}]},{"@type":"WebSite","@id":"https:\/\/futbolhoy.co\/#website","url":"https:\/\/futbolhoy.co\/","name":"FutbolHoy","description":"","publisher":{"@id":"https:\/\/futbolhoy.co\/#organization"},"potentialAction":[{"@type":"SearchAction","target":{"@type":"EntryPoint","urlTemplate":"https:\/\/futbolhoy.co\/?s={search_term_string}"},"query-input":{"@type":"PropertyValueSpecification","valueRequired":true,"valueName":"search_term_string"}}],"inLanguage":"es"},{"@type":"Organization","@id":"https:\/\/futbolhoy.co\/#organization","name":"Futbolhoy.co","url":"https:\/\/futbolhoy.co\/","logo":{"@type":"ImageObject","inLanguage":"es","@id":"https:\/\/futbolhoy.co\/#\/schema\/logo\/image\/","url":"https:\/\/futbolhoy.co\/wp-content\/uploads\/2018\/08\/17426380_1906371736249227_6326180412931521141_n.jpg","contentUrl":"https:\/\/futbolhoy.co\/wp-content\/uploads\/2018\/08\/17426380_1906371736249227_6326180412931521141_n.jpg","width":960,"height":960,"caption":"Futbolhoy.co"},"image":{"@id":"https:\/\/futbolhoy.co\/#\/schema\/logo\/image\/"},"sameAs":["https:\/\/www.facebook.com\/FutbolHoyCol\/","https:\/\/x.com\/FutbolHoyCol","https:\/\/www.instagram.com\/futbolhoycol\/"]},{"@type":"Person","@id":"https:\/\/futbolhoy.co\/#\/schema\/person\/1721b69355b6623eaff15ac7b92d4cc3","name":"contenido","image":{"@type":"ImageObject","inLanguage":"es","@id":"https:\/\/futbolhoy.co\/#\/schema\/person\/image\/","url":"https:\/\/secure.gravatar.com\/avatar\/4f656d3256f5134f466206e7c3941518?s=96&d=mm&r=g","contentUrl":"https:\/\/secure.gravatar.com\/avatar\/4f656d3256f5134f466206e7c3941518?s=96&d=mm&r=g","caption":"contenido"}}]}},"publishpress_future_action":{"enabled":false,"date":"2026-05-04 09:40:00","action":"change-status","newStatus":"draft","terms":[],"taxonomy":"category","extraData":[]},"publishpress_future_workflow_manual_trigger":{"enabledWorkflows":[]},"_links":{"self":[{"href":"https:\/\/futbolhoy.co\/index.php\/wp-json\/wp\/v2\/posts\/120466","targetHints":{"allow":["GET"]}}],"collection":[{"href":"https:\/\/futbolhoy.co\/index.php\/wp-json\/wp\/v2\/posts"}],"about":[{"href":"https:\/\/futbolhoy.co\/index.php\/wp-json\/wp\/v2\/types\/post"}],"author":[{"embeddable":true,"href":"https:\/\/futbolhoy.co\/index.php\/wp-json\/wp\/v2\/users\/4"}],"replies":[{"embeddable":true,"href":"https:\/\/futbolhoy.co\/index.php\/wp-json\/wp\/v2\/comments?post=120466"}],"version-history":[{"count":1,"href":"https:\/\/futbolhoy.co\/index.php\/wp-json\/wp\/v2\/posts\/120466\/revisions"}],"predecessor-version":[{"id":120469,"href":"https:\/\/futbolhoy.co\/index.php\/wp-json\/wp\/v2\/posts\/120466\/revisions\/120469"}],"wp:featuredmedia":[{"embeddable":true,"href":"https:\/\/futbolhoy.co\/index.php\/wp-json\/wp\/v2\/media\/120468"}],"wp:attachment":[{"href":"https:\/\/futbolhoy.co\/index.php\/wp-json\/wp\/v2\/media?parent=120466"}],"wp:term":[{"taxonomy":"category","embeddable":true,"href":"https:\/\/futbolhoy.co\/index.php\/wp-json\/wp\/v2\/categories?post=120466"},{"taxonomy":"post_tag","embeddable":true,"href":"https:\/\/futbolhoy.co\/index.php\/wp-json\/wp\/v2\/tags?post=120466"}],"curies":[{"name":"wp","href":"https:\/\/api.w.org\/{rel}","templated":true}]}}