{"id":120470,"date":"2025-06-20T21:22:55","date_gmt":"2025-06-21T02:22:55","guid":{"rendered":"https:\/\/futbolhoy.co\/?p=120470"},"modified":"2025-06-21T21:16:15","modified_gmt":"2025-06-22T02:16:15","slug":"convocatoria-de-la-seleccion-colombia-femenina-antes-de-la-copa-america","status":"publish","type":"post","link":"https:\/\/futbolhoy.co\/index.php\/2025\/06\/20\/convocatoria-de-la-seleccion-colombia-femenina-antes-de-la-copa-america\/","title":{"rendered":"Convocatoria de la Selecci\u00f3n Colombia Femenina antes de la Copa Am\u00e9rica"},"content":{"rendered":"<p style=\"text-align: justify;\"><span style=\"font-family: helvetica, arial, sans-serif;\">La <b>Selecci\u00f3n Colombia Femenina <\/b>dio a conocer la lista de 23 jugadoras convocadas para la \u00faltima fecha FIFA antes de disputar la <b>Copa Am\u00e9rica Femenina<\/b>, donde la Tricolor enfrentar\u00e1 en dos oportunidades a M\u00e9xico.\u00a0<\/span><\/p>\n<p style=\"text-align: justify;\"><span style=\"font-family: helvetica, arial, sans-serif;\">El equipo dirigido de Angelo Marsiglia <b>jugar\u00e1 el 27 de junio y el 2 de julio <\/b>ante la Selecci\u00f3n de M\u00e9xico. La Tricolor iniciar\u00e1 la concentraci\u00f3n en Bogot\u00e1 los pr\u00f3ximos 23 y 24 de junio, y posteriormente viajar\u00e1 a la ciudad de Ju\u00e1rez, donde disputar\u00e1 el primer compromiso.<\/span><\/p>\n<p style=\"text-align: justify;\"><span style=\"font-family: helvetica, arial, sans-serif;\">Posteriormente <b>viajar\u00e1 a Zacatepec,<\/b> en el estado de Morelos, para jugar el segundo encuentro ante M\u00e9xico antes de la Copa Am\u00e9rica.<\/span><\/p>\n<p style=\"text-align: justify;\"><span style=\"font-family: helvetica, arial, sans-serif;\">Marsiglia convoc\u00f3 a 23 jugadoras, que podr\u00eda ser el mismo equipo que viaje a <b>Ecuador<\/b> para jugar la Copa Am\u00e9rica, entre el 12 de julio y el 2 de agosto.\u00a0<\/span><\/p>\n<p style=\"text-align: justify;\"><span style=\"font-family: helvetica, arial, sans-serif;\"><b>Las convocadas:\u00a0<\/b><\/span><\/p>\n<p style=\"text-align: justify;\"><span style=\"font-family: helvetica, arial, sans-serif;\">Arqueras: CATALINA P\u00c9REZ \u2013 Werder Bremen (GER), NATALIA GIRALDO \u2013 Am\u00e9rica de Cali (COL) y KATHERINE TAPIA \u2013 Palmeiras (BRA).<\/span><\/p>\n<p style=\"text-align: justify;\"><span style=\"font-family: helvetica, arial, sans-serif;\">Defensas: ANA MAR\u00cdA GUZM\u00c1N \u2013 Utah Royals (USA), \u00c1NGELA BAR\u00d3N \u2013 Racing Louisville (USA), CAROLINA ARIAS \u2013 Am\u00e9rica de Cali (USA), DANIELA ARIAS \u2013 San Diego Wave (USA), DANIELA CARACAS \u2013 Espanyol (ESP), JORELYN CARABALI \u2013 Brighton (ENG), MARY JOS\u00c9 \u00c1LVAREZ \u2013 Atl\u00e9tico Nacional (COL) y YIRLEIDIS QUEJADA \u2013 Pachuca (MEX).<\/span><\/p>\n<p style=\"text-align: justify;\"><span style=\"font-family: helvetica, arial, sans-serif;\">Volantes: CATALINA USME \u2013 Galatasaray (TUR), DANIELA MONTOYA \u2013 Gremio (BRA), ILANA IZQUIERDO \u2013 Atl\u00e9tico San Luis (M\u00c9X), LEICY SANTOS \u2013 Washington Spirit (USA), LICED SERNA \u2013 Alba Fundaci\u00f3n (ESP), LORENA BEDOYA \u2013 Cruzeiro (BRA) y MARCELA RESTREPO \u2013 Monterrey (M\u00c9X).<\/span><\/p>\n<p style=\"text-align: justify;\"><span style=\"font-family: helvetica, arial, sans-serif;\">Delanteras: LINDA CAICEDO \u2013 Real Madrid (ESP), MANUELA PAVI \u2013 West Ham (ENG), MAYRA RAM\u00cdREZ \u2013 Chelsea (ENG), VALERIN LOBOA \u2013 Deportivo Cali (COL) y WENDY BONILLA \u2013 Pumas (MEX).<\/span><\/p>\n","protected":false},"excerpt":{"rendered":"<p>La Selecci\u00f3n Colombia Femenina dio a conocer la lista de 23 jugadoras convocadas para la \u00faltima fecha FIFA antes de disputar la Copa Am\u00e9rica Femenina, donde la Tricolor enfrentar\u00e1 en dos oportunidades a M\u00e9xico.\u00a0 El equipo dirigido de Angelo Marsiglia jugar\u00e1 el 27 de junio y el 2 de julio ante la Selecci\u00f3n de M\u00e9xico. [&hellip;]<\/p>\n","protected":false},"author":4,"featured_media":120471,"comment_status":"open","ping_status":"open","sticky":false,"template":"","format":"standard","meta":{"_acf_changed":false,"footnotes":""},"categories":[418],"tags":[],"class_list":{"0":"post-120470","1":"post","2":"type-post","3":"status-publish","4":"format-standard","5":"has-post-thumbnail","7":"category-colombia"},"acf":[],"yoast_head":"<!-- This site is optimized with the Yoast SEO plugin v26.8 - https:\/\/yoast.com\/product\/yoast-seo-wordpress\/ -->\n<title>Convocatoria de la Selecci\u00f3n Colombia Femenina antes de la Copa Am\u00e9rica -<\/title>\n<meta name=\"robots\" content=\"index, follow, max-snippet:-1, max-image-preview:large, max-video-preview:-1\" \/>\n<link rel=\"canonical\" href=\"https:\/\/futbolhoy.co\/index.php\/2025\/06\/20\/convocatoria-de-la-seleccion-colombia-femenina-antes-de-la-copa-america\/\" \/>\n<meta property=\"og:locale\" content=\"es_ES\" \/>\n<meta property=\"og:type\" content=\"article\" \/>\n<meta property=\"og:title\" content=\"Convocatoria de la Selecci\u00f3n Colombia Femenina antes de la Copa Am\u00e9rica -\" \/>\n<meta property=\"og:description\" content=\"La Selecci\u00f3n Colombia Femenina dio a conocer la lista de 23 jugadoras convocadas para la \u00faltima fecha FIFA antes de disputar la Copa Am\u00e9rica Femenina, donde la Tricolor enfrentar\u00e1 en dos oportunidades a M\u00e9xico.\u00a0 El equipo dirigido de Angelo Marsiglia jugar\u00e1 el 27 de junio y el 2 de julio ante la Selecci\u00f3n de M\u00e9xico. [&hellip;]\" \/>\n<meta property=\"og:url\" content=\"https:\/\/futbolhoy.co\/index.php\/2025\/06\/20\/convocatoria-de-la-seleccion-colombia-femenina-antes-de-la-copa-america\/\" \/>\n<meta property=\"article:publisher\" content=\"https:\/\/www.facebook.com\/FutbolHoyCol\/\" \/>\n<meta property=\"article:published_time\" content=\"2025-06-21T02:22:55+00:00\" \/>\n<meta property=\"article:modified_time\" content=\"2025-06-22T02:16:15+00:00\" \/>\n<meta property=\"og:image\" content=\"https:\/\/futbolhoy.co\/wp-content\/uploads\/2025\/06\/IMG_5233.jpeg\" \/>\n\t<meta property=\"og:image:width\" content=\"995\" \/>\n\t<meta property=\"og:image:height\" content=\"648\" \/>\n\t<meta property=\"og:image:type\" content=\"image\/jpeg\" \/>\n<meta name=\"author\" content=\"contenido\" \/>\n<meta name=\"twitter:card\" content=\"summary_large_image\" \/>\n<meta name=\"twitter:creator\" content=\"@FutbolHoyCol\" \/>\n<meta name=\"twitter:site\" content=\"@FutbolHoyCol\" \/>\n<meta name=\"twitter:label1\" content=\"Escrito por\" \/>\n\t<meta name=\"twitter:data1\" content=\"contenido\" \/>\n\t<meta name=\"twitter:label2\" content=\"Tiempo de lectura\" \/>\n\t<meta name=\"twitter:data2\" content=\"1 minuto\" \/>\n<script type=\"application\/ld+json\" class=\"yoast-schema-graph\">{\"@context\":\"https:\/\/schema.org\",\"@graph\":[{\"@type\":\"Article\",\"@id\":\"https:\/\/futbolhoy.co\/index.php\/2025\/06\/20\/convocatoria-de-la-seleccion-colombia-femenina-antes-de-la-copa-america\/#article\",\"isPartOf\":{\"@id\":\"https:\/\/futbolhoy.co\/index.php\/2025\/06\/20\/convocatoria-de-la-seleccion-colombia-femenina-antes-de-la-copa-america\/\"},\"author\":{\"name\":\"contenido\",\"@id\":\"https:\/\/futbolhoy.co\/#\/schema\/person\/1721b69355b6623eaff15ac7b92d4cc3\"},\"headline\":\"Convocatoria de la Selecci\u00f3n Colombia Femenina antes de la Copa Am\u00e9rica\",\"datePublished\":\"2025-06-21T02:22:55+00:00\",\"dateModified\":\"2025-06-22T02:16:15+00:00\",\"mainEntityOfPage\":{\"@id\":\"https:\/\/futbolhoy.co\/index.php\/2025\/06\/20\/convocatoria-de-la-seleccion-colombia-femenina-antes-de-la-copa-america\/\"},\"wordCount\":283,\"commentCount\":0,\"publisher\":{\"@id\":\"https:\/\/futbolhoy.co\/#organization\"},\"image\":{\"@id\":\"https:\/\/futbolhoy.co\/index.php\/2025\/06\/20\/convocatoria-de-la-seleccion-colombia-femenina-antes-de-la-copa-america\/#primaryimage\"},\"thumbnailUrl\":\"https:\/\/futbolhoy.co\/wp-content\/uploads\/2025\/06\/IMG_5233.jpeg\",\"articleSection\":[\"Colombia\"],\"inLanguage\":\"es\",\"potentialAction\":[{\"@type\":\"CommentAction\",\"name\":\"Comment\",\"target\":[\"https:\/\/futbolhoy.co\/index.php\/2025\/06\/20\/convocatoria-de-la-seleccion-colombia-femenina-antes-de-la-copa-america\/#respond\"]}]},{\"@type\":\"WebPage\",\"@id\":\"https:\/\/futbolhoy.co\/index.php\/2025\/06\/20\/convocatoria-de-la-seleccion-colombia-femenina-antes-de-la-copa-america\/\",\"url\":\"https:\/\/futbolhoy.co\/index.php\/2025\/06\/20\/convocatoria-de-la-seleccion-colombia-femenina-antes-de-la-copa-america\/\",\"name\":\"Convocatoria de la Selecci\u00f3n Colombia Femenina antes de la Copa Am\u00e9rica -\",\"isPartOf\":{\"@id\":\"https:\/\/futbolhoy.co\/#website\"},\"primaryImageOfPage\":{\"@id\":\"https:\/\/futbolhoy.co\/index.php\/2025\/06\/20\/convocatoria-de-la-seleccion-colombia-femenina-antes-de-la-copa-america\/#primaryimage\"},\"image\":{\"@id\":\"https:\/\/futbolhoy.co\/index.php\/2025\/06\/20\/convocatoria-de-la-seleccion-colombia-femenina-antes-de-la-copa-america\/#primaryimage\"},\"thumbnailUrl\":\"https:\/\/futbolhoy.co\/wp-content\/uploads\/2025\/06\/IMG_5233.jpeg\",\"datePublished\":\"2025-06-21T02:22:55+00:00\",\"dateModified\":\"2025-06-22T02:16:15+00:00\",\"breadcrumb\":{\"@id\":\"https:\/\/futbolhoy.co\/index.php\/2025\/06\/20\/convocatoria-de-la-seleccion-colombia-femenina-antes-de-la-copa-america\/#breadcrumb\"},\"inLanguage\":\"es\",\"potentialAction\":[{\"@type\":\"ReadAction\",\"target\":[\"https:\/\/futbolhoy.co\/index.php\/2025\/06\/20\/convocatoria-de-la-seleccion-colombia-femenina-antes-de-la-copa-america\/\"]}]},{\"@type\":\"ImageObject\",\"inLanguage\":\"es\",\"@id\":\"https:\/\/futbolhoy.co\/index.php\/2025\/06\/20\/convocatoria-de-la-seleccion-colombia-femenina-antes-de-la-copa-america\/#primaryimage\",\"url\":\"https:\/\/futbolhoy.co\/wp-content\/uploads\/2025\/06\/IMG_5233.jpeg\",\"contentUrl\":\"https:\/\/futbolhoy.co\/wp-content\/uploads\/2025\/06\/IMG_5233.jpeg\",\"width\":995,\"height\":648},{\"@type\":\"BreadcrumbList\",\"@id\":\"https:\/\/futbolhoy.co\/index.php\/2025\/06\/20\/convocatoria-de-la-seleccion-colombia-femenina-antes-de-la-copa-america\/#breadcrumb\",\"itemListElement\":[{\"@type\":\"ListItem\",\"position\":1,\"name\":\"Portada\",\"item\":\"https:\/\/futbolhoy.co\/\"},{\"@type\":\"ListItem\",\"position\":2,\"name\":\"Convocatoria de la Selecci\u00f3n Colombia Femenina antes de la Copa Am\u00e9rica\"}]},{\"@type\":\"WebSite\",\"@id\":\"https:\/\/futbolhoy.co\/#website\",\"url\":\"https:\/\/futbolhoy.co\/\",\"name\":\"FutbolHoy\",\"description\":\"\",\"publisher\":{\"@id\":\"https:\/\/futbolhoy.co\/#organization\"},\"potentialAction\":[{\"@type\":\"SearchAction\",\"target\":{\"@type\":\"EntryPoint\",\"urlTemplate\":\"https:\/\/futbolhoy.co\/?s={search_term_string}\"},\"query-input\":{\"@type\":\"PropertyValueSpecification\",\"valueRequired\":true,\"valueName\":\"search_term_string\"}}],\"inLanguage\":\"es\"},{\"@type\":\"Organization\",\"@id\":\"https:\/\/futbolhoy.co\/#organization\",\"name\":\"Futbolhoy.co\",\"url\":\"https:\/\/futbolhoy.co\/\",\"logo\":{\"@type\":\"ImageObject\",\"inLanguage\":\"es\",\"@id\":\"https:\/\/futbolhoy.co\/#\/schema\/logo\/image\/\",\"url\":\"https:\/\/futbolhoy.co\/wp-content\/uploads\/2018\/08\/17426380_1906371736249227_6326180412931521141_n.jpg\",\"contentUrl\":\"https:\/\/futbolhoy.co\/wp-content\/uploads\/2018\/08\/17426380_1906371736249227_6326180412931521141_n.jpg\",\"width\":960,\"height\":960,\"caption\":\"Futbolhoy.co\"},\"image\":{\"@id\":\"https:\/\/futbolhoy.co\/#\/schema\/logo\/image\/\"},\"sameAs\":[\"https:\/\/www.facebook.com\/FutbolHoyCol\/\",\"https:\/\/x.com\/FutbolHoyCol\",\"https:\/\/www.instagram.com\/futbolhoycol\/\"]},{\"@type\":\"Person\",\"@id\":\"https:\/\/futbolhoy.co\/#\/schema\/person\/1721b69355b6623eaff15ac7b92d4cc3\",\"name\":\"contenido\",\"image\":{\"@type\":\"ImageObject\",\"inLanguage\":\"es\",\"@id\":\"https:\/\/futbolhoy.co\/#\/schema\/person\/image\/\",\"url\":\"https:\/\/secure.gravatar.com\/avatar\/4f656d3256f5134f466206e7c3941518?s=96&d=mm&r=g\",\"contentUrl\":\"https:\/\/secure.gravatar.com\/avatar\/4f656d3256f5134f466206e7c3941518?s=96&d=mm&r=g\",\"caption\":\"contenido\"}}]}<\/script>\n<!-- \/ Yoast SEO plugin. -->","yoast_head_json":{"title":"Convocatoria de la Selecci\u00f3n Colombia Femenina antes de la Copa Am\u00e9rica -","robots":{"index":"index","follow":"follow","max-snippet":"max-snippet:-1","max-image-preview":"max-image-preview:large","max-video-preview":"max-video-preview:-1"},"canonical":"https:\/\/futbolhoy.co\/index.php\/2025\/06\/20\/convocatoria-de-la-seleccion-colombia-femenina-antes-de-la-copa-america\/","og_locale":"es_ES","og_type":"article","og_title":"Convocatoria de la Selecci\u00f3n Colombia Femenina antes de la Copa Am\u00e9rica -","og_description":"La Selecci\u00f3n Colombia Femenina dio a conocer la lista de 23 jugadoras convocadas para la \u00faltima fecha FIFA antes de disputar la Copa Am\u00e9rica Femenina, donde la Tricolor enfrentar\u00e1 en dos oportunidades a M\u00e9xico.\u00a0 El equipo dirigido de Angelo Marsiglia jugar\u00e1 el 27 de junio y el 2 de julio ante la Selecci\u00f3n de M\u00e9xico. [&hellip;]","og_url":"https:\/\/futbolhoy.co\/index.php\/2025\/06\/20\/convocatoria-de-la-seleccion-colombia-femenina-antes-de-la-copa-america\/","article_publisher":"https:\/\/www.facebook.com\/FutbolHoyCol\/","article_published_time":"2025-06-21T02:22:55+00:00","article_modified_time":"2025-06-22T02:16:15+00:00","og_image":[{"width":995,"height":648,"url":"https:\/\/futbolhoy.co\/wp-content\/uploads\/2025\/06\/IMG_5233.jpeg","type":"image\/jpeg"}],"author":"contenido","twitter_card":"summary_large_image","twitter_creator":"@FutbolHoyCol","twitter_site":"@FutbolHoyCol","twitter_misc":{"Escrito por":"contenido","Tiempo de lectura":"1 minuto"},"schema":{"@context":"https:\/\/schema.org","@graph":[{"@type":"Article","@id":"https:\/\/futbolhoy.co\/index.php\/2025\/06\/20\/convocatoria-de-la-seleccion-colombia-femenina-antes-de-la-copa-america\/#article","isPartOf":{"@id":"https:\/\/futbolhoy.co\/index.php\/2025\/06\/20\/convocatoria-de-la-seleccion-colombia-femenina-antes-de-la-copa-america\/"},"author":{"name":"contenido","@id":"https:\/\/futbolhoy.co\/#\/schema\/person\/1721b69355b6623eaff15ac7b92d4cc3"},"headline":"Convocatoria de la Selecci\u00f3n Colombia Femenina antes de la Copa Am\u00e9rica","datePublished":"2025-06-21T02:22:55+00:00","dateModified":"2025-06-22T02:16:15+00:00","mainEntityOfPage":{"@id":"https:\/\/futbolhoy.co\/index.php\/2025\/06\/20\/convocatoria-de-la-seleccion-colombia-femenina-antes-de-la-copa-america\/"},"wordCount":283,"commentCount":0,"publisher":{"@id":"https:\/\/futbolhoy.co\/#organization"},"image":{"@id":"https:\/\/futbolhoy.co\/index.php\/2025\/06\/20\/convocatoria-de-la-seleccion-colombia-femenina-antes-de-la-copa-america\/#primaryimage"},"thumbnailUrl":"https:\/\/futbolhoy.co\/wp-content\/uploads\/2025\/06\/IMG_5233.jpeg","articleSection":["Colombia"],"inLanguage":"es","potentialAction":[{"@type":"CommentAction","name":"Comment","target":["https:\/\/futbolhoy.co\/index.php\/2025\/06\/20\/convocatoria-de-la-seleccion-colombia-femenina-antes-de-la-copa-america\/#respond"]}]},{"@type":"WebPage","@id":"https:\/\/futbolhoy.co\/index.php\/2025\/06\/20\/convocatoria-de-la-seleccion-colombia-femenina-antes-de-la-copa-america\/","url":"https:\/\/futbolhoy.co\/index.php\/2025\/06\/20\/convocatoria-de-la-seleccion-colombia-femenina-antes-de-la-copa-america\/","name":"Convocatoria de la Selecci\u00f3n Colombia Femenina antes de la Copa Am\u00e9rica -","isPartOf":{"@id":"https:\/\/futbolhoy.co\/#website"},"primaryImageOfPage":{"@id":"https:\/\/futbolhoy.co\/index.php\/2025\/06\/20\/convocatoria-de-la-seleccion-colombia-femenina-antes-de-la-copa-america\/#primaryimage"},"image":{"@id":"https:\/\/futbolhoy.co\/index.php\/2025\/06\/20\/convocatoria-de-la-seleccion-colombia-femenina-antes-de-la-copa-america\/#primaryimage"},"thumbnailUrl":"https:\/\/futbolhoy.co\/wp-content\/uploads\/2025\/06\/IMG_5233.jpeg","datePublished":"2025-06-21T02:22:55+00:00","dateModified":"2025-06-22T02:16:15+00:00","breadcrumb":{"@id":"https:\/\/futbolhoy.co\/index.php\/2025\/06\/20\/convocatoria-de-la-seleccion-colombia-femenina-antes-de-la-copa-america\/#breadcrumb"},"inLanguage":"es","potentialAction":[{"@type":"ReadAction","target":["https:\/\/futbolhoy.co\/index.php\/2025\/06\/20\/convocatoria-de-la-seleccion-colombia-femenina-antes-de-la-copa-america\/"]}]},{"@type":"ImageObject","inLanguage":"es","@id":"https:\/\/futbolhoy.co\/index.php\/2025\/06\/20\/convocatoria-de-la-seleccion-colombia-femenina-antes-de-la-copa-america\/#primaryimage","url":"https:\/\/futbolhoy.co\/wp-content\/uploads\/2025\/06\/IMG_5233.jpeg","contentUrl":"https:\/\/futbolhoy.co\/wp-content\/uploads\/2025\/06\/IMG_5233.jpeg","width":995,"height":648},{"@type":"BreadcrumbList","@id":"https:\/\/futbolhoy.co\/index.php\/2025\/06\/20\/convocatoria-de-la-seleccion-colombia-femenina-antes-de-la-copa-america\/#breadcrumb","itemListElement":[{"@type":"ListItem","position":1,"name":"Portada","item":"https:\/\/futbolhoy.co\/"},{"@type":"ListItem","position":2,"name":"Convocatoria de la Selecci\u00f3n Colombia Femenina antes de la Copa Am\u00e9rica"}]},{"@type":"WebSite","@id":"https:\/\/futbolhoy.co\/#website","url":"https:\/\/futbolhoy.co\/","name":"FutbolHoy","description":"","publisher":{"@id":"https:\/\/futbolhoy.co\/#organization"},"potentialAction":[{"@type":"SearchAction","target":{"@type":"EntryPoint","urlTemplate":"https:\/\/futbolhoy.co\/?s={search_term_string}"},"query-input":{"@type":"PropertyValueSpecification","valueRequired":true,"valueName":"search_term_string"}}],"inLanguage":"es"},{"@type":"Organization","@id":"https:\/\/futbolhoy.co\/#organization","name":"Futbolhoy.co","url":"https:\/\/futbolhoy.co\/","logo":{"@type":"ImageObject","inLanguage":"es","@id":"https:\/\/futbolhoy.co\/#\/schema\/logo\/image\/","url":"https:\/\/futbolhoy.co\/wp-content\/uploads\/2018\/08\/17426380_1906371736249227_6326180412931521141_n.jpg","contentUrl":"https:\/\/futbolhoy.co\/wp-content\/uploads\/2018\/08\/17426380_1906371736249227_6326180412931521141_n.jpg","width":960,"height":960,"caption":"Futbolhoy.co"},"image":{"@id":"https:\/\/futbolhoy.co\/#\/schema\/logo\/image\/"},"sameAs":["https:\/\/www.facebook.com\/FutbolHoyCol\/","https:\/\/x.com\/FutbolHoyCol","https:\/\/www.instagram.com\/futbolhoycol\/"]},{"@type":"Person","@id":"https:\/\/futbolhoy.co\/#\/schema\/person\/1721b69355b6623eaff15ac7b92d4cc3","name":"contenido","image":{"@type":"ImageObject","inLanguage":"es","@id":"https:\/\/futbolhoy.co\/#\/schema\/person\/image\/","url":"https:\/\/secure.gravatar.com\/avatar\/4f656d3256f5134f466206e7c3941518?s=96&d=mm&r=g","contentUrl":"https:\/\/secure.gravatar.com\/avatar\/4f656d3256f5134f466206e7c3941518?s=96&d=mm&r=g","caption":"contenido"}}]}},"publishpress_future_action":{"enabled":false,"date":"2026-05-04 06:38:48","action":"change-status","newStatus":"draft","terms":[],"taxonomy":"category","extraData":[]},"publishpress_future_workflow_manual_trigger":{"enabledWorkflows":[]},"_links":{"self":[{"href":"https:\/\/futbolhoy.co\/index.php\/wp-json\/wp\/v2\/posts\/120470","targetHints":{"allow":["GET"]}}],"collection":[{"href":"https:\/\/futbolhoy.co\/index.php\/wp-json\/wp\/v2\/posts"}],"about":[{"href":"https:\/\/futbolhoy.co\/index.php\/wp-json\/wp\/v2\/types\/post"}],"author":[{"embeddable":true,"href":"https:\/\/futbolhoy.co\/index.php\/wp-json\/wp\/v2\/users\/4"}],"replies":[{"embeddable":true,"href":"https:\/\/futbolhoy.co\/index.php\/wp-json\/wp\/v2\/comments?post=120470"}],"version-history":[{"count":1,"href":"https:\/\/futbolhoy.co\/index.php\/wp-json\/wp\/v2\/posts\/120470\/revisions"}],"predecessor-version":[{"id":120472,"href":"https:\/\/futbolhoy.co\/index.php\/wp-json\/wp\/v2\/posts\/120470\/revisions\/120472"}],"wp:featuredmedia":[{"embeddable":true,"href":"https:\/\/futbolhoy.co\/index.php\/wp-json\/wp\/v2\/media\/120471"}],"wp:attachment":[{"href":"https:\/\/futbolhoy.co\/index.php\/wp-json\/wp\/v2\/media?parent=120470"}],"wp:term":[{"taxonomy":"category","embeddable":true,"href":"https:\/\/futbolhoy.co\/index.php\/wp-json\/wp\/v2\/categories?post=120470"},{"taxonomy":"post_tag","embeddable":true,"href":"https:\/\/futbolhoy.co\/index.php\/wp-json\/wp\/v2\/tags?post=120470"}],"curies":[{"name":"wp","href":"https:\/\/api.w.org\/{rel}","templated":true}]}}