{"id":120483,"date":"2025-06-21T13:37:14","date_gmt":"2025-06-21T18:37:14","guid":{"rendered":"https:\/\/futbolhoy.co\/?p=120483"},"modified":"2025-06-22T20:41:15","modified_gmt":"2025-06-23T01:41:15","slug":"cuantas-fechas-le-darian-a-falcao-por-despacharse-contra-el-var","status":"publish","type":"post","link":"https:\/\/futbolhoy.co\/index.php\/2025\/06\/21\/cuantas-fechas-le-darian-a-falcao-por-despacharse-contra-el-var\/","title":{"rendered":"\u00bfCu\u00e1ntas fechas le dar\u00edan a Falcao por despacharse contra el VAR?"},"content":{"rendered":"<p style=\"text-align: justify;\"><span style=\"font-family: helvetica, arial, sans-serif;\"><b>Falcao Garcia caus\u00f3 gran pol\u00e9mica en el cierre<\/b> de los cuadrangulares semifinales, luego de criticar severamente el arbitraje y hasta usar palabras mayores contra el VAR. Ahora la duda de muchos es cu\u00e1ntas fechas de suspensi\u00f3n podr\u00eda recibir el delantero por sus palabras.\u00a0<\/span><\/p>\n<p style=\"text-align: justify;\"><span style=\"font-family: helvetica, arial, sans-serif;\">La figura de <b>Millonarios dijo tras el partido contra Santa Fe <\/b>que a su equipo todo el tiempo lo afectaron los \u00e1rbitros durante el semestre, fue expl\u00edcito en decir que los hab\u00edan robado y que cualquier decisi\u00f3n del <b>VAR iba siempre en contra de los embajadores.\u00a0<\/b><\/span><\/p>\n<p style=\"text-align: justify;\"><span style=\"font-family: helvetica, arial, sans-serif;\">\u201cAs\u00ed no vuelva a jugar en Colombia, me importa un carajo, pero todo el torneo fue en contra de Millonarios y despu\u00e9s dicen que le quer\u00edan regalar el torneo a Radamel, <b>qu\u00e9 estupidez estaban diciendo. Desde el torneo pasado fue un complot <\/b>medi\u00e1tico que siempre a favor de Millonarios, \u00a1mentira, carajo, a la mierda!\u201c, dijo el Tigre evidentemente dolido.<\/span><\/p>\n<p style=\"text-align: justify;\"><span style=\"font-family: helvetica, arial, sans-serif;\">As\u00ed las cosas, el <b>Comit\u00e9 Disciplinario estipula en el reglamento<\/b> que el jugador que \u201cexponga la imagen de la entidad\u201d se atiene a una multa de entre 15 a 20 salarios m\u00ednimos mensuales (entre $ 21.352.500 y $ 28.470.000) y una suspensi\u00f3n de 4 a 8 fechas.<\/span><\/p>\n<p style=\"text-align: justify;\"><span style=\"font-family: helvetica, arial, sans-serif;\">\u201cDeclaraciones contra las autoridades del f\u00fatbol. A toda persona que por cualquier medio de comunicaci\u00f3n formule declaraciones que comprometan la buena imagen de FCF, sus afiliados o los afiliados a estos, la DIMAYOR y DIFUTBOL o que afecte la honra de los miembros del \u00f3rgano de administraci\u00f3n o control de cualquiera de los organismos deportivos que componen <b>FCF, DIMAYOR o DIFUTBOL,<\/b> sus autoridades, funcionarios o representantes, del personal t\u00e9cnico o de jugadores y en general de cualquier oficial u oficial de partido, se impondr\u00e1n las siguientes sanciones: En el caso de jugadores, <b>multa de quince (15) a veinte (20) salarios m\u00ednimos <\/b>mensuales legales vigentes al momento de la infracci\u00f3n y una suspensi\u00f3n de cuatro (4) a ocho (8) fechas\u201d, se lee en el art\u00edculo 72 del C\u00f3digo Disciplinario.<\/span><\/p>\n","protected":false},"excerpt":{"rendered":"<p>Falcao Garcia caus\u00f3 gran pol\u00e9mica en el cierre de los cuadrangulares semifinales, luego de criticar severamente el arbitraje y hasta usar palabras mayores contra el VAR. Ahora la duda de muchos es cu\u00e1ntas fechas de suspensi\u00f3n podr\u00eda recibir el delantero por sus palabras.\u00a0 La figura de Millonarios dijo tras el partido contra Santa Fe que [&hellip;]<\/p>\n","protected":false},"author":4,"featured_media":119941,"comment_status":"open","ping_status":"open","sticky":false,"template":"","format":"standard","meta":{"_acf_changed":false,"footnotes":""},"categories":[7],"tags":[],"class_list":{"0":"post-120483","1":"post","2":"type-post","3":"status-publish","4":"format-standard","5":"has-post-thumbnail","7":"category-liga-betplay"},"acf":[],"yoast_head":"<!-- This site is optimized with the Yoast SEO plugin v26.8 - https:\/\/yoast.com\/product\/yoast-seo-wordpress\/ -->\n<title>\u00bfCu\u00e1ntas fechas le dar\u00edan a Falcao por despacharse contra el VAR? -<\/title>\n<meta name=\"robots\" content=\"index, follow, max-snippet:-1, max-image-preview:large, max-video-preview:-1\" \/>\n<link rel=\"canonical\" href=\"https:\/\/futbolhoy.co\/index.php\/2025\/06\/21\/cuantas-fechas-le-darian-a-falcao-por-despacharse-contra-el-var\/\" \/>\n<meta property=\"og:locale\" content=\"es_ES\" \/>\n<meta property=\"og:type\" content=\"article\" \/>\n<meta property=\"og:title\" content=\"\u00bfCu\u00e1ntas fechas le dar\u00edan a Falcao por despacharse contra el VAR? -\" \/>\n<meta property=\"og:description\" content=\"Falcao Garcia caus\u00f3 gran pol\u00e9mica en el cierre de los cuadrangulares semifinales, luego de criticar severamente el arbitraje y hasta usar palabras mayores contra el VAR. Ahora la duda de muchos es cu\u00e1ntas fechas de suspensi\u00f3n podr\u00eda recibir el delantero por sus palabras.\u00a0 La figura de Millonarios dijo tras el partido contra Santa Fe que [&hellip;]\" \/>\n<meta property=\"og:url\" content=\"https:\/\/futbolhoy.co\/index.php\/2025\/06\/21\/cuantas-fechas-le-darian-a-falcao-por-despacharse-contra-el-var\/\" \/>\n<meta property=\"article:publisher\" content=\"https:\/\/www.facebook.com\/FutbolHoyCol\/\" \/>\n<meta property=\"article:published_time\" content=\"2025-06-21T18:37:14+00:00\" \/>\n<meta property=\"article:modified_time\" content=\"2025-06-23T01:41:15+00:00\" \/>\n<meta property=\"og:image\" content=\"https:\/\/futbolhoy.co\/wp-content\/uploads\/2025\/06\/IMG_4714.jpeg\" \/>\n\t<meta property=\"og:image:width\" content=\"1179\" \/>\n\t<meta property=\"og:image:height\" content=\"755\" \/>\n\t<meta property=\"og:image:type\" content=\"image\/jpeg\" \/>\n<meta name=\"author\" content=\"contenido\" \/>\n<meta name=\"twitter:card\" content=\"summary_large_image\" \/>\n<meta name=\"twitter:creator\" content=\"@FutbolHoyCol\" \/>\n<meta name=\"twitter:site\" content=\"@FutbolHoyCol\" \/>\n<meta name=\"twitter:label1\" content=\"Escrito por\" \/>\n\t<meta name=\"twitter:data1\" content=\"contenido\" \/>\n\t<meta name=\"twitter:label2\" content=\"Tiempo de lectura\" \/>\n\t<meta name=\"twitter:data2\" content=\"2 minutos\" \/>\n<script type=\"application\/ld+json\" class=\"yoast-schema-graph\">{\"@context\":\"https:\/\/schema.org\",\"@graph\":[{\"@type\":\"Article\",\"@id\":\"https:\/\/futbolhoy.co\/index.php\/2025\/06\/21\/cuantas-fechas-le-darian-a-falcao-por-despacharse-contra-el-var\/#article\",\"isPartOf\":{\"@id\":\"https:\/\/futbolhoy.co\/index.php\/2025\/06\/21\/cuantas-fechas-le-darian-a-falcao-por-despacharse-contra-el-var\/\"},\"author\":{\"name\":\"contenido\",\"@id\":\"https:\/\/futbolhoy.co\/#\/schema\/person\/1721b69355b6623eaff15ac7b92d4cc3\"},\"headline\":\"\u00bfCu\u00e1ntas fechas le dar\u00edan a Falcao por despacharse contra el VAR?\",\"datePublished\":\"2025-06-21T18:37:14+00:00\",\"dateModified\":\"2025-06-23T01:41:15+00:00\",\"mainEntityOfPage\":{\"@id\":\"https:\/\/futbolhoy.co\/index.php\/2025\/06\/21\/cuantas-fechas-le-darian-a-falcao-por-despacharse-contra-el-var\/\"},\"wordCount\":345,\"commentCount\":0,\"publisher\":{\"@id\":\"https:\/\/futbolhoy.co\/#organization\"},\"image\":{\"@id\":\"https:\/\/futbolhoy.co\/index.php\/2025\/06\/21\/cuantas-fechas-le-darian-a-falcao-por-despacharse-contra-el-var\/#primaryimage\"},\"thumbnailUrl\":\"https:\/\/futbolhoy.co\/wp-content\/uploads\/2025\/06\/IMG_4714.jpeg\",\"articleSection\":[\"Liga BetPlay\"],\"inLanguage\":\"es\",\"potentialAction\":[{\"@type\":\"CommentAction\",\"name\":\"Comment\",\"target\":[\"https:\/\/futbolhoy.co\/index.php\/2025\/06\/21\/cuantas-fechas-le-darian-a-falcao-por-despacharse-contra-el-var\/#respond\"]}]},{\"@type\":\"WebPage\",\"@id\":\"https:\/\/futbolhoy.co\/index.php\/2025\/06\/21\/cuantas-fechas-le-darian-a-falcao-por-despacharse-contra-el-var\/\",\"url\":\"https:\/\/futbolhoy.co\/index.php\/2025\/06\/21\/cuantas-fechas-le-darian-a-falcao-por-despacharse-contra-el-var\/\",\"name\":\"\u00bfCu\u00e1ntas fechas le dar\u00edan a Falcao por despacharse contra el VAR? -\",\"isPartOf\":{\"@id\":\"https:\/\/futbolhoy.co\/#website\"},\"primaryImageOfPage\":{\"@id\":\"https:\/\/futbolhoy.co\/index.php\/2025\/06\/21\/cuantas-fechas-le-darian-a-falcao-por-despacharse-contra-el-var\/#primaryimage\"},\"image\":{\"@id\":\"https:\/\/futbolhoy.co\/index.php\/2025\/06\/21\/cuantas-fechas-le-darian-a-falcao-por-despacharse-contra-el-var\/#primaryimage\"},\"thumbnailUrl\":\"https:\/\/futbolhoy.co\/wp-content\/uploads\/2025\/06\/IMG_4714.jpeg\",\"datePublished\":\"2025-06-21T18:37:14+00:00\",\"dateModified\":\"2025-06-23T01:41:15+00:00\",\"breadcrumb\":{\"@id\":\"https:\/\/futbolhoy.co\/index.php\/2025\/06\/21\/cuantas-fechas-le-darian-a-falcao-por-despacharse-contra-el-var\/#breadcrumb\"},\"inLanguage\":\"es\",\"potentialAction\":[{\"@type\":\"ReadAction\",\"target\":[\"https:\/\/futbolhoy.co\/index.php\/2025\/06\/21\/cuantas-fechas-le-darian-a-falcao-por-despacharse-contra-el-var\/\"]}]},{\"@type\":\"ImageObject\",\"inLanguage\":\"es\",\"@id\":\"https:\/\/futbolhoy.co\/index.php\/2025\/06\/21\/cuantas-fechas-le-darian-a-falcao-por-despacharse-contra-el-var\/#primaryimage\",\"url\":\"https:\/\/futbolhoy.co\/wp-content\/uploads\/2025\/06\/IMG_4714.jpeg\",\"contentUrl\":\"https:\/\/futbolhoy.co\/wp-content\/uploads\/2025\/06\/IMG_4714.jpeg\",\"width\":1179,\"height\":755},{\"@type\":\"BreadcrumbList\",\"@id\":\"https:\/\/futbolhoy.co\/index.php\/2025\/06\/21\/cuantas-fechas-le-darian-a-falcao-por-despacharse-contra-el-var\/#breadcrumb\",\"itemListElement\":[{\"@type\":\"ListItem\",\"position\":1,\"name\":\"Portada\",\"item\":\"https:\/\/futbolhoy.co\/\"},{\"@type\":\"ListItem\",\"position\":2,\"name\":\"\u00bfCu\u00e1ntas fechas le dar\u00edan a Falcao por despacharse contra el VAR?\"}]},{\"@type\":\"WebSite\",\"@id\":\"https:\/\/futbolhoy.co\/#website\",\"url\":\"https:\/\/futbolhoy.co\/\",\"name\":\"FutbolHoy\",\"description\":\"\",\"publisher\":{\"@id\":\"https:\/\/futbolhoy.co\/#organization\"},\"potentialAction\":[{\"@type\":\"SearchAction\",\"target\":{\"@type\":\"EntryPoint\",\"urlTemplate\":\"https:\/\/futbolhoy.co\/?s={search_term_string}\"},\"query-input\":{\"@type\":\"PropertyValueSpecification\",\"valueRequired\":true,\"valueName\":\"search_term_string\"}}],\"inLanguage\":\"es\"},{\"@type\":\"Organization\",\"@id\":\"https:\/\/futbolhoy.co\/#organization\",\"name\":\"Futbolhoy.co\",\"url\":\"https:\/\/futbolhoy.co\/\",\"logo\":{\"@type\":\"ImageObject\",\"inLanguage\":\"es\",\"@id\":\"https:\/\/futbolhoy.co\/#\/schema\/logo\/image\/\",\"url\":\"https:\/\/futbolhoy.co\/wp-content\/uploads\/2018\/08\/17426380_1906371736249227_6326180412931521141_n.jpg\",\"contentUrl\":\"https:\/\/futbolhoy.co\/wp-content\/uploads\/2018\/08\/17426380_1906371736249227_6326180412931521141_n.jpg\",\"width\":960,\"height\":960,\"caption\":\"Futbolhoy.co\"},\"image\":{\"@id\":\"https:\/\/futbolhoy.co\/#\/schema\/logo\/image\/\"},\"sameAs\":[\"https:\/\/www.facebook.com\/FutbolHoyCol\/\",\"https:\/\/x.com\/FutbolHoyCol\",\"https:\/\/www.instagram.com\/futbolhoycol\/\"]},{\"@type\":\"Person\",\"@id\":\"https:\/\/futbolhoy.co\/#\/schema\/person\/1721b69355b6623eaff15ac7b92d4cc3\",\"name\":\"contenido\",\"image\":{\"@type\":\"ImageObject\",\"inLanguage\":\"es\",\"@id\":\"https:\/\/futbolhoy.co\/#\/schema\/person\/image\/\",\"url\":\"https:\/\/secure.gravatar.com\/avatar\/4f656d3256f5134f466206e7c3941518?s=96&d=mm&r=g\",\"contentUrl\":\"https:\/\/secure.gravatar.com\/avatar\/4f656d3256f5134f466206e7c3941518?s=96&d=mm&r=g\",\"caption\":\"contenido\"}}]}<\/script>\n<!-- \/ Yoast SEO plugin. -->","yoast_head_json":{"title":"\u00bfCu\u00e1ntas fechas le dar\u00edan a Falcao por despacharse contra el VAR? -","robots":{"index":"index","follow":"follow","max-snippet":"max-snippet:-1","max-image-preview":"max-image-preview:large","max-video-preview":"max-video-preview:-1"},"canonical":"https:\/\/futbolhoy.co\/index.php\/2025\/06\/21\/cuantas-fechas-le-darian-a-falcao-por-despacharse-contra-el-var\/","og_locale":"es_ES","og_type":"article","og_title":"\u00bfCu\u00e1ntas fechas le dar\u00edan a Falcao por despacharse contra el VAR? -","og_description":"Falcao Garcia caus\u00f3 gran pol\u00e9mica en el cierre de los cuadrangulares semifinales, luego de criticar severamente el arbitraje y hasta usar palabras mayores contra el VAR. Ahora la duda de muchos es cu\u00e1ntas fechas de suspensi\u00f3n podr\u00eda recibir el delantero por sus palabras.\u00a0 La figura de Millonarios dijo tras el partido contra Santa Fe que [&hellip;]","og_url":"https:\/\/futbolhoy.co\/index.php\/2025\/06\/21\/cuantas-fechas-le-darian-a-falcao-por-despacharse-contra-el-var\/","article_publisher":"https:\/\/www.facebook.com\/FutbolHoyCol\/","article_published_time":"2025-06-21T18:37:14+00:00","article_modified_time":"2025-06-23T01:41:15+00:00","og_image":[{"width":1179,"height":755,"url":"https:\/\/futbolhoy.co\/wp-content\/uploads\/2025\/06\/IMG_4714.jpeg","type":"image\/jpeg"}],"author":"contenido","twitter_card":"summary_large_image","twitter_creator":"@FutbolHoyCol","twitter_site":"@FutbolHoyCol","twitter_misc":{"Escrito por":"contenido","Tiempo de lectura":"2 minutos"},"schema":{"@context":"https:\/\/schema.org","@graph":[{"@type":"Article","@id":"https:\/\/futbolhoy.co\/index.php\/2025\/06\/21\/cuantas-fechas-le-darian-a-falcao-por-despacharse-contra-el-var\/#article","isPartOf":{"@id":"https:\/\/futbolhoy.co\/index.php\/2025\/06\/21\/cuantas-fechas-le-darian-a-falcao-por-despacharse-contra-el-var\/"},"author":{"name":"contenido","@id":"https:\/\/futbolhoy.co\/#\/schema\/person\/1721b69355b6623eaff15ac7b92d4cc3"},"headline":"\u00bfCu\u00e1ntas fechas le dar\u00edan a Falcao por despacharse contra el VAR?","datePublished":"2025-06-21T18:37:14+00:00","dateModified":"2025-06-23T01:41:15+00:00","mainEntityOfPage":{"@id":"https:\/\/futbolhoy.co\/index.php\/2025\/06\/21\/cuantas-fechas-le-darian-a-falcao-por-despacharse-contra-el-var\/"},"wordCount":345,"commentCount":0,"publisher":{"@id":"https:\/\/futbolhoy.co\/#organization"},"image":{"@id":"https:\/\/futbolhoy.co\/index.php\/2025\/06\/21\/cuantas-fechas-le-darian-a-falcao-por-despacharse-contra-el-var\/#primaryimage"},"thumbnailUrl":"https:\/\/futbolhoy.co\/wp-content\/uploads\/2025\/06\/IMG_4714.jpeg","articleSection":["Liga BetPlay"],"inLanguage":"es","potentialAction":[{"@type":"CommentAction","name":"Comment","target":["https:\/\/futbolhoy.co\/index.php\/2025\/06\/21\/cuantas-fechas-le-darian-a-falcao-por-despacharse-contra-el-var\/#respond"]}]},{"@type":"WebPage","@id":"https:\/\/futbolhoy.co\/index.php\/2025\/06\/21\/cuantas-fechas-le-darian-a-falcao-por-despacharse-contra-el-var\/","url":"https:\/\/futbolhoy.co\/index.php\/2025\/06\/21\/cuantas-fechas-le-darian-a-falcao-por-despacharse-contra-el-var\/","name":"\u00bfCu\u00e1ntas fechas le dar\u00edan a Falcao por despacharse contra el VAR? -","isPartOf":{"@id":"https:\/\/futbolhoy.co\/#website"},"primaryImageOfPage":{"@id":"https:\/\/futbolhoy.co\/index.php\/2025\/06\/21\/cuantas-fechas-le-darian-a-falcao-por-despacharse-contra-el-var\/#primaryimage"},"image":{"@id":"https:\/\/futbolhoy.co\/index.php\/2025\/06\/21\/cuantas-fechas-le-darian-a-falcao-por-despacharse-contra-el-var\/#primaryimage"},"thumbnailUrl":"https:\/\/futbolhoy.co\/wp-content\/uploads\/2025\/06\/IMG_4714.jpeg","datePublished":"2025-06-21T18:37:14+00:00","dateModified":"2025-06-23T01:41:15+00:00","breadcrumb":{"@id":"https:\/\/futbolhoy.co\/index.php\/2025\/06\/21\/cuantas-fechas-le-darian-a-falcao-por-despacharse-contra-el-var\/#breadcrumb"},"inLanguage":"es","potentialAction":[{"@type":"ReadAction","target":["https:\/\/futbolhoy.co\/index.php\/2025\/06\/21\/cuantas-fechas-le-darian-a-falcao-por-despacharse-contra-el-var\/"]}]},{"@type":"ImageObject","inLanguage":"es","@id":"https:\/\/futbolhoy.co\/index.php\/2025\/06\/21\/cuantas-fechas-le-darian-a-falcao-por-despacharse-contra-el-var\/#primaryimage","url":"https:\/\/futbolhoy.co\/wp-content\/uploads\/2025\/06\/IMG_4714.jpeg","contentUrl":"https:\/\/futbolhoy.co\/wp-content\/uploads\/2025\/06\/IMG_4714.jpeg","width":1179,"height":755},{"@type":"BreadcrumbList","@id":"https:\/\/futbolhoy.co\/index.php\/2025\/06\/21\/cuantas-fechas-le-darian-a-falcao-por-despacharse-contra-el-var\/#breadcrumb","itemListElement":[{"@type":"ListItem","position":1,"name":"Portada","item":"https:\/\/futbolhoy.co\/"},{"@type":"ListItem","position":2,"name":"\u00bfCu\u00e1ntas fechas le dar\u00edan a Falcao por despacharse contra el VAR?"}]},{"@type":"WebSite","@id":"https:\/\/futbolhoy.co\/#website","url":"https:\/\/futbolhoy.co\/","name":"FutbolHoy","description":"","publisher":{"@id":"https:\/\/futbolhoy.co\/#organization"},"potentialAction":[{"@type":"SearchAction","target":{"@type":"EntryPoint","urlTemplate":"https:\/\/futbolhoy.co\/?s={search_term_string}"},"query-input":{"@type":"PropertyValueSpecification","valueRequired":true,"valueName":"search_term_string"}}],"inLanguage":"es"},{"@type":"Organization","@id":"https:\/\/futbolhoy.co\/#organization","name":"Futbolhoy.co","url":"https:\/\/futbolhoy.co\/","logo":{"@type":"ImageObject","inLanguage":"es","@id":"https:\/\/futbolhoy.co\/#\/schema\/logo\/image\/","url":"https:\/\/futbolhoy.co\/wp-content\/uploads\/2018\/08\/17426380_1906371736249227_6326180412931521141_n.jpg","contentUrl":"https:\/\/futbolhoy.co\/wp-content\/uploads\/2018\/08\/17426380_1906371736249227_6326180412931521141_n.jpg","width":960,"height":960,"caption":"Futbolhoy.co"},"image":{"@id":"https:\/\/futbolhoy.co\/#\/schema\/logo\/image\/"},"sameAs":["https:\/\/www.facebook.com\/FutbolHoyCol\/","https:\/\/x.com\/FutbolHoyCol","https:\/\/www.instagram.com\/futbolhoycol\/"]},{"@type":"Person","@id":"https:\/\/futbolhoy.co\/#\/schema\/person\/1721b69355b6623eaff15ac7b92d4cc3","name":"contenido","image":{"@type":"ImageObject","inLanguage":"es","@id":"https:\/\/futbolhoy.co\/#\/schema\/person\/image\/","url":"https:\/\/secure.gravatar.com\/avatar\/4f656d3256f5134f466206e7c3941518?s=96&d=mm&r=g","contentUrl":"https:\/\/secure.gravatar.com\/avatar\/4f656d3256f5134f466206e7c3941518?s=96&d=mm&r=g","caption":"contenido"}}]}},"publishpress_future_action":{"enabled":false,"date":"2026-05-04 02:26:30","action":"change-status","newStatus":"draft","terms":[],"taxonomy":"category","extraData":[]},"publishpress_future_workflow_manual_trigger":{"enabledWorkflows":[]},"_links":{"self":[{"href":"https:\/\/futbolhoy.co\/index.php\/wp-json\/wp\/v2\/posts\/120483","targetHints":{"allow":["GET"]}}],"collection":[{"href":"https:\/\/futbolhoy.co\/index.php\/wp-json\/wp\/v2\/posts"}],"about":[{"href":"https:\/\/futbolhoy.co\/index.php\/wp-json\/wp\/v2\/types\/post"}],"author":[{"embeddable":true,"href":"https:\/\/futbolhoy.co\/index.php\/wp-json\/wp\/v2\/users\/4"}],"replies":[{"embeddable":true,"href":"https:\/\/futbolhoy.co\/index.php\/wp-json\/wp\/v2\/comments?post=120483"}],"version-history":[{"count":1,"href":"https:\/\/futbolhoy.co\/index.php\/wp-json\/wp\/v2\/posts\/120483\/revisions"}],"predecessor-version":[{"id":120484,"href":"https:\/\/futbolhoy.co\/index.php\/wp-json\/wp\/v2\/posts\/120483\/revisions\/120484"}],"wp:featuredmedia":[{"embeddable":true,"href":"https:\/\/futbolhoy.co\/index.php\/wp-json\/wp\/v2\/media\/119941"}],"wp:attachment":[{"href":"https:\/\/futbolhoy.co\/index.php\/wp-json\/wp\/v2\/media?parent=120483"}],"wp:term":[{"taxonomy":"category","embeddable":true,"href":"https:\/\/futbolhoy.co\/index.php\/wp-json\/wp\/v2\/categories?post=120483"},{"taxonomy":"post_tag","embeddable":true,"href":"https:\/\/futbolhoy.co\/index.php\/wp-json\/wp\/v2\/tags?post=120483"}],"curies":[{"name":"wp","href":"https:\/\/api.w.org\/{rel}","templated":true}]}}