{"id":120486,"date":"2025-06-21T18:48:27","date_gmt":"2025-06-21T23:48:27","guid":{"rendered":"https:\/\/futbolhoy.co\/?p=120486"},"modified":"2025-06-23T12:20:04","modified_gmt":"2025-06-23T17:20:04","slug":"jhon-arias-marco-golazo-de-tiro-libre-en-el-mundial-de-clubes","status":"publish","type":"post","link":"https:\/\/futbolhoy.co\/index.php\/2025\/06\/21\/jhon-arias-marco-golazo-de-tiro-libre-en-el-mundial-de-clubes\/","title":{"rendered":"Jhon Arias marc\u00f3 golazo de tiro libre en el Mundial de Clubes"},"content":{"rendered":"<p style=\"text-align: justify;\"><span style=\"font-family: helvetica, arial, sans-serif;\">Lleg\u00f3 el primer gol colombiano en el Mundial de Clubes 2025. <b>Jhon Arias <\/b>marc\u00f3 una joya de gol este s\u00e1bado con <b>Fluminense en la fecha 2 del Grupo F <\/b>frente al Ulsan Hyundai de Corea del Sur.\u00a0<\/span><\/p>\n<p style=\"text-align: justify;\"><span style=\"font-family: helvetica, arial, sans-serif;\"><b>El delantero colombiano abri\u00f3 el marcador<\/b> al minuto 27 con un espectacular gol de tiro libre, dejando sin opci\u00f3n al portero Jo Hyeon-woo de Ulsan.\u00a0<\/span><\/p>\n<p style=\"text-align: justify;\"><span style=\"font-family: helvetica, arial, sans-serif;\">Arias marc\u00f3 su primer gol en el torneo internacional, a la vez que se convirti\u00f3 en el primer colombiano en celebrar una anotaci\u00f3n en este <b>Mundial de Clubes, <\/b>que se est\u00e1 disputando en Estados Unidos.\u00a0<\/span><\/p>\n<p style=\"text-align: justify;\"><span style=\"font-family: helvetica, arial, sans-serif;\"><b>Fluminense est\u00e1 parcialmente sumando <\/b>su primera victoria en el Mundial de Clubes, tras haber debutado en la fecha pasada con un empate. El equipo del colombiano suma 4 puntos en el Grupo F y comparte la punta con Borussia Dortmund.\u00a0<\/span><\/p>\n<blockquote class=\"twitter-tweet\" data-media-max-width=\"560\">\n<p dir=\"ltr\" lang=\"es\">\u00a1\u00a1\u00a1GOLAZO TOTAL DE TIRO LIBRE DE JHON ARIAS PARA EL 1-0 DE FLUMINENSE ANTE ULSAN!!! <a href=\"https:\/\/t.co\/8WySh1MiIc\">pic.twitter.com\/8WySh1MiIc<\/a><\/p>\n<p>\u2014 SportsCenter (@SC_ESPN) <a href=\"https:\/\/twitter.com\/SC_ESPN\/status\/1936552000868569585?ref_src=twsrc%5Etfw\">June 21, 2025<\/a><\/p><\/blockquote>\n<p><script async src=\"https:\/\/platform.twitter.com\/widgets.js\" charset=\"utf-8\"><\/script><\/p>\n","protected":false},"excerpt":{"rendered":"<p>Lleg\u00f3 el primer gol colombiano en el Mundial de Clubes 2025. Jhon Arias marc\u00f3 una joya de gol este s\u00e1bado con Fluminense en la fecha 2 del Grupo F frente al Ulsan Hyundai de Corea del Sur.\u00a0 El delantero colombiano abri\u00f3 el marcador al minuto 27 con un espectacular gol de tiro libre, dejando sin [&hellip;]<\/p>\n","protected":false},"author":4,"featured_media":120487,"comment_status":"open","ping_status":"open","sticky":false,"template":"","format":"standard","meta":{"_acf_changed":false,"footnotes":""},"categories":[418],"tags":[],"class_list":{"0":"post-120486","1":"post","2":"type-post","3":"status-publish","4":"format-standard","5":"has-post-thumbnail","7":"category-colombia"},"acf":[],"yoast_head":"<!-- This site is optimized with the Yoast SEO plugin v26.8 - https:\/\/yoast.com\/product\/yoast-seo-wordpress\/ -->\n<title>Jhon Arias marc\u00f3 golazo de tiro libre en el Mundial de Clubes -<\/title>\n<meta name=\"robots\" content=\"index, follow, max-snippet:-1, max-image-preview:large, max-video-preview:-1\" \/>\n<link rel=\"canonical\" href=\"https:\/\/futbolhoy.co\/index.php\/2025\/06\/21\/jhon-arias-marco-golazo-de-tiro-libre-en-el-mundial-de-clubes\/\" \/>\n<meta property=\"og:locale\" content=\"es_ES\" \/>\n<meta property=\"og:type\" content=\"article\" \/>\n<meta property=\"og:title\" content=\"Jhon Arias marc\u00f3 golazo de tiro libre en el Mundial de Clubes -\" \/>\n<meta property=\"og:description\" content=\"Lleg\u00f3 el primer gol colombiano en el Mundial de Clubes 2025. Jhon Arias marc\u00f3 una joya de gol este s\u00e1bado con Fluminense en la fecha 2 del Grupo F frente al Ulsan Hyundai de Corea del Sur.\u00a0 El delantero colombiano abri\u00f3 el marcador al minuto 27 con un espectacular gol de tiro libre, dejando sin [&hellip;]\" \/>\n<meta property=\"og:url\" content=\"https:\/\/futbolhoy.co\/index.php\/2025\/06\/21\/jhon-arias-marco-golazo-de-tiro-libre-en-el-mundial-de-clubes\/\" \/>\n<meta property=\"article:publisher\" content=\"https:\/\/www.facebook.com\/FutbolHoyCol\/\" \/>\n<meta property=\"article:published_time\" content=\"2025-06-21T23:48:27+00:00\" \/>\n<meta property=\"article:modified_time\" content=\"2025-06-23T17:20:04+00:00\" \/>\n<meta property=\"og:image\" content=\"https:\/\/futbolhoy.co\/wp-content\/uploads\/2025\/06\/IMG_5240.jpeg\" \/>\n\t<meta property=\"og:image:width\" content=\"2048\" \/>\n\t<meta property=\"og:image:height\" content=\"1365\" \/>\n\t<meta property=\"og:image:type\" content=\"image\/jpeg\" \/>\n<meta name=\"author\" content=\"contenido\" \/>\n<meta name=\"twitter:card\" content=\"summary_large_image\" \/>\n<meta name=\"twitter:creator\" content=\"@FutbolHoyCol\" \/>\n<meta name=\"twitter:site\" content=\"@FutbolHoyCol\" \/>\n<meta name=\"twitter:label1\" content=\"Escrito por\" \/>\n\t<meta name=\"twitter:data1\" content=\"contenido\" \/>\n\t<meta name=\"twitter:label2\" content=\"Tiempo de lectura\" \/>\n\t<meta name=\"twitter:data2\" content=\"1 minuto\" \/>\n<script type=\"application\/ld+json\" class=\"yoast-schema-graph\">{\"@context\":\"https:\/\/schema.org\",\"@graph\":[{\"@type\":\"Article\",\"@id\":\"https:\/\/futbolhoy.co\/index.php\/2025\/06\/21\/jhon-arias-marco-golazo-de-tiro-libre-en-el-mundial-de-clubes\/#article\",\"isPartOf\":{\"@id\":\"https:\/\/futbolhoy.co\/index.php\/2025\/06\/21\/jhon-arias-marco-golazo-de-tiro-libre-en-el-mundial-de-clubes\/\"},\"author\":{\"name\":\"contenido\",\"@id\":\"https:\/\/futbolhoy.co\/#\/schema\/person\/1721b69355b6623eaff15ac7b92d4cc3\"},\"headline\":\"Jhon Arias marc\u00f3 golazo de tiro libre en el Mundial de Clubes\",\"datePublished\":\"2025-06-21T23:48:27+00:00\",\"dateModified\":\"2025-06-23T17:20:04+00:00\",\"mainEntityOfPage\":{\"@id\":\"https:\/\/futbolhoy.co\/index.php\/2025\/06\/21\/jhon-arias-marco-golazo-de-tiro-libre-en-el-mundial-de-clubes\/\"},\"wordCount\":172,\"commentCount\":0,\"publisher\":{\"@id\":\"https:\/\/futbolhoy.co\/#organization\"},\"image\":{\"@id\":\"https:\/\/futbolhoy.co\/index.php\/2025\/06\/21\/jhon-arias-marco-golazo-de-tiro-libre-en-el-mundial-de-clubes\/#primaryimage\"},\"thumbnailUrl\":\"https:\/\/futbolhoy.co\/wp-content\/uploads\/2025\/06\/IMG_5240.jpeg\",\"articleSection\":[\"Colombia\"],\"inLanguage\":\"es\",\"potentialAction\":[{\"@type\":\"CommentAction\",\"name\":\"Comment\",\"target\":[\"https:\/\/futbolhoy.co\/index.php\/2025\/06\/21\/jhon-arias-marco-golazo-de-tiro-libre-en-el-mundial-de-clubes\/#respond\"]}]},{\"@type\":\"WebPage\",\"@id\":\"https:\/\/futbolhoy.co\/index.php\/2025\/06\/21\/jhon-arias-marco-golazo-de-tiro-libre-en-el-mundial-de-clubes\/\",\"url\":\"https:\/\/futbolhoy.co\/index.php\/2025\/06\/21\/jhon-arias-marco-golazo-de-tiro-libre-en-el-mundial-de-clubes\/\",\"name\":\"Jhon Arias marc\u00f3 golazo de tiro libre en el Mundial de Clubes -\",\"isPartOf\":{\"@id\":\"https:\/\/futbolhoy.co\/#website\"},\"primaryImageOfPage\":{\"@id\":\"https:\/\/futbolhoy.co\/index.php\/2025\/06\/21\/jhon-arias-marco-golazo-de-tiro-libre-en-el-mundial-de-clubes\/#primaryimage\"},\"image\":{\"@id\":\"https:\/\/futbolhoy.co\/index.php\/2025\/06\/21\/jhon-arias-marco-golazo-de-tiro-libre-en-el-mundial-de-clubes\/#primaryimage\"},\"thumbnailUrl\":\"https:\/\/futbolhoy.co\/wp-content\/uploads\/2025\/06\/IMG_5240.jpeg\",\"datePublished\":\"2025-06-21T23:48:27+00:00\",\"dateModified\":\"2025-06-23T17:20:04+00:00\",\"breadcrumb\":{\"@id\":\"https:\/\/futbolhoy.co\/index.php\/2025\/06\/21\/jhon-arias-marco-golazo-de-tiro-libre-en-el-mundial-de-clubes\/#breadcrumb\"},\"inLanguage\":\"es\",\"potentialAction\":[{\"@type\":\"ReadAction\",\"target\":[\"https:\/\/futbolhoy.co\/index.php\/2025\/06\/21\/jhon-arias-marco-golazo-de-tiro-libre-en-el-mundial-de-clubes\/\"]}]},{\"@type\":\"ImageObject\",\"inLanguage\":\"es\",\"@id\":\"https:\/\/futbolhoy.co\/index.php\/2025\/06\/21\/jhon-arias-marco-golazo-de-tiro-libre-en-el-mundial-de-clubes\/#primaryimage\",\"url\":\"https:\/\/futbolhoy.co\/wp-content\/uploads\/2025\/06\/IMG_5240.jpeg\",\"contentUrl\":\"https:\/\/futbolhoy.co\/wp-content\/uploads\/2025\/06\/IMG_5240.jpeg\",\"width\":2048,\"height\":1365},{\"@type\":\"BreadcrumbList\",\"@id\":\"https:\/\/futbolhoy.co\/index.php\/2025\/06\/21\/jhon-arias-marco-golazo-de-tiro-libre-en-el-mundial-de-clubes\/#breadcrumb\",\"itemListElement\":[{\"@type\":\"ListItem\",\"position\":1,\"name\":\"Portada\",\"item\":\"https:\/\/futbolhoy.co\/\"},{\"@type\":\"ListItem\",\"position\":2,\"name\":\"Jhon Arias marc\u00f3 golazo de tiro libre en el Mundial de Clubes\"}]},{\"@type\":\"WebSite\",\"@id\":\"https:\/\/futbolhoy.co\/#website\",\"url\":\"https:\/\/futbolhoy.co\/\",\"name\":\"FutbolHoy\",\"description\":\"\",\"publisher\":{\"@id\":\"https:\/\/futbolhoy.co\/#organization\"},\"potentialAction\":[{\"@type\":\"SearchAction\",\"target\":{\"@type\":\"EntryPoint\",\"urlTemplate\":\"https:\/\/futbolhoy.co\/?s={search_term_string}\"},\"query-input\":{\"@type\":\"PropertyValueSpecification\",\"valueRequired\":true,\"valueName\":\"search_term_string\"}}],\"inLanguage\":\"es\"},{\"@type\":\"Organization\",\"@id\":\"https:\/\/futbolhoy.co\/#organization\",\"name\":\"Futbolhoy.co\",\"url\":\"https:\/\/futbolhoy.co\/\",\"logo\":{\"@type\":\"ImageObject\",\"inLanguage\":\"es\",\"@id\":\"https:\/\/futbolhoy.co\/#\/schema\/logo\/image\/\",\"url\":\"https:\/\/futbolhoy.co\/wp-content\/uploads\/2018\/08\/17426380_1906371736249227_6326180412931521141_n.jpg\",\"contentUrl\":\"https:\/\/futbolhoy.co\/wp-content\/uploads\/2018\/08\/17426380_1906371736249227_6326180412931521141_n.jpg\",\"width\":960,\"height\":960,\"caption\":\"Futbolhoy.co\"},\"image\":{\"@id\":\"https:\/\/futbolhoy.co\/#\/schema\/logo\/image\/\"},\"sameAs\":[\"https:\/\/www.facebook.com\/FutbolHoyCol\/\",\"https:\/\/x.com\/FutbolHoyCol\",\"https:\/\/www.instagram.com\/futbolhoycol\/\"]},{\"@type\":\"Person\",\"@id\":\"https:\/\/futbolhoy.co\/#\/schema\/person\/1721b69355b6623eaff15ac7b92d4cc3\",\"name\":\"contenido\",\"image\":{\"@type\":\"ImageObject\",\"inLanguage\":\"es\",\"@id\":\"https:\/\/futbolhoy.co\/#\/schema\/person\/image\/\",\"url\":\"https:\/\/secure.gravatar.com\/avatar\/4f656d3256f5134f466206e7c3941518?s=96&d=mm&r=g\",\"contentUrl\":\"https:\/\/secure.gravatar.com\/avatar\/4f656d3256f5134f466206e7c3941518?s=96&d=mm&r=g\",\"caption\":\"contenido\"}}]}<\/script>\n<!-- \/ Yoast SEO plugin. -->","yoast_head_json":{"title":"Jhon Arias marc\u00f3 golazo de tiro libre en el Mundial de Clubes -","robots":{"index":"index","follow":"follow","max-snippet":"max-snippet:-1","max-image-preview":"max-image-preview:large","max-video-preview":"max-video-preview:-1"},"canonical":"https:\/\/futbolhoy.co\/index.php\/2025\/06\/21\/jhon-arias-marco-golazo-de-tiro-libre-en-el-mundial-de-clubes\/","og_locale":"es_ES","og_type":"article","og_title":"Jhon Arias marc\u00f3 golazo de tiro libre en el Mundial de Clubes -","og_description":"Lleg\u00f3 el primer gol colombiano en el Mundial de Clubes 2025. Jhon Arias marc\u00f3 una joya de gol este s\u00e1bado con Fluminense en la fecha 2 del Grupo F frente al Ulsan Hyundai de Corea del Sur.\u00a0 El delantero colombiano abri\u00f3 el marcador al minuto 27 con un espectacular gol de tiro libre, dejando sin [&hellip;]","og_url":"https:\/\/futbolhoy.co\/index.php\/2025\/06\/21\/jhon-arias-marco-golazo-de-tiro-libre-en-el-mundial-de-clubes\/","article_publisher":"https:\/\/www.facebook.com\/FutbolHoyCol\/","article_published_time":"2025-06-21T23:48:27+00:00","article_modified_time":"2025-06-23T17:20:04+00:00","og_image":[{"width":2048,"height":1365,"url":"https:\/\/futbolhoy.co\/wp-content\/uploads\/2025\/06\/IMG_5240.jpeg","type":"image\/jpeg"}],"author":"contenido","twitter_card":"summary_large_image","twitter_creator":"@FutbolHoyCol","twitter_site":"@FutbolHoyCol","twitter_misc":{"Escrito por":"contenido","Tiempo de lectura":"1 minuto"},"schema":{"@context":"https:\/\/schema.org","@graph":[{"@type":"Article","@id":"https:\/\/futbolhoy.co\/index.php\/2025\/06\/21\/jhon-arias-marco-golazo-de-tiro-libre-en-el-mundial-de-clubes\/#article","isPartOf":{"@id":"https:\/\/futbolhoy.co\/index.php\/2025\/06\/21\/jhon-arias-marco-golazo-de-tiro-libre-en-el-mundial-de-clubes\/"},"author":{"name":"contenido","@id":"https:\/\/futbolhoy.co\/#\/schema\/person\/1721b69355b6623eaff15ac7b92d4cc3"},"headline":"Jhon Arias marc\u00f3 golazo de tiro libre en el Mundial de Clubes","datePublished":"2025-06-21T23:48:27+00:00","dateModified":"2025-06-23T17:20:04+00:00","mainEntityOfPage":{"@id":"https:\/\/futbolhoy.co\/index.php\/2025\/06\/21\/jhon-arias-marco-golazo-de-tiro-libre-en-el-mundial-de-clubes\/"},"wordCount":172,"commentCount":0,"publisher":{"@id":"https:\/\/futbolhoy.co\/#organization"},"image":{"@id":"https:\/\/futbolhoy.co\/index.php\/2025\/06\/21\/jhon-arias-marco-golazo-de-tiro-libre-en-el-mundial-de-clubes\/#primaryimage"},"thumbnailUrl":"https:\/\/futbolhoy.co\/wp-content\/uploads\/2025\/06\/IMG_5240.jpeg","articleSection":["Colombia"],"inLanguage":"es","potentialAction":[{"@type":"CommentAction","name":"Comment","target":["https:\/\/futbolhoy.co\/index.php\/2025\/06\/21\/jhon-arias-marco-golazo-de-tiro-libre-en-el-mundial-de-clubes\/#respond"]}]},{"@type":"WebPage","@id":"https:\/\/futbolhoy.co\/index.php\/2025\/06\/21\/jhon-arias-marco-golazo-de-tiro-libre-en-el-mundial-de-clubes\/","url":"https:\/\/futbolhoy.co\/index.php\/2025\/06\/21\/jhon-arias-marco-golazo-de-tiro-libre-en-el-mundial-de-clubes\/","name":"Jhon Arias marc\u00f3 golazo de tiro libre en el Mundial de Clubes -","isPartOf":{"@id":"https:\/\/futbolhoy.co\/#website"},"primaryImageOfPage":{"@id":"https:\/\/futbolhoy.co\/index.php\/2025\/06\/21\/jhon-arias-marco-golazo-de-tiro-libre-en-el-mundial-de-clubes\/#primaryimage"},"image":{"@id":"https:\/\/futbolhoy.co\/index.php\/2025\/06\/21\/jhon-arias-marco-golazo-de-tiro-libre-en-el-mundial-de-clubes\/#primaryimage"},"thumbnailUrl":"https:\/\/futbolhoy.co\/wp-content\/uploads\/2025\/06\/IMG_5240.jpeg","datePublished":"2025-06-21T23:48:27+00:00","dateModified":"2025-06-23T17:20:04+00:00","breadcrumb":{"@id":"https:\/\/futbolhoy.co\/index.php\/2025\/06\/21\/jhon-arias-marco-golazo-de-tiro-libre-en-el-mundial-de-clubes\/#breadcrumb"},"inLanguage":"es","potentialAction":[{"@type":"ReadAction","target":["https:\/\/futbolhoy.co\/index.php\/2025\/06\/21\/jhon-arias-marco-golazo-de-tiro-libre-en-el-mundial-de-clubes\/"]}]},{"@type":"ImageObject","inLanguage":"es","@id":"https:\/\/futbolhoy.co\/index.php\/2025\/06\/21\/jhon-arias-marco-golazo-de-tiro-libre-en-el-mundial-de-clubes\/#primaryimage","url":"https:\/\/futbolhoy.co\/wp-content\/uploads\/2025\/06\/IMG_5240.jpeg","contentUrl":"https:\/\/futbolhoy.co\/wp-content\/uploads\/2025\/06\/IMG_5240.jpeg","width":2048,"height":1365},{"@type":"BreadcrumbList","@id":"https:\/\/futbolhoy.co\/index.php\/2025\/06\/21\/jhon-arias-marco-golazo-de-tiro-libre-en-el-mundial-de-clubes\/#breadcrumb","itemListElement":[{"@type":"ListItem","position":1,"name":"Portada","item":"https:\/\/futbolhoy.co\/"},{"@type":"ListItem","position":2,"name":"Jhon Arias marc\u00f3 golazo de tiro libre en el Mundial de Clubes"}]},{"@type":"WebSite","@id":"https:\/\/futbolhoy.co\/#website","url":"https:\/\/futbolhoy.co\/","name":"FutbolHoy","description":"","publisher":{"@id":"https:\/\/futbolhoy.co\/#organization"},"potentialAction":[{"@type":"SearchAction","target":{"@type":"EntryPoint","urlTemplate":"https:\/\/futbolhoy.co\/?s={search_term_string}"},"query-input":{"@type":"PropertyValueSpecification","valueRequired":true,"valueName":"search_term_string"}}],"inLanguage":"es"},{"@type":"Organization","@id":"https:\/\/futbolhoy.co\/#organization","name":"Futbolhoy.co","url":"https:\/\/futbolhoy.co\/","logo":{"@type":"ImageObject","inLanguage":"es","@id":"https:\/\/futbolhoy.co\/#\/schema\/logo\/image\/","url":"https:\/\/futbolhoy.co\/wp-content\/uploads\/2018\/08\/17426380_1906371736249227_6326180412931521141_n.jpg","contentUrl":"https:\/\/futbolhoy.co\/wp-content\/uploads\/2018\/08\/17426380_1906371736249227_6326180412931521141_n.jpg","width":960,"height":960,"caption":"Futbolhoy.co"},"image":{"@id":"https:\/\/futbolhoy.co\/#\/schema\/logo\/image\/"},"sameAs":["https:\/\/www.facebook.com\/FutbolHoyCol\/","https:\/\/x.com\/FutbolHoyCol","https:\/\/www.instagram.com\/futbolhoycol\/"]},{"@type":"Person","@id":"https:\/\/futbolhoy.co\/#\/schema\/person\/1721b69355b6623eaff15ac7b92d4cc3","name":"contenido","image":{"@type":"ImageObject","inLanguage":"es","@id":"https:\/\/futbolhoy.co\/#\/schema\/person\/image\/","url":"https:\/\/secure.gravatar.com\/avatar\/4f656d3256f5134f466206e7c3941518?s=96&d=mm&r=g","contentUrl":"https:\/\/secure.gravatar.com\/avatar\/4f656d3256f5134f466206e7c3941518?s=96&d=mm&r=g","caption":"contenido"}}]}},"publishpress_future_action":{"enabled":false,"date":"2026-05-04 00:57:08","action":"change-status","newStatus":"draft","terms":[],"taxonomy":"category","extraData":[]},"publishpress_future_workflow_manual_trigger":{"enabledWorkflows":[]},"_links":{"self":[{"href":"https:\/\/futbolhoy.co\/index.php\/wp-json\/wp\/v2\/posts\/120486","targetHints":{"allow":["GET"]}}],"collection":[{"href":"https:\/\/futbolhoy.co\/index.php\/wp-json\/wp\/v2\/posts"}],"about":[{"href":"https:\/\/futbolhoy.co\/index.php\/wp-json\/wp\/v2\/types\/post"}],"author":[{"embeddable":true,"href":"https:\/\/futbolhoy.co\/index.php\/wp-json\/wp\/v2\/users\/4"}],"replies":[{"embeddable":true,"href":"https:\/\/futbolhoy.co\/index.php\/wp-json\/wp\/v2\/comments?post=120486"}],"version-history":[{"count":1,"href":"https:\/\/futbolhoy.co\/index.php\/wp-json\/wp\/v2\/posts\/120486\/revisions"}],"predecessor-version":[{"id":120488,"href":"https:\/\/futbolhoy.co\/index.php\/wp-json\/wp\/v2\/posts\/120486\/revisions\/120488"}],"wp:featuredmedia":[{"embeddable":true,"href":"https:\/\/futbolhoy.co\/index.php\/wp-json\/wp\/v2\/media\/120487"}],"wp:attachment":[{"href":"https:\/\/futbolhoy.co\/index.php\/wp-json\/wp\/v2\/media?parent=120486"}],"wp:term":[{"taxonomy":"category","embeddable":true,"href":"https:\/\/futbolhoy.co\/index.php\/wp-json\/wp\/v2\/categories?post=120486"},{"taxonomy":"post_tag","embeddable":true,"href":"https:\/\/futbolhoy.co\/index.php\/wp-json\/wp\/v2\/tags?post=120486"}],"curies":[{"name":"wp","href":"https:\/\/api.w.org\/{rel}","templated":true}]}}