{"id":120489,"date":"2025-06-21T21:15:43","date_gmt":"2025-06-22T02:15:43","guid":{"rendered":"https:\/\/futbolhoy.co\/?p=120489"},"modified":"2025-06-23T16:11:05","modified_gmt":"2025-06-23T21:11:05","slug":"otro-tecnico-que-sale-cesar-farias-no-va-mas-en-junior","status":"publish","type":"post","link":"https:\/\/futbolhoy.co\/index.php\/2025\/06\/21\/otro-tecnico-que-sale-cesar-farias-no-va-mas-en-junior\/","title":{"rendered":"Otro t\u00e9cnico que sale: C\u00e9sar Far\u00edas no va m\u00e1s en Junior"},"content":{"rendered":"<p style=\"text-align: justify;\"><span style=\"font-family: helvetica, arial, sans-serif;\"><b>C\u00e9sar Far\u00edas no seguir\u00e1 al frente del Junior<\/b> de Barranquilla y se convirti\u00f3 en el tercer t\u00e9cnico que cae tras los cuadrangulares <b>semifinales de la Liga BetPlay. <\/b>El club anunci\u00f3 que ambas partes llegaron de com\u00fan acuerdo a la decisi\u00f3n.\u00a0\u00a0<\/span><\/p>\n<p style=\"text-align: justify;\"><span style=\"font-family: helvetica, arial, sans-serif;\"><b>Junior termin\u00f3 los cuadrangulares <\/b>como el peor equipo de su grupo, sumando apenas 1 punto de 18 posibles, recibi\u00f3 8 goles y apenas marc\u00f3 2.<\/span><\/p>\n<p style=\"text-align: justify;\"><span style=\"font-family: helvetica, arial, sans-serif;\">Las directivas del <b>Junior anunciaron la salida del entrenador venezolano<\/b> este s\u00e1bado, cuando solo hac\u00eda falta la confirmaci\u00f3n, pues horas antes Fuad Char confirm\u00f3 que Far\u00edas no continuar\u00eda para el segundo semestre.\u00a0<\/span><\/p>\n<p style=\"text-align: justify;\"><span style=\"font-family: helvetica, arial, sans-serif;\">\u201cDe com\u00fan acuerdo se ha dado por finalizado el contrato que vinculaba al profesor C\u00e9sar Far\u00edas con nuestra instituci\u00f3n. <b>Agradecemos al entrenador<\/b> y su cuerpo t\u00e9cnico el compromiso, dedicaci\u00f3n y compromiso demostrado\u201d, dice el comunicado.\u00a0<\/span><\/p>\n<p style=\"text-align: justify;\"><span style=\"font-family: helvetica, arial, sans-serif;\">C\u00e9sar Far\u00edas sale del Junior luego de haberlo dirigido en 46 partidos,<b> con un saldo de 18 victorias, 13 empates y 15 derrotas<\/b>, con un rendimiento del 47.7%<\/span><\/p>\n","protected":false},"excerpt":{"rendered":"<p>C\u00e9sar Far\u00edas no seguir\u00e1 al frente del Junior de Barranquilla y se convirti\u00f3 en el tercer t\u00e9cnico que cae tras los cuadrangulares semifinales de la Liga BetPlay. El club anunci\u00f3 que ambas partes llegaron de com\u00fan acuerdo a la decisi\u00f3n.\u00a0\u00a0 Junior termin\u00f3 los cuadrangulares como el peor equipo de su grupo, sumando apenas 1 punto [&hellip;]<\/p>\n","protected":false},"author":4,"featured_media":120490,"comment_status":"open","ping_status":"open","sticky":false,"template":"","format":"standard","meta":{"_acf_changed":false,"footnotes":""},"categories":[7],"tags":[],"class_list":{"0":"post-120489","1":"post","2":"type-post","3":"status-publish","4":"format-standard","5":"has-post-thumbnail","7":"category-liga-betplay"},"acf":[],"yoast_head":"<!-- This site is optimized with the Yoast SEO plugin v26.8 - https:\/\/yoast.com\/product\/yoast-seo-wordpress\/ -->\n<title>Otro t\u00e9cnico que sale: C\u00e9sar Far\u00edas no va m\u00e1s en Junior -<\/title>\n<meta name=\"robots\" content=\"index, follow, max-snippet:-1, max-image-preview:large, max-video-preview:-1\" \/>\n<link rel=\"canonical\" href=\"https:\/\/futbolhoy.co\/index.php\/2025\/06\/21\/otro-tecnico-que-sale-cesar-farias-no-va-mas-en-junior\/\" \/>\n<meta property=\"og:locale\" content=\"es_ES\" \/>\n<meta property=\"og:type\" content=\"article\" \/>\n<meta property=\"og:title\" content=\"Otro t\u00e9cnico que sale: C\u00e9sar Far\u00edas no va m\u00e1s en Junior -\" \/>\n<meta property=\"og:description\" content=\"C\u00e9sar Far\u00edas no seguir\u00e1 al frente del Junior de Barranquilla y se convirti\u00f3 en el tercer t\u00e9cnico que cae tras los cuadrangulares semifinales de la Liga BetPlay. El club anunci\u00f3 que ambas partes llegaron de com\u00fan acuerdo a la decisi\u00f3n.\u00a0\u00a0 Junior termin\u00f3 los cuadrangulares como el peor equipo de su grupo, sumando apenas 1 punto [&hellip;]\" \/>\n<meta property=\"og:url\" content=\"https:\/\/futbolhoy.co\/index.php\/2025\/06\/21\/otro-tecnico-que-sale-cesar-farias-no-va-mas-en-junior\/\" \/>\n<meta property=\"article:publisher\" content=\"https:\/\/www.facebook.com\/FutbolHoyCol\/\" \/>\n<meta property=\"article:published_time\" content=\"2025-06-22T02:15:43+00:00\" \/>\n<meta property=\"article:modified_time\" content=\"2025-06-23T21:11:05+00:00\" \/>\n<meta property=\"og:image\" content=\"https:\/\/futbolhoy.co\/wp-content\/uploads\/2025\/06\/IMG_5241.jpeg\" \/>\n\t<meta property=\"og:image:width\" content=\"1179\" \/>\n\t<meta property=\"og:image:height\" content=\"795\" \/>\n\t<meta property=\"og:image:type\" content=\"image\/jpeg\" \/>\n<meta name=\"author\" content=\"contenido\" \/>\n<meta name=\"twitter:card\" content=\"summary_large_image\" \/>\n<meta name=\"twitter:creator\" content=\"@FutbolHoyCol\" \/>\n<meta name=\"twitter:site\" content=\"@FutbolHoyCol\" \/>\n<meta name=\"twitter:label1\" content=\"Escrito por\" \/>\n\t<meta name=\"twitter:data1\" content=\"contenido\" \/>\n\t<meta name=\"twitter:label2\" content=\"Tiempo de lectura\" \/>\n\t<meta name=\"twitter:data2\" content=\"1 minuto\" \/>\n<script type=\"application\/ld+json\" class=\"yoast-schema-graph\">{\"@context\":\"https:\/\/schema.org\",\"@graph\":[{\"@type\":\"Article\",\"@id\":\"https:\/\/futbolhoy.co\/index.php\/2025\/06\/21\/otro-tecnico-que-sale-cesar-farias-no-va-mas-en-junior\/#article\",\"isPartOf\":{\"@id\":\"https:\/\/futbolhoy.co\/index.php\/2025\/06\/21\/otro-tecnico-que-sale-cesar-farias-no-va-mas-en-junior\/\"},\"author\":{\"name\":\"contenido\",\"@id\":\"https:\/\/futbolhoy.co\/#\/schema\/person\/1721b69355b6623eaff15ac7b92d4cc3\"},\"headline\":\"Otro t\u00e9cnico que sale: C\u00e9sar Far\u00edas no va m\u00e1s en Junior\",\"datePublished\":\"2025-06-22T02:15:43+00:00\",\"dateModified\":\"2025-06-23T21:11:05+00:00\",\"mainEntityOfPage\":{\"@id\":\"https:\/\/futbolhoy.co\/index.php\/2025\/06\/21\/otro-tecnico-que-sale-cesar-farias-no-va-mas-en-junior\/\"},\"wordCount\":184,\"commentCount\":0,\"publisher\":{\"@id\":\"https:\/\/futbolhoy.co\/#organization\"},\"image\":{\"@id\":\"https:\/\/futbolhoy.co\/index.php\/2025\/06\/21\/otro-tecnico-que-sale-cesar-farias-no-va-mas-en-junior\/#primaryimage\"},\"thumbnailUrl\":\"https:\/\/futbolhoy.co\/wp-content\/uploads\/2025\/06\/IMG_5241.jpeg\",\"articleSection\":[\"Liga BetPlay\"],\"inLanguage\":\"es\",\"potentialAction\":[{\"@type\":\"CommentAction\",\"name\":\"Comment\",\"target\":[\"https:\/\/futbolhoy.co\/index.php\/2025\/06\/21\/otro-tecnico-que-sale-cesar-farias-no-va-mas-en-junior\/#respond\"]}]},{\"@type\":\"WebPage\",\"@id\":\"https:\/\/futbolhoy.co\/index.php\/2025\/06\/21\/otro-tecnico-que-sale-cesar-farias-no-va-mas-en-junior\/\",\"url\":\"https:\/\/futbolhoy.co\/index.php\/2025\/06\/21\/otro-tecnico-que-sale-cesar-farias-no-va-mas-en-junior\/\",\"name\":\"Otro t\u00e9cnico que sale: C\u00e9sar Far\u00edas no va m\u00e1s en Junior -\",\"isPartOf\":{\"@id\":\"https:\/\/futbolhoy.co\/#website\"},\"primaryImageOfPage\":{\"@id\":\"https:\/\/futbolhoy.co\/index.php\/2025\/06\/21\/otro-tecnico-que-sale-cesar-farias-no-va-mas-en-junior\/#primaryimage\"},\"image\":{\"@id\":\"https:\/\/futbolhoy.co\/index.php\/2025\/06\/21\/otro-tecnico-que-sale-cesar-farias-no-va-mas-en-junior\/#primaryimage\"},\"thumbnailUrl\":\"https:\/\/futbolhoy.co\/wp-content\/uploads\/2025\/06\/IMG_5241.jpeg\",\"datePublished\":\"2025-06-22T02:15:43+00:00\",\"dateModified\":\"2025-06-23T21:11:05+00:00\",\"breadcrumb\":{\"@id\":\"https:\/\/futbolhoy.co\/index.php\/2025\/06\/21\/otro-tecnico-que-sale-cesar-farias-no-va-mas-en-junior\/#breadcrumb\"},\"inLanguage\":\"es\",\"potentialAction\":[{\"@type\":\"ReadAction\",\"target\":[\"https:\/\/futbolhoy.co\/index.php\/2025\/06\/21\/otro-tecnico-que-sale-cesar-farias-no-va-mas-en-junior\/\"]}]},{\"@type\":\"ImageObject\",\"inLanguage\":\"es\",\"@id\":\"https:\/\/futbolhoy.co\/index.php\/2025\/06\/21\/otro-tecnico-que-sale-cesar-farias-no-va-mas-en-junior\/#primaryimage\",\"url\":\"https:\/\/futbolhoy.co\/wp-content\/uploads\/2025\/06\/IMG_5241.jpeg\",\"contentUrl\":\"https:\/\/futbolhoy.co\/wp-content\/uploads\/2025\/06\/IMG_5241.jpeg\",\"width\":1179,\"height\":795},{\"@type\":\"BreadcrumbList\",\"@id\":\"https:\/\/futbolhoy.co\/index.php\/2025\/06\/21\/otro-tecnico-que-sale-cesar-farias-no-va-mas-en-junior\/#breadcrumb\",\"itemListElement\":[{\"@type\":\"ListItem\",\"position\":1,\"name\":\"Portada\",\"item\":\"https:\/\/futbolhoy.co\/\"},{\"@type\":\"ListItem\",\"position\":2,\"name\":\"Otro t\u00e9cnico que sale: C\u00e9sar Far\u00edas no va m\u00e1s en Junior\"}]},{\"@type\":\"WebSite\",\"@id\":\"https:\/\/futbolhoy.co\/#website\",\"url\":\"https:\/\/futbolhoy.co\/\",\"name\":\"FutbolHoy\",\"description\":\"\",\"publisher\":{\"@id\":\"https:\/\/futbolhoy.co\/#organization\"},\"potentialAction\":[{\"@type\":\"SearchAction\",\"target\":{\"@type\":\"EntryPoint\",\"urlTemplate\":\"https:\/\/futbolhoy.co\/?s={search_term_string}\"},\"query-input\":{\"@type\":\"PropertyValueSpecification\",\"valueRequired\":true,\"valueName\":\"search_term_string\"}}],\"inLanguage\":\"es\"},{\"@type\":\"Organization\",\"@id\":\"https:\/\/futbolhoy.co\/#organization\",\"name\":\"Futbolhoy.co\",\"url\":\"https:\/\/futbolhoy.co\/\",\"logo\":{\"@type\":\"ImageObject\",\"inLanguage\":\"es\",\"@id\":\"https:\/\/futbolhoy.co\/#\/schema\/logo\/image\/\",\"url\":\"https:\/\/futbolhoy.co\/wp-content\/uploads\/2018\/08\/17426380_1906371736249227_6326180412931521141_n.jpg\",\"contentUrl\":\"https:\/\/futbolhoy.co\/wp-content\/uploads\/2018\/08\/17426380_1906371736249227_6326180412931521141_n.jpg\",\"width\":960,\"height\":960,\"caption\":\"Futbolhoy.co\"},\"image\":{\"@id\":\"https:\/\/futbolhoy.co\/#\/schema\/logo\/image\/\"},\"sameAs\":[\"https:\/\/www.facebook.com\/FutbolHoyCol\/\",\"https:\/\/x.com\/FutbolHoyCol\",\"https:\/\/www.instagram.com\/futbolhoycol\/\"]},{\"@type\":\"Person\",\"@id\":\"https:\/\/futbolhoy.co\/#\/schema\/person\/1721b69355b6623eaff15ac7b92d4cc3\",\"name\":\"contenido\",\"image\":{\"@type\":\"ImageObject\",\"inLanguage\":\"es\",\"@id\":\"https:\/\/futbolhoy.co\/#\/schema\/person\/image\/\",\"url\":\"https:\/\/secure.gravatar.com\/avatar\/4f656d3256f5134f466206e7c3941518?s=96&d=mm&r=g\",\"contentUrl\":\"https:\/\/secure.gravatar.com\/avatar\/4f656d3256f5134f466206e7c3941518?s=96&d=mm&r=g\",\"caption\":\"contenido\"}}]}<\/script>\n<!-- \/ Yoast SEO plugin. -->","yoast_head_json":{"title":"Otro t\u00e9cnico que sale: C\u00e9sar Far\u00edas no va m\u00e1s en Junior -","robots":{"index":"index","follow":"follow","max-snippet":"max-snippet:-1","max-image-preview":"max-image-preview:large","max-video-preview":"max-video-preview:-1"},"canonical":"https:\/\/futbolhoy.co\/index.php\/2025\/06\/21\/otro-tecnico-que-sale-cesar-farias-no-va-mas-en-junior\/","og_locale":"es_ES","og_type":"article","og_title":"Otro t\u00e9cnico que sale: C\u00e9sar Far\u00edas no va m\u00e1s en Junior -","og_description":"C\u00e9sar Far\u00edas no seguir\u00e1 al frente del Junior de Barranquilla y se convirti\u00f3 en el tercer t\u00e9cnico que cae tras los cuadrangulares semifinales de la Liga BetPlay. El club anunci\u00f3 que ambas partes llegaron de com\u00fan acuerdo a la decisi\u00f3n.\u00a0\u00a0 Junior termin\u00f3 los cuadrangulares como el peor equipo de su grupo, sumando apenas 1 punto [&hellip;]","og_url":"https:\/\/futbolhoy.co\/index.php\/2025\/06\/21\/otro-tecnico-que-sale-cesar-farias-no-va-mas-en-junior\/","article_publisher":"https:\/\/www.facebook.com\/FutbolHoyCol\/","article_published_time":"2025-06-22T02:15:43+00:00","article_modified_time":"2025-06-23T21:11:05+00:00","og_image":[{"width":1179,"height":795,"url":"https:\/\/futbolhoy.co\/wp-content\/uploads\/2025\/06\/IMG_5241.jpeg","type":"image\/jpeg"}],"author":"contenido","twitter_card":"summary_large_image","twitter_creator":"@FutbolHoyCol","twitter_site":"@FutbolHoyCol","twitter_misc":{"Escrito por":"contenido","Tiempo de lectura":"1 minuto"},"schema":{"@context":"https:\/\/schema.org","@graph":[{"@type":"Article","@id":"https:\/\/futbolhoy.co\/index.php\/2025\/06\/21\/otro-tecnico-que-sale-cesar-farias-no-va-mas-en-junior\/#article","isPartOf":{"@id":"https:\/\/futbolhoy.co\/index.php\/2025\/06\/21\/otro-tecnico-que-sale-cesar-farias-no-va-mas-en-junior\/"},"author":{"name":"contenido","@id":"https:\/\/futbolhoy.co\/#\/schema\/person\/1721b69355b6623eaff15ac7b92d4cc3"},"headline":"Otro t\u00e9cnico que sale: C\u00e9sar Far\u00edas no va m\u00e1s en Junior","datePublished":"2025-06-22T02:15:43+00:00","dateModified":"2025-06-23T21:11:05+00:00","mainEntityOfPage":{"@id":"https:\/\/futbolhoy.co\/index.php\/2025\/06\/21\/otro-tecnico-que-sale-cesar-farias-no-va-mas-en-junior\/"},"wordCount":184,"commentCount":0,"publisher":{"@id":"https:\/\/futbolhoy.co\/#organization"},"image":{"@id":"https:\/\/futbolhoy.co\/index.php\/2025\/06\/21\/otro-tecnico-que-sale-cesar-farias-no-va-mas-en-junior\/#primaryimage"},"thumbnailUrl":"https:\/\/futbolhoy.co\/wp-content\/uploads\/2025\/06\/IMG_5241.jpeg","articleSection":["Liga BetPlay"],"inLanguage":"es","potentialAction":[{"@type":"CommentAction","name":"Comment","target":["https:\/\/futbolhoy.co\/index.php\/2025\/06\/21\/otro-tecnico-que-sale-cesar-farias-no-va-mas-en-junior\/#respond"]}]},{"@type":"WebPage","@id":"https:\/\/futbolhoy.co\/index.php\/2025\/06\/21\/otro-tecnico-que-sale-cesar-farias-no-va-mas-en-junior\/","url":"https:\/\/futbolhoy.co\/index.php\/2025\/06\/21\/otro-tecnico-que-sale-cesar-farias-no-va-mas-en-junior\/","name":"Otro t\u00e9cnico que sale: C\u00e9sar Far\u00edas no va m\u00e1s en Junior -","isPartOf":{"@id":"https:\/\/futbolhoy.co\/#website"},"primaryImageOfPage":{"@id":"https:\/\/futbolhoy.co\/index.php\/2025\/06\/21\/otro-tecnico-que-sale-cesar-farias-no-va-mas-en-junior\/#primaryimage"},"image":{"@id":"https:\/\/futbolhoy.co\/index.php\/2025\/06\/21\/otro-tecnico-que-sale-cesar-farias-no-va-mas-en-junior\/#primaryimage"},"thumbnailUrl":"https:\/\/futbolhoy.co\/wp-content\/uploads\/2025\/06\/IMG_5241.jpeg","datePublished":"2025-06-22T02:15:43+00:00","dateModified":"2025-06-23T21:11:05+00:00","breadcrumb":{"@id":"https:\/\/futbolhoy.co\/index.php\/2025\/06\/21\/otro-tecnico-que-sale-cesar-farias-no-va-mas-en-junior\/#breadcrumb"},"inLanguage":"es","potentialAction":[{"@type":"ReadAction","target":["https:\/\/futbolhoy.co\/index.php\/2025\/06\/21\/otro-tecnico-que-sale-cesar-farias-no-va-mas-en-junior\/"]}]},{"@type":"ImageObject","inLanguage":"es","@id":"https:\/\/futbolhoy.co\/index.php\/2025\/06\/21\/otro-tecnico-que-sale-cesar-farias-no-va-mas-en-junior\/#primaryimage","url":"https:\/\/futbolhoy.co\/wp-content\/uploads\/2025\/06\/IMG_5241.jpeg","contentUrl":"https:\/\/futbolhoy.co\/wp-content\/uploads\/2025\/06\/IMG_5241.jpeg","width":1179,"height":795},{"@type":"BreadcrumbList","@id":"https:\/\/futbolhoy.co\/index.php\/2025\/06\/21\/otro-tecnico-que-sale-cesar-farias-no-va-mas-en-junior\/#breadcrumb","itemListElement":[{"@type":"ListItem","position":1,"name":"Portada","item":"https:\/\/futbolhoy.co\/"},{"@type":"ListItem","position":2,"name":"Otro t\u00e9cnico que sale: C\u00e9sar Far\u00edas no va m\u00e1s en Junior"}]},{"@type":"WebSite","@id":"https:\/\/futbolhoy.co\/#website","url":"https:\/\/futbolhoy.co\/","name":"FutbolHoy","description":"","publisher":{"@id":"https:\/\/futbolhoy.co\/#organization"},"potentialAction":[{"@type":"SearchAction","target":{"@type":"EntryPoint","urlTemplate":"https:\/\/futbolhoy.co\/?s={search_term_string}"},"query-input":{"@type":"PropertyValueSpecification","valueRequired":true,"valueName":"search_term_string"}}],"inLanguage":"es"},{"@type":"Organization","@id":"https:\/\/futbolhoy.co\/#organization","name":"Futbolhoy.co","url":"https:\/\/futbolhoy.co\/","logo":{"@type":"ImageObject","inLanguage":"es","@id":"https:\/\/futbolhoy.co\/#\/schema\/logo\/image\/","url":"https:\/\/futbolhoy.co\/wp-content\/uploads\/2018\/08\/17426380_1906371736249227_6326180412931521141_n.jpg","contentUrl":"https:\/\/futbolhoy.co\/wp-content\/uploads\/2018\/08\/17426380_1906371736249227_6326180412931521141_n.jpg","width":960,"height":960,"caption":"Futbolhoy.co"},"image":{"@id":"https:\/\/futbolhoy.co\/#\/schema\/logo\/image\/"},"sameAs":["https:\/\/www.facebook.com\/FutbolHoyCol\/","https:\/\/x.com\/FutbolHoyCol","https:\/\/www.instagram.com\/futbolhoycol\/"]},{"@type":"Person","@id":"https:\/\/futbolhoy.co\/#\/schema\/person\/1721b69355b6623eaff15ac7b92d4cc3","name":"contenido","image":{"@type":"ImageObject","inLanguage":"es","@id":"https:\/\/futbolhoy.co\/#\/schema\/person\/image\/","url":"https:\/\/secure.gravatar.com\/avatar\/4f656d3256f5134f466206e7c3941518?s=96&d=mm&r=g","contentUrl":"https:\/\/secure.gravatar.com\/avatar\/4f656d3256f5134f466206e7c3941518?s=96&d=mm&r=g","caption":"contenido"}}]}},"publishpress_future_action":{"enabled":false,"date":"2026-05-03 21:48:26","action":"change-status","newStatus":"draft","terms":[],"taxonomy":"category","extraData":[]},"publishpress_future_workflow_manual_trigger":{"enabledWorkflows":[]},"_links":{"self":[{"href":"https:\/\/futbolhoy.co\/index.php\/wp-json\/wp\/v2\/posts\/120489","targetHints":{"allow":["GET"]}}],"collection":[{"href":"https:\/\/futbolhoy.co\/index.php\/wp-json\/wp\/v2\/posts"}],"about":[{"href":"https:\/\/futbolhoy.co\/index.php\/wp-json\/wp\/v2\/types\/post"}],"author":[{"embeddable":true,"href":"https:\/\/futbolhoy.co\/index.php\/wp-json\/wp\/v2\/users\/4"}],"replies":[{"embeddable":true,"href":"https:\/\/futbolhoy.co\/index.php\/wp-json\/wp\/v2\/comments?post=120489"}],"version-history":[{"count":1,"href":"https:\/\/futbolhoy.co\/index.php\/wp-json\/wp\/v2\/posts\/120489\/revisions"}],"predecessor-version":[{"id":120491,"href":"https:\/\/futbolhoy.co\/index.php\/wp-json\/wp\/v2\/posts\/120489\/revisions\/120491"}],"wp:featuredmedia":[{"embeddable":true,"href":"https:\/\/futbolhoy.co\/index.php\/wp-json\/wp\/v2\/media\/120490"}],"wp:attachment":[{"href":"https:\/\/futbolhoy.co\/index.php\/wp-json\/wp\/v2\/media?parent=120489"}],"wp:term":[{"taxonomy":"category","embeddable":true,"href":"https:\/\/futbolhoy.co\/index.php\/wp-json\/wp\/v2\/categories?post=120489"},{"taxonomy":"post_tag","embeddable":true,"href":"https:\/\/futbolhoy.co\/index.php\/wp-json\/wp\/v2\/tags?post=120489"}],"curies":[{"name":"wp","href":"https:\/\/api.w.org\/{rel}","templated":true}]}}