{"id":120508,"date":"2025-06-22T12:47:18","date_gmt":"2025-06-22T17:47:18","guid":{"rendered":"https:\/\/futbolhoy.co\/?p=120508"},"modified":"2025-06-23T19:23:42","modified_gmt":"2025-06-24T00:23:42","slug":"lucas-gonzalez-vuelve-a-colombia-es-el-nuevo-tecnico-del-tolima","status":"publish","type":"post","link":"https:\/\/futbolhoy.co\/index.php\/2025\/06\/22\/lucas-gonzalez-vuelve-a-colombia-es-el-nuevo-tecnico-del-tolima\/","title":{"rendered":"Lucas Gonz\u00e1lez vuelve a Colombia: es el nuevo t\u00e9cnico del Tolima"},"content":{"rendered":"<p style=\"text-align: justify;\"><span style=\"font-family: helvetica, arial, sans-serif;\"><b>M\u00e1s se demor\u00f3 Ismael Rescalvo <\/b>en anunciar su salida que el <b>Deportes Tolima <\/b>en contratar a su reemplazo. Este domingo el equipo vinotinto y oro anunci\u00f3 la llegada de <b>Lucas Gonz\u00e1lez, <\/b>que llega tras su paso por Central C\u00f3rdoba de Argentina.\u00a0<\/span><\/p>\n<p style=\"text-align: justify;\"><span style=\"font-family: helvetica, arial, sans-serif;\">El entrenador bogotano dirigi\u00f3 por \u00faltima vez en julio de 2024 en el club argentino, donde solamente dirigi\u00f3 tres meses, con un saldo de 9 partidos dirigidos, <b>tras 1 victoria, 1 empate y 7 derrotas.\u00a0<\/b><\/span><\/p>\n<p style=\"text-align: justify;\"><span style=\"font-family: helvetica, arial, sans-serif;\">En Colombia tiene dos experiencias, primero en <b>\u00c1guilas de Rionegro<\/b>, donde clasific\u00f3 a los cuadrangulares tras\u00a0 sumar 11 victorias, 7 empates y 8 derrotas. Posteriormente, el t\u00e9cnico bogotano lleg\u00f3 a su primer gran equipo, <b>con Am\u00e9rica de Cali<\/b>, donde estuvo al frente por 28 partidos, con 11 triunfos, 7 empates y 10 ca\u00eddas.<\/span><\/p>\n<p style=\"text-align: justify;\"><span style=\"font-family: helvetica, arial, sans-serif;\">Ahora lleg\u00f3 un nuevo reto, <b>con el Deportes Tolima en el Torneo Finalizaci\u00f3n, <\/b>luego que el equipo pijao clasificara a cuadrangulares, aunque se quedar\u00e1 por fuera de la final, tras sumar 8 puntos en el Grupo A.\u00a0<\/span><\/p>\n","protected":false},"excerpt":{"rendered":"<p>M\u00e1s se demor\u00f3 Ismael Rescalvo en anunciar su salida que el Deportes Tolima en contratar a su reemplazo. Este domingo el equipo vinotinto y oro anunci\u00f3 la llegada de Lucas Gonz\u00e1lez, que llega tras su paso por Central C\u00f3rdoba de Argentina.\u00a0 El entrenador bogotano dirigi\u00f3 por \u00faltima vez en julio de 2024 en el club [&hellip;]<\/p>\n","protected":false},"author":4,"featured_media":120509,"comment_status":"open","ping_status":"open","sticky":false,"template":"","format":"standard","meta":{"_acf_changed":false,"footnotes":""},"categories":[7],"tags":[],"class_list":{"0":"post-120508","1":"post","2":"type-post","3":"status-publish","4":"format-standard","5":"has-post-thumbnail","7":"category-liga-betplay"},"acf":[],"yoast_head":"<!-- This site is optimized with the Yoast SEO plugin v26.8 - https:\/\/yoast.com\/product\/yoast-seo-wordpress\/ -->\n<title>Lucas Gonz\u00e1lez vuelve a Colombia: es el nuevo t\u00e9cnico del Tolima -<\/title>\n<meta name=\"robots\" content=\"index, follow, max-snippet:-1, max-image-preview:large, max-video-preview:-1\" \/>\n<link rel=\"canonical\" href=\"https:\/\/futbolhoy.co\/index.php\/2025\/06\/22\/lucas-gonzalez-vuelve-a-colombia-es-el-nuevo-tecnico-del-tolima\/\" \/>\n<meta property=\"og:locale\" content=\"es_ES\" \/>\n<meta property=\"og:type\" content=\"article\" \/>\n<meta property=\"og:title\" content=\"Lucas Gonz\u00e1lez vuelve a Colombia: es el nuevo t\u00e9cnico del Tolima -\" \/>\n<meta property=\"og:description\" content=\"M\u00e1s se demor\u00f3 Ismael Rescalvo en anunciar su salida que el Deportes Tolima en contratar a su reemplazo. Este domingo el equipo vinotinto y oro anunci\u00f3 la llegada de Lucas Gonz\u00e1lez, que llega tras su paso por Central C\u00f3rdoba de Argentina.\u00a0 El entrenador bogotano dirigi\u00f3 por \u00faltima vez en julio de 2024 en el club [&hellip;]\" \/>\n<meta property=\"og:url\" content=\"https:\/\/futbolhoy.co\/index.php\/2025\/06\/22\/lucas-gonzalez-vuelve-a-colombia-es-el-nuevo-tecnico-del-tolima\/\" \/>\n<meta property=\"article:publisher\" content=\"https:\/\/www.facebook.com\/FutbolHoyCol\/\" \/>\n<meta property=\"article:published_time\" content=\"2025-06-22T17:47:18+00:00\" \/>\n<meta property=\"article:modified_time\" content=\"2025-06-24T00:23:42+00:00\" \/>\n<meta property=\"og:image\" content=\"https:\/\/futbolhoy.co\/wp-content\/uploads\/2025\/06\/IMG_5242.jpeg\" \/>\n\t<meta property=\"og:image:width\" content=\"1179\" \/>\n\t<meta property=\"og:image:height\" content=\"842\" \/>\n\t<meta property=\"og:image:type\" content=\"image\/jpeg\" \/>\n<meta name=\"author\" content=\"contenido\" \/>\n<meta name=\"twitter:card\" content=\"summary_large_image\" \/>\n<meta name=\"twitter:creator\" content=\"@FutbolHoyCol\" \/>\n<meta name=\"twitter:site\" content=\"@FutbolHoyCol\" \/>\n<meta name=\"twitter:label1\" content=\"Escrito por\" \/>\n\t<meta name=\"twitter:data1\" content=\"contenido\" \/>\n\t<meta name=\"twitter:label2\" content=\"Tiempo de lectura\" \/>\n\t<meta name=\"twitter:data2\" content=\"1 minuto\" \/>\n<script type=\"application\/ld+json\" class=\"yoast-schema-graph\">{\"@context\":\"https:\/\/schema.org\",\"@graph\":[{\"@type\":\"Article\",\"@id\":\"https:\/\/futbolhoy.co\/index.php\/2025\/06\/22\/lucas-gonzalez-vuelve-a-colombia-es-el-nuevo-tecnico-del-tolima\/#article\",\"isPartOf\":{\"@id\":\"https:\/\/futbolhoy.co\/index.php\/2025\/06\/22\/lucas-gonzalez-vuelve-a-colombia-es-el-nuevo-tecnico-del-tolima\/\"},\"author\":{\"name\":\"contenido\",\"@id\":\"https:\/\/futbolhoy.co\/#\/schema\/person\/1721b69355b6623eaff15ac7b92d4cc3\"},\"headline\":\"Lucas Gonz\u00e1lez vuelve a Colombia: es el nuevo t\u00e9cnico del Tolima\",\"datePublished\":\"2025-06-22T17:47:18+00:00\",\"dateModified\":\"2025-06-24T00:23:42+00:00\",\"mainEntityOfPage\":{\"@id\":\"https:\/\/futbolhoy.co\/index.php\/2025\/06\/22\/lucas-gonzalez-vuelve-a-colombia-es-el-nuevo-tecnico-del-tolima\/\"},\"wordCount\":173,\"commentCount\":0,\"publisher\":{\"@id\":\"https:\/\/futbolhoy.co\/#organization\"},\"image\":{\"@id\":\"https:\/\/futbolhoy.co\/index.php\/2025\/06\/22\/lucas-gonzalez-vuelve-a-colombia-es-el-nuevo-tecnico-del-tolima\/#primaryimage\"},\"thumbnailUrl\":\"https:\/\/futbolhoy.co\/wp-content\/uploads\/2025\/06\/IMG_5242.jpeg\",\"articleSection\":[\"Liga BetPlay\"],\"inLanguage\":\"es\",\"potentialAction\":[{\"@type\":\"CommentAction\",\"name\":\"Comment\",\"target\":[\"https:\/\/futbolhoy.co\/index.php\/2025\/06\/22\/lucas-gonzalez-vuelve-a-colombia-es-el-nuevo-tecnico-del-tolima\/#respond\"]}]},{\"@type\":\"WebPage\",\"@id\":\"https:\/\/futbolhoy.co\/index.php\/2025\/06\/22\/lucas-gonzalez-vuelve-a-colombia-es-el-nuevo-tecnico-del-tolima\/\",\"url\":\"https:\/\/futbolhoy.co\/index.php\/2025\/06\/22\/lucas-gonzalez-vuelve-a-colombia-es-el-nuevo-tecnico-del-tolima\/\",\"name\":\"Lucas Gonz\u00e1lez vuelve a Colombia: es el nuevo t\u00e9cnico del Tolima -\",\"isPartOf\":{\"@id\":\"https:\/\/futbolhoy.co\/#website\"},\"primaryImageOfPage\":{\"@id\":\"https:\/\/futbolhoy.co\/index.php\/2025\/06\/22\/lucas-gonzalez-vuelve-a-colombia-es-el-nuevo-tecnico-del-tolima\/#primaryimage\"},\"image\":{\"@id\":\"https:\/\/futbolhoy.co\/index.php\/2025\/06\/22\/lucas-gonzalez-vuelve-a-colombia-es-el-nuevo-tecnico-del-tolima\/#primaryimage\"},\"thumbnailUrl\":\"https:\/\/futbolhoy.co\/wp-content\/uploads\/2025\/06\/IMG_5242.jpeg\",\"datePublished\":\"2025-06-22T17:47:18+00:00\",\"dateModified\":\"2025-06-24T00:23:42+00:00\",\"breadcrumb\":{\"@id\":\"https:\/\/futbolhoy.co\/index.php\/2025\/06\/22\/lucas-gonzalez-vuelve-a-colombia-es-el-nuevo-tecnico-del-tolima\/#breadcrumb\"},\"inLanguage\":\"es\",\"potentialAction\":[{\"@type\":\"ReadAction\",\"target\":[\"https:\/\/futbolhoy.co\/index.php\/2025\/06\/22\/lucas-gonzalez-vuelve-a-colombia-es-el-nuevo-tecnico-del-tolima\/\"]}]},{\"@type\":\"ImageObject\",\"inLanguage\":\"es\",\"@id\":\"https:\/\/futbolhoy.co\/index.php\/2025\/06\/22\/lucas-gonzalez-vuelve-a-colombia-es-el-nuevo-tecnico-del-tolima\/#primaryimage\",\"url\":\"https:\/\/futbolhoy.co\/wp-content\/uploads\/2025\/06\/IMG_5242.jpeg\",\"contentUrl\":\"https:\/\/futbolhoy.co\/wp-content\/uploads\/2025\/06\/IMG_5242.jpeg\",\"width\":1179,\"height\":842},{\"@type\":\"BreadcrumbList\",\"@id\":\"https:\/\/futbolhoy.co\/index.php\/2025\/06\/22\/lucas-gonzalez-vuelve-a-colombia-es-el-nuevo-tecnico-del-tolima\/#breadcrumb\",\"itemListElement\":[{\"@type\":\"ListItem\",\"position\":1,\"name\":\"Portada\",\"item\":\"https:\/\/futbolhoy.co\/\"},{\"@type\":\"ListItem\",\"position\":2,\"name\":\"Lucas Gonz\u00e1lez vuelve a Colombia: es el nuevo t\u00e9cnico del Tolima\"}]},{\"@type\":\"WebSite\",\"@id\":\"https:\/\/futbolhoy.co\/#website\",\"url\":\"https:\/\/futbolhoy.co\/\",\"name\":\"FutbolHoy\",\"description\":\"\",\"publisher\":{\"@id\":\"https:\/\/futbolhoy.co\/#organization\"},\"potentialAction\":[{\"@type\":\"SearchAction\",\"target\":{\"@type\":\"EntryPoint\",\"urlTemplate\":\"https:\/\/futbolhoy.co\/?s={search_term_string}\"},\"query-input\":{\"@type\":\"PropertyValueSpecification\",\"valueRequired\":true,\"valueName\":\"search_term_string\"}}],\"inLanguage\":\"es\"},{\"@type\":\"Organization\",\"@id\":\"https:\/\/futbolhoy.co\/#organization\",\"name\":\"Futbolhoy.co\",\"url\":\"https:\/\/futbolhoy.co\/\",\"logo\":{\"@type\":\"ImageObject\",\"inLanguage\":\"es\",\"@id\":\"https:\/\/futbolhoy.co\/#\/schema\/logo\/image\/\",\"url\":\"https:\/\/futbolhoy.co\/wp-content\/uploads\/2018\/08\/17426380_1906371736249227_6326180412931521141_n.jpg\",\"contentUrl\":\"https:\/\/futbolhoy.co\/wp-content\/uploads\/2018\/08\/17426380_1906371736249227_6326180412931521141_n.jpg\",\"width\":960,\"height\":960,\"caption\":\"Futbolhoy.co\"},\"image\":{\"@id\":\"https:\/\/futbolhoy.co\/#\/schema\/logo\/image\/\"},\"sameAs\":[\"https:\/\/www.facebook.com\/FutbolHoyCol\/\",\"https:\/\/x.com\/FutbolHoyCol\",\"https:\/\/www.instagram.com\/futbolhoycol\/\"]},{\"@type\":\"Person\",\"@id\":\"https:\/\/futbolhoy.co\/#\/schema\/person\/1721b69355b6623eaff15ac7b92d4cc3\",\"name\":\"contenido\",\"image\":{\"@type\":\"ImageObject\",\"inLanguage\":\"es\",\"@id\":\"https:\/\/futbolhoy.co\/#\/schema\/person\/image\/\",\"url\":\"https:\/\/secure.gravatar.com\/avatar\/4f656d3256f5134f466206e7c3941518?s=96&d=mm&r=g\",\"contentUrl\":\"https:\/\/secure.gravatar.com\/avatar\/4f656d3256f5134f466206e7c3941518?s=96&d=mm&r=g\",\"caption\":\"contenido\"}}]}<\/script>\n<!-- \/ Yoast SEO plugin. -->","yoast_head_json":{"title":"Lucas Gonz\u00e1lez vuelve a Colombia: es el nuevo t\u00e9cnico del Tolima -","robots":{"index":"index","follow":"follow","max-snippet":"max-snippet:-1","max-image-preview":"max-image-preview:large","max-video-preview":"max-video-preview:-1"},"canonical":"https:\/\/futbolhoy.co\/index.php\/2025\/06\/22\/lucas-gonzalez-vuelve-a-colombia-es-el-nuevo-tecnico-del-tolima\/","og_locale":"es_ES","og_type":"article","og_title":"Lucas Gonz\u00e1lez vuelve a Colombia: es el nuevo t\u00e9cnico del Tolima -","og_description":"M\u00e1s se demor\u00f3 Ismael Rescalvo en anunciar su salida que el Deportes Tolima en contratar a su reemplazo. Este domingo el equipo vinotinto y oro anunci\u00f3 la llegada de Lucas Gonz\u00e1lez, que llega tras su paso por Central C\u00f3rdoba de Argentina.\u00a0 El entrenador bogotano dirigi\u00f3 por \u00faltima vez en julio de 2024 en el club [&hellip;]","og_url":"https:\/\/futbolhoy.co\/index.php\/2025\/06\/22\/lucas-gonzalez-vuelve-a-colombia-es-el-nuevo-tecnico-del-tolima\/","article_publisher":"https:\/\/www.facebook.com\/FutbolHoyCol\/","article_published_time":"2025-06-22T17:47:18+00:00","article_modified_time":"2025-06-24T00:23:42+00:00","og_image":[{"width":1179,"height":842,"url":"https:\/\/futbolhoy.co\/wp-content\/uploads\/2025\/06\/IMG_5242.jpeg","type":"image\/jpeg"}],"author":"contenido","twitter_card":"summary_large_image","twitter_creator":"@FutbolHoyCol","twitter_site":"@FutbolHoyCol","twitter_misc":{"Escrito por":"contenido","Tiempo de lectura":"1 minuto"},"schema":{"@context":"https:\/\/schema.org","@graph":[{"@type":"Article","@id":"https:\/\/futbolhoy.co\/index.php\/2025\/06\/22\/lucas-gonzalez-vuelve-a-colombia-es-el-nuevo-tecnico-del-tolima\/#article","isPartOf":{"@id":"https:\/\/futbolhoy.co\/index.php\/2025\/06\/22\/lucas-gonzalez-vuelve-a-colombia-es-el-nuevo-tecnico-del-tolima\/"},"author":{"name":"contenido","@id":"https:\/\/futbolhoy.co\/#\/schema\/person\/1721b69355b6623eaff15ac7b92d4cc3"},"headline":"Lucas Gonz\u00e1lez vuelve a Colombia: es el nuevo t\u00e9cnico del Tolima","datePublished":"2025-06-22T17:47:18+00:00","dateModified":"2025-06-24T00:23:42+00:00","mainEntityOfPage":{"@id":"https:\/\/futbolhoy.co\/index.php\/2025\/06\/22\/lucas-gonzalez-vuelve-a-colombia-es-el-nuevo-tecnico-del-tolima\/"},"wordCount":173,"commentCount":0,"publisher":{"@id":"https:\/\/futbolhoy.co\/#organization"},"image":{"@id":"https:\/\/futbolhoy.co\/index.php\/2025\/06\/22\/lucas-gonzalez-vuelve-a-colombia-es-el-nuevo-tecnico-del-tolima\/#primaryimage"},"thumbnailUrl":"https:\/\/futbolhoy.co\/wp-content\/uploads\/2025\/06\/IMG_5242.jpeg","articleSection":["Liga BetPlay"],"inLanguage":"es","potentialAction":[{"@type":"CommentAction","name":"Comment","target":["https:\/\/futbolhoy.co\/index.php\/2025\/06\/22\/lucas-gonzalez-vuelve-a-colombia-es-el-nuevo-tecnico-del-tolima\/#respond"]}]},{"@type":"WebPage","@id":"https:\/\/futbolhoy.co\/index.php\/2025\/06\/22\/lucas-gonzalez-vuelve-a-colombia-es-el-nuevo-tecnico-del-tolima\/","url":"https:\/\/futbolhoy.co\/index.php\/2025\/06\/22\/lucas-gonzalez-vuelve-a-colombia-es-el-nuevo-tecnico-del-tolima\/","name":"Lucas Gonz\u00e1lez vuelve a Colombia: es el nuevo t\u00e9cnico del Tolima -","isPartOf":{"@id":"https:\/\/futbolhoy.co\/#website"},"primaryImageOfPage":{"@id":"https:\/\/futbolhoy.co\/index.php\/2025\/06\/22\/lucas-gonzalez-vuelve-a-colombia-es-el-nuevo-tecnico-del-tolima\/#primaryimage"},"image":{"@id":"https:\/\/futbolhoy.co\/index.php\/2025\/06\/22\/lucas-gonzalez-vuelve-a-colombia-es-el-nuevo-tecnico-del-tolima\/#primaryimage"},"thumbnailUrl":"https:\/\/futbolhoy.co\/wp-content\/uploads\/2025\/06\/IMG_5242.jpeg","datePublished":"2025-06-22T17:47:18+00:00","dateModified":"2025-06-24T00:23:42+00:00","breadcrumb":{"@id":"https:\/\/futbolhoy.co\/index.php\/2025\/06\/22\/lucas-gonzalez-vuelve-a-colombia-es-el-nuevo-tecnico-del-tolima\/#breadcrumb"},"inLanguage":"es","potentialAction":[{"@type":"ReadAction","target":["https:\/\/futbolhoy.co\/index.php\/2025\/06\/22\/lucas-gonzalez-vuelve-a-colombia-es-el-nuevo-tecnico-del-tolima\/"]}]},{"@type":"ImageObject","inLanguage":"es","@id":"https:\/\/futbolhoy.co\/index.php\/2025\/06\/22\/lucas-gonzalez-vuelve-a-colombia-es-el-nuevo-tecnico-del-tolima\/#primaryimage","url":"https:\/\/futbolhoy.co\/wp-content\/uploads\/2025\/06\/IMG_5242.jpeg","contentUrl":"https:\/\/futbolhoy.co\/wp-content\/uploads\/2025\/06\/IMG_5242.jpeg","width":1179,"height":842},{"@type":"BreadcrumbList","@id":"https:\/\/futbolhoy.co\/index.php\/2025\/06\/22\/lucas-gonzalez-vuelve-a-colombia-es-el-nuevo-tecnico-del-tolima\/#breadcrumb","itemListElement":[{"@type":"ListItem","position":1,"name":"Portada","item":"https:\/\/futbolhoy.co\/"},{"@type":"ListItem","position":2,"name":"Lucas Gonz\u00e1lez vuelve a Colombia: es el nuevo t\u00e9cnico del Tolima"}]},{"@type":"WebSite","@id":"https:\/\/futbolhoy.co\/#website","url":"https:\/\/futbolhoy.co\/","name":"FutbolHoy","description":"","publisher":{"@id":"https:\/\/futbolhoy.co\/#organization"},"potentialAction":[{"@type":"SearchAction","target":{"@type":"EntryPoint","urlTemplate":"https:\/\/futbolhoy.co\/?s={search_term_string}"},"query-input":{"@type":"PropertyValueSpecification","valueRequired":true,"valueName":"search_term_string"}}],"inLanguage":"es"},{"@type":"Organization","@id":"https:\/\/futbolhoy.co\/#organization","name":"Futbolhoy.co","url":"https:\/\/futbolhoy.co\/","logo":{"@type":"ImageObject","inLanguage":"es","@id":"https:\/\/futbolhoy.co\/#\/schema\/logo\/image\/","url":"https:\/\/futbolhoy.co\/wp-content\/uploads\/2018\/08\/17426380_1906371736249227_6326180412931521141_n.jpg","contentUrl":"https:\/\/futbolhoy.co\/wp-content\/uploads\/2018\/08\/17426380_1906371736249227_6326180412931521141_n.jpg","width":960,"height":960,"caption":"Futbolhoy.co"},"image":{"@id":"https:\/\/futbolhoy.co\/#\/schema\/logo\/image\/"},"sameAs":["https:\/\/www.facebook.com\/FutbolHoyCol\/","https:\/\/x.com\/FutbolHoyCol","https:\/\/www.instagram.com\/futbolhoycol\/"]},{"@type":"Person","@id":"https:\/\/futbolhoy.co\/#\/schema\/person\/1721b69355b6623eaff15ac7b92d4cc3","name":"contenido","image":{"@type":"ImageObject","inLanguage":"es","@id":"https:\/\/futbolhoy.co\/#\/schema\/person\/image\/","url":"https:\/\/secure.gravatar.com\/avatar\/4f656d3256f5134f466206e7c3941518?s=96&d=mm&r=g","contentUrl":"https:\/\/secure.gravatar.com\/avatar\/4f656d3256f5134f466206e7c3941518?s=96&d=mm&r=g","caption":"contenido"}}]}},"publishpress_future_action":{"enabled":false,"date":"2026-05-03 17:35:35","action":"change-status","newStatus":"draft","terms":[],"taxonomy":"category","extraData":[]},"publishpress_future_workflow_manual_trigger":{"enabledWorkflows":[]},"_links":{"self":[{"href":"https:\/\/futbolhoy.co\/index.php\/wp-json\/wp\/v2\/posts\/120508","targetHints":{"allow":["GET"]}}],"collection":[{"href":"https:\/\/futbolhoy.co\/index.php\/wp-json\/wp\/v2\/posts"}],"about":[{"href":"https:\/\/futbolhoy.co\/index.php\/wp-json\/wp\/v2\/types\/post"}],"author":[{"embeddable":true,"href":"https:\/\/futbolhoy.co\/index.php\/wp-json\/wp\/v2\/users\/4"}],"replies":[{"embeddable":true,"href":"https:\/\/futbolhoy.co\/index.php\/wp-json\/wp\/v2\/comments?post=120508"}],"version-history":[{"count":1,"href":"https:\/\/futbolhoy.co\/index.php\/wp-json\/wp\/v2\/posts\/120508\/revisions"}],"predecessor-version":[{"id":120511,"href":"https:\/\/futbolhoy.co\/index.php\/wp-json\/wp\/v2\/posts\/120508\/revisions\/120511"}],"wp:featuredmedia":[{"embeddable":true,"href":"https:\/\/futbolhoy.co\/index.php\/wp-json\/wp\/v2\/media\/120509"}],"wp:attachment":[{"href":"https:\/\/futbolhoy.co\/index.php\/wp-json\/wp\/v2\/media?parent=120508"}],"wp:term":[{"taxonomy":"category","embeddable":true,"href":"https:\/\/futbolhoy.co\/index.php\/wp-json\/wp\/v2\/categories?post=120508"},{"taxonomy":"post_tag","embeddable":true,"href":"https:\/\/futbolhoy.co\/index.php\/wp-json\/wp\/v2\/tags?post=120508"}],"curies":[{"name":"wp","href":"https:\/\/api.w.org\/{rel}","templated":true}]}}