{"id":120519,"date":"2025-06-23T12:19:25","date_gmt":"2025-06-23T17:19:25","guid":{"rendered":"https:\/\/futbolhoy.co\/?p=120519"},"modified":"2025-06-24T09:33:03","modified_gmt":"2025-06-24T14:33:03","slug":"alfredo-arias-llego-a-barranquilla-vengo-a-ser-campeon","status":"publish","type":"post","link":"https:\/\/futbolhoy.co\/index.php\/2025\/06\/23\/alfredo-arias-llego-a-barranquilla-vengo-a-ser-campeon\/","title":{"rendered":"Alfredo Arias lleg\u00f3 a Barranquilla: \u201cVengo a ser campe\u00f3n\u201d"},"content":{"rendered":"<p style=\"text-align: justify;\"><span style=\"font-family: helvetica, arial, sans-serif;\">El <b>Junior de Barranquilla<\/b> ya prepara lo que ser\u00e1 el segundo semestre de la <b>Liga Colombiana<\/b>, luego de terminar como el peor en el cuadrangular A, lo que caus\u00f3 la salida de <b>C\u00e9sar Far\u00edas<\/b> como director t\u00e9cnico; ahora comienza la era Alfredo Arias.\u00a0<\/span><\/p>\n<p style=\"text-align: justify;\"><span style=\"font-family: helvetica, arial, sans-serif;\">El estratega uruguayo lleg\u00f3 en las \u00faltimas horas a <b>Barranquilla para definir los detalles de su contrataci\u00f3n<\/b> con las directivas del Junior, antes de hacer el anuncio oficial como nuevo entrenador.<\/span><\/p>\n<p style=\"text-align: justify;\"><span style=\"font-family: helvetica, arial, sans-serif;\">Alfredo Arias llega tras un corto paso en <b>el Deportivo Cali<\/b>, donde no tuvo los mejores resultados en su segunda etapa. Sin embargo, desde Barranquilla tendr\u00edan todas las expectativas puestas en el uruguayo para levantar cabeza y volver a conseguir un t\u00edtulo.<\/span><\/p>\n<p style=\"text-align: justify;\"><span style=\"font-family: helvetica, arial, sans-serif;\">\u201cLa expectativa es que vengo a ganarles a todos y<b> a ser campeones<\/b>\u201d, dijo a su llegada al aeropuerto.\u00a0<\/span><\/p>\n<p style=\"text-align: justify;\"><span style=\"font-family: helvetica, arial, sans-serif;\"><b>Alfredo Arias ha tenido su experiencia reciente en el f\u00fatbol colombiano,<\/b> lo hizo en dos ocasiones con Deportivo Cali, una en Independiente Medell\u00edn, con el que fue subcampe\u00f3n en 2023, y tambi\u00e9n estuvo en Santa Fe.<\/span><\/p>\n","protected":false},"excerpt":{"rendered":"<p>El Junior de Barranquilla ya prepara lo que ser\u00e1 el segundo semestre de la Liga Colombiana, luego de terminar como el peor en el cuadrangular A, lo que caus\u00f3 la salida de C\u00e9sar Far\u00edas como director t\u00e9cnico; ahora comienza la era Alfredo Arias.\u00a0 El estratega uruguayo lleg\u00f3 en las \u00faltimas horas a Barranquilla para definir [&hellip;]<\/p>\n","protected":false},"author":4,"featured_media":120520,"comment_status":"open","ping_status":"open","sticky":false,"template":"","format":"standard","meta":{"_acf_changed":false,"footnotes":""},"categories":[7],"tags":[],"class_list":{"0":"post-120519","1":"post","2":"type-post","3":"status-publish","4":"format-standard","5":"has-post-thumbnail","7":"category-liga-betplay"},"acf":[],"yoast_head":"<!-- This site is optimized with the Yoast SEO plugin v26.8 - https:\/\/yoast.com\/product\/yoast-seo-wordpress\/ -->\n<title>Alfredo Arias lleg\u00f3 a Barranquilla: \u201cVengo a ser campe\u00f3n\u201d -<\/title>\n<meta name=\"robots\" content=\"index, follow, max-snippet:-1, max-image-preview:large, max-video-preview:-1\" \/>\n<link rel=\"canonical\" href=\"https:\/\/futbolhoy.co\/index.php\/2025\/06\/23\/alfredo-arias-llego-a-barranquilla-vengo-a-ser-campeon\/\" \/>\n<meta property=\"og:locale\" content=\"es_ES\" \/>\n<meta property=\"og:type\" content=\"article\" \/>\n<meta property=\"og:title\" content=\"Alfredo Arias lleg\u00f3 a Barranquilla: \u201cVengo a ser campe\u00f3n\u201d -\" \/>\n<meta property=\"og:description\" content=\"El Junior de Barranquilla ya prepara lo que ser\u00e1 el segundo semestre de la Liga Colombiana, luego de terminar como el peor en el cuadrangular A, lo que caus\u00f3 la salida de C\u00e9sar Far\u00edas como director t\u00e9cnico; ahora comienza la era Alfredo Arias.\u00a0 El estratega uruguayo lleg\u00f3 en las \u00faltimas horas a Barranquilla para definir [&hellip;]\" \/>\n<meta property=\"og:url\" content=\"https:\/\/futbolhoy.co\/index.php\/2025\/06\/23\/alfredo-arias-llego-a-barranquilla-vengo-a-ser-campeon\/\" \/>\n<meta property=\"article:publisher\" content=\"https:\/\/www.facebook.com\/FutbolHoyCol\/\" \/>\n<meta property=\"article:published_time\" content=\"2025-06-23T17:19:25+00:00\" \/>\n<meta property=\"article:modified_time\" content=\"2025-06-24T14:33:03+00:00\" \/>\n<meta property=\"og:image\" content=\"https:\/\/futbolhoy.co\/wp-content\/uploads\/2025\/06\/IMG_5330.jpeg\" \/>\n\t<meta property=\"og:image:width\" content=\"1179\" \/>\n\t<meta property=\"og:image:height\" content=\"848\" \/>\n\t<meta property=\"og:image:type\" content=\"image\/jpeg\" \/>\n<meta name=\"author\" content=\"contenido\" \/>\n<meta name=\"twitter:card\" content=\"summary_large_image\" \/>\n<meta name=\"twitter:creator\" content=\"@FutbolHoyCol\" \/>\n<meta name=\"twitter:site\" content=\"@FutbolHoyCol\" \/>\n<meta name=\"twitter:label1\" content=\"Escrito por\" \/>\n\t<meta name=\"twitter:data1\" content=\"contenido\" \/>\n\t<meta name=\"twitter:label2\" content=\"Tiempo de lectura\" \/>\n\t<meta name=\"twitter:data2\" content=\"1 minuto\" \/>\n<script type=\"application\/ld+json\" class=\"yoast-schema-graph\">{\"@context\":\"https:\/\/schema.org\",\"@graph\":[{\"@type\":\"Article\",\"@id\":\"https:\/\/futbolhoy.co\/index.php\/2025\/06\/23\/alfredo-arias-llego-a-barranquilla-vengo-a-ser-campeon\/#article\",\"isPartOf\":{\"@id\":\"https:\/\/futbolhoy.co\/index.php\/2025\/06\/23\/alfredo-arias-llego-a-barranquilla-vengo-a-ser-campeon\/\"},\"author\":{\"name\":\"contenido\",\"@id\":\"https:\/\/futbolhoy.co\/#\/schema\/person\/1721b69355b6623eaff15ac7b92d4cc3\"},\"headline\":\"Alfredo Arias lleg\u00f3 a Barranquilla: \u201cVengo a ser campe\u00f3n\u201d\",\"datePublished\":\"2025-06-23T17:19:25+00:00\",\"dateModified\":\"2025-06-24T14:33:03+00:00\",\"mainEntityOfPage\":{\"@id\":\"https:\/\/futbolhoy.co\/index.php\/2025\/06\/23\/alfredo-arias-llego-a-barranquilla-vengo-a-ser-campeon\/\"},\"wordCount\":190,\"commentCount\":0,\"publisher\":{\"@id\":\"https:\/\/futbolhoy.co\/#organization\"},\"image\":{\"@id\":\"https:\/\/futbolhoy.co\/index.php\/2025\/06\/23\/alfredo-arias-llego-a-barranquilla-vengo-a-ser-campeon\/#primaryimage\"},\"thumbnailUrl\":\"https:\/\/futbolhoy.co\/wp-content\/uploads\/2025\/06\/IMG_5330.jpeg\",\"articleSection\":[\"Liga BetPlay\"],\"inLanguage\":\"es\",\"potentialAction\":[{\"@type\":\"CommentAction\",\"name\":\"Comment\",\"target\":[\"https:\/\/futbolhoy.co\/index.php\/2025\/06\/23\/alfredo-arias-llego-a-barranquilla-vengo-a-ser-campeon\/#respond\"]}]},{\"@type\":\"WebPage\",\"@id\":\"https:\/\/futbolhoy.co\/index.php\/2025\/06\/23\/alfredo-arias-llego-a-barranquilla-vengo-a-ser-campeon\/\",\"url\":\"https:\/\/futbolhoy.co\/index.php\/2025\/06\/23\/alfredo-arias-llego-a-barranquilla-vengo-a-ser-campeon\/\",\"name\":\"Alfredo Arias lleg\u00f3 a Barranquilla: \u201cVengo a ser campe\u00f3n\u201d -\",\"isPartOf\":{\"@id\":\"https:\/\/futbolhoy.co\/#website\"},\"primaryImageOfPage\":{\"@id\":\"https:\/\/futbolhoy.co\/index.php\/2025\/06\/23\/alfredo-arias-llego-a-barranquilla-vengo-a-ser-campeon\/#primaryimage\"},\"image\":{\"@id\":\"https:\/\/futbolhoy.co\/index.php\/2025\/06\/23\/alfredo-arias-llego-a-barranquilla-vengo-a-ser-campeon\/#primaryimage\"},\"thumbnailUrl\":\"https:\/\/futbolhoy.co\/wp-content\/uploads\/2025\/06\/IMG_5330.jpeg\",\"datePublished\":\"2025-06-23T17:19:25+00:00\",\"dateModified\":\"2025-06-24T14:33:03+00:00\",\"breadcrumb\":{\"@id\":\"https:\/\/futbolhoy.co\/index.php\/2025\/06\/23\/alfredo-arias-llego-a-barranquilla-vengo-a-ser-campeon\/#breadcrumb\"},\"inLanguage\":\"es\",\"potentialAction\":[{\"@type\":\"ReadAction\",\"target\":[\"https:\/\/futbolhoy.co\/index.php\/2025\/06\/23\/alfredo-arias-llego-a-barranquilla-vengo-a-ser-campeon\/\"]}]},{\"@type\":\"ImageObject\",\"inLanguage\":\"es\",\"@id\":\"https:\/\/futbolhoy.co\/index.php\/2025\/06\/23\/alfredo-arias-llego-a-barranquilla-vengo-a-ser-campeon\/#primaryimage\",\"url\":\"https:\/\/futbolhoy.co\/wp-content\/uploads\/2025\/06\/IMG_5330.jpeg\",\"contentUrl\":\"https:\/\/futbolhoy.co\/wp-content\/uploads\/2025\/06\/IMG_5330.jpeg\",\"width\":1179,\"height\":848},{\"@type\":\"BreadcrumbList\",\"@id\":\"https:\/\/futbolhoy.co\/index.php\/2025\/06\/23\/alfredo-arias-llego-a-barranquilla-vengo-a-ser-campeon\/#breadcrumb\",\"itemListElement\":[{\"@type\":\"ListItem\",\"position\":1,\"name\":\"Portada\",\"item\":\"https:\/\/futbolhoy.co\/\"},{\"@type\":\"ListItem\",\"position\":2,\"name\":\"Alfredo Arias lleg\u00f3 a Barranquilla: \u201cVengo a ser campe\u00f3n\u201d\"}]},{\"@type\":\"WebSite\",\"@id\":\"https:\/\/futbolhoy.co\/#website\",\"url\":\"https:\/\/futbolhoy.co\/\",\"name\":\"FutbolHoy\",\"description\":\"\",\"publisher\":{\"@id\":\"https:\/\/futbolhoy.co\/#organization\"},\"potentialAction\":[{\"@type\":\"SearchAction\",\"target\":{\"@type\":\"EntryPoint\",\"urlTemplate\":\"https:\/\/futbolhoy.co\/?s={search_term_string}\"},\"query-input\":{\"@type\":\"PropertyValueSpecification\",\"valueRequired\":true,\"valueName\":\"search_term_string\"}}],\"inLanguage\":\"es\"},{\"@type\":\"Organization\",\"@id\":\"https:\/\/futbolhoy.co\/#organization\",\"name\":\"Futbolhoy.co\",\"url\":\"https:\/\/futbolhoy.co\/\",\"logo\":{\"@type\":\"ImageObject\",\"inLanguage\":\"es\",\"@id\":\"https:\/\/futbolhoy.co\/#\/schema\/logo\/image\/\",\"url\":\"https:\/\/futbolhoy.co\/wp-content\/uploads\/2018\/08\/17426380_1906371736249227_6326180412931521141_n.jpg\",\"contentUrl\":\"https:\/\/futbolhoy.co\/wp-content\/uploads\/2018\/08\/17426380_1906371736249227_6326180412931521141_n.jpg\",\"width\":960,\"height\":960,\"caption\":\"Futbolhoy.co\"},\"image\":{\"@id\":\"https:\/\/futbolhoy.co\/#\/schema\/logo\/image\/\"},\"sameAs\":[\"https:\/\/www.facebook.com\/FutbolHoyCol\/\",\"https:\/\/x.com\/FutbolHoyCol\",\"https:\/\/www.instagram.com\/futbolhoycol\/\"]},{\"@type\":\"Person\",\"@id\":\"https:\/\/futbolhoy.co\/#\/schema\/person\/1721b69355b6623eaff15ac7b92d4cc3\",\"name\":\"contenido\",\"image\":{\"@type\":\"ImageObject\",\"inLanguage\":\"es\",\"@id\":\"https:\/\/futbolhoy.co\/#\/schema\/person\/image\/\",\"url\":\"https:\/\/secure.gravatar.com\/avatar\/4f656d3256f5134f466206e7c3941518?s=96&d=mm&r=g\",\"contentUrl\":\"https:\/\/secure.gravatar.com\/avatar\/4f656d3256f5134f466206e7c3941518?s=96&d=mm&r=g\",\"caption\":\"contenido\"}}]}<\/script>\n<!-- \/ Yoast SEO plugin. -->","yoast_head_json":{"title":"Alfredo Arias lleg\u00f3 a Barranquilla: \u201cVengo a ser campe\u00f3n\u201d -","robots":{"index":"index","follow":"follow","max-snippet":"max-snippet:-1","max-image-preview":"max-image-preview:large","max-video-preview":"max-video-preview:-1"},"canonical":"https:\/\/futbolhoy.co\/index.php\/2025\/06\/23\/alfredo-arias-llego-a-barranquilla-vengo-a-ser-campeon\/","og_locale":"es_ES","og_type":"article","og_title":"Alfredo Arias lleg\u00f3 a Barranquilla: \u201cVengo a ser campe\u00f3n\u201d -","og_description":"El Junior de Barranquilla ya prepara lo que ser\u00e1 el segundo semestre de la Liga Colombiana, luego de terminar como el peor en el cuadrangular A, lo que caus\u00f3 la salida de C\u00e9sar Far\u00edas como director t\u00e9cnico; ahora comienza la era Alfredo Arias.\u00a0 El estratega uruguayo lleg\u00f3 en las \u00faltimas horas a Barranquilla para definir [&hellip;]","og_url":"https:\/\/futbolhoy.co\/index.php\/2025\/06\/23\/alfredo-arias-llego-a-barranquilla-vengo-a-ser-campeon\/","article_publisher":"https:\/\/www.facebook.com\/FutbolHoyCol\/","article_published_time":"2025-06-23T17:19:25+00:00","article_modified_time":"2025-06-24T14:33:03+00:00","og_image":[{"width":1179,"height":848,"url":"https:\/\/futbolhoy.co\/wp-content\/uploads\/2025\/06\/IMG_5330.jpeg","type":"image\/jpeg"}],"author":"contenido","twitter_card":"summary_large_image","twitter_creator":"@FutbolHoyCol","twitter_site":"@FutbolHoyCol","twitter_misc":{"Escrito por":"contenido","Tiempo de lectura":"1 minuto"},"schema":{"@context":"https:\/\/schema.org","@graph":[{"@type":"Article","@id":"https:\/\/futbolhoy.co\/index.php\/2025\/06\/23\/alfredo-arias-llego-a-barranquilla-vengo-a-ser-campeon\/#article","isPartOf":{"@id":"https:\/\/futbolhoy.co\/index.php\/2025\/06\/23\/alfredo-arias-llego-a-barranquilla-vengo-a-ser-campeon\/"},"author":{"name":"contenido","@id":"https:\/\/futbolhoy.co\/#\/schema\/person\/1721b69355b6623eaff15ac7b92d4cc3"},"headline":"Alfredo Arias lleg\u00f3 a Barranquilla: \u201cVengo a ser campe\u00f3n\u201d","datePublished":"2025-06-23T17:19:25+00:00","dateModified":"2025-06-24T14:33:03+00:00","mainEntityOfPage":{"@id":"https:\/\/futbolhoy.co\/index.php\/2025\/06\/23\/alfredo-arias-llego-a-barranquilla-vengo-a-ser-campeon\/"},"wordCount":190,"commentCount":0,"publisher":{"@id":"https:\/\/futbolhoy.co\/#organization"},"image":{"@id":"https:\/\/futbolhoy.co\/index.php\/2025\/06\/23\/alfredo-arias-llego-a-barranquilla-vengo-a-ser-campeon\/#primaryimage"},"thumbnailUrl":"https:\/\/futbolhoy.co\/wp-content\/uploads\/2025\/06\/IMG_5330.jpeg","articleSection":["Liga BetPlay"],"inLanguage":"es","potentialAction":[{"@type":"CommentAction","name":"Comment","target":["https:\/\/futbolhoy.co\/index.php\/2025\/06\/23\/alfredo-arias-llego-a-barranquilla-vengo-a-ser-campeon\/#respond"]}]},{"@type":"WebPage","@id":"https:\/\/futbolhoy.co\/index.php\/2025\/06\/23\/alfredo-arias-llego-a-barranquilla-vengo-a-ser-campeon\/","url":"https:\/\/futbolhoy.co\/index.php\/2025\/06\/23\/alfredo-arias-llego-a-barranquilla-vengo-a-ser-campeon\/","name":"Alfredo Arias lleg\u00f3 a Barranquilla: \u201cVengo a ser campe\u00f3n\u201d -","isPartOf":{"@id":"https:\/\/futbolhoy.co\/#website"},"primaryImageOfPage":{"@id":"https:\/\/futbolhoy.co\/index.php\/2025\/06\/23\/alfredo-arias-llego-a-barranquilla-vengo-a-ser-campeon\/#primaryimage"},"image":{"@id":"https:\/\/futbolhoy.co\/index.php\/2025\/06\/23\/alfredo-arias-llego-a-barranquilla-vengo-a-ser-campeon\/#primaryimage"},"thumbnailUrl":"https:\/\/futbolhoy.co\/wp-content\/uploads\/2025\/06\/IMG_5330.jpeg","datePublished":"2025-06-23T17:19:25+00:00","dateModified":"2025-06-24T14:33:03+00:00","breadcrumb":{"@id":"https:\/\/futbolhoy.co\/index.php\/2025\/06\/23\/alfredo-arias-llego-a-barranquilla-vengo-a-ser-campeon\/#breadcrumb"},"inLanguage":"es","potentialAction":[{"@type":"ReadAction","target":["https:\/\/futbolhoy.co\/index.php\/2025\/06\/23\/alfredo-arias-llego-a-barranquilla-vengo-a-ser-campeon\/"]}]},{"@type":"ImageObject","inLanguage":"es","@id":"https:\/\/futbolhoy.co\/index.php\/2025\/06\/23\/alfredo-arias-llego-a-barranquilla-vengo-a-ser-campeon\/#primaryimage","url":"https:\/\/futbolhoy.co\/wp-content\/uploads\/2025\/06\/IMG_5330.jpeg","contentUrl":"https:\/\/futbolhoy.co\/wp-content\/uploads\/2025\/06\/IMG_5330.jpeg","width":1179,"height":848},{"@type":"BreadcrumbList","@id":"https:\/\/futbolhoy.co\/index.php\/2025\/06\/23\/alfredo-arias-llego-a-barranquilla-vengo-a-ser-campeon\/#breadcrumb","itemListElement":[{"@type":"ListItem","position":1,"name":"Portada","item":"https:\/\/futbolhoy.co\/"},{"@type":"ListItem","position":2,"name":"Alfredo Arias lleg\u00f3 a Barranquilla: \u201cVengo a ser campe\u00f3n\u201d"}]},{"@type":"WebSite","@id":"https:\/\/futbolhoy.co\/#website","url":"https:\/\/futbolhoy.co\/","name":"FutbolHoy","description":"","publisher":{"@id":"https:\/\/futbolhoy.co\/#organization"},"potentialAction":[{"@type":"SearchAction","target":{"@type":"EntryPoint","urlTemplate":"https:\/\/futbolhoy.co\/?s={search_term_string}"},"query-input":{"@type":"PropertyValueSpecification","valueRequired":true,"valueName":"search_term_string"}}],"inLanguage":"es"},{"@type":"Organization","@id":"https:\/\/futbolhoy.co\/#organization","name":"Futbolhoy.co","url":"https:\/\/futbolhoy.co\/","logo":{"@type":"ImageObject","inLanguage":"es","@id":"https:\/\/futbolhoy.co\/#\/schema\/logo\/image\/","url":"https:\/\/futbolhoy.co\/wp-content\/uploads\/2018\/08\/17426380_1906371736249227_6326180412931521141_n.jpg","contentUrl":"https:\/\/futbolhoy.co\/wp-content\/uploads\/2018\/08\/17426380_1906371736249227_6326180412931521141_n.jpg","width":960,"height":960,"caption":"Futbolhoy.co"},"image":{"@id":"https:\/\/futbolhoy.co\/#\/schema\/logo\/image\/"},"sameAs":["https:\/\/www.facebook.com\/FutbolHoyCol\/","https:\/\/x.com\/FutbolHoyCol","https:\/\/www.instagram.com\/futbolhoycol\/"]},{"@type":"Person","@id":"https:\/\/futbolhoy.co\/#\/schema\/person\/1721b69355b6623eaff15ac7b92d4cc3","name":"contenido","image":{"@type":"ImageObject","inLanguage":"es","@id":"https:\/\/futbolhoy.co\/#\/schema\/person\/image\/","url":"https:\/\/secure.gravatar.com\/avatar\/4f656d3256f5134f466206e7c3941518?s=96&d=mm&r=g","contentUrl":"https:\/\/secure.gravatar.com\/avatar\/4f656d3256f5134f466206e7c3941518?s=96&d=mm&r=g","caption":"contenido"}}]}},"publishpress_future_action":{"enabled":false,"date":"2026-05-03 11:45:36","action":"change-status","newStatus":"draft","terms":[],"taxonomy":"category","extraData":[]},"publishpress_future_workflow_manual_trigger":{"enabledWorkflows":[]},"_links":{"self":[{"href":"https:\/\/futbolhoy.co\/index.php\/wp-json\/wp\/v2\/posts\/120519","targetHints":{"allow":["GET"]}}],"collection":[{"href":"https:\/\/futbolhoy.co\/index.php\/wp-json\/wp\/v2\/posts"}],"about":[{"href":"https:\/\/futbolhoy.co\/index.php\/wp-json\/wp\/v2\/types\/post"}],"author":[{"embeddable":true,"href":"https:\/\/futbolhoy.co\/index.php\/wp-json\/wp\/v2\/users\/4"}],"replies":[{"embeddable":true,"href":"https:\/\/futbolhoy.co\/index.php\/wp-json\/wp\/v2\/comments?post=120519"}],"version-history":[{"count":1,"href":"https:\/\/futbolhoy.co\/index.php\/wp-json\/wp\/v2\/posts\/120519\/revisions"}],"predecessor-version":[{"id":120521,"href":"https:\/\/futbolhoy.co\/index.php\/wp-json\/wp\/v2\/posts\/120519\/revisions\/120521"}],"wp:featuredmedia":[{"embeddable":true,"href":"https:\/\/futbolhoy.co\/index.php\/wp-json\/wp\/v2\/media\/120520"}],"wp:attachment":[{"href":"https:\/\/futbolhoy.co\/index.php\/wp-json\/wp\/v2\/media?parent=120519"}],"wp:term":[{"taxonomy":"category","embeddable":true,"href":"https:\/\/futbolhoy.co\/index.php\/wp-json\/wp\/v2\/categories?post=120519"},{"taxonomy":"post_tag","embeddable":true,"href":"https:\/\/futbolhoy.co\/index.php\/wp-json\/wp\/v2\/tags?post=120519"}],"curies":[{"name":"wp","href":"https:\/\/api.w.org\/{rel}","templated":true}]}}