{"id":120568,"date":"2025-06-24T09:31:04","date_gmt":"2025-06-24T14:31:04","guid":{"rendered":"https:\/\/futbolhoy.co\/?p=120568"},"modified":"2025-06-24T22:12:15","modified_gmt":"2025-06-25T03:12:15","slug":"santa-fe-y-medellin-buscan-dejar-atras-los-subcampeonatos","status":"publish","type":"post","link":"https:\/\/futbolhoy.co\/index.php\/2025\/06\/24\/santa-fe-y-medellin-buscan-dejar-atras-los-subcampeonatos\/","title":{"rendered":"Santa Fe y Medell\u00edn buscan dejar atr\u00e1s los subcampeonatos"},"content":{"rendered":"<p style=\"text-align: justify;\"><span style=\"font-family: helvetica, arial, sans-serif;\">Por duro que suene, <b>Santa Fe y Medell\u00edn se convirtieron en los \u00faltimos a\u00f1os en los subcampeones <\/b>eternos de la <b>Liga Colombiana. <\/b>Ahora buscan en este 2025 volver al triunfo y levantar el t\u00edtulo de mejor equipo del campeonato.\u00a0<\/span><\/p>\n<p style=\"text-align: justify;\"><span style=\"font-family: helvetica, arial, sans-serif;\">Curiosamente, <b>la final de la liga fue entre los dos \u00faltimos clasificados,<\/b> pero fueron los que sumaron m\u00e1s puntos y tuvieron los mejores resultados, aunque llegan con una mala racha que ambos quieren romper.\u00a0<\/span><\/p>\n<p style=\"text-align: justify;\"><span style=\"font-family: helvetica, arial, sans-serif;\">Las \u00faltimas tres finales que ha disputado <b>Santa Fe fueron derrotas, al igual que Medell\u00edn con sus \u00faltimas tres finales<\/b>. El Le\u00f3n va tras su d\u00e9cima estrella, mientras que el Poderoso quiere conquistar su s\u00e9ptimo t\u00edtulo.\u00a0<\/span><\/p>\n<p style=\"text-align: justify;\"><span style=\"font-family: helvetica, arial, sans-serif;\"><b>Ambos equipos se han enfrentado 114 veces en Bogot\u00e1<\/b>, con 58 victorias para Santa Fe, 29 para Medell\u00edn y 27 juegos empatados.\u00a0<\/span><\/p>\n<p style=\"text-align: justify;\"><span style=\"font-family: helvetica, arial, sans-serif;\">En cuanto a las novedades, en Santa Fe sali\u00f3 de la convocatoria Lucas R\u00edos e ingres\u00f3 \u00c1ngelo Rodr\u00edguez, adem\u00e1s se mantiene las bajas de <b>Alexis Zapata e Iv\u00e1n Scarpetta.<\/b><\/span><\/p>\n<p style=\"text-align: justify;\"><span style=\"font-family: helvetica, arial, sans-serif;\">En el <b>Poderoso<\/b>, regres\u00f3 a la convocatoria de Leyser Chaverra, quien estuvo ausente en los <b>\u00faltimos 9 partidos por lesi\u00f3n de aductor.<\/b><\/span><\/p>\n<p style=\"text-align: justify;\"><span style=\"font-family: helvetica, arial, sans-serif;\">Los Leones en este semestre disputaron 13 partidos como local, con un saldo de 5 victorias, 5 empates y 3 derrotas, con un rendimiento de 51,2 %.<\/span><\/p>\n<p style=\"text-align: justify;\"><span style=\"font-family: helvetica, arial, sans-serif;\">Medell\u00edn, por su parte, de <b>visitante jug\u00f3 13 partidos, con 5 triunfos, 5 empates y 3 ca\u00eddas,<\/b> y llega con un invicto en Bogot\u00e1 este semestre, tras vencer a Santa Fe y Millonarios y empatar con Equidad y Fortaleza.<\/span><\/p>\n<p style=\"text-align: justify;\"><span style=\"font-family: helvetica, arial, sans-serif;\"><b>Alineaciones probables:<\/b><\/span><\/p>\n<p style=\"text-align: justify;\"><span style=\"font-family: helvetica, arial, sans-serif;\">Santa Fe: Andr\u00e9s Mosquera Marmolejo; Elvis Perlaza, Emanuel Olivera, V\u00edctor Moreno, Christian Mafla; Daniel Torres, Yilmar Vel\u00e1squez, Ewil Murillo; Harold Santiago Mosquera, Hugo Rodallega y Omar Fern\u00e1ndez Frascica.<\/span><\/p>\n<p style=\"text-align: justify;\"><span style=\"font-family: helvetica, arial, sans-serif;\"><b>Medell\u00edn<\/b>: Washington Aguerre; Jherson Mosquera, Jos\u00e9 Ortiz, Jhon Palacios, Daniel Londo\u00f1o, Francisco Chaverra; Homer Mart\u00ednez, Baldomero Perlaza, Leyder Berr\u00edo; Brayan Le\u00f3n y Francisco Fydrizsewski.<\/span><\/p>\n<p style=\"text-align: justify;\"><span style=\"font-family: helvetica, arial, sans-serif;\">\u00c1rbitro: Diego Ulloa (VLL)\u00a0<\/span><\/p>\n","protected":false},"excerpt":{"rendered":"<p>Por duro que suene, Santa Fe y Medell\u00edn se convirtieron en los \u00faltimos a\u00f1os en los subcampeones eternos de la Liga Colombiana. Ahora buscan en este 2025 volver al triunfo y levantar el t\u00edtulo de mejor equipo del campeonato.\u00a0 Curiosamente, la final de la liga fue entre los dos \u00faltimos clasificados, pero fueron los que [&hellip;]<\/p>\n","protected":false},"author":4,"featured_media":120452,"comment_status":"open","ping_status":"open","sticky":false,"template":"","format":"standard","meta":{"_acf_changed":false,"footnotes":""},"categories":[7],"tags":[],"class_list":{"0":"post-120568","1":"post","2":"type-post","3":"status-publish","4":"format-standard","5":"has-post-thumbnail","7":"category-liga-betplay"},"acf":[],"yoast_head":"<!-- This site is optimized with the Yoast SEO plugin v26.8 - https:\/\/yoast.com\/product\/yoast-seo-wordpress\/ -->\n<title>Santa Fe y Medell\u00edn buscan dejar atr\u00e1s los subcampeonatos -<\/title>\n<meta name=\"robots\" content=\"index, follow, max-snippet:-1, max-image-preview:large, max-video-preview:-1\" \/>\n<link rel=\"canonical\" href=\"https:\/\/futbolhoy.co\/index.php\/2025\/06\/24\/santa-fe-y-medellin-buscan-dejar-atras-los-subcampeonatos\/\" \/>\n<meta property=\"og:locale\" content=\"es_ES\" \/>\n<meta property=\"og:type\" content=\"article\" \/>\n<meta property=\"og:title\" content=\"Santa Fe y Medell\u00edn buscan dejar atr\u00e1s los subcampeonatos -\" \/>\n<meta property=\"og:description\" content=\"Por duro que suene, Santa Fe y Medell\u00edn se convirtieron en los \u00faltimos a\u00f1os en los subcampeones eternos de la Liga Colombiana. Ahora buscan en este 2025 volver al triunfo y levantar el t\u00edtulo de mejor equipo del campeonato.\u00a0 Curiosamente, la final de la liga fue entre los dos \u00faltimos clasificados, pero fueron los que [&hellip;]\" \/>\n<meta property=\"og:url\" content=\"https:\/\/futbolhoy.co\/index.php\/2025\/06\/24\/santa-fe-y-medellin-buscan-dejar-atras-los-subcampeonatos\/\" \/>\n<meta property=\"article:publisher\" content=\"https:\/\/www.facebook.com\/FutbolHoyCol\/\" \/>\n<meta property=\"article:published_time\" content=\"2025-06-24T14:31:04+00:00\" \/>\n<meta property=\"article:modified_time\" content=\"2025-06-25T03:12:15+00:00\" \/>\n<meta property=\"og:image\" content=\"https:\/\/futbolhoy.co\/wp-content\/uploads\/2025\/06\/IMG_5157.jpeg\" \/>\n\t<meta property=\"og:image:width\" content=\"1179\" \/>\n\t<meta property=\"og:image:height\" content=\"757\" \/>\n\t<meta property=\"og:image:type\" content=\"image\/jpeg\" \/>\n<meta name=\"author\" content=\"contenido\" \/>\n<meta name=\"twitter:card\" content=\"summary_large_image\" \/>\n<meta name=\"twitter:creator\" content=\"@FutbolHoyCol\" \/>\n<meta name=\"twitter:site\" content=\"@FutbolHoyCol\" \/>\n<meta name=\"twitter:label1\" content=\"Escrito por\" \/>\n\t<meta name=\"twitter:data1\" content=\"contenido\" \/>\n\t<meta name=\"twitter:label2\" content=\"Tiempo de lectura\" \/>\n\t<meta name=\"twitter:data2\" content=\"2 minutos\" \/>\n<script type=\"application\/ld+json\" class=\"yoast-schema-graph\">{\"@context\":\"https:\/\/schema.org\",\"@graph\":[{\"@type\":\"Article\",\"@id\":\"https:\/\/futbolhoy.co\/index.php\/2025\/06\/24\/santa-fe-y-medellin-buscan-dejar-atras-los-subcampeonatos\/#article\",\"isPartOf\":{\"@id\":\"https:\/\/futbolhoy.co\/index.php\/2025\/06\/24\/santa-fe-y-medellin-buscan-dejar-atras-los-subcampeonatos\/\"},\"author\":{\"name\":\"contenido\",\"@id\":\"https:\/\/futbolhoy.co\/#\/schema\/person\/1721b69355b6623eaff15ac7b92d4cc3\"},\"headline\":\"Santa Fe y Medell\u00edn buscan dejar atr\u00e1s los subcampeonatos\",\"datePublished\":\"2025-06-24T14:31:04+00:00\",\"dateModified\":\"2025-06-25T03:12:15+00:00\",\"mainEntityOfPage\":{\"@id\":\"https:\/\/futbolhoy.co\/index.php\/2025\/06\/24\/santa-fe-y-medellin-buscan-dejar-atras-los-subcampeonatos\/\"},\"wordCount\":327,\"commentCount\":0,\"publisher\":{\"@id\":\"https:\/\/futbolhoy.co\/#organization\"},\"image\":{\"@id\":\"https:\/\/futbolhoy.co\/index.php\/2025\/06\/24\/santa-fe-y-medellin-buscan-dejar-atras-los-subcampeonatos\/#primaryimage\"},\"thumbnailUrl\":\"https:\/\/futbolhoy.co\/wp-content\/uploads\/2025\/06\/IMG_5157.jpeg\",\"articleSection\":[\"Liga BetPlay\"],\"inLanguage\":\"es\",\"potentialAction\":[{\"@type\":\"CommentAction\",\"name\":\"Comment\",\"target\":[\"https:\/\/futbolhoy.co\/index.php\/2025\/06\/24\/santa-fe-y-medellin-buscan-dejar-atras-los-subcampeonatos\/#respond\"]}]},{\"@type\":\"WebPage\",\"@id\":\"https:\/\/futbolhoy.co\/index.php\/2025\/06\/24\/santa-fe-y-medellin-buscan-dejar-atras-los-subcampeonatos\/\",\"url\":\"https:\/\/futbolhoy.co\/index.php\/2025\/06\/24\/santa-fe-y-medellin-buscan-dejar-atras-los-subcampeonatos\/\",\"name\":\"Santa Fe y Medell\u00edn buscan dejar atr\u00e1s los subcampeonatos -\",\"isPartOf\":{\"@id\":\"https:\/\/futbolhoy.co\/#website\"},\"primaryImageOfPage\":{\"@id\":\"https:\/\/futbolhoy.co\/index.php\/2025\/06\/24\/santa-fe-y-medellin-buscan-dejar-atras-los-subcampeonatos\/#primaryimage\"},\"image\":{\"@id\":\"https:\/\/futbolhoy.co\/index.php\/2025\/06\/24\/santa-fe-y-medellin-buscan-dejar-atras-los-subcampeonatos\/#primaryimage\"},\"thumbnailUrl\":\"https:\/\/futbolhoy.co\/wp-content\/uploads\/2025\/06\/IMG_5157.jpeg\",\"datePublished\":\"2025-06-24T14:31:04+00:00\",\"dateModified\":\"2025-06-25T03:12:15+00:00\",\"breadcrumb\":{\"@id\":\"https:\/\/futbolhoy.co\/index.php\/2025\/06\/24\/santa-fe-y-medellin-buscan-dejar-atras-los-subcampeonatos\/#breadcrumb\"},\"inLanguage\":\"es\",\"potentialAction\":[{\"@type\":\"ReadAction\",\"target\":[\"https:\/\/futbolhoy.co\/index.php\/2025\/06\/24\/santa-fe-y-medellin-buscan-dejar-atras-los-subcampeonatos\/\"]}]},{\"@type\":\"ImageObject\",\"inLanguage\":\"es\",\"@id\":\"https:\/\/futbolhoy.co\/index.php\/2025\/06\/24\/santa-fe-y-medellin-buscan-dejar-atras-los-subcampeonatos\/#primaryimage\",\"url\":\"https:\/\/futbolhoy.co\/wp-content\/uploads\/2025\/06\/IMG_5157.jpeg\",\"contentUrl\":\"https:\/\/futbolhoy.co\/wp-content\/uploads\/2025\/06\/IMG_5157.jpeg\",\"width\":1179,\"height\":757},{\"@type\":\"BreadcrumbList\",\"@id\":\"https:\/\/futbolhoy.co\/index.php\/2025\/06\/24\/santa-fe-y-medellin-buscan-dejar-atras-los-subcampeonatos\/#breadcrumb\",\"itemListElement\":[{\"@type\":\"ListItem\",\"position\":1,\"name\":\"Portada\",\"item\":\"https:\/\/futbolhoy.co\/\"},{\"@type\":\"ListItem\",\"position\":2,\"name\":\"Santa Fe y Medell\u00edn buscan dejar atr\u00e1s los subcampeonatos\"}]},{\"@type\":\"WebSite\",\"@id\":\"https:\/\/futbolhoy.co\/#website\",\"url\":\"https:\/\/futbolhoy.co\/\",\"name\":\"FutbolHoy\",\"description\":\"\",\"publisher\":{\"@id\":\"https:\/\/futbolhoy.co\/#organization\"},\"potentialAction\":[{\"@type\":\"SearchAction\",\"target\":{\"@type\":\"EntryPoint\",\"urlTemplate\":\"https:\/\/futbolhoy.co\/?s={search_term_string}\"},\"query-input\":{\"@type\":\"PropertyValueSpecification\",\"valueRequired\":true,\"valueName\":\"search_term_string\"}}],\"inLanguage\":\"es\"},{\"@type\":\"Organization\",\"@id\":\"https:\/\/futbolhoy.co\/#organization\",\"name\":\"Futbolhoy.co\",\"url\":\"https:\/\/futbolhoy.co\/\",\"logo\":{\"@type\":\"ImageObject\",\"inLanguage\":\"es\",\"@id\":\"https:\/\/futbolhoy.co\/#\/schema\/logo\/image\/\",\"url\":\"https:\/\/futbolhoy.co\/wp-content\/uploads\/2018\/08\/17426380_1906371736249227_6326180412931521141_n.jpg\",\"contentUrl\":\"https:\/\/futbolhoy.co\/wp-content\/uploads\/2018\/08\/17426380_1906371736249227_6326180412931521141_n.jpg\",\"width\":960,\"height\":960,\"caption\":\"Futbolhoy.co\"},\"image\":{\"@id\":\"https:\/\/futbolhoy.co\/#\/schema\/logo\/image\/\"},\"sameAs\":[\"https:\/\/www.facebook.com\/FutbolHoyCol\/\",\"https:\/\/x.com\/FutbolHoyCol\",\"https:\/\/www.instagram.com\/futbolhoycol\/\"]},{\"@type\":\"Person\",\"@id\":\"https:\/\/futbolhoy.co\/#\/schema\/person\/1721b69355b6623eaff15ac7b92d4cc3\",\"name\":\"contenido\",\"image\":{\"@type\":\"ImageObject\",\"inLanguage\":\"es\",\"@id\":\"https:\/\/futbolhoy.co\/#\/schema\/person\/image\/\",\"url\":\"https:\/\/secure.gravatar.com\/avatar\/4f656d3256f5134f466206e7c3941518?s=96&d=mm&r=g\",\"contentUrl\":\"https:\/\/secure.gravatar.com\/avatar\/4f656d3256f5134f466206e7c3941518?s=96&d=mm&r=g\",\"caption\":\"contenido\"}}]}<\/script>\n<!-- \/ Yoast SEO plugin. -->","yoast_head_json":{"title":"Santa Fe y Medell\u00edn buscan dejar atr\u00e1s los subcampeonatos -","robots":{"index":"index","follow":"follow","max-snippet":"max-snippet:-1","max-image-preview":"max-image-preview:large","max-video-preview":"max-video-preview:-1"},"canonical":"https:\/\/futbolhoy.co\/index.php\/2025\/06\/24\/santa-fe-y-medellin-buscan-dejar-atras-los-subcampeonatos\/","og_locale":"es_ES","og_type":"article","og_title":"Santa Fe y Medell\u00edn buscan dejar atr\u00e1s los subcampeonatos -","og_description":"Por duro que suene, Santa Fe y Medell\u00edn se convirtieron en los \u00faltimos a\u00f1os en los subcampeones eternos de la Liga Colombiana. Ahora buscan en este 2025 volver al triunfo y levantar el t\u00edtulo de mejor equipo del campeonato.\u00a0 Curiosamente, la final de la liga fue entre los dos \u00faltimos clasificados, pero fueron los que [&hellip;]","og_url":"https:\/\/futbolhoy.co\/index.php\/2025\/06\/24\/santa-fe-y-medellin-buscan-dejar-atras-los-subcampeonatos\/","article_publisher":"https:\/\/www.facebook.com\/FutbolHoyCol\/","article_published_time":"2025-06-24T14:31:04+00:00","article_modified_time":"2025-06-25T03:12:15+00:00","og_image":[{"width":1179,"height":757,"url":"https:\/\/futbolhoy.co\/wp-content\/uploads\/2025\/06\/IMG_5157.jpeg","type":"image\/jpeg"}],"author":"contenido","twitter_card":"summary_large_image","twitter_creator":"@FutbolHoyCol","twitter_site":"@FutbolHoyCol","twitter_misc":{"Escrito por":"contenido","Tiempo de lectura":"2 minutos"},"schema":{"@context":"https:\/\/schema.org","@graph":[{"@type":"Article","@id":"https:\/\/futbolhoy.co\/index.php\/2025\/06\/24\/santa-fe-y-medellin-buscan-dejar-atras-los-subcampeonatos\/#article","isPartOf":{"@id":"https:\/\/futbolhoy.co\/index.php\/2025\/06\/24\/santa-fe-y-medellin-buscan-dejar-atras-los-subcampeonatos\/"},"author":{"name":"contenido","@id":"https:\/\/futbolhoy.co\/#\/schema\/person\/1721b69355b6623eaff15ac7b92d4cc3"},"headline":"Santa Fe y Medell\u00edn buscan dejar atr\u00e1s los subcampeonatos","datePublished":"2025-06-24T14:31:04+00:00","dateModified":"2025-06-25T03:12:15+00:00","mainEntityOfPage":{"@id":"https:\/\/futbolhoy.co\/index.php\/2025\/06\/24\/santa-fe-y-medellin-buscan-dejar-atras-los-subcampeonatos\/"},"wordCount":327,"commentCount":0,"publisher":{"@id":"https:\/\/futbolhoy.co\/#organization"},"image":{"@id":"https:\/\/futbolhoy.co\/index.php\/2025\/06\/24\/santa-fe-y-medellin-buscan-dejar-atras-los-subcampeonatos\/#primaryimage"},"thumbnailUrl":"https:\/\/futbolhoy.co\/wp-content\/uploads\/2025\/06\/IMG_5157.jpeg","articleSection":["Liga BetPlay"],"inLanguage":"es","potentialAction":[{"@type":"CommentAction","name":"Comment","target":["https:\/\/futbolhoy.co\/index.php\/2025\/06\/24\/santa-fe-y-medellin-buscan-dejar-atras-los-subcampeonatos\/#respond"]}]},{"@type":"WebPage","@id":"https:\/\/futbolhoy.co\/index.php\/2025\/06\/24\/santa-fe-y-medellin-buscan-dejar-atras-los-subcampeonatos\/","url":"https:\/\/futbolhoy.co\/index.php\/2025\/06\/24\/santa-fe-y-medellin-buscan-dejar-atras-los-subcampeonatos\/","name":"Santa Fe y Medell\u00edn buscan dejar atr\u00e1s los subcampeonatos -","isPartOf":{"@id":"https:\/\/futbolhoy.co\/#website"},"primaryImageOfPage":{"@id":"https:\/\/futbolhoy.co\/index.php\/2025\/06\/24\/santa-fe-y-medellin-buscan-dejar-atras-los-subcampeonatos\/#primaryimage"},"image":{"@id":"https:\/\/futbolhoy.co\/index.php\/2025\/06\/24\/santa-fe-y-medellin-buscan-dejar-atras-los-subcampeonatos\/#primaryimage"},"thumbnailUrl":"https:\/\/futbolhoy.co\/wp-content\/uploads\/2025\/06\/IMG_5157.jpeg","datePublished":"2025-06-24T14:31:04+00:00","dateModified":"2025-06-25T03:12:15+00:00","breadcrumb":{"@id":"https:\/\/futbolhoy.co\/index.php\/2025\/06\/24\/santa-fe-y-medellin-buscan-dejar-atras-los-subcampeonatos\/#breadcrumb"},"inLanguage":"es","potentialAction":[{"@type":"ReadAction","target":["https:\/\/futbolhoy.co\/index.php\/2025\/06\/24\/santa-fe-y-medellin-buscan-dejar-atras-los-subcampeonatos\/"]}]},{"@type":"ImageObject","inLanguage":"es","@id":"https:\/\/futbolhoy.co\/index.php\/2025\/06\/24\/santa-fe-y-medellin-buscan-dejar-atras-los-subcampeonatos\/#primaryimage","url":"https:\/\/futbolhoy.co\/wp-content\/uploads\/2025\/06\/IMG_5157.jpeg","contentUrl":"https:\/\/futbolhoy.co\/wp-content\/uploads\/2025\/06\/IMG_5157.jpeg","width":1179,"height":757},{"@type":"BreadcrumbList","@id":"https:\/\/futbolhoy.co\/index.php\/2025\/06\/24\/santa-fe-y-medellin-buscan-dejar-atras-los-subcampeonatos\/#breadcrumb","itemListElement":[{"@type":"ListItem","position":1,"name":"Portada","item":"https:\/\/futbolhoy.co\/"},{"@type":"ListItem","position":2,"name":"Santa Fe y Medell\u00edn buscan dejar atr\u00e1s los subcampeonatos"}]},{"@type":"WebSite","@id":"https:\/\/futbolhoy.co\/#website","url":"https:\/\/futbolhoy.co\/","name":"FutbolHoy","description":"","publisher":{"@id":"https:\/\/futbolhoy.co\/#organization"},"potentialAction":[{"@type":"SearchAction","target":{"@type":"EntryPoint","urlTemplate":"https:\/\/futbolhoy.co\/?s={search_term_string}"},"query-input":{"@type":"PropertyValueSpecification","valueRequired":true,"valueName":"search_term_string"}}],"inLanguage":"es"},{"@type":"Organization","@id":"https:\/\/futbolhoy.co\/#organization","name":"Futbolhoy.co","url":"https:\/\/futbolhoy.co\/","logo":{"@type":"ImageObject","inLanguage":"es","@id":"https:\/\/futbolhoy.co\/#\/schema\/logo\/image\/","url":"https:\/\/futbolhoy.co\/wp-content\/uploads\/2018\/08\/17426380_1906371736249227_6326180412931521141_n.jpg","contentUrl":"https:\/\/futbolhoy.co\/wp-content\/uploads\/2018\/08\/17426380_1906371736249227_6326180412931521141_n.jpg","width":960,"height":960,"caption":"Futbolhoy.co"},"image":{"@id":"https:\/\/futbolhoy.co\/#\/schema\/logo\/image\/"},"sameAs":["https:\/\/www.facebook.com\/FutbolHoyCol\/","https:\/\/x.com\/FutbolHoyCol","https:\/\/www.instagram.com\/futbolhoycol\/"]},{"@type":"Person","@id":"https:\/\/futbolhoy.co\/#\/schema\/person\/1721b69355b6623eaff15ac7b92d4cc3","name":"contenido","image":{"@type":"ImageObject","inLanguage":"es","@id":"https:\/\/futbolhoy.co\/#\/schema\/person\/image\/","url":"https:\/\/secure.gravatar.com\/avatar\/4f656d3256f5134f466206e7c3941518?s=96&d=mm&r=g","contentUrl":"https:\/\/secure.gravatar.com\/avatar\/4f656d3256f5134f466206e7c3941518?s=96&d=mm&r=g","caption":"contenido"}}]}},"publishpress_future_action":{"enabled":false,"date":"2026-05-03 23:16:27","action":"change-status","newStatus":"draft","terms":[],"taxonomy":"category","extraData":[]},"publishpress_future_workflow_manual_trigger":{"enabledWorkflows":[]},"_links":{"self":[{"href":"https:\/\/futbolhoy.co\/index.php\/wp-json\/wp\/v2\/posts\/120568","targetHints":{"allow":["GET"]}}],"collection":[{"href":"https:\/\/futbolhoy.co\/index.php\/wp-json\/wp\/v2\/posts"}],"about":[{"href":"https:\/\/futbolhoy.co\/index.php\/wp-json\/wp\/v2\/types\/post"}],"author":[{"embeddable":true,"href":"https:\/\/futbolhoy.co\/index.php\/wp-json\/wp\/v2\/users\/4"}],"replies":[{"embeddable":true,"href":"https:\/\/futbolhoy.co\/index.php\/wp-json\/wp\/v2\/comments?post=120568"}],"version-history":[{"count":1,"href":"https:\/\/futbolhoy.co\/index.php\/wp-json\/wp\/v2\/posts\/120568\/revisions"}],"predecessor-version":[{"id":120569,"href":"https:\/\/futbolhoy.co\/index.php\/wp-json\/wp\/v2\/posts\/120568\/revisions\/120569"}],"wp:featuredmedia":[{"embeddable":true,"href":"https:\/\/futbolhoy.co\/index.php\/wp-json\/wp\/v2\/media\/120452"}],"wp:attachment":[{"href":"https:\/\/futbolhoy.co\/index.php\/wp-json\/wp\/v2\/media?parent=120568"}],"wp:term":[{"taxonomy":"category","embeddable":true,"href":"https:\/\/futbolhoy.co\/index.php\/wp-json\/wp\/v2\/categories?post=120568"},{"taxonomy":"post_tag","embeddable":true,"href":"https:\/\/futbolhoy.co\/index.php\/wp-json\/wp\/v2\/tags?post=120568"}],"curies":[{"name":"wp","href":"https:\/\/api.w.org\/{rel}","templated":true}]}}