{"id":120675,"date":"2025-06-28T20:02:13","date_gmt":"2025-06-29T01:02:13","guid":{"rendered":"https:\/\/futbolhoy.co\/?p=120675"},"modified":"2025-06-29T17:36:43","modified_gmt":"2025-06-29T22:36:43","slug":"jorge-bava-si-es-por-penales-que-sea-para-nosotros","status":"publish","type":"post","link":"https:\/\/futbolhoy.co\/index.php\/2025\/06\/28\/jorge-bava-si-es-por-penales-que-sea-para-nosotros\/","title":{"rendered":"Jorge Bava: \u201cSi es por penales, que sea para nosotros\u201d"},"content":{"rendered":"<p style=\"text-align: justify;\"><span style=\"font-family: helvetica, arial, sans-serif;\"><strong>Jorge Bava,<\/strong> t\u00e9cnico de<strong> Santa Fe,<\/strong> habl\u00f3 en rueda de prensa sobre la final vuelta de la <strong>Liga BetPlay,<\/strong> ante <strong>Medell\u00edn<\/strong> en el <strong>Atanasio.<\/strong> <\/span><\/p>\n<p style=\"text-align: justify;\"><span style=\"font-family: helvetica, arial, sans-serif;\">Asegur\u00f3 que se entrenaron los penales y que si se llega a esa instancia, espera se les d\u00e9 el t\u00edtulo. Del mismo modo, manifest\u00f3 que ser\u00e1 un duelo disputado y dif\u00edcil.<\/span><\/p>\n<p style=\"text-align: justify;\"><span style=\"font-family: helvetica, arial, sans-serif;\">\u201cEn caso de que se resuelva as\u00ed, esperamos que sea para nosotros. Entrenamos todas las posibilidades que puedan surgir en un partido. Es imposible llevarlo a una situaci\u00f3n real, pero tratamos de trabajar esas situaciones\u201d, dijo.<\/span><\/p>\n<p style=\"text-align: justify;\"><span style=\"font-family: helvetica, arial, sans-serif;\">\u201cNos vamos a basar en lo que pas\u00f3 el otro d\u00eda (en la ida) para mejorar. Hay que ser cautelosos. Fueron pocos d\u00edas de trabajo, pero muy buenos. Va a ser un partido disputado y dif\u00edcil, como el primero, m\u00e1s teniendo en cuenta que es la final decisiva. Trataremos de aprovechar nuestros momentos y minimizar los momentos del rival\u201d, a\u00f1adi\u00f3 sobre lo que espera del juego.<\/span><\/p>\n","protected":false},"excerpt":{"rendered":"<p>Jorge Bava, t\u00e9cnico de Santa Fe, habl\u00f3 en rueda de prensa sobre la final vuelta de la Liga BetPlay, ante Medell\u00edn en el Atanasio. Asegur\u00f3 que se entrenaron los penales y que si se llega a esa instancia, espera se les d\u00e9 el t\u00edtulo. Del mismo modo, manifest\u00f3 que ser\u00e1 un duelo disputado y dif\u00edcil. [&hellip;]<\/p>\n","protected":false},"author":4,"featured_media":120676,"comment_status":"open","ping_status":"open","sticky":false,"template":"","format":"standard","meta":{"_acf_changed":false,"footnotes":""},"categories":[7],"tags":[],"class_list":{"0":"post-120675","1":"post","2":"type-post","3":"status-publish","4":"format-standard","5":"has-post-thumbnail","7":"category-liga-betplay"},"acf":[],"yoast_head":"<!-- This site is optimized with the Yoast SEO plugin v26.8 - https:\/\/yoast.com\/product\/yoast-seo-wordpress\/ -->\n<title>Jorge Bava: \u201cSi es por penales, que sea para nosotros\u201d -<\/title>\n<meta name=\"robots\" content=\"index, follow, max-snippet:-1, max-image-preview:large, max-video-preview:-1\" \/>\n<link rel=\"canonical\" href=\"https:\/\/futbolhoy.co\/index.php\/2025\/06\/28\/jorge-bava-si-es-por-penales-que-sea-para-nosotros\/\" \/>\n<meta property=\"og:locale\" content=\"es_ES\" \/>\n<meta property=\"og:type\" content=\"article\" \/>\n<meta property=\"og:title\" content=\"Jorge Bava: \u201cSi es por penales, que sea para nosotros\u201d -\" \/>\n<meta property=\"og:description\" content=\"Jorge Bava, t\u00e9cnico de Santa Fe, habl\u00f3 en rueda de prensa sobre la final vuelta de la Liga BetPlay, ante Medell\u00edn en el Atanasio. Asegur\u00f3 que se entrenaron los penales y que si se llega a esa instancia, espera se les d\u00e9 el t\u00edtulo. Del mismo modo, manifest\u00f3 que ser\u00e1 un duelo disputado y dif\u00edcil. [&hellip;]\" \/>\n<meta property=\"og:url\" content=\"https:\/\/futbolhoy.co\/index.php\/2025\/06\/28\/jorge-bava-si-es-por-penales-que-sea-para-nosotros\/\" \/>\n<meta property=\"article:publisher\" content=\"https:\/\/www.facebook.com\/FutbolHoyCol\/\" \/>\n<meta property=\"article:published_time\" content=\"2025-06-29T01:02:13+00:00\" \/>\n<meta property=\"article:modified_time\" content=\"2025-06-29T22:36:43+00:00\" \/>\n<meta property=\"og:image\" content=\"https:\/\/futbolhoy.co\/wp-content\/uploads\/2025\/06\/Gui4WlSW0AEeY8O.jpg\" \/>\n\t<meta property=\"og:image:width\" content=\"1498\" \/>\n\t<meta property=\"og:image:height\" content=\"999\" \/>\n\t<meta property=\"og:image:type\" content=\"image\/jpeg\" \/>\n<meta name=\"author\" content=\"contenido\" \/>\n<meta name=\"twitter:card\" content=\"summary_large_image\" \/>\n<meta name=\"twitter:creator\" content=\"@FutbolHoyCol\" \/>\n<meta name=\"twitter:site\" content=\"@FutbolHoyCol\" \/>\n<meta name=\"twitter:label1\" content=\"Escrito por\" \/>\n\t<meta name=\"twitter:data1\" content=\"contenido\" \/>\n\t<meta name=\"twitter:label2\" content=\"Tiempo de lectura\" \/>\n\t<meta name=\"twitter:data2\" content=\"1 minuto\" \/>\n<script type=\"application\/ld+json\" class=\"yoast-schema-graph\">{\"@context\":\"https:\/\/schema.org\",\"@graph\":[{\"@type\":\"Article\",\"@id\":\"https:\/\/futbolhoy.co\/index.php\/2025\/06\/28\/jorge-bava-si-es-por-penales-que-sea-para-nosotros\/#article\",\"isPartOf\":{\"@id\":\"https:\/\/futbolhoy.co\/index.php\/2025\/06\/28\/jorge-bava-si-es-por-penales-que-sea-para-nosotros\/\"},\"author\":{\"name\":\"contenido\",\"@id\":\"https:\/\/futbolhoy.co\/#\/schema\/person\/1721b69355b6623eaff15ac7b92d4cc3\"},\"headline\":\"Jorge Bava: \u201cSi es por penales, que sea para nosotros\u201d\",\"datePublished\":\"2025-06-29T01:02:13+00:00\",\"dateModified\":\"2025-06-29T22:36:43+00:00\",\"mainEntityOfPage\":{\"@id\":\"https:\/\/futbolhoy.co\/index.php\/2025\/06\/28\/jorge-bava-si-es-por-penales-que-sea-para-nosotros\/\"},\"wordCount\":177,\"commentCount\":0,\"publisher\":{\"@id\":\"https:\/\/futbolhoy.co\/#organization\"},\"image\":{\"@id\":\"https:\/\/futbolhoy.co\/index.php\/2025\/06\/28\/jorge-bava-si-es-por-penales-que-sea-para-nosotros\/#primaryimage\"},\"thumbnailUrl\":\"https:\/\/futbolhoy.co\/wp-content\/uploads\/2025\/06\/Gui4WlSW0AEeY8O.jpg\",\"articleSection\":[\"Liga BetPlay\"],\"inLanguage\":\"es\",\"potentialAction\":[{\"@type\":\"CommentAction\",\"name\":\"Comment\",\"target\":[\"https:\/\/futbolhoy.co\/index.php\/2025\/06\/28\/jorge-bava-si-es-por-penales-que-sea-para-nosotros\/#respond\"]}]},{\"@type\":\"WebPage\",\"@id\":\"https:\/\/futbolhoy.co\/index.php\/2025\/06\/28\/jorge-bava-si-es-por-penales-que-sea-para-nosotros\/\",\"url\":\"https:\/\/futbolhoy.co\/index.php\/2025\/06\/28\/jorge-bava-si-es-por-penales-que-sea-para-nosotros\/\",\"name\":\"Jorge Bava: \u201cSi es por penales, que sea para nosotros\u201d -\",\"isPartOf\":{\"@id\":\"https:\/\/futbolhoy.co\/#website\"},\"primaryImageOfPage\":{\"@id\":\"https:\/\/futbolhoy.co\/index.php\/2025\/06\/28\/jorge-bava-si-es-por-penales-que-sea-para-nosotros\/#primaryimage\"},\"image\":{\"@id\":\"https:\/\/futbolhoy.co\/index.php\/2025\/06\/28\/jorge-bava-si-es-por-penales-que-sea-para-nosotros\/#primaryimage\"},\"thumbnailUrl\":\"https:\/\/futbolhoy.co\/wp-content\/uploads\/2025\/06\/Gui4WlSW0AEeY8O.jpg\",\"datePublished\":\"2025-06-29T01:02:13+00:00\",\"dateModified\":\"2025-06-29T22:36:43+00:00\",\"breadcrumb\":{\"@id\":\"https:\/\/futbolhoy.co\/index.php\/2025\/06\/28\/jorge-bava-si-es-por-penales-que-sea-para-nosotros\/#breadcrumb\"},\"inLanguage\":\"es\",\"potentialAction\":[{\"@type\":\"ReadAction\",\"target\":[\"https:\/\/futbolhoy.co\/index.php\/2025\/06\/28\/jorge-bava-si-es-por-penales-que-sea-para-nosotros\/\"]}]},{\"@type\":\"ImageObject\",\"inLanguage\":\"es\",\"@id\":\"https:\/\/futbolhoy.co\/index.php\/2025\/06\/28\/jorge-bava-si-es-por-penales-que-sea-para-nosotros\/#primaryimage\",\"url\":\"https:\/\/futbolhoy.co\/wp-content\/uploads\/2025\/06\/Gui4WlSW0AEeY8O.jpg\",\"contentUrl\":\"https:\/\/futbolhoy.co\/wp-content\/uploads\/2025\/06\/Gui4WlSW0AEeY8O.jpg\",\"width\":1498,\"height\":999},{\"@type\":\"BreadcrumbList\",\"@id\":\"https:\/\/futbolhoy.co\/index.php\/2025\/06\/28\/jorge-bava-si-es-por-penales-que-sea-para-nosotros\/#breadcrumb\",\"itemListElement\":[{\"@type\":\"ListItem\",\"position\":1,\"name\":\"Portada\",\"item\":\"https:\/\/futbolhoy.co\/\"},{\"@type\":\"ListItem\",\"position\":2,\"name\":\"Jorge Bava: \u201cSi es por penales, que sea para nosotros\u201d\"}]},{\"@type\":\"WebSite\",\"@id\":\"https:\/\/futbolhoy.co\/#website\",\"url\":\"https:\/\/futbolhoy.co\/\",\"name\":\"FutbolHoy\",\"description\":\"\",\"publisher\":{\"@id\":\"https:\/\/futbolhoy.co\/#organization\"},\"potentialAction\":[{\"@type\":\"SearchAction\",\"target\":{\"@type\":\"EntryPoint\",\"urlTemplate\":\"https:\/\/futbolhoy.co\/?s={search_term_string}\"},\"query-input\":{\"@type\":\"PropertyValueSpecification\",\"valueRequired\":true,\"valueName\":\"search_term_string\"}}],\"inLanguage\":\"es\"},{\"@type\":\"Organization\",\"@id\":\"https:\/\/futbolhoy.co\/#organization\",\"name\":\"Futbolhoy.co\",\"url\":\"https:\/\/futbolhoy.co\/\",\"logo\":{\"@type\":\"ImageObject\",\"inLanguage\":\"es\",\"@id\":\"https:\/\/futbolhoy.co\/#\/schema\/logo\/image\/\",\"url\":\"https:\/\/futbolhoy.co\/wp-content\/uploads\/2018\/08\/17426380_1906371736249227_6326180412931521141_n.jpg\",\"contentUrl\":\"https:\/\/futbolhoy.co\/wp-content\/uploads\/2018\/08\/17426380_1906371736249227_6326180412931521141_n.jpg\",\"width\":960,\"height\":960,\"caption\":\"Futbolhoy.co\"},\"image\":{\"@id\":\"https:\/\/futbolhoy.co\/#\/schema\/logo\/image\/\"},\"sameAs\":[\"https:\/\/www.facebook.com\/FutbolHoyCol\/\",\"https:\/\/x.com\/FutbolHoyCol\",\"https:\/\/www.instagram.com\/futbolhoycol\/\"]},{\"@type\":\"Person\",\"@id\":\"https:\/\/futbolhoy.co\/#\/schema\/person\/1721b69355b6623eaff15ac7b92d4cc3\",\"name\":\"contenido\",\"image\":{\"@type\":\"ImageObject\",\"inLanguage\":\"es\",\"@id\":\"https:\/\/futbolhoy.co\/#\/schema\/person\/image\/\",\"url\":\"https:\/\/secure.gravatar.com\/avatar\/4f656d3256f5134f466206e7c3941518?s=96&d=mm&r=g\",\"contentUrl\":\"https:\/\/secure.gravatar.com\/avatar\/4f656d3256f5134f466206e7c3941518?s=96&d=mm&r=g\",\"caption\":\"contenido\"}}]}<\/script>\n<!-- \/ Yoast SEO plugin. -->","yoast_head_json":{"title":"Jorge Bava: \u201cSi es por penales, que sea para nosotros\u201d -","robots":{"index":"index","follow":"follow","max-snippet":"max-snippet:-1","max-image-preview":"max-image-preview:large","max-video-preview":"max-video-preview:-1"},"canonical":"https:\/\/futbolhoy.co\/index.php\/2025\/06\/28\/jorge-bava-si-es-por-penales-que-sea-para-nosotros\/","og_locale":"es_ES","og_type":"article","og_title":"Jorge Bava: \u201cSi es por penales, que sea para nosotros\u201d -","og_description":"Jorge Bava, t\u00e9cnico de Santa Fe, habl\u00f3 en rueda de prensa sobre la final vuelta de la Liga BetPlay, ante Medell\u00edn en el Atanasio. Asegur\u00f3 que se entrenaron los penales y que si se llega a esa instancia, espera se les d\u00e9 el t\u00edtulo. Del mismo modo, manifest\u00f3 que ser\u00e1 un duelo disputado y dif\u00edcil. [&hellip;]","og_url":"https:\/\/futbolhoy.co\/index.php\/2025\/06\/28\/jorge-bava-si-es-por-penales-que-sea-para-nosotros\/","article_publisher":"https:\/\/www.facebook.com\/FutbolHoyCol\/","article_published_time":"2025-06-29T01:02:13+00:00","article_modified_time":"2025-06-29T22:36:43+00:00","og_image":[{"width":1498,"height":999,"url":"https:\/\/futbolhoy.co\/wp-content\/uploads\/2025\/06\/Gui4WlSW0AEeY8O.jpg","type":"image\/jpeg"}],"author":"contenido","twitter_card":"summary_large_image","twitter_creator":"@FutbolHoyCol","twitter_site":"@FutbolHoyCol","twitter_misc":{"Escrito por":"contenido","Tiempo de lectura":"1 minuto"},"schema":{"@context":"https:\/\/schema.org","@graph":[{"@type":"Article","@id":"https:\/\/futbolhoy.co\/index.php\/2025\/06\/28\/jorge-bava-si-es-por-penales-que-sea-para-nosotros\/#article","isPartOf":{"@id":"https:\/\/futbolhoy.co\/index.php\/2025\/06\/28\/jorge-bava-si-es-por-penales-que-sea-para-nosotros\/"},"author":{"name":"contenido","@id":"https:\/\/futbolhoy.co\/#\/schema\/person\/1721b69355b6623eaff15ac7b92d4cc3"},"headline":"Jorge Bava: \u201cSi es por penales, que sea para nosotros\u201d","datePublished":"2025-06-29T01:02:13+00:00","dateModified":"2025-06-29T22:36:43+00:00","mainEntityOfPage":{"@id":"https:\/\/futbolhoy.co\/index.php\/2025\/06\/28\/jorge-bava-si-es-por-penales-que-sea-para-nosotros\/"},"wordCount":177,"commentCount":0,"publisher":{"@id":"https:\/\/futbolhoy.co\/#organization"},"image":{"@id":"https:\/\/futbolhoy.co\/index.php\/2025\/06\/28\/jorge-bava-si-es-por-penales-que-sea-para-nosotros\/#primaryimage"},"thumbnailUrl":"https:\/\/futbolhoy.co\/wp-content\/uploads\/2025\/06\/Gui4WlSW0AEeY8O.jpg","articleSection":["Liga BetPlay"],"inLanguage":"es","potentialAction":[{"@type":"CommentAction","name":"Comment","target":["https:\/\/futbolhoy.co\/index.php\/2025\/06\/28\/jorge-bava-si-es-por-penales-que-sea-para-nosotros\/#respond"]}]},{"@type":"WebPage","@id":"https:\/\/futbolhoy.co\/index.php\/2025\/06\/28\/jorge-bava-si-es-por-penales-que-sea-para-nosotros\/","url":"https:\/\/futbolhoy.co\/index.php\/2025\/06\/28\/jorge-bava-si-es-por-penales-que-sea-para-nosotros\/","name":"Jorge Bava: \u201cSi es por penales, que sea para nosotros\u201d -","isPartOf":{"@id":"https:\/\/futbolhoy.co\/#website"},"primaryImageOfPage":{"@id":"https:\/\/futbolhoy.co\/index.php\/2025\/06\/28\/jorge-bava-si-es-por-penales-que-sea-para-nosotros\/#primaryimage"},"image":{"@id":"https:\/\/futbolhoy.co\/index.php\/2025\/06\/28\/jorge-bava-si-es-por-penales-que-sea-para-nosotros\/#primaryimage"},"thumbnailUrl":"https:\/\/futbolhoy.co\/wp-content\/uploads\/2025\/06\/Gui4WlSW0AEeY8O.jpg","datePublished":"2025-06-29T01:02:13+00:00","dateModified":"2025-06-29T22:36:43+00:00","breadcrumb":{"@id":"https:\/\/futbolhoy.co\/index.php\/2025\/06\/28\/jorge-bava-si-es-por-penales-que-sea-para-nosotros\/#breadcrumb"},"inLanguage":"es","potentialAction":[{"@type":"ReadAction","target":["https:\/\/futbolhoy.co\/index.php\/2025\/06\/28\/jorge-bava-si-es-por-penales-que-sea-para-nosotros\/"]}]},{"@type":"ImageObject","inLanguage":"es","@id":"https:\/\/futbolhoy.co\/index.php\/2025\/06\/28\/jorge-bava-si-es-por-penales-que-sea-para-nosotros\/#primaryimage","url":"https:\/\/futbolhoy.co\/wp-content\/uploads\/2025\/06\/Gui4WlSW0AEeY8O.jpg","contentUrl":"https:\/\/futbolhoy.co\/wp-content\/uploads\/2025\/06\/Gui4WlSW0AEeY8O.jpg","width":1498,"height":999},{"@type":"BreadcrumbList","@id":"https:\/\/futbolhoy.co\/index.php\/2025\/06\/28\/jorge-bava-si-es-por-penales-que-sea-para-nosotros\/#breadcrumb","itemListElement":[{"@type":"ListItem","position":1,"name":"Portada","item":"https:\/\/futbolhoy.co\/"},{"@type":"ListItem","position":2,"name":"Jorge Bava: \u201cSi es por penales, que sea para nosotros\u201d"}]},{"@type":"WebSite","@id":"https:\/\/futbolhoy.co\/#website","url":"https:\/\/futbolhoy.co\/","name":"FutbolHoy","description":"","publisher":{"@id":"https:\/\/futbolhoy.co\/#organization"},"potentialAction":[{"@type":"SearchAction","target":{"@type":"EntryPoint","urlTemplate":"https:\/\/futbolhoy.co\/?s={search_term_string}"},"query-input":{"@type":"PropertyValueSpecification","valueRequired":true,"valueName":"search_term_string"}}],"inLanguage":"es"},{"@type":"Organization","@id":"https:\/\/futbolhoy.co\/#organization","name":"Futbolhoy.co","url":"https:\/\/futbolhoy.co\/","logo":{"@type":"ImageObject","inLanguage":"es","@id":"https:\/\/futbolhoy.co\/#\/schema\/logo\/image\/","url":"https:\/\/futbolhoy.co\/wp-content\/uploads\/2018\/08\/17426380_1906371736249227_6326180412931521141_n.jpg","contentUrl":"https:\/\/futbolhoy.co\/wp-content\/uploads\/2018\/08\/17426380_1906371736249227_6326180412931521141_n.jpg","width":960,"height":960,"caption":"Futbolhoy.co"},"image":{"@id":"https:\/\/futbolhoy.co\/#\/schema\/logo\/image\/"},"sameAs":["https:\/\/www.facebook.com\/FutbolHoyCol\/","https:\/\/x.com\/FutbolHoyCol","https:\/\/www.instagram.com\/futbolhoycol\/"]},{"@type":"Person","@id":"https:\/\/futbolhoy.co\/#\/schema\/person\/1721b69355b6623eaff15ac7b92d4cc3","name":"contenido","image":{"@type":"ImageObject","inLanguage":"es","@id":"https:\/\/futbolhoy.co\/#\/schema\/person\/image\/","url":"https:\/\/secure.gravatar.com\/avatar\/4f656d3256f5134f466206e7c3941518?s=96&d=mm&r=g","contentUrl":"https:\/\/secure.gravatar.com\/avatar\/4f656d3256f5134f466206e7c3941518?s=96&d=mm&r=g","caption":"contenido"}}]}},"publishpress_future_action":{"enabled":false,"date":"2026-05-06 03:13:28","action":"change-status","newStatus":"draft","terms":[],"taxonomy":"category","extraData":[]},"publishpress_future_workflow_manual_trigger":{"enabledWorkflows":[]},"_links":{"self":[{"href":"https:\/\/futbolhoy.co\/index.php\/wp-json\/wp\/v2\/posts\/120675","targetHints":{"allow":["GET"]}}],"collection":[{"href":"https:\/\/futbolhoy.co\/index.php\/wp-json\/wp\/v2\/posts"}],"about":[{"href":"https:\/\/futbolhoy.co\/index.php\/wp-json\/wp\/v2\/types\/post"}],"author":[{"embeddable":true,"href":"https:\/\/futbolhoy.co\/index.php\/wp-json\/wp\/v2\/users\/4"}],"replies":[{"embeddable":true,"href":"https:\/\/futbolhoy.co\/index.php\/wp-json\/wp\/v2\/comments?post=120675"}],"version-history":[{"count":1,"href":"https:\/\/futbolhoy.co\/index.php\/wp-json\/wp\/v2\/posts\/120675\/revisions"}],"predecessor-version":[{"id":120677,"href":"https:\/\/futbolhoy.co\/index.php\/wp-json\/wp\/v2\/posts\/120675\/revisions\/120677"}],"wp:featuredmedia":[{"embeddable":true,"href":"https:\/\/futbolhoy.co\/index.php\/wp-json\/wp\/v2\/media\/120676"}],"wp:attachment":[{"href":"https:\/\/futbolhoy.co\/index.php\/wp-json\/wp\/v2\/media?parent=120675"}],"wp:term":[{"taxonomy":"category","embeddable":true,"href":"https:\/\/futbolhoy.co\/index.php\/wp-json\/wp\/v2\/categories?post=120675"},{"taxonomy":"post_tag","embeddable":true,"href":"https:\/\/futbolhoy.co\/index.php\/wp-json\/wp\/v2\/tags?post=120675"}],"curies":[{"name":"wp","href":"https:\/\/api.w.org\/{rel}","templated":true}]}}