{"id":120679,"date":"2025-06-28T20:42:24","date_gmt":"2025-06-29T01:42:24","guid":{"rendered":"https:\/\/futbolhoy.co\/?p=120679"},"modified":"2025-06-29T20:28:52","modified_gmt":"2025-06-30T01:28:52","slug":"alejandro-restrepo-las-estadisticas-estan-para-romperse","status":"publish","type":"post","link":"https:\/\/futbolhoy.co\/index.php\/2025\/06\/28\/alejandro-restrepo-las-estadisticas-estan-para-romperse\/","title":{"rendered":"Alejandro Restrepo: \u201cLas estad\u00edsticas est\u00e1n para romperse\u201d"},"content":{"rendered":"<p style=\"text-align: justify;\"><span style=\"font-family: helvetica, arial, sans-serif;\">El entrenador de <strong>Independiente Medell\u00edn, Alejandro Restrepo<\/strong>, habl\u00f3 en la rueda de prensa previa de la gran final de la <strong>Liga BetPlay<\/strong> ante <strong>Santa Fe.<\/strong><\/span><\/p>\n<p style=\"text-align: justify;\"><span style=\"font-family: helvetica, arial, sans-serif;\">Destac\u00f3 el hecho de que el grupo de jugadores no piensa en las estad\u00edsticas adversas de las \u00faltimas finales. Asimismo, resalt\u00f3 que si bien cierran de local, no hay favoritos.<\/span><\/p>\n<p style=\"text-align: justify;\"><span style=\"font-family: helvetica, arial, sans-serif;\">\u201cLo dije en la rueda de prensa del partido de ida, para m\u00ed no hay favoritos. La distancia en la tabla fue de uno o dos puntos, hay mucho respeto por el rival, sabemos de nuestras capacidades, de nuestra manera de jugar. Esperemos que con ese marco que hay y que con la energ\u00eda de nuestra gente sea un impulso para llevarnos la estrella\u201d, dijo.<\/span><\/p>\n<p style=\"text-align: justify;\"><span style=\"font-family: helvetica, arial, sans-serif;\">\u201cEn la primera rueda de prensa, cuando me presentaron dije que el partido m\u00e1s importante siempre es el que viene. Es el partido m\u00e1s importante del club en el \u00faltimo a\u00f1o y medio porque hace a\u00f1o y medio estaba viviendo tambi\u00e9n una final\u201d, agreg\u00f3.<\/span><\/p>\n","protected":false},"excerpt":{"rendered":"<p>El entrenador de Independiente Medell\u00edn, Alejandro Restrepo, habl\u00f3 en la rueda de prensa previa de la gran final de la Liga BetPlay ante Santa Fe. Destac\u00f3 el hecho de que el grupo de jugadores no piensa en las estad\u00edsticas adversas de las \u00faltimas finales. Asimismo, resalt\u00f3 que si bien cierran de local, no hay favoritos. [&hellip;]<\/p>\n","protected":false},"author":4,"featured_media":120680,"comment_status":"open","ping_status":"open","sticky":false,"template":"","format":"standard","meta":{"_acf_changed":false,"footnotes":""},"categories":[7],"tags":[],"class_list":{"0":"post-120679","1":"post","2":"type-post","3":"status-publish","4":"format-standard","5":"has-post-thumbnail","7":"category-liga-betplay"},"acf":[],"yoast_head":"<!-- This site is optimized with the Yoast SEO plugin v26.8 - https:\/\/yoast.com\/product\/yoast-seo-wordpress\/ -->\n<title>Alejandro Restrepo: \u201cLas estad\u00edsticas est\u00e1n para romperse\u201d -<\/title>\n<meta name=\"robots\" content=\"index, follow, max-snippet:-1, max-image-preview:large, max-video-preview:-1\" \/>\n<link rel=\"canonical\" href=\"https:\/\/futbolhoy.co\/index.php\/2025\/06\/28\/alejandro-restrepo-las-estadisticas-estan-para-romperse\/\" \/>\n<meta property=\"og:locale\" content=\"es_ES\" \/>\n<meta property=\"og:type\" content=\"article\" \/>\n<meta property=\"og:title\" content=\"Alejandro Restrepo: \u201cLas estad\u00edsticas est\u00e1n para romperse\u201d -\" \/>\n<meta property=\"og:description\" content=\"El entrenador de Independiente Medell\u00edn, Alejandro Restrepo, habl\u00f3 en la rueda de prensa previa de la gran final de la Liga BetPlay ante Santa Fe. Destac\u00f3 el hecho de que el grupo de jugadores no piensa en las estad\u00edsticas adversas de las \u00faltimas finales. Asimismo, resalt\u00f3 que si bien cierran de local, no hay favoritos. [&hellip;]\" \/>\n<meta property=\"og:url\" content=\"https:\/\/futbolhoy.co\/index.php\/2025\/06\/28\/alejandro-restrepo-las-estadisticas-estan-para-romperse\/\" \/>\n<meta property=\"article:publisher\" content=\"https:\/\/www.facebook.com\/FutbolHoyCol\/\" \/>\n<meta property=\"article:published_time\" content=\"2025-06-29T01:42:24+00:00\" \/>\n<meta property=\"article:modified_time\" content=\"2025-06-30T01:28:52+00:00\" \/>\n<meta property=\"og:image\" content=\"https:\/\/futbolhoy.co\/wp-content\/uploads\/2025\/06\/Restrepo-Final.png\" \/>\n\t<meta property=\"og:image:width\" content=\"814\" \/>\n\t<meta property=\"og:image:height\" content=\"556\" \/>\n\t<meta property=\"og:image:type\" content=\"image\/png\" \/>\n<meta name=\"author\" content=\"contenido\" \/>\n<meta name=\"twitter:card\" content=\"summary_large_image\" \/>\n<meta name=\"twitter:creator\" content=\"@FutbolHoyCol\" \/>\n<meta name=\"twitter:site\" content=\"@FutbolHoyCol\" \/>\n<meta name=\"twitter:label1\" content=\"Escrito por\" \/>\n\t<meta name=\"twitter:data1\" content=\"contenido\" \/>\n\t<meta name=\"twitter:label2\" content=\"Tiempo de lectura\" \/>\n\t<meta name=\"twitter:data2\" content=\"1 minuto\" \/>\n<script type=\"application\/ld+json\" class=\"yoast-schema-graph\">{\"@context\":\"https:\/\/schema.org\",\"@graph\":[{\"@type\":\"Article\",\"@id\":\"https:\/\/futbolhoy.co\/index.php\/2025\/06\/28\/alejandro-restrepo-las-estadisticas-estan-para-romperse\/#article\",\"isPartOf\":{\"@id\":\"https:\/\/futbolhoy.co\/index.php\/2025\/06\/28\/alejandro-restrepo-las-estadisticas-estan-para-romperse\/\"},\"author\":{\"name\":\"contenido\",\"@id\":\"https:\/\/futbolhoy.co\/#\/schema\/person\/1721b69355b6623eaff15ac7b92d4cc3\"},\"headline\":\"Alejandro Restrepo: \u201cLas estad\u00edsticas est\u00e1n para romperse\u201d\",\"datePublished\":\"2025-06-29T01:42:24+00:00\",\"dateModified\":\"2025-06-30T01:28:52+00:00\",\"mainEntityOfPage\":{\"@id\":\"https:\/\/futbolhoy.co\/index.php\/2025\/06\/28\/alejandro-restrepo-las-estadisticas-estan-para-romperse\/\"},\"wordCount\":181,\"commentCount\":0,\"publisher\":{\"@id\":\"https:\/\/futbolhoy.co\/#organization\"},\"image\":{\"@id\":\"https:\/\/futbolhoy.co\/index.php\/2025\/06\/28\/alejandro-restrepo-las-estadisticas-estan-para-romperse\/#primaryimage\"},\"thumbnailUrl\":\"https:\/\/futbolhoy.co\/wp-content\/uploads\/2025\/06\/Restrepo-Final.png\",\"articleSection\":[\"Liga BetPlay\"],\"inLanguage\":\"es\",\"potentialAction\":[{\"@type\":\"CommentAction\",\"name\":\"Comment\",\"target\":[\"https:\/\/futbolhoy.co\/index.php\/2025\/06\/28\/alejandro-restrepo-las-estadisticas-estan-para-romperse\/#respond\"]}]},{\"@type\":\"WebPage\",\"@id\":\"https:\/\/futbolhoy.co\/index.php\/2025\/06\/28\/alejandro-restrepo-las-estadisticas-estan-para-romperse\/\",\"url\":\"https:\/\/futbolhoy.co\/index.php\/2025\/06\/28\/alejandro-restrepo-las-estadisticas-estan-para-romperse\/\",\"name\":\"Alejandro Restrepo: \u201cLas estad\u00edsticas est\u00e1n para romperse\u201d -\",\"isPartOf\":{\"@id\":\"https:\/\/futbolhoy.co\/#website\"},\"primaryImageOfPage\":{\"@id\":\"https:\/\/futbolhoy.co\/index.php\/2025\/06\/28\/alejandro-restrepo-las-estadisticas-estan-para-romperse\/#primaryimage\"},\"image\":{\"@id\":\"https:\/\/futbolhoy.co\/index.php\/2025\/06\/28\/alejandro-restrepo-las-estadisticas-estan-para-romperse\/#primaryimage\"},\"thumbnailUrl\":\"https:\/\/futbolhoy.co\/wp-content\/uploads\/2025\/06\/Restrepo-Final.png\",\"datePublished\":\"2025-06-29T01:42:24+00:00\",\"dateModified\":\"2025-06-30T01:28:52+00:00\",\"breadcrumb\":{\"@id\":\"https:\/\/futbolhoy.co\/index.php\/2025\/06\/28\/alejandro-restrepo-las-estadisticas-estan-para-romperse\/#breadcrumb\"},\"inLanguage\":\"es\",\"potentialAction\":[{\"@type\":\"ReadAction\",\"target\":[\"https:\/\/futbolhoy.co\/index.php\/2025\/06\/28\/alejandro-restrepo-las-estadisticas-estan-para-romperse\/\"]}]},{\"@type\":\"ImageObject\",\"inLanguage\":\"es\",\"@id\":\"https:\/\/futbolhoy.co\/index.php\/2025\/06\/28\/alejandro-restrepo-las-estadisticas-estan-para-romperse\/#primaryimage\",\"url\":\"https:\/\/futbolhoy.co\/wp-content\/uploads\/2025\/06\/Restrepo-Final.png\",\"contentUrl\":\"https:\/\/futbolhoy.co\/wp-content\/uploads\/2025\/06\/Restrepo-Final.png\",\"width\":814,\"height\":556},{\"@type\":\"BreadcrumbList\",\"@id\":\"https:\/\/futbolhoy.co\/index.php\/2025\/06\/28\/alejandro-restrepo-las-estadisticas-estan-para-romperse\/#breadcrumb\",\"itemListElement\":[{\"@type\":\"ListItem\",\"position\":1,\"name\":\"Portada\",\"item\":\"https:\/\/futbolhoy.co\/\"},{\"@type\":\"ListItem\",\"position\":2,\"name\":\"Alejandro Restrepo: \u201cLas estad\u00edsticas est\u00e1n para romperse\u201d\"}]},{\"@type\":\"WebSite\",\"@id\":\"https:\/\/futbolhoy.co\/#website\",\"url\":\"https:\/\/futbolhoy.co\/\",\"name\":\"FutbolHoy\",\"description\":\"\",\"publisher\":{\"@id\":\"https:\/\/futbolhoy.co\/#organization\"},\"potentialAction\":[{\"@type\":\"SearchAction\",\"target\":{\"@type\":\"EntryPoint\",\"urlTemplate\":\"https:\/\/futbolhoy.co\/?s={search_term_string}\"},\"query-input\":{\"@type\":\"PropertyValueSpecification\",\"valueRequired\":true,\"valueName\":\"search_term_string\"}}],\"inLanguage\":\"es\"},{\"@type\":\"Organization\",\"@id\":\"https:\/\/futbolhoy.co\/#organization\",\"name\":\"Futbolhoy.co\",\"url\":\"https:\/\/futbolhoy.co\/\",\"logo\":{\"@type\":\"ImageObject\",\"inLanguage\":\"es\",\"@id\":\"https:\/\/futbolhoy.co\/#\/schema\/logo\/image\/\",\"url\":\"https:\/\/futbolhoy.co\/wp-content\/uploads\/2018\/08\/17426380_1906371736249227_6326180412931521141_n.jpg\",\"contentUrl\":\"https:\/\/futbolhoy.co\/wp-content\/uploads\/2018\/08\/17426380_1906371736249227_6326180412931521141_n.jpg\",\"width\":960,\"height\":960,\"caption\":\"Futbolhoy.co\"},\"image\":{\"@id\":\"https:\/\/futbolhoy.co\/#\/schema\/logo\/image\/\"},\"sameAs\":[\"https:\/\/www.facebook.com\/FutbolHoyCol\/\",\"https:\/\/x.com\/FutbolHoyCol\",\"https:\/\/www.instagram.com\/futbolhoycol\/\"]},{\"@type\":\"Person\",\"@id\":\"https:\/\/futbolhoy.co\/#\/schema\/person\/1721b69355b6623eaff15ac7b92d4cc3\",\"name\":\"contenido\",\"image\":{\"@type\":\"ImageObject\",\"inLanguage\":\"es\",\"@id\":\"https:\/\/futbolhoy.co\/#\/schema\/person\/image\/\",\"url\":\"https:\/\/secure.gravatar.com\/avatar\/4f656d3256f5134f466206e7c3941518?s=96&d=mm&r=g\",\"contentUrl\":\"https:\/\/secure.gravatar.com\/avatar\/4f656d3256f5134f466206e7c3941518?s=96&d=mm&r=g\",\"caption\":\"contenido\"}}]}<\/script>\n<!-- \/ Yoast SEO plugin. -->","yoast_head_json":{"title":"Alejandro Restrepo: \u201cLas estad\u00edsticas est\u00e1n para romperse\u201d -","robots":{"index":"index","follow":"follow","max-snippet":"max-snippet:-1","max-image-preview":"max-image-preview:large","max-video-preview":"max-video-preview:-1"},"canonical":"https:\/\/futbolhoy.co\/index.php\/2025\/06\/28\/alejandro-restrepo-las-estadisticas-estan-para-romperse\/","og_locale":"es_ES","og_type":"article","og_title":"Alejandro Restrepo: \u201cLas estad\u00edsticas est\u00e1n para romperse\u201d -","og_description":"El entrenador de Independiente Medell\u00edn, Alejandro Restrepo, habl\u00f3 en la rueda de prensa previa de la gran final de la Liga BetPlay ante Santa Fe. Destac\u00f3 el hecho de que el grupo de jugadores no piensa en las estad\u00edsticas adversas de las \u00faltimas finales. Asimismo, resalt\u00f3 que si bien cierran de local, no hay favoritos. [&hellip;]","og_url":"https:\/\/futbolhoy.co\/index.php\/2025\/06\/28\/alejandro-restrepo-las-estadisticas-estan-para-romperse\/","article_publisher":"https:\/\/www.facebook.com\/FutbolHoyCol\/","article_published_time":"2025-06-29T01:42:24+00:00","article_modified_time":"2025-06-30T01:28:52+00:00","og_image":[{"width":814,"height":556,"url":"https:\/\/futbolhoy.co\/wp-content\/uploads\/2025\/06\/Restrepo-Final.png","type":"image\/png"}],"author":"contenido","twitter_card":"summary_large_image","twitter_creator":"@FutbolHoyCol","twitter_site":"@FutbolHoyCol","twitter_misc":{"Escrito por":"contenido","Tiempo de lectura":"1 minuto"},"schema":{"@context":"https:\/\/schema.org","@graph":[{"@type":"Article","@id":"https:\/\/futbolhoy.co\/index.php\/2025\/06\/28\/alejandro-restrepo-las-estadisticas-estan-para-romperse\/#article","isPartOf":{"@id":"https:\/\/futbolhoy.co\/index.php\/2025\/06\/28\/alejandro-restrepo-las-estadisticas-estan-para-romperse\/"},"author":{"name":"contenido","@id":"https:\/\/futbolhoy.co\/#\/schema\/person\/1721b69355b6623eaff15ac7b92d4cc3"},"headline":"Alejandro Restrepo: \u201cLas estad\u00edsticas est\u00e1n para romperse\u201d","datePublished":"2025-06-29T01:42:24+00:00","dateModified":"2025-06-30T01:28:52+00:00","mainEntityOfPage":{"@id":"https:\/\/futbolhoy.co\/index.php\/2025\/06\/28\/alejandro-restrepo-las-estadisticas-estan-para-romperse\/"},"wordCount":181,"commentCount":0,"publisher":{"@id":"https:\/\/futbolhoy.co\/#organization"},"image":{"@id":"https:\/\/futbolhoy.co\/index.php\/2025\/06\/28\/alejandro-restrepo-las-estadisticas-estan-para-romperse\/#primaryimage"},"thumbnailUrl":"https:\/\/futbolhoy.co\/wp-content\/uploads\/2025\/06\/Restrepo-Final.png","articleSection":["Liga BetPlay"],"inLanguage":"es","potentialAction":[{"@type":"CommentAction","name":"Comment","target":["https:\/\/futbolhoy.co\/index.php\/2025\/06\/28\/alejandro-restrepo-las-estadisticas-estan-para-romperse\/#respond"]}]},{"@type":"WebPage","@id":"https:\/\/futbolhoy.co\/index.php\/2025\/06\/28\/alejandro-restrepo-las-estadisticas-estan-para-romperse\/","url":"https:\/\/futbolhoy.co\/index.php\/2025\/06\/28\/alejandro-restrepo-las-estadisticas-estan-para-romperse\/","name":"Alejandro Restrepo: \u201cLas estad\u00edsticas est\u00e1n para romperse\u201d -","isPartOf":{"@id":"https:\/\/futbolhoy.co\/#website"},"primaryImageOfPage":{"@id":"https:\/\/futbolhoy.co\/index.php\/2025\/06\/28\/alejandro-restrepo-las-estadisticas-estan-para-romperse\/#primaryimage"},"image":{"@id":"https:\/\/futbolhoy.co\/index.php\/2025\/06\/28\/alejandro-restrepo-las-estadisticas-estan-para-romperse\/#primaryimage"},"thumbnailUrl":"https:\/\/futbolhoy.co\/wp-content\/uploads\/2025\/06\/Restrepo-Final.png","datePublished":"2025-06-29T01:42:24+00:00","dateModified":"2025-06-30T01:28:52+00:00","breadcrumb":{"@id":"https:\/\/futbolhoy.co\/index.php\/2025\/06\/28\/alejandro-restrepo-las-estadisticas-estan-para-romperse\/#breadcrumb"},"inLanguage":"es","potentialAction":[{"@type":"ReadAction","target":["https:\/\/futbolhoy.co\/index.php\/2025\/06\/28\/alejandro-restrepo-las-estadisticas-estan-para-romperse\/"]}]},{"@type":"ImageObject","inLanguage":"es","@id":"https:\/\/futbolhoy.co\/index.php\/2025\/06\/28\/alejandro-restrepo-las-estadisticas-estan-para-romperse\/#primaryimage","url":"https:\/\/futbolhoy.co\/wp-content\/uploads\/2025\/06\/Restrepo-Final.png","contentUrl":"https:\/\/futbolhoy.co\/wp-content\/uploads\/2025\/06\/Restrepo-Final.png","width":814,"height":556},{"@type":"BreadcrumbList","@id":"https:\/\/futbolhoy.co\/index.php\/2025\/06\/28\/alejandro-restrepo-las-estadisticas-estan-para-romperse\/#breadcrumb","itemListElement":[{"@type":"ListItem","position":1,"name":"Portada","item":"https:\/\/futbolhoy.co\/"},{"@type":"ListItem","position":2,"name":"Alejandro Restrepo: \u201cLas estad\u00edsticas est\u00e1n para romperse\u201d"}]},{"@type":"WebSite","@id":"https:\/\/futbolhoy.co\/#website","url":"https:\/\/futbolhoy.co\/","name":"FutbolHoy","description":"","publisher":{"@id":"https:\/\/futbolhoy.co\/#organization"},"potentialAction":[{"@type":"SearchAction","target":{"@type":"EntryPoint","urlTemplate":"https:\/\/futbolhoy.co\/?s={search_term_string}"},"query-input":{"@type":"PropertyValueSpecification","valueRequired":true,"valueName":"search_term_string"}}],"inLanguage":"es"},{"@type":"Organization","@id":"https:\/\/futbolhoy.co\/#organization","name":"Futbolhoy.co","url":"https:\/\/futbolhoy.co\/","logo":{"@type":"ImageObject","inLanguage":"es","@id":"https:\/\/futbolhoy.co\/#\/schema\/logo\/image\/","url":"https:\/\/futbolhoy.co\/wp-content\/uploads\/2018\/08\/17426380_1906371736249227_6326180412931521141_n.jpg","contentUrl":"https:\/\/futbolhoy.co\/wp-content\/uploads\/2018\/08\/17426380_1906371736249227_6326180412931521141_n.jpg","width":960,"height":960,"caption":"Futbolhoy.co"},"image":{"@id":"https:\/\/futbolhoy.co\/#\/schema\/logo\/image\/"},"sameAs":["https:\/\/www.facebook.com\/FutbolHoyCol\/","https:\/\/x.com\/FutbolHoyCol","https:\/\/www.instagram.com\/futbolhoycol\/"]},{"@type":"Person","@id":"https:\/\/futbolhoy.co\/#\/schema\/person\/1721b69355b6623eaff15ac7b92d4cc3","name":"contenido","image":{"@type":"ImageObject","inLanguage":"es","@id":"https:\/\/futbolhoy.co\/#\/schema\/person\/image\/","url":"https:\/\/secure.gravatar.com\/avatar\/4f656d3256f5134f466206e7c3941518?s=96&d=mm&r=g","contentUrl":"https:\/\/secure.gravatar.com\/avatar\/4f656d3256f5134f466206e7c3941518?s=96&d=mm&r=g","caption":"contenido"}}]}},"publishpress_future_action":{"enabled":false,"date":"2026-05-06 04:06:48","action":"change-status","newStatus":"draft","terms":[],"taxonomy":"category","extraData":[]},"publishpress_future_workflow_manual_trigger":{"enabledWorkflows":[]},"_links":{"self":[{"href":"https:\/\/futbolhoy.co\/index.php\/wp-json\/wp\/v2\/posts\/120679","targetHints":{"allow":["GET"]}}],"collection":[{"href":"https:\/\/futbolhoy.co\/index.php\/wp-json\/wp\/v2\/posts"}],"about":[{"href":"https:\/\/futbolhoy.co\/index.php\/wp-json\/wp\/v2\/types\/post"}],"author":[{"embeddable":true,"href":"https:\/\/futbolhoy.co\/index.php\/wp-json\/wp\/v2\/users\/4"}],"replies":[{"embeddable":true,"href":"https:\/\/futbolhoy.co\/index.php\/wp-json\/wp\/v2\/comments?post=120679"}],"version-history":[{"count":1,"href":"https:\/\/futbolhoy.co\/index.php\/wp-json\/wp\/v2\/posts\/120679\/revisions"}],"predecessor-version":[{"id":120681,"href":"https:\/\/futbolhoy.co\/index.php\/wp-json\/wp\/v2\/posts\/120679\/revisions\/120681"}],"wp:featuredmedia":[{"embeddable":true,"href":"https:\/\/futbolhoy.co\/index.php\/wp-json\/wp\/v2\/media\/120680"}],"wp:attachment":[{"href":"https:\/\/futbolhoy.co\/index.php\/wp-json\/wp\/v2\/media?parent=120679"}],"wp:term":[{"taxonomy":"category","embeddable":true,"href":"https:\/\/futbolhoy.co\/index.php\/wp-json\/wp\/v2\/categories?post=120679"},{"taxonomy":"post_tag","embeddable":true,"href":"https:\/\/futbolhoy.co\/index.php\/wp-json\/wp\/v2\/tags?post=120679"}],"curies":[{"name":"wp","href":"https:\/\/api.w.org\/{rel}","templated":true}]}}