{"id":120697,"date":"2025-06-29T15:10:39","date_gmt":"2025-06-29T20:10:39","guid":{"rendered":"https:\/\/futbolhoy.co\/?p=120697"},"modified":"2025-06-29T20:39:47","modified_gmt":"2025-06-30T01:39:47","slug":"medellin-vs-santa-fe-se-miden-en-una-final-abierta-por-el-titulo","status":"publish","type":"post","link":"https:\/\/futbolhoy.co\/index.php\/2025\/06\/29\/medellin-vs-santa-fe-se-miden-en-una-final-abierta-por-el-titulo\/","title":{"rendered":"Medell\u00edn Vs Santa Fe se miden en una final abierta por el t\u00edtulo"},"content":{"rendered":"<p style=\"text-align: justify;\"><span style=\"font-family: helvetica, arial, sans-serif;\">Este domingo se define todo en la <strong>Liga Colombiana, Independiente Medell\u00edn<\/strong> recibe en el estadio <strong>Atanasio Girardot<\/strong> a <strong>Santa Fe<\/strong>, por el primer t\u00edtulo del campeonato local, en una final completamente abierta tras empatar sin goles en la ida.<\/span><\/p>\n<p style=\"text-align: justify;\"><span style=\"font-family: helvetica, arial, sans-serif;\">Revancha es la palabra con la que mejor se podr\u00eda definir esta final, pues tanto poderosos como leones necesitan, dejar atr\u00e1s una mala racha en sus \u00faltimas definiciones a un t\u00edtulo.<\/span><\/p>\n<p style=\"text-align: justify;\"><span style=\"font-family: helvetica, arial, sans-serif;\">Medell\u00edn lleva tres finales consecutivas perdidas, la m\u00e1s reciente en 2023, frente al<strong> Junior de Barranquilla<\/strong>, por lo que su s\u00e9ptima estrella se le ha escapado de las manos \u00faltimamente.<\/span><\/p>\n<p style=\"text-align: justify;\"><span style=\"font-family: helvetica, arial, sans-serif;\">Por su parte, Santa Fe, tambi\u00e9n ha logrado llegar a finales en los \u00faltimos a\u00f1os, pero al igual que los paisas, perdi\u00f3 las \u00faltimas tres que disput\u00f3, la m\u00e1s reciente precisamente hace un a\u00f1o, frente a <strong>Atl\u00e9tico Bucaramanga<\/strong> en una definici\u00f3n por tanda de penales.<\/span><\/p>\n<p style=\"text-align: justify;\"><span style=\"font-family: helvetica, arial, sans-serif;\">Medell\u00edn sabe que es el favorito, incluso el mismo t\u00e9cnico <strong>Jorge Bava<\/strong> dijo en rueda de prensa que no es un secreto que el poderoso es el equipo con mejor f\u00fatbol actualmente, a esto hay que sumarle la local\u00eda en el Atanasio Girardot completamente lleno de hinchas, algo que seguramente jugar\u00e1 a su favor.<\/span><\/p>\n<p style=\"text-align: justify;\"><span style=\"font-family: helvetica, arial, sans-serif;\">Por su parte, Santa Fe necesita dejar atr\u00e1s una mala racha en el Atanasio, pues en las \u00faltimas cinco veces que visit\u00f3 al Medell\u00edn vio la derrota en dos oportunidades y tambi\u00e9n tres empates.<\/span><\/p>\n<p style=\"text-align: justify;\"><span style=\"font-family: helvetica, arial, sans-serif;\">El le\u00f3n cuenta con la buena noticia del regreso a la convocatoria de <strong>Alexis Zapata<\/strong> e <strong>Iv\u00e1n Scarpeta,<\/strong> dos piezas claves que fueron baja el juego de ida.<\/span><\/p>\n<p style=\"text-align: justify;\"><span style=\"font-family: helvetica, arial, sans-serif;\">Lo cierto es que este domingo uno de los dos equipos va a dejar atr\u00e1s la etiqueta de subcampe\u00f3n de los \u00faltimos a\u00f1os, a partir de las 6:00PM y con el minuto a minuto en <strong><em>FutbolHoy.co<\/em><\/strong><\/span><\/p>\n<p style=\"text-align: justify;\"><span style=\"font-family: helvetica, arial, sans-serif;\"><strong>Alineaciones probables:<\/strong><\/span><\/p>\n<p style=\"text-align: justify;\"><span style=\"font-family: helvetica, arial, sans-serif;\"><strong>Medell\u00edn<\/strong>:Washington Aguerre; Jhon Alexander Palacios, Jos\u00e9 Ortiz, Daniel Londo\u00f1o; Yeferson Rodallega, Homer Mart\u00ednez, Baldomero Perlaza, Francisco Chaverra; Brayan Le\u00f3n Mu\u00f1iz, L\u00e9ider Berr\u00edo y Francisco Fydriszewski.<\/span><\/p>\n<p style=\"text-align: justify;\"><span style=\"font-family: helvetica, arial, sans-serif;\"><strong>Santa Fe<\/strong>: Andr\u00e9s Mosquera Marmolejo; Elvis Perlaza, V\u00edctor Moreno, Emmanuel Olivera, Christian Mafla; Daniel Torres, Yilmar Vel\u00e1squez, Ewill Murillo; Harold Santiago Mosquera, Omar Frasica y Hugo Rodallega.<\/span><\/p>\n","protected":false},"excerpt":{"rendered":"<p>Este domingo se define todo en la Liga Colombiana, Independiente Medell\u00edn recibe en el estadio Atanasio Girardot a Santa Fe, por el primer t\u00edtulo del campeonato local, en una final completamente abierta tras empatar sin goles en la ida. Revancha es la palabra con la que mejor se podr\u00eda definir esta final, pues tanto poderosos [&hellip;]<\/p>\n","protected":false},"author":4,"featured_media":120696,"comment_status":"open","ping_status":"open","sticky":false,"template":"","format":"standard","meta":{"_acf_changed":false,"footnotes":""},"categories":[7],"tags":[],"class_list":{"0":"post-120697","1":"post","2":"type-post","3":"status-publish","4":"format-standard","5":"has-post-thumbnail","7":"category-liga-betplay"},"acf":[],"yoast_head":"<!-- This site is optimized with the Yoast SEO plugin v26.8 - https:\/\/yoast.com\/product\/yoast-seo-wordpress\/ -->\n<title>Medell\u00edn Vs Santa Fe se miden en una final abierta por el t\u00edtulo -<\/title>\n<meta name=\"robots\" content=\"index, follow, max-snippet:-1, max-image-preview:large, max-video-preview:-1\" \/>\n<link rel=\"canonical\" href=\"https:\/\/futbolhoy.co\/index.php\/2025\/06\/29\/medellin-vs-santa-fe-se-miden-en-una-final-abierta-por-el-titulo\/\" \/>\n<meta property=\"og:locale\" content=\"es_ES\" \/>\n<meta property=\"og:type\" content=\"article\" \/>\n<meta property=\"og:title\" content=\"Medell\u00edn Vs Santa Fe se miden en una final abierta por el t\u00edtulo -\" \/>\n<meta property=\"og:description\" content=\"Este domingo se define todo en la Liga Colombiana, Independiente Medell\u00edn recibe en el estadio Atanasio Girardot a Santa Fe, por el primer t\u00edtulo del campeonato local, en una final completamente abierta tras empatar sin goles en la ida. Revancha es la palabra con la que mejor se podr\u00eda definir esta final, pues tanto poderosos [&hellip;]\" \/>\n<meta property=\"og:url\" content=\"https:\/\/futbolhoy.co\/index.php\/2025\/06\/29\/medellin-vs-santa-fe-se-miden-en-una-final-abierta-por-el-titulo\/\" \/>\n<meta property=\"article:publisher\" content=\"https:\/\/www.facebook.com\/FutbolHoyCol\/\" \/>\n<meta property=\"article:published_time\" content=\"2025-06-29T20:10:39+00:00\" \/>\n<meta property=\"article:modified_time\" content=\"2025-06-30T01:39:47+00:00\" \/>\n<meta property=\"og:image\" content=\"https:\/\/futbolhoy.co\/wp-content\/uploads\/2025\/06\/IMG_4399.jpeg\" \/>\n\t<meta property=\"og:image:width\" content=\"1179\" \/>\n\t<meta property=\"og:image:height\" content=\"693\" \/>\n\t<meta property=\"og:image:type\" content=\"image\/jpeg\" \/>\n<meta name=\"author\" content=\"contenido\" \/>\n<meta name=\"twitter:card\" content=\"summary_large_image\" \/>\n<meta name=\"twitter:creator\" content=\"@FutbolHoyCol\" \/>\n<meta name=\"twitter:site\" content=\"@FutbolHoyCol\" \/>\n<meta name=\"twitter:label1\" content=\"Escrito por\" \/>\n\t<meta name=\"twitter:data1\" content=\"contenido\" \/>\n\t<meta name=\"twitter:label2\" content=\"Tiempo de lectura\" \/>\n\t<meta name=\"twitter:data2\" content=\"2 minutos\" \/>\n<script type=\"application\/ld+json\" class=\"yoast-schema-graph\">{\"@context\":\"https:\/\/schema.org\",\"@graph\":[{\"@type\":\"Article\",\"@id\":\"https:\/\/futbolhoy.co\/index.php\/2025\/06\/29\/medellin-vs-santa-fe-se-miden-en-una-final-abierta-por-el-titulo\/#article\",\"isPartOf\":{\"@id\":\"https:\/\/futbolhoy.co\/index.php\/2025\/06\/29\/medellin-vs-santa-fe-se-miden-en-una-final-abierta-por-el-titulo\/\"},\"author\":{\"name\":\"contenido\",\"@id\":\"https:\/\/futbolhoy.co\/#\/schema\/person\/1721b69355b6623eaff15ac7b92d4cc3\"},\"headline\":\"Medell\u00edn Vs Santa Fe se miden en una final abierta por el t\u00edtulo\",\"datePublished\":\"2025-06-29T20:10:39+00:00\",\"dateModified\":\"2025-06-30T01:39:47+00:00\",\"mainEntityOfPage\":{\"@id\":\"https:\/\/futbolhoy.co\/index.php\/2025\/06\/29\/medellin-vs-santa-fe-se-miden-en-una-final-abierta-por-el-titulo\/\"},\"wordCount\":403,\"commentCount\":0,\"publisher\":{\"@id\":\"https:\/\/futbolhoy.co\/#organization\"},\"image\":{\"@id\":\"https:\/\/futbolhoy.co\/index.php\/2025\/06\/29\/medellin-vs-santa-fe-se-miden-en-una-final-abierta-por-el-titulo\/#primaryimage\"},\"thumbnailUrl\":\"https:\/\/futbolhoy.co\/wp-content\/uploads\/2025\/06\/IMG_4399.jpeg\",\"articleSection\":[\"Liga BetPlay\"],\"inLanguage\":\"es\",\"potentialAction\":[{\"@type\":\"CommentAction\",\"name\":\"Comment\",\"target\":[\"https:\/\/futbolhoy.co\/index.php\/2025\/06\/29\/medellin-vs-santa-fe-se-miden-en-una-final-abierta-por-el-titulo\/#respond\"]}]},{\"@type\":\"WebPage\",\"@id\":\"https:\/\/futbolhoy.co\/index.php\/2025\/06\/29\/medellin-vs-santa-fe-se-miden-en-una-final-abierta-por-el-titulo\/\",\"url\":\"https:\/\/futbolhoy.co\/index.php\/2025\/06\/29\/medellin-vs-santa-fe-se-miden-en-una-final-abierta-por-el-titulo\/\",\"name\":\"Medell\u00edn Vs Santa Fe se miden en una final abierta por el t\u00edtulo -\",\"isPartOf\":{\"@id\":\"https:\/\/futbolhoy.co\/#website\"},\"primaryImageOfPage\":{\"@id\":\"https:\/\/futbolhoy.co\/index.php\/2025\/06\/29\/medellin-vs-santa-fe-se-miden-en-una-final-abierta-por-el-titulo\/#primaryimage\"},\"image\":{\"@id\":\"https:\/\/futbolhoy.co\/index.php\/2025\/06\/29\/medellin-vs-santa-fe-se-miden-en-una-final-abierta-por-el-titulo\/#primaryimage\"},\"thumbnailUrl\":\"https:\/\/futbolhoy.co\/wp-content\/uploads\/2025\/06\/IMG_4399.jpeg\",\"datePublished\":\"2025-06-29T20:10:39+00:00\",\"dateModified\":\"2025-06-30T01:39:47+00:00\",\"breadcrumb\":{\"@id\":\"https:\/\/futbolhoy.co\/index.php\/2025\/06\/29\/medellin-vs-santa-fe-se-miden-en-una-final-abierta-por-el-titulo\/#breadcrumb\"},\"inLanguage\":\"es\",\"potentialAction\":[{\"@type\":\"ReadAction\",\"target\":[\"https:\/\/futbolhoy.co\/index.php\/2025\/06\/29\/medellin-vs-santa-fe-se-miden-en-una-final-abierta-por-el-titulo\/\"]}]},{\"@type\":\"ImageObject\",\"inLanguage\":\"es\",\"@id\":\"https:\/\/futbolhoy.co\/index.php\/2025\/06\/29\/medellin-vs-santa-fe-se-miden-en-una-final-abierta-por-el-titulo\/#primaryimage\",\"url\":\"https:\/\/futbolhoy.co\/wp-content\/uploads\/2025\/06\/IMG_4399.jpeg\",\"contentUrl\":\"https:\/\/futbolhoy.co\/wp-content\/uploads\/2025\/06\/IMG_4399.jpeg\",\"width\":1179,\"height\":693},{\"@type\":\"BreadcrumbList\",\"@id\":\"https:\/\/futbolhoy.co\/index.php\/2025\/06\/29\/medellin-vs-santa-fe-se-miden-en-una-final-abierta-por-el-titulo\/#breadcrumb\",\"itemListElement\":[{\"@type\":\"ListItem\",\"position\":1,\"name\":\"Portada\",\"item\":\"https:\/\/futbolhoy.co\/\"},{\"@type\":\"ListItem\",\"position\":2,\"name\":\"Medell\u00edn Vs Santa Fe se miden en una final abierta por el t\u00edtulo\"}]},{\"@type\":\"WebSite\",\"@id\":\"https:\/\/futbolhoy.co\/#website\",\"url\":\"https:\/\/futbolhoy.co\/\",\"name\":\"FutbolHoy\",\"description\":\"\",\"publisher\":{\"@id\":\"https:\/\/futbolhoy.co\/#organization\"},\"potentialAction\":[{\"@type\":\"SearchAction\",\"target\":{\"@type\":\"EntryPoint\",\"urlTemplate\":\"https:\/\/futbolhoy.co\/?s={search_term_string}\"},\"query-input\":{\"@type\":\"PropertyValueSpecification\",\"valueRequired\":true,\"valueName\":\"search_term_string\"}}],\"inLanguage\":\"es\"},{\"@type\":\"Organization\",\"@id\":\"https:\/\/futbolhoy.co\/#organization\",\"name\":\"Futbolhoy.co\",\"url\":\"https:\/\/futbolhoy.co\/\",\"logo\":{\"@type\":\"ImageObject\",\"inLanguage\":\"es\",\"@id\":\"https:\/\/futbolhoy.co\/#\/schema\/logo\/image\/\",\"url\":\"https:\/\/futbolhoy.co\/wp-content\/uploads\/2018\/08\/17426380_1906371736249227_6326180412931521141_n.jpg\",\"contentUrl\":\"https:\/\/futbolhoy.co\/wp-content\/uploads\/2018\/08\/17426380_1906371736249227_6326180412931521141_n.jpg\",\"width\":960,\"height\":960,\"caption\":\"Futbolhoy.co\"},\"image\":{\"@id\":\"https:\/\/futbolhoy.co\/#\/schema\/logo\/image\/\"},\"sameAs\":[\"https:\/\/www.facebook.com\/FutbolHoyCol\/\",\"https:\/\/x.com\/FutbolHoyCol\",\"https:\/\/www.instagram.com\/futbolhoycol\/\"]},{\"@type\":\"Person\",\"@id\":\"https:\/\/futbolhoy.co\/#\/schema\/person\/1721b69355b6623eaff15ac7b92d4cc3\",\"name\":\"contenido\",\"image\":{\"@type\":\"ImageObject\",\"inLanguage\":\"es\",\"@id\":\"https:\/\/futbolhoy.co\/#\/schema\/person\/image\/\",\"url\":\"https:\/\/secure.gravatar.com\/avatar\/4f656d3256f5134f466206e7c3941518?s=96&d=mm&r=g\",\"contentUrl\":\"https:\/\/secure.gravatar.com\/avatar\/4f656d3256f5134f466206e7c3941518?s=96&d=mm&r=g\",\"caption\":\"contenido\"}}]}<\/script>\n<!-- \/ Yoast SEO plugin. -->","yoast_head_json":{"title":"Medell\u00edn Vs Santa Fe se miden en una final abierta por el t\u00edtulo -","robots":{"index":"index","follow":"follow","max-snippet":"max-snippet:-1","max-image-preview":"max-image-preview:large","max-video-preview":"max-video-preview:-1"},"canonical":"https:\/\/futbolhoy.co\/index.php\/2025\/06\/29\/medellin-vs-santa-fe-se-miden-en-una-final-abierta-por-el-titulo\/","og_locale":"es_ES","og_type":"article","og_title":"Medell\u00edn Vs Santa Fe se miden en una final abierta por el t\u00edtulo -","og_description":"Este domingo se define todo en la Liga Colombiana, Independiente Medell\u00edn recibe en el estadio Atanasio Girardot a Santa Fe, por el primer t\u00edtulo del campeonato local, en una final completamente abierta tras empatar sin goles en la ida. Revancha es la palabra con la que mejor se podr\u00eda definir esta final, pues tanto poderosos [&hellip;]","og_url":"https:\/\/futbolhoy.co\/index.php\/2025\/06\/29\/medellin-vs-santa-fe-se-miden-en-una-final-abierta-por-el-titulo\/","article_publisher":"https:\/\/www.facebook.com\/FutbolHoyCol\/","article_published_time":"2025-06-29T20:10:39+00:00","article_modified_time":"2025-06-30T01:39:47+00:00","og_image":[{"width":1179,"height":693,"url":"https:\/\/futbolhoy.co\/wp-content\/uploads\/2025\/06\/IMG_4399.jpeg","type":"image\/jpeg"}],"author":"contenido","twitter_card":"summary_large_image","twitter_creator":"@FutbolHoyCol","twitter_site":"@FutbolHoyCol","twitter_misc":{"Escrito por":"contenido","Tiempo de lectura":"2 minutos"},"schema":{"@context":"https:\/\/schema.org","@graph":[{"@type":"Article","@id":"https:\/\/futbolhoy.co\/index.php\/2025\/06\/29\/medellin-vs-santa-fe-se-miden-en-una-final-abierta-por-el-titulo\/#article","isPartOf":{"@id":"https:\/\/futbolhoy.co\/index.php\/2025\/06\/29\/medellin-vs-santa-fe-se-miden-en-una-final-abierta-por-el-titulo\/"},"author":{"name":"contenido","@id":"https:\/\/futbolhoy.co\/#\/schema\/person\/1721b69355b6623eaff15ac7b92d4cc3"},"headline":"Medell\u00edn Vs Santa Fe se miden en una final abierta por el t\u00edtulo","datePublished":"2025-06-29T20:10:39+00:00","dateModified":"2025-06-30T01:39:47+00:00","mainEntityOfPage":{"@id":"https:\/\/futbolhoy.co\/index.php\/2025\/06\/29\/medellin-vs-santa-fe-se-miden-en-una-final-abierta-por-el-titulo\/"},"wordCount":403,"commentCount":0,"publisher":{"@id":"https:\/\/futbolhoy.co\/#organization"},"image":{"@id":"https:\/\/futbolhoy.co\/index.php\/2025\/06\/29\/medellin-vs-santa-fe-se-miden-en-una-final-abierta-por-el-titulo\/#primaryimage"},"thumbnailUrl":"https:\/\/futbolhoy.co\/wp-content\/uploads\/2025\/06\/IMG_4399.jpeg","articleSection":["Liga BetPlay"],"inLanguage":"es","potentialAction":[{"@type":"CommentAction","name":"Comment","target":["https:\/\/futbolhoy.co\/index.php\/2025\/06\/29\/medellin-vs-santa-fe-se-miden-en-una-final-abierta-por-el-titulo\/#respond"]}]},{"@type":"WebPage","@id":"https:\/\/futbolhoy.co\/index.php\/2025\/06\/29\/medellin-vs-santa-fe-se-miden-en-una-final-abierta-por-el-titulo\/","url":"https:\/\/futbolhoy.co\/index.php\/2025\/06\/29\/medellin-vs-santa-fe-se-miden-en-una-final-abierta-por-el-titulo\/","name":"Medell\u00edn Vs Santa Fe se miden en una final abierta por el t\u00edtulo -","isPartOf":{"@id":"https:\/\/futbolhoy.co\/#website"},"primaryImageOfPage":{"@id":"https:\/\/futbolhoy.co\/index.php\/2025\/06\/29\/medellin-vs-santa-fe-se-miden-en-una-final-abierta-por-el-titulo\/#primaryimage"},"image":{"@id":"https:\/\/futbolhoy.co\/index.php\/2025\/06\/29\/medellin-vs-santa-fe-se-miden-en-una-final-abierta-por-el-titulo\/#primaryimage"},"thumbnailUrl":"https:\/\/futbolhoy.co\/wp-content\/uploads\/2025\/06\/IMG_4399.jpeg","datePublished":"2025-06-29T20:10:39+00:00","dateModified":"2025-06-30T01:39:47+00:00","breadcrumb":{"@id":"https:\/\/futbolhoy.co\/index.php\/2025\/06\/29\/medellin-vs-santa-fe-se-miden-en-una-final-abierta-por-el-titulo\/#breadcrumb"},"inLanguage":"es","potentialAction":[{"@type":"ReadAction","target":["https:\/\/futbolhoy.co\/index.php\/2025\/06\/29\/medellin-vs-santa-fe-se-miden-en-una-final-abierta-por-el-titulo\/"]}]},{"@type":"ImageObject","inLanguage":"es","@id":"https:\/\/futbolhoy.co\/index.php\/2025\/06\/29\/medellin-vs-santa-fe-se-miden-en-una-final-abierta-por-el-titulo\/#primaryimage","url":"https:\/\/futbolhoy.co\/wp-content\/uploads\/2025\/06\/IMG_4399.jpeg","contentUrl":"https:\/\/futbolhoy.co\/wp-content\/uploads\/2025\/06\/IMG_4399.jpeg","width":1179,"height":693},{"@type":"BreadcrumbList","@id":"https:\/\/futbolhoy.co\/index.php\/2025\/06\/29\/medellin-vs-santa-fe-se-miden-en-una-final-abierta-por-el-titulo\/#breadcrumb","itemListElement":[{"@type":"ListItem","position":1,"name":"Portada","item":"https:\/\/futbolhoy.co\/"},{"@type":"ListItem","position":2,"name":"Medell\u00edn Vs Santa Fe se miden en una final abierta por el t\u00edtulo"}]},{"@type":"WebSite","@id":"https:\/\/futbolhoy.co\/#website","url":"https:\/\/futbolhoy.co\/","name":"FutbolHoy","description":"","publisher":{"@id":"https:\/\/futbolhoy.co\/#organization"},"potentialAction":[{"@type":"SearchAction","target":{"@type":"EntryPoint","urlTemplate":"https:\/\/futbolhoy.co\/?s={search_term_string}"},"query-input":{"@type":"PropertyValueSpecification","valueRequired":true,"valueName":"search_term_string"}}],"inLanguage":"es"},{"@type":"Organization","@id":"https:\/\/futbolhoy.co\/#organization","name":"Futbolhoy.co","url":"https:\/\/futbolhoy.co\/","logo":{"@type":"ImageObject","inLanguage":"es","@id":"https:\/\/futbolhoy.co\/#\/schema\/logo\/image\/","url":"https:\/\/futbolhoy.co\/wp-content\/uploads\/2018\/08\/17426380_1906371736249227_6326180412931521141_n.jpg","contentUrl":"https:\/\/futbolhoy.co\/wp-content\/uploads\/2018\/08\/17426380_1906371736249227_6326180412931521141_n.jpg","width":960,"height":960,"caption":"Futbolhoy.co"},"image":{"@id":"https:\/\/futbolhoy.co\/#\/schema\/logo\/image\/"},"sameAs":["https:\/\/www.facebook.com\/FutbolHoyCol\/","https:\/\/x.com\/FutbolHoyCol","https:\/\/www.instagram.com\/futbolhoycol\/"]},{"@type":"Person","@id":"https:\/\/futbolhoy.co\/#\/schema\/person\/1721b69355b6623eaff15ac7b92d4cc3","name":"contenido","image":{"@type":"ImageObject","inLanguage":"es","@id":"https:\/\/futbolhoy.co\/#\/schema\/person\/image\/","url":"https:\/\/secure.gravatar.com\/avatar\/4f656d3256f5134f466206e7c3941518?s=96&d=mm&r=g","contentUrl":"https:\/\/secure.gravatar.com\/avatar\/4f656d3256f5134f466206e7c3941518?s=96&d=mm&r=g","caption":"contenido"}}]}},"publishpress_future_action":{"enabled":false,"date":"2026-05-06 05:36:14","action":"change-status","newStatus":"draft","terms":[],"taxonomy":"category","extraData":[]},"publishpress_future_workflow_manual_trigger":{"enabledWorkflows":[]},"_links":{"self":[{"href":"https:\/\/futbolhoy.co\/index.php\/wp-json\/wp\/v2\/posts\/120697","targetHints":{"allow":["GET"]}}],"collection":[{"href":"https:\/\/futbolhoy.co\/index.php\/wp-json\/wp\/v2\/posts"}],"about":[{"href":"https:\/\/futbolhoy.co\/index.php\/wp-json\/wp\/v2\/types\/post"}],"author":[{"embeddable":true,"href":"https:\/\/futbolhoy.co\/index.php\/wp-json\/wp\/v2\/users\/4"}],"replies":[{"embeddable":true,"href":"https:\/\/futbolhoy.co\/index.php\/wp-json\/wp\/v2\/comments?post=120697"}],"version-history":[{"count":1,"href":"https:\/\/futbolhoy.co\/index.php\/wp-json\/wp\/v2\/posts\/120697\/revisions"}],"predecessor-version":[{"id":120698,"href":"https:\/\/futbolhoy.co\/index.php\/wp-json\/wp\/v2\/posts\/120697\/revisions\/120698"}],"wp:featuredmedia":[{"embeddable":true,"href":"https:\/\/futbolhoy.co\/index.php\/wp-json\/wp\/v2\/media\/120696"}],"wp:attachment":[{"href":"https:\/\/futbolhoy.co\/index.php\/wp-json\/wp\/v2\/media?parent=120697"}],"wp:term":[{"taxonomy":"category","embeddable":true,"href":"https:\/\/futbolhoy.co\/index.php\/wp-json\/wp\/v2\/categories?post=120697"},{"taxonomy":"post_tag","embeddable":true,"href":"https:\/\/futbolhoy.co\/index.php\/wp-json\/wp\/v2\/tags?post=120697"}],"curies":[{"name":"wp","href":"https:\/\/api.w.org\/{rel}","templated":true}]}}