{"id":120705,"date":"2025-06-29T17:28:16","date_gmt":"2025-06-29T22:28:16","guid":{"rendered":"https:\/\/futbolhoy.co\/?p=120705"},"modified":"2025-06-29T21:18:44","modified_gmt":"2025-06-30T02:18:44","slug":"bayern-munich-se-deshizo-de-flamengo-en-el-mundial-de-clubes","status":"publish","type":"post","link":"https:\/\/futbolhoy.co\/index.php\/2025\/06\/29\/bayern-munich-se-deshizo-de-flamengo-en-el-mundial-de-clubes\/","title":{"rendered":"Bayern M\u00fanich se deshizo de Flamengo en el Mundial de Clubes"},"content":{"rendered":"<p class=\"ydp20b2c67dMsoNormal\" style=\"text-align: justify;\"><span lang=\"ES-MX\" style=\"font-family: helvetica, arial, sans-serif;\">El <b>Bayern M\u00fanich de Alemania venci\u00f3 <span dir=\"ltr\">4-2 a<\/span>Flamengo de Brasil<\/b> en el Hard Rock de <b>Miami<\/b>y se clasific\u00f3 para los cuartos de final del <b>Mundial de Clubes<\/b>, donde enfrentar\u00e1 el s\u00e1bado al <b>PSG<\/b>.<\/span><\/p>\n<p class=\"ydp20b2c67dMsoNormal\" style=\"text-align: justify;\"><span lang=\"ES-MX\" style=\"font-family: helvetica, arial, sans-serif;\">Los goles del conjunto europeo fueron obra del chileno <b>Erick Pulgar<\/b> en propia puerta a los 6 minutos, doblete del ingl\u00e9s <b>Harry Kane<\/b> a los 9 y 73; y <b>Le\u00f3n Goretzka<\/b> a los 41.<\/span><\/p>\n<p class=\"ydp20b2c67dMsoNormal\" style=\"text-align: justify;\"><span lang=\"ES-MX\" style=\"font-family: helvetica, arial, sans-serif;\">Por el \u2018Mengao\u2019 descontaron el capit\u00e1n <b>Gerson<\/b>a los 33 y <b>Jorginho<\/b> de penalti a los 55.<\/span><\/p>\n<p class=\"ydp20b2c67dMsoNormal\" style=\"text-align: justify;\"><span lang=\"ES-MX\" style=\"font-family: helvetica, arial, sans-serif;\">Los franceses dejaron en el camino al <b>Inter Miami de Lionel Messi<\/b> gole\u00e1ndolo 4-0.<\/span><\/p>\n<p class=\"ydp20b2c67dMsoNormal\" style=\"text-align: justify;\"><span lang=\"ES-MX\" style=\"font-family: helvetica, arial, sans-serif;\">\u00a0<\/span><\/p>\n","protected":false},"excerpt":{"rendered":"<p>El Bayern M\u00fanich de Alemania venci\u00f3 4-2 aFlamengo de Brasil en el Hard Rock de Miamiy se clasific\u00f3 para los cuartos de final del Mundial de Clubes, donde enfrentar\u00e1 el s\u00e1bado al PSG. Los goles del conjunto europeo fueron obra del chileno Erick Pulgar en propia puerta a los 6 minutos, doblete del ingl\u00e9s Harry [&hellip;]<\/p>\n","protected":false},"author":4,"featured_media":120706,"comment_status":"open","ping_status":"open","sticky":false,"template":"","format":"standard","meta":{"_acf_changed":false,"footnotes":""},"categories":[152],"tags":[],"class_list":{"0":"post-120705","1":"post","2":"type-post","3":"status-publish","4":"format-standard","5":"has-post-thumbnail","7":"category-mundo-futbol"},"acf":[],"yoast_head":"<!-- This site is optimized with the Yoast SEO plugin v26.8 - https:\/\/yoast.com\/product\/yoast-seo-wordpress\/ -->\n<title>Bayern M\u00fanich se deshizo de Flamengo en el Mundial de Clubes -<\/title>\n<meta name=\"robots\" content=\"index, follow, max-snippet:-1, max-image-preview:large, max-video-preview:-1\" \/>\n<link rel=\"canonical\" href=\"https:\/\/futbolhoy.co\/index.php\/2025\/06\/29\/bayern-munich-se-deshizo-de-flamengo-en-el-mundial-de-clubes\/\" \/>\n<meta property=\"og:locale\" content=\"es_ES\" \/>\n<meta property=\"og:type\" content=\"article\" \/>\n<meta property=\"og:title\" content=\"Bayern M\u00fanich se deshizo de Flamengo en el Mundial de Clubes -\" \/>\n<meta property=\"og:description\" content=\"El Bayern M\u00fanich de Alemania venci\u00f3 4-2 aFlamengo de Brasil en el Hard Rock de Miamiy se clasific\u00f3 para los cuartos de final del Mundial de Clubes, donde enfrentar\u00e1 el s\u00e1bado al PSG. Los goles del conjunto europeo fueron obra del chileno Erick Pulgar en propia puerta a los 6 minutos, doblete del ingl\u00e9s Harry [&hellip;]\" \/>\n<meta property=\"og:url\" content=\"https:\/\/futbolhoy.co\/index.php\/2025\/06\/29\/bayern-munich-se-deshizo-de-flamengo-en-el-mundial-de-clubes\/\" \/>\n<meta property=\"article:publisher\" content=\"https:\/\/www.facebook.com\/FutbolHoyCol\/\" \/>\n<meta property=\"article:published_time\" content=\"2025-06-29T22:28:16+00:00\" \/>\n<meta property=\"article:modified_time\" content=\"2025-06-30T02:18:44+00:00\" \/>\n<meta property=\"og:image\" content=\"https:\/\/futbolhoy.co\/wp-content\/uploads\/2025\/06\/IMG_5473.jpeg\" \/>\n\t<meta property=\"og:image:width\" content=\"1179\" \/>\n\t<meta property=\"og:image:height\" content=\"815\" \/>\n\t<meta property=\"og:image:type\" content=\"image\/jpeg\" \/>\n<meta name=\"author\" content=\"contenido\" \/>\n<meta name=\"twitter:card\" content=\"summary_large_image\" \/>\n<meta name=\"twitter:creator\" content=\"@FutbolHoyCol\" \/>\n<meta name=\"twitter:site\" content=\"@FutbolHoyCol\" \/>\n<meta name=\"twitter:label1\" content=\"Escrito por\" \/>\n\t<meta name=\"twitter:data1\" content=\"contenido\" \/>\n<script type=\"application\/ld+json\" class=\"yoast-schema-graph\">{\"@context\":\"https:\/\/schema.org\",\"@graph\":[{\"@type\":\"Article\",\"@id\":\"https:\/\/futbolhoy.co\/index.php\/2025\/06\/29\/bayern-munich-se-deshizo-de-flamengo-en-el-mundial-de-clubes\/#article\",\"isPartOf\":{\"@id\":\"https:\/\/futbolhoy.co\/index.php\/2025\/06\/29\/bayern-munich-se-deshizo-de-flamengo-en-el-mundial-de-clubes\/\"},\"author\":{\"name\":\"contenido\",\"@id\":\"https:\/\/futbolhoy.co\/#\/schema\/person\/1721b69355b6623eaff15ac7b92d4cc3\"},\"headline\":\"Bayern M\u00fanich se deshizo de Flamengo en el Mundial de Clubes\",\"datePublished\":\"2025-06-29T22:28:16+00:00\",\"dateModified\":\"2025-06-30T02:18:44+00:00\",\"mainEntityOfPage\":{\"@id\":\"https:\/\/futbolhoy.co\/index.php\/2025\/06\/29\/bayern-munich-se-deshizo-de-flamengo-en-el-mundial-de-clubes\/\"},\"wordCount\":109,\"commentCount\":0,\"publisher\":{\"@id\":\"https:\/\/futbolhoy.co\/#organization\"},\"image\":{\"@id\":\"https:\/\/futbolhoy.co\/index.php\/2025\/06\/29\/bayern-munich-se-deshizo-de-flamengo-en-el-mundial-de-clubes\/#primaryimage\"},\"thumbnailUrl\":\"https:\/\/futbolhoy.co\/wp-content\/uploads\/2025\/06\/IMG_5473.jpeg\",\"articleSection\":[\"Mundo Futbol\"],\"inLanguage\":\"es\",\"potentialAction\":[{\"@type\":\"CommentAction\",\"name\":\"Comment\",\"target\":[\"https:\/\/futbolhoy.co\/index.php\/2025\/06\/29\/bayern-munich-se-deshizo-de-flamengo-en-el-mundial-de-clubes\/#respond\"]}]},{\"@type\":\"WebPage\",\"@id\":\"https:\/\/futbolhoy.co\/index.php\/2025\/06\/29\/bayern-munich-se-deshizo-de-flamengo-en-el-mundial-de-clubes\/\",\"url\":\"https:\/\/futbolhoy.co\/index.php\/2025\/06\/29\/bayern-munich-se-deshizo-de-flamengo-en-el-mundial-de-clubes\/\",\"name\":\"Bayern M\u00fanich se deshizo de Flamengo en el Mundial de Clubes -\",\"isPartOf\":{\"@id\":\"https:\/\/futbolhoy.co\/#website\"},\"primaryImageOfPage\":{\"@id\":\"https:\/\/futbolhoy.co\/index.php\/2025\/06\/29\/bayern-munich-se-deshizo-de-flamengo-en-el-mundial-de-clubes\/#primaryimage\"},\"image\":{\"@id\":\"https:\/\/futbolhoy.co\/index.php\/2025\/06\/29\/bayern-munich-se-deshizo-de-flamengo-en-el-mundial-de-clubes\/#primaryimage\"},\"thumbnailUrl\":\"https:\/\/futbolhoy.co\/wp-content\/uploads\/2025\/06\/IMG_5473.jpeg\",\"datePublished\":\"2025-06-29T22:28:16+00:00\",\"dateModified\":\"2025-06-30T02:18:44+00:00\",\"breadcrumb\":{\"@id\":\"https:\/\/futbolhoy.co\/index.php\/2025\/06\/29\/bayern-munich-se-deshizo-de-flamengo-en-el-mundial-de-clubes\/#breadcrumb\"},\"inLanguage\":\"es\",\"potentialAction\":[{\"@type\":\"ReadAction\",\"target\":[\"https:\/\/futbolhoy.co\/index.php\/2025\/06\/29\/bayern-munich-se-deshizo-de-flamengo-en-el-mundial-de-clubes\/\"]}]},{\"@type\":\"ImageObject\",\"inLanguage\":\"es\",\"@id\":\"https:\/\/futbolhoy.co\/index.php\/2025\/06\/29\/bayern-munich-se-deshizo-de-flamengo-en-el-mundial-de-clubes\/#primaryimage\",\"url\":\"https:\/\/futbolhoy.co\/wp-content\/uploads\/2025\/06\/IMG_5473.jpeg\",\"contentUrl\":\"https:\/\/futbolhoy.co\/wp-content\/uploads\/2025\/06\/IMG_5473.jpeg\",\"width\":1179,\"height\":815,\"caption\":\"Screenshot\"},{\"@type\":\"BreadcrumbList\",\"@id\":\"https:\/\/futbolhoy.co\/index.php\/2025\/06\/29\/bayern-munich-se-deshizo-de-flamengo-en-el-mundial-de-clubes\/#breadcrumb\",\"itemListElement\":[{\"@type\":\"ListItem\",\"position\":1,\"name\":\"Portada\",\"item\":\"https:\/\/futbolhoy.co\/\"},{\"@type\":\"ListItem\",\"position\":2,\"name\":\"Bayern M\u00fanich se deshizo de Flamengo en el Mundial de Clubes\"}]},{\"@type\":\"WebSite\",\"@id\":\"https:\/\/futbolhoy.co\/#website\",\"url\":\"https:\/\/futbolhoy.co\/\",\"name\":\"FutbolHoy\",\"description\":\"\",\"publisher\":{\"@id\":\"https:\/\/futbolhoy.co\/#organization\"},\"potentialAction\":[{\"@type\":\"SearchAction\",\"target\":{\"@type\":\"EntryPoint\",\"urlTemplate\":\"https:\/\/futbolhoy.co\/?s={search_term_string}\"},\"query-input\":{\"@type\":\"PropertyValueSpecification\",\"valueRequired\":true,\"valueName\":\"search_term_string\"}}],\"inLanguage\":\"es\"},{\"@type\":\"Organization\",\"@id\":\"https:\/\/futbolhoy.co\/#organization\",\"name\":\"Futbolhoy.co\",\"url\":\"https:\/\/futbolhoy.co\/\",\"logo\":{\"@type\":\"ImageObject\",\"inLanguage\":\"es\",\"@id\":\"https:\/\/futbolhoy.co\/#\/schema\/logo\/image\/\",\"url\":\"https:\/\/futbolhoy.co\/wp-content\/uploads\/2018\/08\/17426380_1906371736249227_6326180412931521141_n.jpg\",\"contentUrl\":\"https:\/\/futbolhoy.co\/wp-content\/uploads\/2018\/08\/17426380_1906371736249227_6326180412931521141_n.jpg\",\"width\":960,\"height\":960,\"caption\":\"Futbolhoy.co\"},\"image\":{\"@id\":\"https:\/\/futbolhoy.co\/#\/schema\/logo\/image\/\"},\"sameAs\":[\"https:\/\/www.facebook.com\/FutbolHoyCol\/\",\"https:\/\/x.com\/FutbolHoyCol\",\"https:\/\/www.instagram.com\/futbolhoycol\/\"]},{\"@type\":\"Person\",\"@id\":\"https:\/\/futbolhoy.co\/#\/schema\/person\/1721b69355b6623eaff15ac7b92d4cc3\",\"name\":\"contenido\",\"image\":{\"@type\":\"ImageObject\",\"inLanguage\":\"es\",\"@id\":\"https:\/\/futbolhoy.co\/#\/schema\/person\/image\/\",\"url\":\"https:\/\/secure.gravatar.com\/avatar\/4f656d3256f5134f466206e7c3941518?s=96&d=mm&r=g\",\"contentUrl\":\"https:\/\/secure.gravatar.com\/avatar\/4f656d3256f5134f466206e7c3941518?s=96&d=mm&r=g\",\"caption\":\"contenido\"}}]}<\/script>\n<!-- \/ Yoast SEO plugin. -->","yoast_head_json":{"title":"Bayern M\u00fanich se deshizo de Flamengo en el Mundial de Clubes -","robots":{"index":"index","follow":"follow","max-snippet":"max-snippet:-1","max-image-preview":"max-image-preview:large","max-video-preview":"max-video-preview:-1"},"canonical":"https:\/\/futbolhoy.co\/index.php\/2025\/06\/29\/bayern-munich-se-deshizo-de-flamengo-en-el-mundial-de-clubes\/","og_locale":"es_ES","og_type":"article","og_title":"Bayern M\u00fanich se deshizo de Flamengo en el Mundial de Clubes -","og_description":"El Bayern M\u00fanich de Alemania venci\u00f3 4-2 aFlamengo de Brasil en el Hard Rock de Miamiy se clasific\u00f3 para los cuartos de final del Mundial de Clubes, donde enfrentar\u00e1 el s\u00e1bado al PSG. Los goles del conjunto europeo fueron obra del chileno Erick Pulgar en propia puerta a los 6 minutos, doblete del ingl\u00e9s Harry [&hellip;]","og_url":"https:\/\/futbolhoy.co\/index.php\/2025\/06\/29\/bayern-munich-se-deshizo-de-flamengo-en-el-mundial-de-clubes\/","article_publisher":"https:\/\/www.facebook.com\/FutbolHoyCol\/","article_published_time":"2025-06-29T22:28:16+00:00","article_modified_time":"2025-06-30T02:18:44+00:00","og_image":[{"width":1179,"height":815,"url":"https:\/\/futbolhoy.co\/wp-content\/uploads\/2025\/06\/IMG_5473.jpeg","type":"image\/jpeg"}],"author":"contenido","twitter_card":"summary_large_image","twitter_creator":"@FutbolHoyCol","twitter_site":"@FutbolHoyCol","twitter_misc":{"Escrito por":"contenido"},"schema":{"@context":"https:\/\/schema.org","@graph":[{"@type":"Article","@id":"https:\/\/futbolhoy.co\/index.php\/2025\/06\/29\/bayern-munich-se-deshizo-de-flamengo-en-el-mundial-de-clubes\/#article","isPartOf":{"@id":"https:\/\/futbolhoy.co\/index.php\/2025\/06\/29\/bayern-munich-se-deshizo-de-flamengo-en-el-mundial-de-clubes\/"},"author":{"name":"contenido","@id":"https:\/\/futbolhoy.co\/#\/schema\/person\/1721b69355b6623eaff15ac7b92d4cc3"},"headline":"Bayern M\u00fanich se deshizo de Flamengo en el Mundial de Clubes","datePublished":"2025-06-29T22:28:16+00:00","dateModified":"2025-06-30T02:18:44+00:00","mainEntityOfPage":{"@id":"https:\/\/futbolhoy.co\/index.php\/2025\/06\/29\/bayern-munich-se-deshizo-de-flamengo-en-el-mundial-de-clubes\/"},"wordCount":109,"commentCount":0,"publisher":{"@id":"https:\/\/futbolhoy.co\/#organization"},"image":{"@id":"https:\/\/futbolhoy.co\/index.php\/2025\/06\/29\/bayern-munich-se-deshizo-de-flamengo-en-el-mundial-de-clubes\/#primaryimage"},"thumbnailUrl":"https:\/\/futbolhoy.co\/wp-content\/uploads\/2025\/06\/IMG_5473.jpeg","articleSection":["Mundo Futbol"],"inLanguage":"es","potentialAction":[{"@type":"CommentAction","name":"Comment","target":["https:\/\/futbolhoy.co\/index.php\/2025\/06\/29\/bayern-munich-se-deshizo-de-flamengo-en-el-mundial-de-clubes\/#respond"]}]},{"@type":"WebPage","@id":"https:\/\/futbolhoy.co\/index.php\/2025\/06\/29\/bayern-munich-se-deshizo-de-flamengo-en-el-mundial-de-clubes\/","url":"https:\/\/futbolhoy.co\/index.php\/2025\/06\/29\/bayern-munich-se-deshizo-de-flamengo-en-el-mundial-de-clubes\/","name":"Bayern M\u00fanich se deshizo de Flamengo en el Mundial de Clubes -","isPartOf":{"@id":"https:\/\/futbolhoy.co\/#website"},"primaryImageOfPage":{"@id":"https:\/\/futbolhoy.co\/index.php\/2025\/06\/29\/bayern-munich-se-deshizo-de-flamengo-en-el-mundial-de-clubes\/#primaryimage"},"image":{"@id":"https:\/\/futbolhoy.co\/index.php\/2025\/06\/29\/bayern-munich-se-deshizo-de-flamengo-en-el-mundial-de-clubes\/#primaryimage"},"thumbnailUrl":"https:\/\/futbolhoy.co\/wp-content\/uploads\/2025\/06\/IMG_5473.jpeg","datePublished":"2025-06-29T22:28:16+00:00","dateModified":"2025-06-30T02:18:44+00:00","breadcrumb":{"@id":"https:\/\/futbolhoy.co\/index.php\/2025\/06\/29\/bayern-munich-se-deshizo-de-flamengo-en-el-mundial-de-clubes\/#breadcrumb"},"inLanguage":"es","potentialAction":[{"@type":"ReadAction","target":["https:\/\/futbolhoy.co\/index.php\/2025\/06\/29\/bayern-munich-se-deshizo-de-flamengo-en-el-mundial-de-clubes\/"]}]},{"@type":"ImageObject","inLanguage":"es","@id":"https:\/\/futbolhoy.co\/index.php\/2025\/06\/29\/bayern-munich-se-deshizo-de-flamengo-en-el-mundial-de-clubes\/#primaryimage","url":"https:\/\/futbolhoy.co\/wp-content\/uploads\/2025\/06\/IMG_5473.jpeg","contentUrl":"https:\/\/futbolhoy.co\/wp-content\/uploads\/2025\/06\/IMG_5473.jpeg","width":1179,"height":815,"caption":"Screenshot"},{"@type":"BreadcrumbList","@id":"https:\/\/futbolhoy.co\/index.php\/2025\/06\/29\/bayern-munich-se-deshizo-de-flamengo-en-el-mundial-de-clubes\/#breadcrumb","itemListElement":[{"@type":"ListItem","position":1,"name":"Portada","item":"https:\/\/futbolhoy.co\/"},{"@type":"ListItem","position":2,"name":"Bayern M\u00fanich se deshizo de Flamengo en el Mundial de Clubes"}]},{"@type":"WebSite","@id":"https:\/\/futbolhoy.co\/#website","url":"https:\/\/futbolhoy.co\/","name":"FutbolHoy","description":"","publisher":{"@id":"https:\/\/futbolhoy.co\/#organization"},"potentialAction":[{"@type":"SearchAction","target":{"@type":"EntryPoint","urlTemplate":"https:\/\/futbolhoy.co\/?s={search_term_string}"},"query-input":{"@type":"PropertyValueSpecification","valueRequired":true,"valueName":"search_term_string"}}],"inLanguage":"es"},{"@type":"Organization","@id":"https:\/\/futbolhoy.co\/#organization","name":"Futbolhoy.co","url":"https:\/\/futbolhoy.co\/","logo":{"@type":"ImageObject","inLanguage":"es","@id":"https:\/\/futbolhoy.co\/#\/schema\/logo\/image\/","url":"https:\/\/futbolhoy.co\/wp-content\/uploads\/2018\/08\/17426380_1906371736249227_6326180412931521141_n.jpg","contentUrl":"https:\/\/futbolhoy.co\/wp-content\/uploads\/2018\/08\/17426380_1906371736249227_6326180412931521141_n.jpg","width":960,"height":960,"caption":"Futbolhoy.co"},"image":{"@id":"https:\/\/futbolhoy.co\/#\/schema\/logo\/image\/"},"sameAs":["https:\/\/www.facebook.com\/FutbolHoyCol\/","https:\/\/x.com\/FutbolHoyCol","https:\/\/www.instagram.com\/futbolhoycol\/"]},{"@type":"Person","@id":"https:\/\/futbolhoy.co\/#\/schema\/person\/1721b69355b6623eaff15ac7b92d4cc3","name":"contenido","image":{"@type":"ImageObject","inLanguage":"es","@id":"https:\/\/futbolhoy.co\/#\/schema\/person\/image\/","url":"https:\/\/secure.gravatar.com\/avatar\/4f656d3256f5134f466206e7c3941518?s=96&d=mm&r=g","contentUrl":"https:\/\/secure.gravatar.com\/avatar\/4f656d3256f5134f466206e7c3941518?s=96&d=mm&r=g","caption":"contenido"}}]}},"publishpress_future_action":{"enabled":false,"date":"2026-05-06 07:42:08","action":"change-status","newStatus":"draft","terms":[],"taxonomy":"category","extraData":[]},"publishpress_future_workflow_manual_trigger":{"enabledWorkflows":[]},"_links":{"self":[{"href":"https:\/\/futbolhoy.co\/index.php\/wp-json\/wp\/v2\/posts\/120705","targetHints":{"allow":["GET"]}}],"collection":[{"href":"https:\/\/futbolhoy.co\/index.php\/wp-json\/wp\/v2\/posts"}],"about":[{"href":"https:\/\/futbolhoy.co\/index.php\/wp-json\/wp\/v2\/types\/post"}],"author":[{"embeddable":true,"href":"https:\/\/futbolhoy.co\/index.php\/wp-json\/wp\/v2\/users\/4"}],"replies":[{"embeddable":true,"href":"https:\/\/futbolhoy.co\/index.php\/wp-json\/wp\/v2\/comments?post=120705"}],"version-history":[{"count":1,"href":"https:\/\/futbolhoy.co\/index.php\/wp-json\/wp\/v2\/posts\/120705\/revisions"}],"predecessor-version":[{"id":120707,"href":"https:\/\/futbolhoy.co\/index.php\/wp-json\/wp\/v2\/posts\/120705\/revisions\/120707"}],"wp:featuredmedia":[{"embeddable":true,"href":"https:\/\/futbolhoy.co\/index.php\/wp-json\/wp\/v2\/media\/120706"}],"wp:attachment":[{"href":"https:\/\/futbolhoy.co\/index.php\/wp-json\/wp\/v2\/media?parent=120705"}],"wp:term":[{"taxonomy":"category","embeddable":true,"href":"https:\/\/futbolhoy.co\/index.php\/wp-json\/wp\/v2\/categories?post=120705"},{"taxonomy":"post_tag","embeddable":true,"href":"https:\/\/futbolhoy.co\/index.php\/wp-json\/wp\/v2\/tags?post=120705"}],"curies":[{"name":"wp","href":"https:\/\/api.w.org\/{rel}","templated":true}]}}