{"id":120716,"date":"2025-06-29T20:45:30","date_gmt":"2025-06-30T01:45:30","guid":{"rendered":"https:\/\/futbolhoy.co\/?p=120716"},"modified":"2025-07-01T12:31:41","modified_gmt":"2025-07-01T17:31:41","slug":"santa-fe-campeon-de-colombia-llego-la-decima-estrella","status":"publish","type":"post","link":"https:\/\/futbolhoy.co\/index.php\/2025\/06\/29\/santa-fe-campeon-de-colombia-llego-la-decima-estrella\/","title":{"rendered":"Santa Fe campe\u00f3n de Colombia: Lleg\u00f3 la d\u00e9cima estrella"},"content":{"rendered":"<p class=\"ydp8d12dc12MsoNormal\" style=\"text-align: justify;\"><span lang=\"ES-MX\" style=\"font-family: helvetica, arial, sans-serif;\">El mejor guionista de pel\u00edculas y novelas no hubiera imaginado escribir el argumento de la final de la <b>Liga colombiana en el estadio Atanasio Girardot<\/b>, remontada, victoria y d\u00e9cimo t\u00edtulo para <b>Santa Fe 1-2 sobre el Medell\u00edn<\/b> con gol de <b>un lesionado Hugo Rodallega<\/b>.<\/span><\/p>\n<p class=\"ydp8d12dc12MsoNormal\" style=\"text-align: justify;\"><span lang=\"ES-MX\" style=\"font-family: helvetica, arial, sans-serif;\">El partido ante un imponente escenario con m\u00e1s de 44 mil espectadores se inici\u00f3 con mucho estudio y precauciones de ambos lados, hasta que un contragolpe bien estructurado por parte del local culmin\u00f3 con la apertura del marcador por intermedio del atacante <b>argentino Francisco Fydriszewski<\/b> a los 18 minutos.<\/span><\/p>\n<p class=\"ydp8d12dc12MsoNormal\" style=\"text-align: justify;\"><span lang=\"ES-MX\" style=\"font-family: helvetica, arial, sans-serif;\">Pero la visita, contrario a lo que se pudiera pensar, se asent\u00f3 en el juego, se apoder\u00f3 del bal\u00f3n y empez\u00f3 a elaborar, hasta que logr\u00f3 la igualdad a la salida de un saque de banda con golpe de cabeza de <b>Harold Santiago Mosquera<\/b> a los 31\u2019. As\u00ed se fueron al descanso.<\/span><\/p>\n<p class=\"ydp8d12dc12MsoNormal\" style=\"text-align: justify;\"><span lang=\"ES-MX\" style=\"font-family: helvetica, arial, sans-serif;\">Para la etapa complementaria, el tr\u00e1mite del compromiso fue el mismo, pero <b>Santa Fe<\/b> tuvo que empezar a realizar modificaciones por inconvenientes f\u00edsicos de sus titulares y entre ellos ingres\u00f3 <b>Edwar Lopez<\/b> a los 74 minutos por el autor del empate.<\/span><\/p>\n<p class=\"ydp8d12dc12MsoNormal\" style=\"text-align: justify;\"><span lang=\"ES-MX\" style=\"font-family: helvetica, arial, sans-serif;\">L\u00f3pez fue fundamental en el gol del t\u00edtulo, desbordando por derecha, levantando la cabeza y cediendo un pase perfecto para el capit\u00e1n Rodallega, lesionado defini\u00f3 a placer y le entreg\u00f3 la d\u00e9cima estrella al <b>Le\u00f3n<\/b> capitalino a los 79 minutos.<\/span><\/p>\n<p class=\"ydp8d12dc12MsoNormal\" style=\"text-align: justify;\"><span style=\"font-family: helvetica, arial, sans-serif;\"><b><span lang=\"ES-MX\">El t\u00e9cnico uruguayo Jorge Bava<\/span><\/b><span lang=\"ES-MX\"> estableci\u00f3 un r\u00e9cord para que un entrenador alcance un t\u00edtulo de Liga en Colombia con menos de tres meses al frente del <b>Cardenal<\/b>.<\/span><\/span><\/p>\n<p class=\"ydp8d12dc12MsoNormal\" style=\"text-align: justify;\"><span lang=\"ES-MX\" style=\"font-family: helvetica, arial, sans-serif;\">Santa Fe se convirti\u00f3 en el <b>primer representante de Colombia en la Copa Libertadores 2026<\/b> y directamente en la fase de grupos.<\/span><\/p>\n","protected":false},"excerpt":{"rendered":"<p>El mejor guionista de pel\u00edculas y novelas no hubiera imaginado escribir el argumento de la final de la Liga colombiana en el estadio Atanasio Girardot, remontada, victoria y d\u00e9cimo t\u00edtulo para Santa Fe 1-2 sobre el Medell\u00edn con gol de un lesionado Hugo Rodallega. El partido ante un imponente escenario con m\u00e1s de 44 mil [&hellip;]<\/p>\n","protected":false},"author":4,"featured_media":120717,"comment_status":"open","ping_status":"open","sticky":false,"template":"","format":"standard","meta":{"_acf_changed":false,"footnotes":""},"categories":[7],"tags":[],"class_list":{"0":"post-120716","1":"post","2":"type-post","3":"status-publish","4":"format-standard","5":"has-post-thumbnail","7":"category-liga-betplay"},"acf":[],"yoast_head":"<!-- This site is optimized with the Yoast SEO plugin v26.8 - https:\/\/yoast.com\/product\/yoast-seo-wordpress\/ -->\n<title>Santa Fe campe\u00f3n de Colombia: Lleg\u00f3 la d\u00e9cima estrella -<\/title>\n<meta name=\"robots\" content=\"index, follow, max-snippet:-1, max-image-preview:large, max-video-preview:-1\" \/>\n<link rel=\"canonical\" href=\"https:\/\/futbolhoy.co\/index.php\/2025\/06\/29\/santa-fe-campeon-de-colombia-llego-la-decima-estrella\/\" \/>\n<meta property=\"og:locale\" content=\"es_ES\" \/>\n<meta property=\"og:type\" content=\"article\" \/>\n<meta property=\"og:title\" content=\"Santa Fe campe\u00f3n de Colombia: Lleg\u00f3 la d\u00e9cima estrella -\" \/>\n<meta property=\"og:description\" content=\"El mejor guionista de pel\u00edculas y novelas no hubiera imaginado escribir el argumento de la final de la Liga colombiana en el estadio Atanasio Girardot, remontada, victoria y d\u00e9cimo t\u00edtulo para Santa Fe 1-2 sobre el Medell\u00edn con gol de un lesionado Hugo Rodallega. El partido ante un imponente escenario con m\u00e1s de 44 mil [&hellip;]\" \/>\n<meta property=\"og:url\" content=\"https:\/\/futbolhoy.co\/index.php\/2025\/06\/29\/santa-fe-campeon-de-colombia-llego-la-decima-estrella\/\" \/>\n<meta property=\"article:publisher\" content=\"https:\/\/www.facebook.com\/FutbolHoyCol\/\" \/>\n<meta property=\"article:published_time\" content=\"2025-06-30T01:45:30+00:00\" \/>\n<meta property=\"article:modified_time\" content=\"2025-07-01T17:31:41+00:00\" \/>\n<meta property=\"og:image\" content=\"https:\/\/futbolhoy.co\/wp-content\/uploads\/2025\/06\/IMG_5480.png\" \/>\n\t<meta property=\"og:image:width\" content=\"750\" \/>\n\t<meta property=\"og:image:height\" content=\"450\" \/>\n\t<meta property=\"og:image:type\" content=\"image\/png\" \/>\n<meta name=\"author\" content=\"contenido\" \/>\n<meta name=\"twitter:card\" content=\"summary_large_image\" \/>\n<meta name=\"twitter:creator\" content=\"@FutbolHoyCol\" \/>\n<meta name=\"twitter:site\" content=\"@FutbolHoyCol\" \/>\n<meta name=\"twitter:label1\" content=\"Escrito por\" \/>\n\t<meta name=\"twitter:data1\" content=\"contenido\" \/>\n\t<meta name=\"twitter:label2\" content=\"Tiempo de lectura\" \/>\n\t<meta name=\"twitter:data2\" content=\"1 minuto\" \/>\n<script type=\"application\/ld+json\" class=\"yoast-schema-graph\">{\"@context\":\"https:\/\/schema.org\",\"@graph\":[{\"@type\":\"Article\",\"@id\":\"https:\/\/futbolhoy.co\/index.php\/2025\/06\/29\/santa-fe-campeon-de-colombia-llego-la-decima-estrella\/#article\",\"isPartOf\":{\"@id\":\"https:\/\/futbolhoy.co\/index.php\/2025\/06\/29\/santa-fe-campeon-de-colombia-llego-la-decima-estrella\/\"},\"author\":{\"name\":\"contenido\",\"@id\":\"https:\/\/futbolhoy.co\/#\/schema\/person\/1721b69355b6623eaff15ac7b92d4cc3\"},\"headline\":\"Santa Fe campe\u00f3n de Colombia: Lleg\u00f3 la d\u00e9cima estrella\",\"datePublished\":\"2025-06-30T01:45:30+00:00\",\"dateModified\":\"2025-07-01T17:31:41+00:00\",\"mainEntityOfPage\":{\"@id\":\"https:\/\/futbolhoy.co\/index.php\/2025\/06\/29\/santa-fe-campeon-de-colombia-llego-la-decima-estrella\/\"},\"wordCount\":297,\"commentCount\":0,\"publisher\":{\"@id\":\"https:\/\/futbolhoy.co\/#organization\"},\"image\":{\"@id\":\"https:\/\/futbolhoy.co\/index.php\/2025\/06\/29\/santa-fe-campeon-de-colombia-llego-la-decima-estrella\/#primaryimage\"},\"thumbnailUrl\":\"https:\/\/futbolhoy.co\/wp-content\/uploads\/2025\/06\/IMG_5480.png\",\"articleSection\":[\"Liga BetPlay\"],\"inLanguage\":\"es\",\"potentialAction\":[{\"@type\":\"CommentAction\",\"name\":\"Comment\",\"target\":[\"https:\/\/futbolhoy.co\/index.php\/2025\/06\/29\/santa-fe-campeon-de-colombia-llego-la-decima-estrella\/#respond\"]}]},{\"@type\":\"WebPage\",\"@id\":\"https:\/\/futbolhoy.co\/index.php\/2025\/06\/29\/santa-fe-campeon-de-colombia-llego-la-decima-estrella\/\",\"url\":\"https:\/\/futbolhoy.co\/index.php\/2025\/06\/29\/santa-fe-campeon-de-colombia-llego-la-decima-estrella\/\",\"name\":\"Santa Fe campe\u00f3n de Colombia: Lleg\u00f3 la d\u00e9cima estrella -\",\"isPartOf\":{\"@id\":\"https:\/\/futbolhoy.co\/#website\"},\"primaryImageOfPage\":{\"@id\":\"https:\/\/futbolhoy.co\/index.php\/2025\/06\/29\/santa-fe-campeon-de-colombia-llego-la-decima-estrella\/#primaryimage\"},\"image\":{\"@id\":\"https:\/\/futbolhoy.co\/index.php\/2025\/06\/29\/santa-fe-campeon-de-colombia-llego-la-decima-estrella\/#primaryimage\"},\"thumbnailUrl\":\"https:\/\/futbolhoy.co\/wp-content\/uploads\/2025\/06\/IMG_5480.png\",\"datePublished\":\"2025-06-30T01:45:30+00:00\",\"dateModified\":\"2025-07-01T17:31:41+00:00\",\"breadcrumb\":{\"@id\":\"https:\/\/futbolhoy.co\/index.php\/2025\/06\/29\/santa-fe-campeon-de-colombia-llego-la-decima-estrella\/#breadcrumb\"},\"inLanguage\":\"es\",\"potentialAction\":[{\"@type\":\"ReadAction\",\"target\":[\"https:\/\/futbolhoy.co\/index.php\/2025\/06\/29\/santa-fe-campeon-de-colombia-llego-la-decima-estrella\/\"]}]},{\"@type\":\"ImageObject\",\"inLanguage\":\"es\",\"@id\":\"https:\/\/futbolhoy.co\/index.php\/2025\/06\/29\/santa-fe-campeon-de-colombia-llego-la-decima-estrella\/#primaryimage\",\"url\":\"https:\/\/futbolhoy.co\/wp-content\/uploads\/2025\/06\/IMG_5480.png\",\"contentUrl\":\"https:\/\/futbolhoy.co\/wp-content\/uploads\/2025\/06\/IMG_5480.png\",\"width\":750,\"height\":450},{\"@type\":\"BreadcrumbList\",\"@id\":\"https:\/\/futbolhoy.co\/index.php\/2025\/06\/29\/santa-fe-campeon-de-colombia-llego-la-decima-estrella\/#breadcrumb\",\"itemListElement\":[{\"@type\":\"ListItem\",\"position\":1,\"name\":\"Portada\",\"item\":\"https:\/\/futbolhoy.co\/\"},{\"@type\":\"ListItem\",\"position\":2,\"name\":\"Santa Fe campe\u00f3n de Colombia: Lleg\u00f3 la d\u00e9cima estrella\"}]},{\"@type\":\"WebSite\",\"@id\":\"https:\/\/futbolhoy.co\/#website\",\"url\":\"https:\/\/futbolhoy.co\/\",\"name\":\"FutbolHoy\",\"description\":\"\",\"publisher\":{\"@id\":\"https:\/\/futbolhoy.co\/#organization\"},\"potentialAction\":[{\"@type\":\"SearchAction\",\"target\":{\"@type\":\"EntryPoint\",\"urlTemplate\":\"https:\/\/futbolhoy.co\/?s={search_term_string}\"},\"query-input\":{\"@type\":\"PropertyValueSpecification\",\"valueRequired\":true,\"valueName\":\"search_term_string\"}}],\"inLanguage\":\"es\"},{\"@type\":\"Organization\",\"@id\":\"https:\/\/futbolhoy.co\/#organization\",\"name\":\"Futbolhoy.co\",\"url\":\"https:\/\/futbolhoy.co\/\",\"logo\":{\"@type\":\"ImageObject\",\"inLanguage\":\"es\",\"@id\":\"https:\/\/futbolhoy.co\/#\/schema\/logo\/image\/\",\"url\":\"https:\/\/futbolhoy.co\/wp-content\/uploads\/2018\/08\/17426380_1906371736249227_6326180412931521141_n.jpg\",\"contentUrl\":\"https:\/\/futbolhoy.co\/wp-content\/uploads\/2018\/08\/17426380_1906371736249227_6326180412931521141_n.jpg\",\"width\":960,\"height\":960,\"caption\":\"Futbolhoy.co\"},\"image\":{\"@id\":\"https:\/\/futbolhoy.co\/#\/schema\/logo\/image\/\"},\"sameAs\":[\"https:\/\/www.facebook.com\/FutbolHoyCol\/\",\"https:\/\/x.com\/FutbolHoyCol\",\"https:\/\/www.instagram.com\/futbolhoycol\/\"]},{\"@type\":\"Person\",\"@id\":\"https:\/\/futbolhoy.co\/#\/schema\/person\/1721b69355b6623eaff15ac7b92d4cc3\",\"name\":\"contenido\",\"image\":{\"@type\":\"ImageObject\",\"inLanguage\":\"es\",\"@id\":\"https:\/\/futbolhoy.co\/#\/schema\/person\/image\/\",\"url\":\"https:\/\/secure.gravatar.com\/avatar\/4f656d3256f5134f466206e7c3941518?s=96&d=mm&r=g\",\"contentUrl\":\"https:\/\/secure.gravatar.com\/avatar\/4f656d3256f5134f466206e7c3941518?s=96&d=mm&r=g\",\"caption\":\"contenido\"}}]}<\/script>\n<!-- \/ Yoast SEO plugin. -->","yoast_head_json":{"title":"Santa Fe campe\u00f3n de Colombia: Lleg\u00f3 la d\u00e9cima estrella -","robots":{"index":"index","follow":"follow","max-snippet":"max-snippet:-1","max-image-preview":"max-image-preview:large","max-video-preview":"max-video-preview:-1"},"canonical":"https:\/\/futbolhoy.co\/index.php\/2025\/06\/29\/santa-fe-campeon-de-colombia-llego-la-decima-estrella\/","og_locale":"es_ES","og_type":"article","og_title":"Santa Fe campe\u00f3n de Colombia: Lleg\u00f3 la d\u00e9cima estrella -","og_description":"El mejor guionista de pel\u00edculas y novelas no hubiera imaginado escribir el argumento de la final de la Liga colombiana en el estadio Atanasio Girardot, remontada, victoria y d\u00e9cimo t\u00edtulo para Santa Fe 1-2 sobre el Medell\u00edn con gol de un lesionado Hugo Rodallega. El partido ante un imponente escenario con m\u00e1s de 44 mil [&hellip;]","og_url":"https:\/\/futbolhoy.co\/index.php\/2025\/06\/29\/santa-fe-campeon-de-colombia-llego-la-decima-estrella\/","article_publisher":"https:\/\/www.facebook.com\/FutbolHoyCol\/","article_published_time":"2025-06-30T01:45:30+00:00","article_modified_time":"2025-07-01T17:31:41+00:00","og_image":[{"width":750,"height":450,"url":"https:\/\/futbolhoy.co\/wp-content\/uploads\/2025\/06\/IMG_5480.png","type":"image\/png"}],"author":"contenido","twitter_card":"summary_large_image","twitter_creator":"@FutbolHoyCol","twitter_site":"@FutbolHoyCol","twitter_misc":{"Escrito por":"contenido","Tiempo de lectura":"1 minuto"},"schema":{"@context":"https:\/\/schema.org","@graph":[{"@type":"Article","@id":"https:\/\/futbolhoy.co\/index.php\/2025\/06\/29\/santa-fe-campeon-de-colombia-llego-la-decima-estrella\/#article","isPartOf":{"@id":"https:\/\/futbolhoy.co\/index.php\/2025\/06\/29\/santa-fe-campeon-de-colombia-llego-la-decima-estrella\/"},"author":{"name":"contenido","@id":"https:\/\/futbolhoy.co\/#\/schema\/person\/1721b69355b6623eaff15ac7b92d4cc3"},"headline":"Santa Fe campe\u00f3n de Colombia: Lleg\u00f3 la d\u00e9cima estrella","datePublished":"2025-06-30T01:45:30+00:00","dateModified":"2025-07-01T17:31:41+00:00","mainEntityOfPage":{"@id":"https:\/\/futbolhoy.co\/index.php\/2025\/06\/29\/santa-fe-campeon-de-colombia-llego-la-decima-estrella\/"},"wordCount":297,"commentCount":0,"publisher":{"@id":"https:\/\/futbolhoy.co\/#organization"},"image":{"@id":"https:\/\/futbolhoy.co\/index.php\/2025\/06\/29\/santa-fe-campeon-de-colombia-llego-la-decima-estrella\/#primaryimage"},"thumbnailUrl":"https:\/\/futbolhoy.co\/wp-content\/uploads\/2025\/06\/IMG_5480.png","articleSection":["Liga BetPlay"],"inLanguage":"es","potentialAction":[{"@type":"CommentAction","name":"Comment","target":["https:\/\/futbolhoy.co\/index.php\/2025\/06\/29\/santa-fe-campeon-de-colombia-llego-la-decima-estrella\/#respond"]}]},{"@type":"WebPage","@id":"https:\/\/futbolhoy.co\/index.php\/2025\/06\/29\/santa-fe-campeon-de-colombia-llego-la-decima-estrella\/","url":"https:\/\/futbolhoy.co\/index.php\/2025\/06\/29\/santa-fe-campeon-de-colombia-llego-la-decima-estrella\/","name":"Santa Fe campe\u00f3n de Colombia: Lleg\u00f3 la d\u00e9cima estrella -","isPartOf":{"@id":"https:\/\/futbolhoy.co\/#website"},"primaryImageOfPage":{"@id":"https:\/\/futbolhoy.co\/index.php\/2025\/06\/29\/santa-fe-campeon-de-colombia-llego-la-decima-estrella\/#primaryimage"},"image":{"@id":"https:\/\/futbolhoy.co\/index.php\/2025\/06\/29\/santa-fe-campeon-de-colombia-llego-la-decima-estrella\/#primaryimage"},"thumbnailUrl":"https:\/\/futbolhoy.co\/wp-content\/uploads\/2025\/06\/IMG_5480.png","datePublished":"2025-06-30T01:45:30+00:00","dateModified":"2025-07-01T17:31:41+00:00","breadcrumb":{"@id":"https:\/\/futbolhoy.co\/index.php\/2025\/06\/29\/santa-fe-campeon-de-colombia-llego-la-decima-estrella\/#breadcrumb"},"inLanguage":"es","potentialAction":[{"@type":"ReadAction","target":["https:\/\/futbolhoy.co\/index.php\/2025\/06\/29\/santa-fe-campeon-de-colombia-llego-la-decima-estrella\/"]}]},{"@type":"ImageObject","inLanguage":"es","@id":"https:\/\/futbolhoy.co\/index.php\/2025\/06\/29\/santa-fe-campeon-de-colombia-llego-la-decima-estrella\/#primaryimage","url":"https:\/\/futbolhoy.co\/wp-content\/uploads\/2025\/06\/IMG_5480.png","contentUrl":"https:\/\/futbolhoy.co\/wp-content\/uploads\/2025\/06\/IMG_5480.png","width":750,"height":450},{"@type":"BreadcrumbList","@id":"https:\/\/futbolhoy.co\/index.php\/2025\/06\/29\/santa-fe-campeon-de-colombia-llego-la-decima-estrella\/#breadcrumb","itemListElement":[{"@type":"ListItem","position":1,"name":"Portada","item":"https:\/\/futbolhoy.co\/"},{"@type":"ListItem","position":2,"name":"Santa Fe campe\u00f3n de Colombia: Lleg\u00f3 la d\u00e9cima estrella"}]},{"@type":"WebSite","@id":"https:\/\/futbolhoy.co\/#website","url":"https:\/\/futbolhoy.co\/","name":"FutbolHoy","description":"","publisher":{"@id":"https:\/\/futbolhoy.co\/#organization"},"potentialAction":[{"@type":"SearchAction","target":{"@type":"EntryPoint","urlTemplate":"https:\/\/futbolhoy.co\/?s={search_term_string}"},"query-input":{"@type":"PropertyValueSpecification","valueRequired":true,"valueName":"search_term_string"}}],"inLanguage":"es"},{"@type":"Organization","@id":"https:\/\/futbolhoy.co\/#organization","name":"Futbolhoy.co","url":"https:\/\/futbolhoy.co\/","logo":{"@type":"ImageObject","inLanguage":"es","@id":"https:\/\/futbolhoy.co\/#\/schema\/logo\/image\/","url":"https:\/\/futbolhoy.co\/wp-content\/uploads\/2018\/08\/17426380_1906371736249227_6326180412931521141_n.jpg","contentUrl":"https:\/\/futbolhoy.co\/wp-content\/uploads\/2018\/08\/17426380_1906371736249227_6326180412931521141_n.jpg","width":960,"height":960,"caption":"Futbolhoy.co"},"image":{"@id":"https:\/\/futbolhoy.co\/#\/schema\/logo\/image\/"},"sameAs":["https:\/\/www.facebook.com\/FutbolHoyCol\/","https:\/\/x.com\/FutbolHoyCol","https:\/\/www.instagram.com\/futbolhoycol\/"]},{"@type":"Person","@id":"https:\/\/futbolhoy.co\/#\/schema\/person\/1721b69355b6623eaff15ac7b92d4cc3","name":"contenido","image":{"@type":"ImageObject","inLanguage":"es","@id":"https:\/\/futbolhoy.co\/#\/schema\/person\/image\/","url":"https:\/\/secure.gravatar.com\/avatar\/4f656d3256f5134f466206e7c3941518?s=96&d=mm&r=g","contentUrl":"https:\/\/secure.gravatar.com\/avatar\/4f656d3256f5134f466206e7c3941518?s=96&d=mm&r=g","caption":"contenido"}}]}},"publishpress_future_action":{"enabled":false,"date":"2026-05-06 09:59:08","action":"change-status","newStatus":"draft","terms":[],"taxonomy":"category","extraData":[]},"publishpress_future_workflow_manual_trigger":{"enabledWorkflows":[]},"_links":{"self":[{"href":"https:\/\/futbolhoy.co\/index.php\/wp-json\/wp\/v2\/posts\/120716","targetHints":{"allow":["GET"]}}],"collection":[{"href":"https:\/\/futbolhoy.co\/index.php\/wp-json\/wp\/v2\/posts"}],"about":[{"href":"https:\/\/futbolhoy.co\/index.php\/wp-json\/wp\/v2\/types\/post"}],"author":[{"embeddable":true,"href":"https:\/\/futbolhoy.co\/index.php\/wp-json\/wp\/v2\/users\/4"}],"replies":[{"embeddable":true,"href":"https:\/\/futbolhoy.co\/index.php\/wp-json\/wp\/v2\/comments?post=120716"}],"version-history":[{"count":2,"href":"https:\/\/futbolhoy.co\/index.php\/wp-json\/wp\/v2\/posts\/120716\/revisions"}],"predecessor-version":[{"id":120734,"href":"https:\/\/futbolhoy.co\/index.php\/wp-json\/wp\/v2\/posts\/120716\/revisions\/120734"}],"wp:featuredmedia":[{"embeddable":true,"href":"https:\/\/futbolhoy.co\/index.php\/wp-json\/wp\/v2\/media\/120717"}],"wp:attachment":[{"href":"https:\/\/futbolhoy.co\/index.php\/wp-json\/wp\/v2\/media?parent=120716"}],"wp:term":[{"taxonomy":"category","embeddable":true,"href":"https:\/\/futbolhoy.co\/index.php\/wp-json\/wp\/v2\/categories?post=120716"},{"taxonomy":"post_tag","embeddable":true,"href":"https:\/\/futbolhoy.co\/index.php\/wp-json\/wp\/v2\/tags?post=120716"}],"curies":[{"name":"wp","href":"https:\/\/api.w.org\/{rel}","templated":true}]}}