{"id":120719,"date":"2025-06-29T21:13:55","date_gmt":"2025-06-30T02:13:55","guid":{"rendered":"https:\/\/futbolhoy.co\/?p=120719"},"modified":"2025-07-01T17:46:39","modified_gmt":"2025-07-01T22:46:39","slug":"detras-del-titulo-rodallega-jugo-la-final-con-una-fractura","status":"publish","type":"post","link":"https:\/\/futbolhoy.co\/index.php\/2025\/06\/29\/detras-del-titulo-rodallega-jugo-la-final-con-una-fractura\/","title":{"rendered":"Detr\u00e1s del t\u00edtulo: Rodallega jug\u00f3 la final con una fractura"},"content":{"rendered":"<p style=\"text-align: justify;\"><span style=\"font-family: helvetica, arial, sans-serif;\">Lleg\u00f3 la anhelada d\u00e9cima estrella para Santa Fe, pero detr\u00e1s del t\u00edtulo se conoci\u00f3 una historia de respeto y amor por la camiseta: <b>Hugo Rodallega jug\u00f3 las finales con una fractura de tabique<\/b>, y en la previa del partido de vuelta se lesion\u00f3.<\/span><\/p>\n<p style=\"text-align: justify;\"><span style=\"font-family: helvetica, arial, sans-serif;\">El goleador de la <b>Liga 2025-1 no solamente dio muestra de su nivel futbol\u00edstico,<\/b> sino tambi\u00e9n del compromiso y anhel\u00f3 que ten\u00eda por ser campe\u00f3n, al punto de jugar lesionado en el juego de vuelta este domingo en el Atanasio Girardot.<\/span><\/p>\n<p style=\"text-align: justify;\"><span style=\"font-family: helvetica, arial, sans-serif;\">Despu\u00e9s del t\u00edtulo, Rodallega confes\u00f3 que se tendr\u00e1 que someter a una cirug\u00eda por una fractura en su tabique. Posteriormente, <b>Daniel Torres afirm\u00f3 que el goleador<\/b> jug\u00f3 la final tras haberse lesionado en el calentamiento.<\/span><\/p>\n<p style=\"text-align: justify;\"><span style=\"font-family: helvetica, arial, sans-serif;\">Y las im\u00e1genes no lo dejaron mentir. Segundos antes de que Rodallega anotara el gol del t\u00edtulo, estaba entre l\u00e1grimas <b>llorando por no querer ser sustituido<\/b>, lesionado y cojeando, pero as\u00ed fue como anot\u00f3 el segundo para el Le\u00f3n, celebrando literalmente saltando en una pierna.<\/span><\/p>\n<blockquote class=\"twitter-tweet\" data-media-max-width=\"560\">\n<p dir=\"ltr\" lang=\"es\">Casi tres minutos que quedan para la eternidad \ud83c\udf1f<\/p>\n<p>A Hugo Rodallega le tengo una pedida de disculpas aparte. Por ahora, su nombre queda escrito en letras doradas en la historia de Independiente Santa Fe \ud83e\udd81\ud83c\uddee\ud83c\udde9 <a href=\"https:\/\/t.co\/tOgK4rzzLV\">pic.twitter.com\/tOgK4rzzLV<\/a><\/p>\n<p>\u2014 Carolina \u2b55\ufe0f (@MarquezCaroR) <a href=\"https:\/\/twitter.com\/MarquezCaroR\/status\/1939505624686961088?ref_src=twsrc%5Etfw\">June 30, 2025<\/a><\/p><\/blockquote>\n<p><script async src=\"https:\/\/platform.twitter.com\/widgets.js\" charset=\"utf-8\"><\/script><\/p>\n","protected":false},"excerpt":{"rendered":"<p>Lleg\u00f3 la anhelada d\u00e9cima estrella para Santa Fe, pero detr\u00e1s del t\u00edtulo se conoci\u00f3 una historia de respeto y amor por la camiseta: Hugo Rodallega jug\u00f3 las finales con una fractura de tabique, y en la previa del partido de vuelta se lesion\u00f3. El goleador de la Liga 2025-1 no solamente dio muestra de su [&hellip;]<\/p>\n","protected":false},"author":4,"featured_media":120721,"comment_status":"open","ping_status":"open","sticky":false,"template":"","format":"standard","meta":{"_acf_changed":false,"footnotes":""},"categories":[7],"tags":[],"class_list":{"0":"post-120719","1":"post","2":"type-post","3":"status-publish","4":"format-standard","5":"has-post-thumbnail","7":"category-liga-betplay"},"acf":[],"yoast_head":"<!-- This site is optimized with the Yoast SEO plugin v26.8 - https:\/\/yoast.com\/product\/yoast-seo-wordpress\/ -->\n<title>Detr\u00e1s del t\u00edtulo: Rodallega jug\u00f3 la final con una fractura -<\/title>\n<meta name=\"robots\" content=\"index, follow, max-snippet:-1, max-image-preview:large, max-video-preview:-1\" \/>\n<link rel=\"canonical\" href=\"https:\/\/futbolhoy.co\/index.php\/2025\/06\/29\/detras-del-titulo-rodallega-jugo-la-final-con-una-fractura\/\" \/>\n<meta property=\"og:locale\" content=\"es_ES\" \/>\n<meta property=\"og:type\" content=\"article\" \/>\n<meta property=\"og:title\" content=\"Detr\u00e1s del t\u00edtulo: Rodallega jug\u00f3 la final con una fractura -\" \/>\n<meta property=\"og:description\" content=\"Lleg\u00f3 la anhelada d\u00e9cima estrella para Santa Fe, pero detr\u00e1s del t\u00edtulo se conoci\u00f3 una historia de respeto y amor por la camiseta: Hugo Rodallega jug\u00f3 las finales con una fractura de tabique, y en la previa del partido de vuelta se lesion\u00f3. El goleador de la Liga 2025-1 no solamente dio muestra de su [&hellip;]\" \/>\n<meta property=\"og:url\" content=\"https:\/\/futbolhoy.co\/index.php\/2025\/06\/29\/detras-del-titulo-rodallega-jugo-la-final-con-una-fractura\/\" \/>\n<meta property=\"article:publisher\" content=\"https:\/\/www.facebook.com\/FutbolHoyCol\/\" \/>\n<meta property=\"article:published_time\" content=\"2025-06-30T02:13:55+00:00\" \/>\n<meta property=\"article:modified_time\" content=\"2025-07-01T22:46:39+00:00\" \/>\n<meta property=\"og:image\" content=\"https:\/\/futbolhoy.co\/wp-content\/uploads\/2025\/06\/IMG_5486.jpeg\" \/>\n\t<meta property=\"og:image:width\" content=\"920\" \/>\n\t<meta property=\"og:image:height\" content=\"613\" \/>\n\t<meta property=\"og:image:type\" content=\"image\/jpeg\" \/>\n<meta name=\"author\" content=\"contenido\" \/>\n<meta name=\"twitter:card\" content=\"summary_large_image\" \/>\n<meta name=\"twitter:creator\" content=\"@FutbolHoyCol\" \/>\n<meta name=\"twitter:site\" content=\"@FutbolHoyCol\" \/>\n<meta name=\"twitter:label1\" content=\"Escrito por\" \/>\n\t<meta name=\"twitter:data1\" content=\"contenido\" \/>\n\t<meta name=\"twitter:label2\" content=\"Tiempo de lectura\" \/>\n\t<meta name=\"twitter:data2\" content=\"1 minuto\" \/>\n<script type=\"application\/ld+json\" class=\"yoast-schema-graph\">{\"@context\":\"https:\/\/schema.org\",\"@graph\":[{\"@type\":\"Article\",\"@id\":\"https:\/\/futbolhoy.co\/index.php\/2025\/06\/29\/detras-del-titulo-rodallega-jugo-la-final-con-una-fractura\/#article\",\"isPartOf\":{\"@id\":\"https:\/\/futbolhoy.co\/index.php\/2025\/06\/29\/detras-del-titulo-rodallega-jugo-la-final-con-una-fractura\/\"},\"author\":{\"name\":\"contenido\",\"@id\":\"https:\/\/futbolhoy.co\/#\/schema\/person\/1721b69355b6623eaff15ac7b92d4cc3\"},\"headline\":\"Detr\u00e1s del t\u00edtulo: Rodallega jug\u00f3 la final con una fractura\",\"datePublished\":\"2025-06-30T02:13:55+00:00\",\"dateModified\":\"2025-07-01T22:46:39+00:00\",\"mainEntityOfPage\":{\"@id\":\"https:\/\/futbolhoy.co\/index.php\/2025\/06\/29\/detras-del-titulo-rodallega-jugo-la-final-con-una-fractura\/\"},\"wordCount\":232,\"commentCount\":0,\"publisher\":{\"@id\":\"https:\/\/futbolhoy.co\/#organization\"},\"image\":{\"@id\":\"https:\/\/futbolhoy.co\/index.php\/2025\/06\/29\/detras-del-titulo-rodallega-jugo-la-final-con-una-fractura\/#primaryimage\"},\"thumbnailUrl\":\"https:\/\/futbolhoy.co\/wp-content\/uploads\/2025\/06\/IMG_5486.jpeg\",\"articleSection\":[\"Liga BetPlay\"],\"inLanguage\":\"es\",\"potentialAction\":[{\"@type\":\"CommentAction\",\"name\":\"Comment\",\"target\":[\"https:\/\/futbolhoy.co\/index.php\/2025\/06\/29\/detras-del-titulo-rodallega-jugo-la-final-con-una-fractura\/#respond\"]}]},{\"@type\":\"WebPage\",\"@id\":\"https:\/\/futbolhoy.co\/index.php\/2025\/06\/29\/detras-del-titulo-rodallega-jugo-la-final-con-una-fractura\/\",\"url\":\"https:\/\/futbolhoy.co\/index.php\/2025\/06\/29\/detras-del-titulo-rodallega-jugo-la-final-con-una-fractura\/\",\"name\":\"Detr\u00e1s del t\u00edtulo: Rodallega jug\u00f3 la final con una fractura -\",\"isPartOf\":{\"@id\":\"https:\/\/futbolhoy.co\/#website\"},\"primaryImageOfPage\":{\"@id\":\"https:\/\/futbolhoy.co\/index.php\/2025\/06\/29\/detras-del-titulo-rodallega-jugo-la-final-con-una-fractura\/#primaryimage\"},\"image\":{\"@id\":\"https:\/\/futbolhoy.co\/index.php\/2025\/06\/29\/detras-del-titulo-rodallega-jugo-la-final-con-una-fractura\/#primaryimage\"},\"thumbnailUrl\":\"https:\/\/futbolhoy.co\/wp-content\/uploads\/2025\/06\/IMG_5486.jpeg\",\"datePublished\":\"2025-06-30T02:13:55+00:00\",\"dateModified\":\"2025-07-01T22:46:39+00:00\",\"breadcrumb\":{\"@id\":\"https:\/\/futbolhoy.co\/index.php\/2025\/06\/29\/detras-del-titulo-rodallega-jugo-la-final-con-una-fractura\/#breadcrumb\"},\"inLanguage\":\"es\",\"potentialAction\":[{\"@type\":\"ReadAction\",\"target\":[\"https:\/\/futbolhoy.co\/index.php\/2025\/06\/29\/detras-del-titulo-rodallega-jugo-la-final-con-una-fractura\/\"]}]},{\"@type\":\"ImageObject\",\"inLanguage\":\"es\",\"@id\":\"https:\/\/futbolhoy.co\/index.php\/2025\/06\/29\/detras-del-titulo-rodallega-jugo-la-final-con-una-fractura\/#primaryimage\",\"url\":\"https:\/\/futbolhoy.co\/wp-content\/uploads\/2025\/06\/IMG_5486.jpeg\",\"contentUrl\":\"https:\/\/futbolhoy.co\/wp-content\/uploads\/2025\/06\/IMG_5486.jpeg\",\"width\":920,\"height\":613},{\"@type\":\"BreadcrumbList\",\"@id\":\"https:\/\/futbolhoy.co\/index.php\/2025\/06\/29\/detras-del-titulo-rodallega-jugo-la-final-con-una-fractura\/#breadcrumb\",\"itemListElement\":[{\"@type\":\"ListItem\",\"position\":1,\"name\":\"Portada\",\"item\":\"https:\/\/futbolhoy.co\/\"},{\"@type\":\"ListItem\",\"position\":2,\"name\":\"Detr\u00e1s del t\u00edtulo: Rodallega jug\u00f3 la final con una fractura\"}]},{\"@type\":\"WebSite\",\"@id\":\"https:\/\/futbolhoy.co\/#website\",\"url\":\"https:\/\/futbolhoy.co\/\",\"name\":\"FutbolHoy\",\"description\":\"\",\"publisher\":{\"@id\":\"https:\/\/futbolhoy.co\/#organization\"},\"potentialAction\":[{\"@type\":\"SearchAction\",\"target\":{\"@type\":\"EntryPoint\",\"urlTemplate\":\"https:\/\/futbolhoy.co\/?s={search_term_string}\"},\"query-input\":{\"@type\":\"PropertyValueSpecification\",\"valueRequired\":true,\"valueName\":\"search_term_string\"}}],\"inLanguage\":\"es\"},{\"@type\":\"Organization\",\"@id\":\"https:\/\/futbolhoy.co\/#organization\",\"name\":\"Futbolhoy.co\",\"url\":\"https:\/\/futbolhoy.co\/\",\"logo\":{\"@type\":\"ImageObject\",\"inLanguage\":\"es\",\"@id\":\"https:\/\/futbolhoy.co\/#\/schema\/logo\/image\/\",\"url\":\"https:\/\/futbolhoy.co\/wp-content\/uploads\/2018\/08\/17426380_1906371736249227_6326180412931521141_n.jpg\",\"contentUrl\":\"https:\/\/futbolhoy.co\/wp-content\/uploads\/2018\/08\/17426380_1906371736249227_6326180412931521141_n.jpg\",\"width\":960,\"height\":960,\"caption\":\"Futbolhoy.co\"},\"image\":{\"@id\":\"https:\/\/futbolhoy.co\/#\/schema\/logo\/image\/\"},\"sameAs\":[\"https:\/\/www.facebook.com\/FutbolHoyCol\/\",\"https:\/\/x.com\/FutbolHoyCol\",\"https:\/\/www.instagram.com\/futbolhoycol\/\"]},{\"@type\":\"Person\",\"@id\":\"https:\/\/futbolhoy.co\/#\/schema\/person\/1721b69355b6623eaff15ac7b92d4cc3\",\"name\":\"contenido\",\"image\":{\"@type\":\"ImageObject\",\"inLanguage\":\"es\",\"@id\":\"https:\/\/futbolhoy.co\/#\/schema\/person\/image\/\",\"url\":\"https:\/\/secure.gravatar.com\/avatar\/4f656d3256f5134f466206e7c3941518?s=96&d=mm&r=g\",\"contentUrl\":\"https:\/\/secure.gravatar.com\/avatar\/4f656d3256f5134f466206e7c3941518?s=96&d=mm&r=g\",\"caption\":\"contenido\"}}]}<\/script>\n<!-- \/ Yoast SEO plugin. -->","yoast_head_json":{"title":"Detr\u00e1s del t\u00edtulo: Rodallega jug\u00f3 la final con una fractura -","robots":{"index":"index","follow":"follow","max-snippet":"max-snippet:-1","max-image-preview":"max-image-preview:large","max-video-preview":"max-video-preview:-1"},"canonical":"https:\/\/futbolhoy.co\/index.php\/2025\/06\/29\/detras-del-titulo-rodallega-jugo-la-final-con-una-fractura\/","og_locale":"es_ES","og_type":"article","og_title":"Detr\u00e1s del t\u00edtulo: Rodallega jug\u00f3 la final con una fractura -","og_description":"Lleg\u00f3 la anhelada d\u00e9cima estrella para Santa Fe, pero detr\u00e1s del t\u00edtulo se conoci\u00f3 una historia de respeto y amor por la camiseta: Hugo Rodallega jug\u00f3 las finales con una fractura de tabique, y en la previa del partido de vuelta se lesion\u00f3. El goleador de la Liga 2025-1 no solamente dio muestra de su [&hellip;]","og_url":"https:\/\/futbolhoy.co\/index.php\/2025\/06\/29\/detras-del-titulo-rodallega-jugo-la-final-con-una-fractura\/","article_publisher":"https:\/\/www.facebook.com\/FutbolHoyCol\/","article_published_time":"2025-06-30T02:13:55+00:00","article_modified_time":"2025-07-01T22:46:39+00:00","og_image":[{"width":920,"height":613,"url":"https:\/\/futbolhoy.co\/wp-content\/uploads\/2025\/06\/IMG_5486.jpeg","type":"image\/jpeg"}],"author":"contenido","twitter_card":"summary_large_image","twitter_creator":"@FutbolHoyCol","twitter_site":"@FutbolHoyCol","twitter_misc":{"Escrito por":"contenido","Tiempo de lectura":"1 minuto"},"schema":{"@context":"https:\/\/schema.org","@graph":[{"@type":"Article","@id":"https:\/\/futbolhoy.co\/index.php\/2025\/06\/29\/detras-del-titulo-rodallega-jugo-la-final-con-una-fractura\/#article","isPartOf":{"@id":"https:\/\/futbolhoy.co\/index.php\/2025\/06\/29\/detras-del-titulo-rodallega-jugo-la-final-con-una-fractura\/"},"author":{"name":"contenido","@id":"https:\/\/futbolhoy.co\/#\/schema\/person\/1721b69355b6623eaff15ac7b92d4cc3"},"headline":"Detr\u00e1s del t\u00edtulo: Rodallega jug\u00f3 la final con una fractura","datePublished":"2025-06-30T02:13:55+00:00","dateModified":"2025-07-01T22:46:39+00:00","mainEntityOfPage":{"@id":"https:\/\/futbolhoy.co\/index.php\/2025\/06\/29\/detras-del-titulo-rodallega-jugo-la-final-con-una-fractura\/"},"wordCount":232,"commentCount":0,"publisher":{"@id":"https:\/\/futbolhoy.co\/#organization"},"image":{"@id":"https:\/\/futbolhoy.co\/index.php\/2025\/06\/29\/detras-del-titulo-rodallega-jugo-la-final-con-una-fractura\/#primaryimage"},"thumbnailUrl":"https:\/\/futbolhoy.co\/wp-content\/uploads\/2025\/06\/IMG_5486.jpeg","articleSection":["Liga BetPlay"],"inLanguage":"es","potentialAction":[{"@type":"CommentAction","name":"Comment","target":["https:\/\/futbolhoy.co\/index.php\/2025\/06\/29\/detras-del-titulo-rodallega-jugo-la-final-con-una-fractura\/#respond"]}]},{"@type":"WebPage","@id":"https:\/\/futbolhoy.co\/index.php\/2025\/06\/29\/detras-del-titulo-rodallega-jugo-la-final-con-una-fractura\/","url":"https:\/\/futbolhoy.co\/index.php\/2025\/06\/29\/detras-del-titulo-rodallega-jugo-la-final-con-una-fractura\/","name":"Detr\u00e1s del t\u00edtulo: Rodallega jug\u00f3 la final con una fractura -","isPartOf":{"@id":"https:\/\/futbolhoy.co\/#website"},"primaryImageOfPage":{"@id":"https:\/\/futbolhoy.co\/index.php\/2025\/06\/29\/detras-del-titulo-rodallega-jugo-la-final-con-una-fractura\/#primaryimage"},"image":{"@id":"https:\/\/futbolhoy.co\/index.php\/2025\/06\/29\/detras-del-titulo-rodallega-jugo-la-final-con-una-fractura\/#primaryimage"},"thumbnailUrl":"https:\/\/futbolhoy.co\/wp-content\/uploads\/2025\/06\/IMG_5486.jpeg","datePublished":"2025-06-30T02:13:55+00:00","dateModified":"2025-07-01T22:46:39+00:00","breadcrumb":{"@id":"https:\/\/futbolhoy.co\/index.php\/2025\/06\/29\/detras-del-titulo-rodallega-jugo-la-final-con-una-fractura\/#breadcrumb"},"inLanguage":"es","potentialAction":[{"@type":"ReadAction","target":["https:\/\/futbolhoy.co\/index.php\/2025\/06\/29\/detras-del-titulo-rodallega-jugo-la-final-con-una-fractura\/"]}]},{"@type":"ImageObject","inLanguage":"es","@id":"https:\/\/futbolhoy.co\/index.php\/2025\/06\/29\/detras-del-titulo-rodallega-jugo-la-final-con-una-fractura\/#primaryimage","url":"https:\/\/futbolhoy.co\/wp-content\/uploads\/2025\/06\/IMG_5486.jpeg","contentUrl":"https:\/\/futbolhoy.co\/wp-content\/uploads\/2025\/06\/IMG_5486.jpeg","width":920,"height":613},{"@type":"BreadcrumbList","@id":"https:\/\/futbolhoy.co\/index.php\/2025\/06\/29\/detras-del-titulo-rodallega-jugo-la-final-con-una-fractura\/#breadcrumb","itemListElement":[{"@type":"ListItem","position":1,"name":"Portada","item":"https:\/\/futbolhoy.co\/"},{"@type":"ListItem","position":2,"name":"Detr\u00e1s del t\u00edtulo: Rodallega jug\u00f3 la final con una fractura"}]},{"@type":"WebSite","@id":"https:\/\/futbolhoy.co\/#website","url":"https:\/\/futbolhoy.co\/","name":"FutbolHoy","description":"","publisher":{"@id":"https:\/\/futbolhoy.co\/#organization"},"potentialAction":[{"@type":"SearchAction","target":{"@type":"EntryPoint","urlTemplate":"https:\/\/futbolhoy.co\/?s={search_term_string}"},"query-input":{"@type":"PropertyValueSpecification","valueRequired":true,"valueName":"search_term_string"}}],"inLanguage":"es"},{"@type":"Organization","@id":"https:\/\/futbolhoy.co\/#organization","name":"Futbolhoy.co","url":"https:\/\/futbolhoy.co\/","logo":{"@type":"ImageObject","inLanguage":"es","@id":"https:\/\/futbolhoy.co\/#\/schema\/logo\/image\/","url":"https:\/\/futbolhoy.co\/wp-content\/uploads\/2018\/08\/17426380_1906371736249227_6326180412931521141_n.jpg","contentUrl":"https:\/\/futbolhoy.co\/wp-content\/uploads\/2018\/08\/17426380_1906371736249227_6326180412931521141_n.jpg","width":960,"height":960,"caption":"Futbolhoy.co"},"image":{"@id":"https:\/\/futbolhoy.co\/#\/schema\/logo\/image\/"},"sameAs":["https:\/\/www.facebook.com\/FutbolHoyCol\/","https:\/\/x.com\/FutbolHoyCol","https:\/\/www.instagram.com\/futbolhoycol\/"]},{"@type":"Person","@id":"https:\/\/futbolhoy.co\/#\/schema\/person\/1721b69355b6623eaff15ac7b92d4cc3","name":"contenido","image":{"@type":"ImageObject","inLanguage":"es","@id":"https:\/\/futbolhoy.co\/#\/schema\/person\/image\/","url":"https:\/\/secure.gravatar.com\/avatar\/4f656d3256f5134f466206e7c3941518?s=96&d=mm&r=g","contentUrl":"https:\/\/secure.gravatar.com\/avatar\/4f656d3256f5134f466206e7c3941518?s=96&d=mm&r=g","caption":"contenido"}}]}},"publishpress_future_action":{"enabled":false,"date":"2026-05-06 12:49:39","action":"change-status","newStatus":"draft","terms":[],"taxonomy":"category","extraData":[]},"publishpress_future_workflow_manual_trigger":{"enabledWorkflows":[]},"_links":{"self":[{"href":"https:\/\/futbolhoy.co\/index.php\/wp-json\/wp\/v2\/posts\/120719","targetHints":{"allow":["GET"]}}],"collection":[{"href":"https:\/\/futbolhoy.co\/index.php\/wp-json\/wp\/v2\/posts"}],"about":[{"href":"https:\/\/futbolhoy.co\/index.php\/wp-json\/wp\/v2\/types\/post"}],"author":[{"embeddable":true,"href":"https:\/\/futbolhoy.co\/index.php\/wp-json\/wp\/v2\/users\/4"}],"replies":[{"embeddable":true,"href":"https:\/\/futbolhoy.co\/index.php\/wp-json\/wp\/v2\/comments?post=120719"}],"version-history":[{"count":3,"href":"https:\/\/futbolhoy.co\/index.php\/wp-json\/wp\/v2\/posts\/120719\/revisions"}],"predecessor-version":[{"id":120740,"href":"https:\/\/futbolhoy.co\/index.php\/wp-json\/wp\/v2\/posts\/120719\/revisions\/120740"}],"wp:featuredmedia":[{"embeddable":true,"href":"https:\/\/futbolhoy.co\/index.php\/wp-json\/wp\/v2\/media\/120721"}],"wp:attachment":[{"href":"https:\/\/futbolhoy.co\/index.php\/wp-json\/wp\/v2\/media?parent=120719"}],"wp:term":[{"taxonomy":"category","embeddable":true,"href":"https:\/\/futbolhoy.co\/index.php\/wp-json\/wp\/v2\/categories?post=120719"},{"taxonomy":"post_tag","embeddable":true,"href":"https:\/\/futbolhoy.co\/index.php\/wp-json\/wp\/v2\/tags?post=120719"}],"curies":[{"name":"wp","href":"https:\/\/api.w.org\/{rel}","templated":true}]}}