{"id":120725,"date":"2025-06-30T12:38:28","date_gmt":"2025-06-30T17:38:28","guid":{"rendered":"https:\/\/futbolhoy.co\/?p=120725"},"modified":"2025-07-02T04:56:44","modified_gmt":"2025-07-02T09:56:44","slug":"rodallega-se-retira-esto-dijo","status":"publish","type":"post","link":"https:\/\/futbolhoy.co\/index.php\/2025\/06\/30\/rodallega-se-retira-esto-dijo\/","title":{"rendered":"\u00bfRodallega se retira? Esto dijo"},"content":{"rendered":"<p style=\"text-align: justify;\"><span style=\"font-family: helvetica, arial, sans-serif;\"><strong>Hugo Rodallega<\/strong> fue el h\u00e9roe en la d\u00e9cima estrella de <strong>Santa Fe.<\/strong> El goleador del semestre en la<strong> Liga BetPlay<\/strong> marc\u00f3 la anotaci\u00f3n que le dio el t\u00edtulo al Cardenal, aun teniendo una lesi\u00f3n.<\/span><\/p>\n<p style=\"text-align: justify;\"><span style=\"font-family: helvetica, arial, sans-serif;\">Sin embargo, el experimentado delantero dej\u00f3 un mensaje que sorprendi\u00f3 a los hinchas, hablando de su posible retiro del f\u00fatbol, aunque destac\u00f3 que no sabe si lo cumplir\u00e1.<\/span><\/p>\n<p style=\"text-align: justify;\"><span style=\"font-family: helvetica, arial, sans-serif;\">\u201cYo les hab\u00eda dicho, no s\u00e9 si lo voy a cumplir, quiz\u00e1s yo quisiera dar un paso al costado para que los j\u00f3venes tambi\u00e9n tengan m\u00e1s oportunidad. La familia no me ha dejado, mi hijo me dice que siga, que siga luchando. Yo les dije que si \u00e9ramos campeones quiz\u00e1s era el momento de retirarme, pero estoy seguro que ellos me van a decir que no, ya varios me han dicho que no, que ya viene Copa Libertadores, vamos a ver qu\u00e9 pasa, por ahora vamos a celebrar\u201d.<\/span><\/p>\n<p style=\"text-align: justify;\"><span style=\"font-family: helvetica, arial, sans-serif;\">Luego de haber perdido un t\u00edtulo, el f\u00fatbol trajo revancha para Rodallega, quien termin\u00f3 con 16 anotaciones y siendo clave para Santa Fe<strong>. Con el Cardenal, complet\u00f3 118 partidos y lleg\u00f3 a 50 goles.<\/strong><\/span><\/p>\n","protected":false},"excerpt":{"rendered":"<p>Hugo Rodallega fue el h\u00e9roe en la d\u00e9cima estrella de Santa Fe. El goleador del semestre en la Liga BetPlay marc\u00f3 la anotaci\u00f3n que le dio el t\u00edtulo al Cardenal, aun teniendo una lesi\u00f3n. Sin embargo, el experimentado delantero dej\u00f3 un mensaje que sorprendi\u00f3 a los hinchas, hablando de su posible retiro del f\u00fatbol, aunque [&hellip;]<\/p>\n","protected":false},"author":4,"featured_media":120726,"comment_status":"open","ping_status":"open","sticky":false,"template":"","format":"standard","meta":{"_acf_changed":false,"footnotes":""},"categories":[7],"tags":[],"class_list":{"0":"post-120725","1":"post","2":"type-post","3":"status-publish","4":"format-standard","5":"has-post-thumbnail","7":"category-liga-betplay"},"acf":[],"yoast_head":"<!-- This site is optimized with the Yoast SEO plugin v26.8 - https:\/\/yoast.com\/product\/yoast-seo-wordpress\/ -->\n<title>\u00bfRodallega se retira? Esto dijo -<\/title>\n<meta name=\"robots\" content=\"index, follow, max-snippet:-1, max-image-preview:large, max-video-preview:-1\" \/>\n<link rel=\"canonical\" href=\"https:\/\/futbolhoy.co\/index.php\/2025\/06\/30\/rodallega-se-retira-esto-dijo\/\" \/>\n<meta property=\"og:locale\" content=\"es_ES\" \/>\n<meta property=\"og:type\" content=\"article\" \/>\n<meta property=\"og:title\" content=\"\u00bfRodallega se retira? Esto dijo -\" \/>\n<meta property=\"og:description\" content=\"Hugo Rodallega fue el h\u00e9roe en la d\u00e9cima estrella de Santa Fe. El goleador del semestre en la Liga BetPlay marc\u00f3 la anotaci\u00f3n que le dio el t\u00edtulo al Cardenal, aun teniendo una lesi\u00f3n. Sin embargo, el experimentado delantero dej\u00f3 un mensaje que sorprendi\u00f3 a los hinchas, hablando de su posible retiro del f\u00fatbol, aunque [&hellip;]\" \/>\n<meta property=\"og:url\" content=\"https:\/\/futbolhoy.co\/index.php\/2025\/06\/30\/rodallega-se-retira-esto-dijo\/\" \/>\n<meta property=\"article:publisher\" content=\"https:\/\/www.facebook.com\/FutbolHoyCol\/\" \/>\n<meta property=\"article:published_time\" content=\"2025-06-30T17:38:28+00:00\" \/>\n<meta property=\"article:modified_time\" content=\"2025-07-02T09:56:44+00:00\" \/>\n<meta property=\"og:image\" content=\"https:\/\/futbolhoy.co\/wp-content\/uploads\/2025\/06\/GusWV-6WIAAEbX2.jpg\" \/>\n\t<meta property=\"og:image:width\" content=\"2048\" \/>\n\t<meta property=\"og:image:height\" content=\"1365\" \/>\n\t<meta property=\"og:image:type\" content=\"image\/jpeg\" \/>\n<meta name=\"author\" content=\"contenido\" \/>\n<meta name=\"twitter:card\" content=\"summary_large_image\" \/>\n<meta name=\"twitter:creator\" content=\"@FutbolHoyCol\" \/>\n<meta name=\"twitter:site\" content=\"@FutbolHoyCol\" \/>\n<meta name=\"twitter:label1\" content=\"Escrito por\" \/>\n\t<meta name=\"twitter:data1\" content=\"contenido\" \/>\n\t<meta name=\"twitter:label2\" content=\"Tiempo de lectura\" \/>\n\t<meta name=\"twitter:data2\" content=\"1 minuto\" \/>\n<script type=\"application\/ld+json\" class=\"yoast-schema-graph\">{\"@context\":\"https:\/\/schema.org\",\"@graph\":[{\"@type\":\"Article\",\"@id\":\"https:\/\/futbolhoy.co\/index.php\/2025\/06\/30\/rodallega-se-retira-esto-dijo\/#article\",\"isPartOf\":{\"@id\":\"https:\/\/futbolhoy.co\/index.php\/2025\/06\/30\/rodallega-se-retira-esto-dijo\/\"},\"author\":{\"name\":\"contenido\",\"@id\":\"https:\/\/futbolhoy.co\/#\/schema\/person\/1721b69355b6623eaff15ac7b92d4cc3\"},\"headline\":\"\u00bfRodallega se retira? Esto dijo\",\"datePublished\":\"2025-06-30T17:38:28+00:00\",\"dateModified\":\"2025-07-02T09:56:44+00:00\",\"mainEntityOfPage\":{\"@id\":\"https:\/\/futbolhoy.co\/index.php\/2025\/06\/30\/rodallega-se-retira-esto-dijo\/\"},\"wordCount\":200,\"commentCount\":0,\"publisher\":{\"@id\":\"https:\/\/futbolhoy.co\/#organization\"},\"image\":{\"@id\":\"https:\/\/futbolhoy.co\/index.php\/2025\/06\/30\/rodallega-se-retira-esto-dijo\/#primaryimage\"},\"thumbnailUrl\":\"https:\/\/futbolhoy.co\/wp-content\/uploads\/2025\/06\/GusWV-6WIAAEbX2.jpg\",\"articleSection\":[\"Liga BetPlay\"],\"inLanguage\":\"es\",\"potentialAction\":[{\"@type\":\"CommentAction\",\"name\":\"Comment\",\"target\":[\"https:\/\/futbolhoy.co\/index.php\/2025\/06\/30\/rodallega-se-retira-esto-dijo\/#respond\"]}]},{\"@type\":\"WebPage\",\"@id\":\"https:\/\/futbolhoy.co\/index.php\/2025\/06\/30\/rodallega-se-retira-esto-dijo\/\",\"url\":\"https:\/\/futbolhoy.co\/index.php\/2025\/06\/30\/rodallega-se-retira-esto-dijo\/\",\"name\":\"\u00bfRodallega se retira? Esto dijo -\",\"isPartOf\":{\"@id\":\"https:\/\/futbolhoy.co\/#website\"},\"primaryImageOfPage\":{\"@id\":\"https:\/\/futbolhoy.co\/index.php\/2025\/06\/30\/rodallega-se-retira-esto-dijo\/#primaryimage\"},\"image\":{\"@id\":\"https:\/\/futbolhoy.co\/index.php\/2025\/06\/30\/rodallega-se-retira-esto-dijo\/#primaryimage\"},\"thumbnailUrl\":\"https:\/\/futbolhoy.co\/wp-content\/uploads\/2025\/06\/GusWV-6WIAAEbX2.jpg\",\"datePublished\":\"2025-06-30T17:38:28+00:00\",\"dateModified\":\"2025-07-02T09:56:44+00:00\",\"breadcrumb\":{\"@id\":\"https:\/\/futbolhoy.co\/index.php\/2025\/06\/30\/rodallega-se-retira-esto-dijo\/#breadcrumb\"},\"inLanguage\":\"es\",\"potentialAction\":[{\"@type\":\"ReadAction\",\"target\":[\"https:\/\/futbolhoy.co\/index.php\/2025\/06\/30\/rodallega-se-retira-esto-dijo\/\"]}]},{\"@type\":\"ImageObject\",\"inLanguage\":\"es\",\"@id\":\"https:\/\/futbolhoy.co\/index.php\/2025\/06\/30\/rodallega-se-retira-esto-dijo\/#primaryimage\",\"url\":\"https:\/\/futbolhoy.co\/wp-content\/uploads\/2025\/06\/GusWV-6WIAAEbX2.jpg\",\"contentUrl\":\"https:\/\/futbolhoy.co\/wp-content\/uploads\/2025\/06\/GusWV-6WIAAEbX2.jpg\",\"width\":2048,\"height\":1365},{\"@type\":\"BreadcrumbList\",\"@id\":\"https:\/\/futbolhoy.co\/index.php\/2025\/06\/30\/rodallega-se-retira-esto-dijo\/#breadcrumb\",\"itemListElement\":[{\"@type\":\"ListItem\",\"position\":1,\"name\":\"Portada\",\"item\":\"https:\/\/futbolhoy.co\/\"},{\"@type\":\"ListItem\",\"position\":2,\"name\":\"\u00bfRodallega se retira? Esto dijo\"}]},{\"@type\":\"WebSite\",\"@id\":\"https:\/\/futbolhoy.co\/#website\",\"url\":\"https:\/\/futbolhoy.co\/\",\"name\":\"FutbolHoy\",\"description\":\"\",\"publisher\":{\"@id\":\"https:\/\/futbolhoy.co\/#organization\"},\"potentialAction\":[{\"@type\":\"SearchAction\",\"target\":{\"@type\":\"EntryPoint\",\"urlTemplate\":\"https:\/\/futbolhoy.co\/?s={search_term_string}\"},\"query-input\":{\"@type\":\"PropertyValueSpecification\",\"valueRequired\":true,\"valueName\":\"search_term_string\"}}],\"inLanguage\":\"es\"},{\"@type\":\"Organization\",\"@id\":\"https:\/\/futbolhoy.co\/#organization\",\"name\":\"Futbolhoy.co\",\"url\":\"https:\/\/futbolhoy.co\/\",\"logo\":{\"@type\":\"ImageObject\",\"inLanguage\":\"es\",\"@id\":\"https:\/\/futbolhoy.co\/#\/schema\/logo\/image\/\",\"url\":\"https:\/\/futbolhoy.co\/wp-content\/uploads\/2018\/08\/17426380_1906371736249227_6326180412931521141_n.jpg\",\"contentUrl\":\"https:\/\/futbolhoy.co\/wp-content\/uploads\/2018\/08\/17426380_1906371736249227_6326180412931521141_n.jpg\",\"width\":960,\"height\":960,\"caption\":\"Futbolhoy.co\"},\"image\":{\"@id\":\"https:\/\/futbolhoy.co\/#\/schema\/logo\/image\/\"},\"sameAs\":[\"https:\/\/www.facebook.com\/FutbolHoyCol\/\",\"https:\/\/x.com\/FutbolHoyCol\",\"https:\/\/www.instagram.com\/futbolhoycol\/\"]},{\"@type\":\"Person\",\"@id\":\"https:\/\/futbolhoy.co\/#\/schema\/person\/1721b69355b6623eaff15ac7b92d4cc3\",\"name\":\"contenido\",\"image\":{\"@type\":\"ImageObject\",\"inLanguage\":\"es\",\"@id\":\"https:\/\/futbolhoy.co\/#\/schema\/person\/image\/\",\"url\":\"https:\/\/secure.gravatar.com\/avatar\/4f656d3256f5134f466206e7c3941518?s=96&d=mm&r=g\",\"contentUrl\":\"https:\/\/secure.gravatar.com\/avatar\/4f656d3256f5134f466206e7c3941518?s=96&d=mm&r=g\",\"caption\":\"contenido\"}}]}<\/script>\n<!-- \/ Yoast SEO plugin. -->","yoast_head_json":{"title":"\u00bfRodallega se retira? Esto dijo -","robots":{"index":"index","follow":"follow","max-snippet":"max-snippet:-1","max-image-preview":"max-image-preview:large","max-video-preview":"max-video-preview:-1"},"canonical":"https:\/\/futbolhoy.co\/index.php\/2025\/06\/30\/rodallega-se-retira-esto-dijo\/","og_locale":"es_ES","og_type":"article","og_title":"\u00bfRodallega se retira? Esto dijo -","og_description":"Hugo Rodallega fue el h\u00e9roe en la d\u00e9cima estrella de Santa Fe. El goleador del semestre en la Liga BetPlay marc\u00f3 la anotaci\u00f3n que le dio el t\u00edtulo al Cardenal, aun teniendo una lesi\u00f3n. Sin embargo, el experimentado delantero dej\u00f3 un mensaje que sorprendi\u00f3 a los hinchas, hablando de su posible retiro del f\u00fatbol, aunque [&hellip;]","og_url":"https:\/\/futbolhoy.co\/index.php\/2025\/06\/30\/rodallega-se-retira-esto-dijo\/","article_publisher":"https:\/\/www.facebook.com\/FutbolHoyCol\/","article_published_time":"2025-06-30T17:38:28+00:00","article_modified_time":"2025-07-02T09:56:44+00:00","og_image":[{"width":2048,"height":1365,"url":"https:\/\/futbolhoy.co\/wp-content\/uploads\/2025\/06\/GusWV-6WIAAEbX2.jpg","type":"image\/jpeg"}],"author":"contenido","twitter_card":"summary_large_image","twitter_creator":"@FutbolHoyCol","twitter_site":"@FutbolHoyCol","twitter_misc":{"Escrito por":"contenido","Tiempo de lectura":"1 minuto"},"schema":{"@context":"https:\/\/schema.org","@graph":[{"@type":"Article","@id":"https:\/\/futbolhoy.co\/index.php\/2025\/06\/30\/rodallega-se-retira-esto-dijo\/#article","isPartOf":{"@id":"https:\/\/futbolhoy.co\/index.php\/2025\/06\/30\/rodallega-se-retira-esto-dijo\/"},"author":{"name":"contenido","@id":"https:\/\/futbolhoy.co\/#\/schema\/person\/1721b69355b6623eaff15ac7b92d4cc3"},"headline":"\u00bfRodallega se retira? Esto dijo","datePublished":"2025-06-30T17:38:28+00:00","dateModified":"2025-07-02T09:56:44+00:00","mainEntityOfPage":{"@id":"https:\/\/futbolhoy.co\/index.php\/2025\/06\/30\/rodallega-se-retira-esto-dijo\/"},"wordCount":200,"commentCount":0,"publisher":{"@id":"https:\/\/futbolhoy.co\/#organization"},"image":{"@id":"https:\/\/futbolhoy.co\/index.php\/2025\/06\/30\/rodallega-se-retira-esto-dijo\/#primaryimage"},"thumbnailUrl":"https:\/\/futbolhoy.co\/wp-content\/uploads\/2025\/06\/GusWV-6WIAAEbX2.jpg","articleSection":["Liga BetPlay"],"inLanguage":"es","potentialAction":[{"@type":"CommentAction","name":"Comment","target":["https:\/\/futbolhoy.co\/index.php\/2025\/06\/30\/rodallega-se-retira-esto-dijo\/#respond"]}]},{"@type":"WebPage","@id":"https:\/\/futbolhoy.co\/index.php\/2025\/06\/30\/rodallega-se-retira-esto-dijo\/","url":"https:\/\/futbolhoy.co\/index.php\/2025\/06\/30\/rodallega-se-retira-esto-dijo\/","name":"\u00bfRodallega se retira? Esto dijo -","isPartOf":{"@id":"https:\/\/futbolhoy.co\/#website"},"primaryImageOfPage":{"@id":"https:\/\/futbolhoy.co\/index.php\/2025\/06\/30\/rodallega-se-retira-esto-dijo\/#primaryimage"},"image":{"@id":"https:\/\/futbolhoy.co\/index.php\/2025\/06\/30\/rodallega-se-retira-esto-dijo\/#primaryimage"},"thumbnailUrl":"https:\/\/futbolhoy.co\/wp-content\/uploads\/2025\/06\/GusWV-6WIAAEbX2.jpg","datePublished":"2025-06-30T17:38:28+00:00","dateModified":"2025-07-02T09:56:44+00:00","breadcrumb":{"@id":"https:\/\/futbolhoy.co\/index.php\/2025\/06\/30\/rodallega-se-retira-esto-dijo\/#breadcrumb"},"inLanguage":"es","potentialAction":[{"@type":"ReadAction","target":["https:\/\/futbolhoy.co\/index.php\/2025\/06\/30\/rodallega-se-retira-esto-dijo\/"]}]},{"@type":"ImageObject","inLanguage":"es","@id":"https:\/\/futbolhoy.co\/index.php\/2025\/06\/30\/rodallega-se-retira-esto-dijo\/#primaryimage","url":"https:\/\/futbolhoy.co\/wp-content\/uploads\/2025\/06\/GusWV-6WIAAEbX2.jpg","contentUrl":"https:\/\/futbolhoy.co\/wp-content\/uploads\/2025\/06\/GusWV-6WIAAEbX2.jpg","width":2048,"height":1365},{"@type":"BreadcrumbList","@id":"https:\/\/futbolhoy.co\/index.php\/2025\/06\/30\/rodallega-se-retira-esto-dijo\/#breadcrumb","itemListElement":[{"@type":"ListItem","position":1,"name":"Portada","item":"https:\/\/futbolhoy.co\/"},{"@type":"ListItem","position":2,"name":"\u00bfRodallega se retira? Esto dijo"}]},{"@type":"WebSite","@id":"https:\/\/futbolhoy.co\/#website","url":"https:\/\/futbolhoy.co\/","name":"FutbolHoy","description":"","publisher":{"@id":"https:\/\/futbolhoy.co\/#organization"},"potentialAction":[{"@type":"SearchAction","target":{"@type":"EntryPoint","urlTemplate":"https:\/\/futbolhoy.co\/?s={search_term_string}"},"query-input":{"@type":"PropertyValueSpecification","valueRequired":true,"valueName":"search_term_string"}}],"inLanguage":"es"},{"@type":"Organization","@id":"https:\/\/futbolhoy.co\/#organization","name":"Futbolhoy.co","url":"https:\/\/futbolhoy.co\/","logo":{"@type":"ImageObject","inLanguage":"es","@id":"https:\/\/futbolhoy.co\/#\/schema\/logo\/image\/","url":"https:\/\/futbolhoy.co\/wp-content\/uploads\/2018\/08\/17426380_1906371736249227_6326180412931521141_n.jpg","contentUrl":"https:\/\/futbolhoy.co\/wp-content\/uploads\/2018\/08\/17426380_1906371736249227_6326180412931521141_n.jpg","width":960,"height":960,"caption":"Futbolhoy.co"},"image":{"@id":"https:\/\/futbolhoy.co\/#\/schema\/logo\/image\/"},"sameAs":["https:\/\/www.facebook.com\/FutbolHoyCol\/","https:\/\/x.com\/FutbolHoyCol","https:\/\/www.instagram.com\/futbolhoycol\/"]},{"@type":"Person","@id":"https:\/\/futbolhoy.co\/#\/schema\/person\/1721b69355b6623eaff15ac7b92d4cc3","name":"contenido","image":{"@type":"ImageObject","inLanguage":"es","@id":"https:\/\/futbolhoy.co\/#\/schema\/person\/image\/","url":"https:\/\/secure.gravatar.com\/avatar\/4f656d3256f5134f466206e7c3941518?s=96&d=mm&r=g","contentUrl":"https:\/\/secure.gravatar.com\/avatar\/4f656d3256f5134f466206e7c3941518?s=96&d=mm&r=g","caption":"contenido"}}]}},"publishpress_future_action":{"enabled":false,"date":"2026-05-06 12:46:31","action":"change-status","newStatus":"draft","terms":[],"taxonomy":"category","extraData":[]},"publishpress_future_workflow_manual_trigger":{"enabledWorkflows":[]},"_links":{"self":[{"href":"https:\/\/futbolhoy.co\/index.php\/wp-json\/wp\/v2\/posts\/120725","targetHints":{"allow":["GET"]}}],"collection":[{"href":"https:\/\/futbolhoy.co\/index.php\/wp-json\/wp\/v2\/posts"}],"about":[{"href":"https:\/\/futbolhoy.co\/index.php\/wp-json\/wp\/v2\/types\/post"}],"author":[{"embeddable":true,"href":"https:\/\/futbolhoy.co\/index.php\/wp-json\/wp\/v2\/users\/4"}],"replies":[{"embeddable":true,"href":"https:\/\/futbolhoy.co\/index.php\/wp-json\/wp\/v2\/comments?post=120725"}],"version-history":[{"count":2,"href":"https:\/\/futbolhoy.co\/index.php\/wp-json\/wp\/v2\/posts\/120725\/revisions"}],"predecessor-version":[{"id":120762,"href":"https:\/\/futbolhoy.co\/index.php\/wp-json\/wp\/v2\/posts\/120725\/revisions\/120762"}],"wp:featuredmedia":[{"embeddable":true,"href":"https:\/\/futbolhoy.co\/index.php\/wp-json\/wp\/v2\/media\/120726"}],"wp:attachment":[{"href":"https:\/\/futbolhoy.co\/index.php\/wp-json\/wp\/v2\/media?parent=120725"}],"wp:term":[{"taxonomy":"category","embeddable":true,"href":"https:\/\/futbolhoy.co\/index.php\/wp-json\/wp\/v2\/categories?post=120725"},{"taxonomy":"post_tag","embeddable":true,"href":"https:\/\/futbolhoy.co\/index.php\/wp-json\/wp\/v2\/tags?post=120725"}],"curies":[{"name":"wp","href":"https:\/\/api.w.org\/{rel}","templated":true}]}}