{"id":120730,"date":"2025-06-30T17:31:44","date_gmt":"2025-06-30T22:31:44","guid":{"rendered":"https:\/\/futbolhoy.co\/?p=120730"},"modified":"2025-07-02T09:23:45","modified_gmt":"2025-07-02T14:23:45","slug":"batacazo-jhon-arias-lidera-a-fluminense-y-elimina-al-inter-de-milan","status":"publish","type":"post","link":"https:\/\/futbolhoy.co\/index.php\/2025\/06\/30\/batacazo-jhon-arias-lidera-a-fluminense-y-elimina-al-inter-de-milan\/","title":{"rendered":"Batacazo: Jhon Arias lidera a Fluminense y elimina al Inter de Mil\u00e1n"},"content":{"rendered":"<p style=\"text-align: justify;\"><span style=\"font-family: helvetica, arial, sans-serif;\">Fluminense protagoniz\u00f3 el batacazo del d\u00eda tras eliminar al Inter de Mil\u00e1n en los octavos de final del Mundial de Clubes, con <b>Jhon Arias como gran figura <\/b>del duelo en el Bank of America Stadium.\u00a0<\/span><\/p>\n<p style=\"text-align: justify;\"><span style=\"font-family: helvetica, arial, sans-serif;\"><b>German Ezequiel Cano abri\u00f3 el marcador al minuto 3 <\/b>contra los italianos y pese a que intentaron igualar durante los 90 minutos, poco pudo hacer el Inter frente a la defensa de Fluminense y un Jhon Arias que fue protagonista.\u00a0<\/span><\/p>\n<p style=\"text-align: justify;\"><span style=\"font-family: helvetica, arial, sans-serif;\">El 2-0 lleg\u00f3 sobre el final, mientras el Inter se repleg\u00f3 al ataque, Fluminense aprovech\u00f3 los espacios para un contragolpe que <b>termin\u00f3 en el gol de H\u00e9rcules al 90+3\u2019.\u00a0<\/b><\/span><\/p>\n<p style=\"text-align: justify;\"><span style=\"font-family: helvetica, arial, sans-serif;\">Ahora el club brasile\u00f1o espera conocer a su rival en los cuartos del Mundial tras el cruce entre <b>Manchester City y Al Hilal.\u00a0\u00a0<\/b><\/span><\/p>\n","protected":false},"excerpt":{"rendered":"<p>Fluminense protagoniz\u00f3 el batacazo del d\u00eda tras eliminar al Inter de Mil\u00e1n en los octavos de final del Mundial de Clubes, con Jhon Arias como gran figura del duelo en el Bank of America Stadium.\u00a0 German Ezequiel Cano abri\u00f3 el marcador al minuto 3 contra los italianos y pese a que intentaron igualar durante los [&hellip;]<\/p>\n","protected":false},"author":4,"featured_media":120731,"comment_status":"open","ping_status":"open","sticky":false,"template":"","format":"standard","meta":{"_acf_changed":false,"footnotes":""},"categories":[152],"tags":[],"class_list":{"0":"post-120730","1":"post","2":"type-post","3":"status-publish","4":"format-standard","5":"has-post-thumbnail","7":"category-mundo-futbol"},"acf":[],"yoast_head":"<!-- This site is optimized with the Yoast SEO plugin v26.8 - https:\/\/yoast.com\/product\/yoast-seo-wordpress\/ -->\n<title>Batacazo: Jhon Arias lidera a Fluminense y elimina al Inter de Mil\u00e1n -<\/title>\n<meta name=\"robots\" content=\"index, follow, max-snippet:-1, max-image-preview:large, max-video-preview:-1\" \/>\n<link rel=\"canonical\" href=\"https:\/\/futbolhoy.co\/index.php\/2025\/06\/30\/batacazo-jhon-arias-lidera-a-fluminense-y-elimina-al-inter-de-milan\/\" \/>\n<meta property=\"og:locale\" content=\"es_ES\" \/>\n<meta property=\"og:type\" content=\"article\" \/>\n<meta property=\"og:title\" content=\"Batacazo: Jhon Arias lidera a Fluminense y elimina al Inter de Mil\u00e1n -\" \/>\n<meta property=\"og:description\" content=\"Fluminense protagoniz\u00f3 el batacazo del d\u00eda tras eliminar al Inter de Mil\u00e1n en los octavos de final del Mundial de Clubes, con Jhon Arias como gran figura del duelo en el Bank of America Stadium.\u00a0 German Ezequiel Cano abri\u00f3 el marcador al minuto 3 contra los italianos y pese a que intentaron igualar durante los [&hellip;]\" \/>\n<meta property=\"og:url\" content=\"https:\/\/futbolhoy.co\/index.php\/2025\/06\/30\/batacazo-jhon-arias-lidera-a-fluminense-y-elimina-al-inter-de-milan\/\" \/>\n<meta property=\"article:publisher\" content=\"https:\/\/www.facebook.com\/FutbolHoyCol\/\" \/>\n<meta property=\"article:published_time\" content=\"2025-06-30T22:31:44+00:00\" \/>\n<meta property=\"article:modified_time\" content=\"2025-07-02T14:23:45+00:00\" \/>\n<meta property=\"og:image\" content=\"https:\/\/futbolhoy.co\/wp-content\/uploads\/2025\/06\/IMG_5494.jpeg\" \/>\n\t<meta property=\"og:image:width\" content=\"1179\" \/>\n\t<meta property=\"og:image:height\" content=\"862\" \/>\n\t<meta property=\"og:image:type\" content=\"image\/jpeg\" \/>\n<meta name=\"author\" content=\"contenido\" \/>\n<meta name=\"twitter:card\" content=\"summary_large_image\" \/>\n<meta name=\"twitter:creator\" content=\"@FutbolHoyCol\" \/>\n<meta name=\"twitter:site\" content=\"@FutbolHoyCol\" \/>\n<meta name=\"twitter:label1\" content=\"Escrito por\" \/>\n\t<meta name=\"twitter:data1\" content=\"contenido\" \/>\n\t<meta name=\"twitter:label2\" content=\"Tiempo de lectura\" \/>\n\t<meta name=\"twitter:data2\" content=\"1 minuto\" \/>\n<script type=\"application\/ld+json\" class=\"yoast-schema-graph\">{\"@context\":\"https:\/\/schema.org\",\"@graph\":[{\"@type\":\"Article\",\"@id\":\"https:\/\/futbolhoy.co\/index.php\/2025\/06\/30\/batacazo-jhon-arias-lidera-a-fluminense-y-elimina-al-inter-de-milan\/#article\",\"isPartOf\":{\"@id\":\"https:\/\/futbolhoy.co\/index.php\/2025\/06\/30\/batacazo-jhon-arias-lidera-a-fluminense-y-elimina-al-inter-de-milan\/\"},\"author\":{\"name\":\"contenido\",\"@id\":\"https:\/\/futbolhoy.co\/#\/schema\/person\/1721b69355b6623eaff15ac7b92d4cc3\"},\"headline\":\"Batacazo: Jhon Arias lidera a Fluminense y elimina al Inter de Mil\u00e1n\",\"datePublished\":\"2025-06-30T22:31:44+00:00\",\"dateModified\":\"2025-07-02T14:23:45+00:00\",\"mainEntityOfPage\":{\"@id\":\"https:\/\/futbolhoy.co\/index.php\/2025\/06\/30\/batacazo-jhon-arias-lidera-a-fluminense-y-elimina-al-inter-de-milan\/\"},\"wordCount\":141,\"commentCount\":0,\"publisher\":{\"@id\":\"https:\/\/futbolhoy.co\/#organization\"},\"image\":{\"@id\":\"https:\/\/futbolhoy.co\/index.php\/2025\/06\/30\/batacazo-jhon-arias-lidera-a-fluminense-y-elimina-al-inter-de-milan\/#primaryimage\"},\"thumbnailUrl\":\"https:\/\/futbolhoy.co\/wp-content\/uploads\/2025\/06\/IMG_5494.jpeg\",\"articleSection\":[\"Mundo Futbol\"],\"inLanguage\":\"es\",\"potentialAction\":[{\"@type\":\"CommentAction\",\"name\":\"Comment\",\"target\":[\"https:\/\/futbolhoy.co\/index.php\/2025\/06\/30\/batacazo-jhon-arias-lidera-a-fluminense-y-elimina-al-inter-de-milan\/#respond\"]}]},{\"@type\":\"WebPage\",\"@id\":\"https:\/\/futbolhoy.co\/index.php\/2025\/06\/30\/batacazo-jhon-arias-lidera-a-fluminense-y-elimina-al-inter-de-milan\/\",\"url\":\"https:\/\/futbolhoy.co\/index.php\/2025\/06\/30\/batacazo-jhon-arias-lidera-a-fluminense-y-elimina-al-inter-de-milan\/\",\"name\":\"Batacazo: Jhon Arias lidera a Fluminense y elimina al Inter de Mil\u00e1n -\",\"isPartOf\":{\"@id\":\"https:\/\/futbolhoy.co\/#website\"},\"primaryImageOfPage\":{\"@id\":\"https:\/\/futbolhoy.co\/index.php\/2025\/06\/30\/batacazo-jhon-arias-lidera-a-fluminense-y-elimina-al-inter-de-milan\/#primaryimage\"},\"image\":{\"@id\":\"https:\/\/futbolhoy.co\/index.php\/2025\/06\/30\/batacazo-jhon-arias-lidera-a-fluminense-y-elimina-al-inter-de-milan\/#primaryimage\"},\"thumbnailUrl\":\"https:\/\/futbolhoy.co\/wp-content\/uploads\/2025\/06\/IMG_5494.jpeg\",\"datePublished\":\"2025-06-30T22:31:44+00:00\",\"dateModified\":\"2025-07-02T14:23:45+00:00\",\"breadcrumb\":{\"@id\":\"https:\/\/futbolhoy.co\/index.php\/2025\/06\/30\/batacazo-jhon-arias-lidera-a-fluminense-y-elimina-al-inter-de-milan\/#breadcrumb\"},\"inLanguage\":\"es\",\"potentialAction\":[{\"@type\":\"ReadAction\",\"target\":[\"https:\/\/futbolhoy.co\/index.php\/2025\/06\/30\/batacazo-jhon-arias-lidera-a-fluminense-y-elimina-al-inter-de-milan\/\"]}]},{\"@type\":\"ImageObject\",\"inLanguage\":\"es\",\"@id\":\"https:\/\/futbolhoy.co\/index.php\/2025\/06\/30\/batacazo-jhon-arias-lidera-a-fluminense-y-elimina-al-inter-de-milan\/#primaryimage\",\"url\":\"https:\/\/futbolhoy.co\/wp-content\/uploads\/2025\/06\/IMG_5494.jpeg\",\"contentUrl\":\"https:\/\/futbolhoy.co\/wp-content\/uploads\/2025\/06\/IMG_5494.jpeg\",\"width\":1179,\"height\":862},{\"@type\":\"BreadcrumbList\",\"@id\":\"https:\/\/futbolhoy.co\/index.php\/2025\/06\/30\/batacazo-jhon-arias-lidera-a-fluminense-y-elimina-al-inter-de-milan\/#breadcrumb\",\"itemListElement\":[{\"@type\":\"ListItem\",\"position\":1,\"name\":\"Portada\",\"item\":\"https:\/\/futbolhoy.co\/\"},{\"@type\":\"ListItem\",\"position\":2,\"name\":\"Batacazo: Jhon Arias lidera a Fluminense y elimina al Inter de Mil\u00e1n\"}]},{\"@type\":\"WebSite\",\"@id\":\"https:\/\/futbolhoy.co\/#website\",\"url\":\"https:\/\/futbolhoy.co\/\",\"name\":\"FutbolHoy\",\"description\":\"\",\"publisher\":{\"@id\":\"https:\/\/futbolhoy.co\/#organization\"},\"potentialAction\":[{\"@type\":\"SearchAction\",\"target\":{\"@type\":\"EntryPoint\",\"urlTemplate\":\"https:\/\/futbolhoy.co\/?s={search_term_string}\"},\"query-input\":{\"@type\":\"PropertyValueSpecification\",\"valueRequired\":true,\"valueName\":\"search_term_string\"}}],\"inLanguage\":\"es\"},{\"@type\":\"Organization\",\"@id\":\"https:\/\/futbolhoy.co\/#organization\",\"name\":\"Futbolhoy.co\",\"url\":\"https:\/\/futbolhoy.co\/\",\"logo\":{\"@type\":\"ImageObject\",\"inLanguage\":\"es\",\"@id\":\"https:\/\/futbolhoy.co\/#\/schema\/logo\/image\/\",\"url\":\"https:\/\/futbolhoy.co\/wp-content\/uploads\/2018\/08\/17426380_1906371736249227_6326180412931521141_n.jpg\",\"contentUrl\":\"https:\/\/futbolhoy.co\/wp-content\/uploads\/2018\/08\/17426380_1906371736249227_6326180412931521141_n.jpg\",\"width\":960,\"height\":960,\"caption\":\"Futbolhoy.co\"},\"image\":{\"@id\":\"https:\/\/futbolhoy.co\/#\/schema\/logo\/image\/\"},\"sameAs\":[\"https:\/\/www.facebook.com\/FutbolHoyCol\/\",\"https:\/\/x.com\/FutbolHoyCol\",\"https:\/\/www.instagram.com\/futbolhoycol\/\"]},{\"@type\":\"Person\",\"@id\":\"https:\/\/futbolhoy.co\/#\/schema\/person\/1721b69355b6623eaff15ac7b92d4cc3\",\"name\":\"contenido\",\"image\":{\"@type\":\"ImageObject\",\"inLanguage\":\"es\",\"@id\":\"https:\/\/futbolhoy.co\/#\/schema\/person\/image\/\",\"url\":\"https:\/\/secure.gravatar.com\/avatar\/4f656d3256f5134f466206e7c3941518?s=96&d=mm&r=g\",\"contentUrl\":\"https:\/\/secure.gravatar.com\/avatar\/4f656d3256f5134f466206e7c3941518?s=96&d=mm&r=g\",\"caption\":\"contenido\"}}]}<\/script>\n<!-- \/ Yoast SEO plugin. -->","yoast_head_json":{"title":"Batacazo: Jhon Arias lidera a Fluminense y elimina al Inter de Mil\u00e1n -","robots":{"index":"index","follow":"follow","max-snippet":"max-snippet:-1","max-image-preview":"max-image-preview:large","max-video-preview":"max-video-preview:-1"},"canonical":"https:\/\/futbolhoy.co\/index.php\/2025\/06\/30\/batacazo-jhon-arias-lidera-a-fluminense-y-elimina-al-inter-de-milan\/","og_locale":"es_ES","og_type":"article","og_title":"Batacazo: Jhon Arias lidera a Fluminense y elimina al Inter de Mil\u00e1n -","og_description":"Fluminense protagoniz\u00f3 el batacazo del d\u00eda tras eliminar al Inter de Mil\u00e1n en los octavos de final del Mundial de Clubes, con Jhon Arias como gran figura del duelo en el Bank of America Stadium.\u00a0 German Ezequiel Cano abri\u00f3 el marcador al minuto 3 contra los italianos y pese a que intentaron igualar durante los [&hellip;]","og_url":"https:\/\/futbolhoy.co\/index.php\/2025\/06\/30\/batacazo-jhon-arias-lidera-a-fluminense-y-elimina-al-inter-de-milan\/","article_publisher":"https:\/\/www.facebook.com\/FutbolHoyCol\/","article_published_time":"2025-06-30T22:31:44+00:00","article_modified_time":"2025-07-02T14:23:45+00:00","og_image":[{"width":1179,"height":862,"url":"https:\/\/futbolhoy.co\/wp-content\/uploads\/2025\/06\/IMG_5494.jpeg","type":"image\/jpeg"}],"author":"contenido","twitter_card":"summary_large_image","twitter_creator":"@FutbolHoyCol","twitter_site":"@FutbolHoyCol","twitter_misc":{"Escrito por":"contenido","Tiempo de lectura":"1 minuto"},"schema":{"@context":"https:\/\/schema.org","@graph":[{"@type":"Article","@id":"https:\/\/futbolhoy.co\/index.php\/2025\/06\/30\/batacazo-jhon-arias-lidera-a-fluminense-y-elimina-al-inter-de-milan\/#article","isPartOf":{"@id":"https:\/\/futbolhoy.co\/index.php\/2025\/06\/30\/batacazo-jhon-arias-lidera-a-fluminense-y-elimina-al-inter-de-milan\/"},"author":{"name":"contenido","@id":"https:\/\/futbolhoy.co\/#\/schema\/person\/1721b69355b6623eaff15ac7b92d4cc3"},"headline":"Batacazo: Jhon Arias lidera a Fluminense y elimina al Inter de Mil\u00e1n","datePublished":"2025-06-30T22:31:44+00:00","dateModified":"2025-07-02T14:23:45+00:00","mainEntityOfPage":{"@id":"https:\/\/futbolhoy.co\/index.php\/2025\/06\/30\/batacazo-jhon-arias-lidera-a-fluminense-y-elimina-al-inter-de-milan\/"},"wordCount":141,"commentCount":0,"publisher":{"@id":"https:\/\/futbolhoy.co\/#organization"},"image":{"@id":"https:\/\/futbolhoy.co\/index.php\/2025\/06\/30\/batacazo-jhon-arias-lidera-a-fluminense-y-elimina-al-inter-de-milan\/#primaryimage"},"thumbnailUrl":"https:\/\/futbolhoy.co\/wp-content\/uploads\/2025\/06\/IMG_5494.jpeg","articleSection":["Mundo Futbol"],"inLanguage":"es","potentialAction":[{"@type":"CommentAction","name":"Comment","target":["https:\/\/futbolhoy.co\/index.php\/2025\/06\/30\/batacazo-jhon-arias-lidera-a-fluminense-y-elimina-al-inter-de-milan\/#respond"]}]},{"@type":"WebPage","@id":"https:\/\/futbolhoy.co\/index.php\/2025\/06\/30\/batacazo-jhon-arias-lidera-a-fluminense-y-elimina-al-inter-de-milan\/","url":"https:\/\/futbolhoy.co\/index.php\/2025\/06\/30\/batacazo-jhon-arias-lidera-a-fluminense-y-elimina-al-inter-de-milan\/","name":"Batacazo: Jhon Arias lidera a Fluminense y elimina al Inter de Mil\u00e1n -","isPartOf":{"@id":"https:\/\/futbolhoy.co\/#website"},"primaryImageOfPage":{"@id":"https:\/\/futbolhoy.co\/index.php\/2025\/06\/30\/batacazo-jhon-arias-lidera-a-fluminense-y-elimina-al-inter-de-milan\/#primaryimage"},"image":{"@id":"https:\/\/futbolhoy.co\/index.php\/2025\/06\/30\/batacazo-jhon-arias-lidera-a-fluminense-y-elimina-al-inter-de-milan\/#primaryimage"},"thumbnailUrl":"https:\/\/futbolhoy.co\/wp-content\/uploads\/2025\/06\/IMG_5494.jpeg","datePublished":"2025-06-30T22:31:44+00:00","dateModified":"2025-07-02T14:23:45+00:00","breadcrumb":{"@id":"https:\/\/futbolhoy.co\/index.php\/2025\/06\/30\/batacazo-jhon-arias-lidera-a-fluminense-y-elimina-al-inter-de-milan\/#breadcrumb"},"inLanguage":"es","potentialAction":[{"@type":"ReadAction","target":["https:\/\/futbolhoy.co\/index.php\/2025\/06\/30\/batacazo-jhon-arias-lidera-a-fluminense-y-elimina-al-inter-de-milan\/"]}]},{"@type":"ImageObject","inLanguage":"es","@id":"https:\/\/futbolhoy.co\/index.php\/2025\/06\/30\/batacazo-jhon-arias-lidera-a-fluminense-y-elimina-al-inter-de-milan\/#primaryimage","url":"https:\/\/futbolhoy.co\/wp-content\/uploads\/2025\/06\/IMG_5494.jpeg","contentUrl":"https:\/\/futbolhoy.co\/wp-content\/uploads\/2025\/06\/IMG_5494.jpeg","width":1179,"height":862},{"@type":"BreadcrumbList","@id":"https:\/\/futbolhoy.co\/index.php\/2025\/06\/30\/batacazo-jhon-arias-lidera-a-fluminense-y-elimina-al-inter-de-milan\/#breadcrumb","itemListElement":[{"@type":"ListItem","position":1,"name":"Portada","item":"https:\/\/futbolhoy.co\/"},{"@type":"ListItem","position":2,"name":"Batacazo: Jhon Arias lidera a Fluminense y elimina al Inter de Mil\u00e1n"}]},{"@type":"WebSite","@id":"https:\/\/futbolhoy.co\/#website","url":"https:\/\/futbolhoy.co\/","name":"FutbolHoy","description":"","publisher":{"@id":"https:\/\/futbolhoy.co\/#organization"},"potentialAction":[{"@type":"SearchAction","target":{"@type":"EntryPoint","urlTemplate":"https:\/\/futbolhoy.co\/?s={search_term_string}"},"query-input":{"@type":"PropertyValueSpecification","valueRequired":true,"valueName":"search_term_string"}}],"inLanguage":"es"},{"@type":"Organization","@id":"https:\/\/futbolhoy.co\/#organization","name":"Futbolhoy.co","url":"https:\/\/futbolhoy.co\/","logo":{"@type":"ImageObject","inLanguage":"es","@id":"https:\/\/futbolhoy.co\/#\/schema\/logo\/image\/","url":"https:\/\/futbolhoy.co\/wp-content\/uploads\/2018\/08\/17426380_1906371736249227_6326180412931521141_n.jpg","contentUrl":"https:\/\/futbolhoy.co\/wp-content\/uploads\/2018\/08\/17426380_1906371736249227_6326180412931521141_n.jpg","width":960,"height":960,"caption":"Futbolhoy.co"},"image":{"@id":"https:\/\/futbolhoy.co\/#\/schema\/logo\/image\/"},"sameAs":["https:\/\/www.facebook.com\/FutbolHoyCol\/","https:\/\/x.com\/FutbolHoyCol","https:\/\/www.instagram.com\/futbolhoycol\/"]},{"@type":"Person","@id":"https:\/\/futbolhoy.co\/#\/schema\/person\/1721b69355b6623eaff15ac7b92d4cc3","name":"contenido","image":{"@type":"ImageObject","inLanguage":"es","@id":"https:\/\/futbolhoy.co\/#\/schema\/person\/image\/","url":"https:\/\/secure.gravatar.com\/avatar\/4f656d3256f5134f466206e7c3941518?s=96&d=mm&r=g","contentUrl":"https:\/\/secure.gravatar.com\/avatar\/4f656d3256f5134f466206e7c3941518?s=96&d=mm&r=g","caption":"contenido"}}]}},"publishpress_future_action":{"enabled":false,"date":"2026-05-06 13:42:54","action":"change-status","newStatus":"draft","terms":[],"taxonomy":"category","extraData":[]},"publishpress_future_workflow_manual_trigger":{"enabledWorkflows":[]},"_links":{"self":[{"href":"https:\/\/futbolhoy.co\/index.php\/wp-json\/wp\/v2\/posts\/120730","targetHints":{"allow":["GET"]}}],"collection":[{"href":"https:\/\/futbolhoy.co\/index.php\/wp-json\/wp\/v2\/posts"}],"about":[{"href":"https:\/\/futbolhoy.co\/index.php\/wp-json\/wp\/v2\/types\/post"}],"author":[{"embeddable":true,"href":"https:\/\/futbolhoy.co\/index.php\/wp-json\/wp\/v2\/users\/4"}],"replies":[{"embeddable":true,"href":"https:\/\/futbolhoy.co\/index.php\/wp-json\/wp\/v2\/comments?post=120730"}],"version-history":[{"count":1,"href":"https:\/\/futbolhoy.co\/index.php\/wp-json\/wp\/v2\/posts\/120730\/revisions"}],"predecessor-version":[{"id":120732,"href":"https:\/\/futbolhoy.co\/index.php\/wp-json\/wp\/v2\/posts\/120730\/revisions\/120732"}],"wp:featuredmedia":[{"embeddable":true,"href":"https:\/\/futbolhoy.co\/index.php\/wp-json\/wp\/v2\/media\/120731"}],"wp:attachment":[{"href":"https:\/\/futbolhoy.co\/index.php\/wp-json\/wp\/v2\/media?parent=120730"}],"wp:term":[{"taxonomy":"category","embeddable":true,"href":"https:\/\/futbolhoy.co\/index.php\/wp-json\/wp\/v2\/categories?post=120730"},{"taxonomy":"post_tag","embeddable":true,"href":"https:\/\/futbolhoy.co\/index.php\/wp-json\/wp\/v2\/tags?post=120730"}],"curies":[{"name":"wp","href":"https:\/\/api.w.org\/{rel}","templated":true}]}}