{"id":120735,"date":"2025-07-01T12:36:20","date_gmt":"2025-07-01T17:36:20","guid":{"rendered":"https:\/\/futbolhoy.co\/?p=120735"},"modified":"2025-07-02T18:58:09","modified_gmt":"2025-07-02T23:58:09","slug":"gigante-de-europa-habria-rechazado-el-prestamo-de-duran","status":"publish","type":"post","link":"https:\/\/futbolhoy.co\/index.php\/2025\/07\/01\/gigante-de-europa-habria-rechazado-el-prestamo-de-duran\/","title":{"rendered":"Gigante de Europa habr\u00eda rechazado el pr\u00e9stamo de Dur\u00e1n"},"content":{"rendered":"<p style=\"text-align: justify;\"><span style=\"font-family: helvetica, arial, sans-serif;\"><strong>Jhon Jader Dur\u00e1n<\/strong> est\u00e1 listo para ser nuevo jugador del <strong>Fenerbahce<\/strong> de <strong>Turqu\u00eda.<\/strong> El colombiano llegar\u00e1 con un contrato de pr\u00e9stamo desde <strong>Al Nassr,<\/strong> hasta junio de 2026.<\/span><\/p>\n<p style=\"text-align: justify;\"><span style=\"font-family: helvetica, arial, sans-serif;\">Sin embargo, <strong>Fabrizio Romano<\/strong> inform\u00f3 que al joven antioque\u00f1o lo ofrecieron al <strong>Manchester United,<\/strong> bajo las mismas condiciones de pr\u00e9stamo y siendo el conjunto saud\u00ed el encargado del salario. Pero el cuadro ingl\u00e9s rechaz\u00f3 la oferta.<\/span><\/p>\n<p style=\"text-align: justify;\"><span style=\"font-family: helvetica, arial, sans-serif;\">\u201cAl Manchester United se le ofreci\u00f3 la posibilidad de fichar a Jhon Duran del Al Nassr en un contrato de pr\u00e9stamo inicial, cubriendo su salario, pero el Manchester United decidi\u00f3 rechazar esa posibilidad para centrarse en objetivos diferentes\u201d, se\u00f1al\u00f3 el periodista italiano en su canal de YouTube.<\/span><\/p>\n<p style=\"text-align: justify;\"><span style=\"font-family: helvetica, arial, sans-serif;\">El delantero de la Selecci\u00f3n Colombia pondr\u00e1 as\u00ed rumbo a un nuevo equipo luego de seis meses de su \u00faltimo cambio, pues en enero pas\u00f3 de <strong>Aston Villa<\/strong> a Al Nassr.<\/span><\/p>\n","protected":false},"excerpt":{"rendered":"<p>Jhon Jader Dur\u00e1n est\u00e1 listo para ser nuevo jugador del Fenerbahce de Turqu\u00eda. El colombiano llegar\u00e1 con un contrato de pr\u00e9stamo desde Al Nassr, hasta junio de 2026. Sin embargo, Fabrizio Romano inform\u00f3 que al joven antioque\u00f1o lo ofrecieron al Manchester United, bajo las mismas condiciones de pr\u00e9stamo y siendo el conjunto saud\u00ed el encargado [&hellip;]<\/p>\n","protected":false},"author":4,"featured_media":120181,"comment_status":"open","ping_status":"open","sticky":false,"template":"","format":"standard","meta":{"_acf_changed":false,"footnotes":""},"categories":[418],"tags":[],"class_list":{"0":"post-120735","1":"post","2":"type-post","3":"status-publish","4":"format-standard","5":"has-post-thumbnail","7":"category-colombia"},"acf":[],"yoast_head":"<!-- This site is optimized with the Yoast SEO plugin v26.8 - https:\/\/yoast.com\/product\/yoast-seo-wordpress\/ -->\n<title>Gigante de Europa habr\u00eda rechazado el pr\u00e9stamo de Dur\u00e1n -<\/title>\n<meta name=\"robots\" content=\"index, follow, max-snippet:-1, max-image-preview:large, max-video-preview:-1\" \/>\n<link rel=\"canonical\" href=\"https:\/\/futbolhoy.co\/index.php\/2025\/07\/01\/gigante-de-europa-habria-rechazado-el-prestamo-de-duran\/\" \/>\n<meta property=\"og:locale\" content=\"es_ES\" \/>\n<meta property=\"og:type\" content=\"article\" \/>\n<meta property=\"og:title\" content=\"Gigante de Europa habr\u00eda rechazado el pr\u00e9stamo de Dur\u00e1n -\" \/>\n<meta property=\"og:description\" content=\"Jhon Jader Dur\u00e1n est\u00e1 listo para ser nuevo jugador del Fenerbahce de Turqu\u00eda. El colombiano llegar\u00e1 con un contrato de pr\u00e9stamo desde Al Nassr, hasta junio de 2026. Sin embargo, Fabrizio Romano inform\u00f3 que al joven antioque\u00f1o lo ofrecieron al Manchester United, bajo las mismas condiciones de pr\u00e9stamo y siendo el conjunto saud\u00ed el encargado [&hellip;]\" \/>\n<meta property=\"og:url\" content=\"https:\/\/futbolhoy.co\/index.php\/2025\/07\/01\/gigante-de-europa-habria-rechazado-el-prestamo-de-duran\/\" \/>\n<meta property=\"article:publisher\" content=\"https:\/\/www.facebook.com\/FutbolHoyCol\/\" \/>\n<meta property=\"article:published_time\" content=\"2025-07-01T17:36:20+00:00\" \/>\n<meta property=\"article:modified_time\" content=\"2025-07-02T23:58:09+00:00\" \/>\n<meta property=\"og:image\" content=\"https:\/\/futbolhoy.co\/wp-content\/uploads\/2025\/06\/IMG_4840.jpeg\" \/>\n\t<meta property=\"og:image:width\" content=\"708\" \/>\n\t<meta property=\"og:image:height\" content=\"398\" \/>\n\t<meta property=\"og:image:type\" content=\"image\/jpeg\" \/>\n<meta name=\"author\" content=\"contenido\" \/>\n<meta name=\"twitter:card\" content=\"summary_large_image\" \/>\n<meta name=\"twitter:creator\" content=\"@FutbolHoyCol\" \/>\n<meta name=\"twitter:site\" content=\"@FutbolHoyCol\" \/>\n<meta name=\"twitter:label1\" content=\"Escrito por\" \/>\n\t<meta name=\"twitter:data1\" content=\"contenido\" \/>\n\t<meta name=\"twitter:label2\" content=\"Tiempo de lectura\" \/>\n\t<meta name=\"twitter:data2\" content=\"1 minuto\" \/>\n<script type=\"application\/ld+json\" class=\"yoast-schema-graph\">{\"@context\":\"https:\/\/schema.org\",\"@graph\":[{\"@type\":\"Article\",\"@id\":\"https:\/\/futbolhoy.co\/index.php\/2025\/07\/01\/gigante-de-europa-habria-rechazado-el-prestamo-de-duran\/#article\",\"isPartOf\":{\"@id\":\"https:\/\/futbolhoy.co\/index.php\/2025\/07\/01\/gigante-de-europa-habria-rechazado-el-prestamo-de-duran\/\"},\"author\":{\"name\":\"contenido\",\"@id\":\"https:\/\/futbolhoy.co\/#\/schema\/person\/1721b69355b6623eaff15ac7b92d4cc3\"},\"headline\":\"Gigante de Europa habr\u00eda rechazado el pr\u00e9stamo de Dur\u00e1n\",\"datePublished\":\"2025-07-01T17:36:20+00:00\",\"dateModified\":\"2025-07-02T23:58:09+00:00\",\"mainEntityOfPage\":{\"@id\":\"https:\/\/futbolhoy.co\/index.php\/2025\/07\/01\/gigante-de-europa-habria-rechazado-el-prestamo-de-duran\/\"},\"wordCount\":162,\"commentCount\":0,\"publisher\":{\"@id\":\"https:\/\/futbolhoy.co\/#organization\"},\"image\":{\"@id\":\"https:\/\/futbolhoy.co\/index.php\/2025\/07\/01\/gigante-de-europa-habria-rechazado-el-prestamo-de-duran\/#primaryimage\"},\"thumbnailUrl\":\"https:\/\/futbolhoy.co\/wp-content\/uploads\/2025\/06\/IMG_4840.jpeg\",\"articleSection\":[\"Colombia\"],\"inLanguage\":\"es\",\"potentialAction\":[{\"@type\":\"CommentAction\",\"name\":\"Comment\",\"target\":[\"https:\/\/futbolhoy.co\/index.php\/2025\/07\/01\/gigante-de-europa-habria-rechazado-el-prestamo-de-duran\/#respond\"]}]},{\"@type\":\"WebPage\",\"@id\":\"https:\/\/futbolhoy.co\/index.php\/2025\/07\/01\/gigante-de-europa-habria-rechazado-el-prestamo-de-duran\/\",\"url\":\"https:\/\/futbolhoy.co\/index.php\/2025\/07\/01\/gigante-de-europa-habria-rechazado-el-prestamo-de-duran\/\",\"name\":\"Gigante de Europa habr\u00eda rechazado el pr\u00e9stamo de Dur\u00e1n -\",\"isPartOf\":{\"@id\":\"https:\/\/futbolhoy.co\/#website\"},\"primaryImageOfPage\":{\"@id\":\"https:\/\/futbolhoy.co\/index.php\/2025\/07\/01\/gigante-de-europa-habria-rechazado-el-prestamo-de-duran\/#primaryimage\"},\"image\":{\"@id\":\"https:\/\/futbolhoy.co\/index.php\/2025\/07\/01\/gigante-de-europa-habria-rechazado-el-prestamo-de-duran\/#primaryimage\"},\"thumbnailUrl\":\"https:\/\/futbolhoy.co\/wp-content\/uploads\/2025\/06\/IMG_4840.jpeg\",\"datePublished\":\"2025-07-01T17:36:20+00:00\",\"dateModified\":\"2025-07-02T23:58:09+00:00\",\"breadcrumb\":{\"@id\":\"https:\/\/futbolhoy.co\/index.php\/2025\/07\/01\/gigante-de-europa-habria-rechazado-el-prestamo-de-duran\/#breadcrumb\"},\"inLanguage\":\"es\",\"potentialAction\":[{\"@type\":\"ReadAction\",\"target\":[\"https:\/\/futbolhoy.co\/index.php\/2025\/07\/01\/gigante-de-europa-habria-rechazado-el-prestamo-de-duran\/\"]}]},{\"@type\":\"ImageObject\",\"inLanguage\":\"es\",\"@id\":\"https:\/\/futbolhoy.co\/index.php\/2025\/07\/01\/gigante-de-europa-habria-rechazado-el-prestamo-de-duran\/#primaryimage\",\"url\":\"https:\/\/futbolhoy.co\/wp-content\/uploads\/2025\/06\/IMG_4840.jpeg\",\"contentUrl\":\"https:\/\/futbolhoy.co\/wp-content\/uploads\/2025\/06\/IMG_4840.jpeg\",\"width\":708,\"height\":398},{\"@type\":\"BreadcrumbList\",\"@id\":\"https:\/\/futbolhoy.co\/index.php\/2025\/07\/01\/gigante-de-europa-habria-rechazado-el-prestamo-de-duran\/#breadcrumb\",\"itemListElement\":[{\"@type\":\"ListItem\",\"position\":1,\"name\":\"Portada\",\"item\":\"https:\/\/futbolhoy.co\/\"},{\"@type\":\"ListItem\",\"position\":2,\"name\":\"Gigante de Europa habr\u00eda rechazado el pr\u00e9stamo de Dur\u00e1n\"}]},{\"@type\":\"WebSite\",\"@id\":\"https:\/\/futbolhoy.co\/#website\",\"url\":\"https:\/\/futbolhoy.co\/\",\"name\":\"FutbolHoy\",\"description\":\"\",\"publisher\":{\"@id\":\"https:\/\/futbolhoy.co\/#organization\"},\"potentialAction\":[{\"@type\":\"SearchAction\",\"target\":{\"@type\":\"EntryPoint\",\"urlTemplate\":\"https:\/\/futbolhoy.co\/?s={search_term_string}\"},\"query-input\":{\"@type\":\"PropertyValueSpecification\",\"valueRequired\":true,\"valueName\":\"search_term_string\"}}],\"inLanguage\":\"es\"},{\"@type\":\"Organization\",\"@id\":\"https:\/\/futbolhoy.co\/#organization\",\"name\":\"Futbolhoy.co\",\"url\":\"https:\/\/futbolhoy.co\/\",\"logo\":{\"@type\":\"ImageObject\",\"inLanguage\":\"es\",\"@id\":\"https:\/\/futbolhoy.co\/#\/schema\/logo\/image\/\",\"url\":\"https:\/\/futbolhoy.co\/wp-content\/uploads\/2018\/08\/17426380_1906371736249227_6326180412931521141_n.jpg\",\"contentUrl\":\"https:\/\/futbolhoy.co\/wp-content\/uploads\/2018\/08\/17426380_1906371736249227_6326180412931521141_n.jpg\",\"width\":960,\"height\":960,\"caption\":\"Futbolhoy.co\"},\"image\":{\"@id\":\"https:\/\/futbolhoy.co\/#\/schema\/logo\/image\/\"},\"sameAs\":[\"https:\/\/www.facebook.com\/FutbolHoyCol\/\",\"https:\/\/x.com\/FutbolHoyCol\",\"https:\/\/www.instagram.com\/futbolhoycol\/\"]},{\"@type\":\"Person\",\"@id\":\"https:\/\/futbolhoy.co\/#\/schema\/person\/1721b69355b6623eaff15ac7b92d4cc3\",\"name\":\"contenido\",\"image\":{\"@type\":\"ImageObject\",\"inLanguage\":\"es\",\"@id\":\"https:\/\/futbolhoy.co\/#\/schema\/person\/image\/\",\"url\":\"https:\/\/secure.gravatar.com\/avatar\/4f656d3256f5134f466206e7c3941518?s=96&d=mm&r=g\",\"contentUrl\":\"https:\/\/secure.gravatar.com\/avatar\/4f656d3256f5134f466206e7c3941518?s=96&d=mm&r=g\",\"caption\":\"contenido\"}}]}<\/script>\n<!-- \/ Yoast SEO plugin. -->","yoast_head_json":{"title":"Gigante de Europa habr\u00eda rechazado el pr\u00e9stamo de Dur\u00e1n -","robots":{"index":"index","follow":"follow","max-snippet":"max-snippet:-1","max-image-preview":"max-image-preview:large","max-video-preview":"max-video-preview:-1"},"canonical":"https:\/\/futbolhoy.co\/index.php\/2025\/07\/01\/gigante-de-europa-habria-rechazado-el-prestamo-de-duran\/","og_locale":"es_ES","og_type":"article","og_title":"Gigante de Europa habr\u00eda rechazado el pr\u00e9stamo de Dur\u00e1n -","og_description":"Jhon Jader Dur\u00e1n est\u00e1 listo para ser nuevo jugador del Fenerbahce de Turqu\u00eda. El colombiano llegar\u00e1 con un contrato de pr\u00e9stamo desde Al Nassr, hasta junio de 2026. Sin embargo, Fabrizio Romano inform\u00f3 que al joven antioque\u00f1o lo ofrecieron al Manchester United, bajo las mismas condiciones de pr\u00e9stamo y siendo el conjunto saud\u00ed el encargado [&hellip;]","og_url":"https:\/\/futbolhoy.co\/index.php\/2025\/07\/01\/gigante-de-europa-habria-rechazado-el-prestamo-de-duran\/","article_publisher":"https:\/\/www.facebook.com\/FutbolHoyCol\/","article_published_time":"2025-07-01T17:36:20+00:00","article_modified_time":"2025-07-02T23:58:09+00:00","og_image":[{"width":708,"height":398,"url":"https:\/\/futbolhoy.co\/wp-content\/uploads\/2025\/06\/IMG_4840.jpeg","type":"image\/jpeg"}],"author":"contenido","twitter_card":"summary_large_image","twitter_creator":"@FutbolHoyCol","twitter_site":"@FutbolHoyCol","twitter_misc":{"Escrito por":"contenido","Tiempo de lectura":"1 minuto"},"schema":{"@context":"https:\/\/schema.org","@graph":[{"@type":"Article","@id":"https:\/\/futbolhoy.co\/index.php\/2025\/07\/01\/gigante-de-europa-habria-rechazado-el-prestamo-de-duran\/#article","isPartOf":{"@id":"https:\/\/futbolhoy.co\/index.php\/2025\/07\/01\/gigante-de-europa-habria-rechazado-el-prestamo-de-duran\/"},"author":{"name":"contenido","@id":"https:\/\/futbolhoy.co\/#\/schema\/person\/1721b69355b6623eaff15ac7b92d4cc3"},"headline":"Gigante de Europa habr\u00eda rechazado el pr\u00e9stamo de Dur\u00e1n","datePublished":"2025-07-01T17:36:20+00:00","dateModified":"2025-07-02T23:58:09+00:00","mainEntityOfPage":{"@id":"https:\/\/futbolhoy.co\/index.php\/2025\/07\/01\/gigante-de-europa-habria-rechazado-el-prestamo-de-duran\/"},"wordCount":162,"commentCount":0,"publisher":{"@id":"https:\/\/futbolhoy.co\/#organization"},"image":{"@id":"https:\/\/futbolhoy.co\/index.php\/2025\/07\/01\/gigante-de-europa-habria-rechazado-el-prestamo-de-duran\/#primaryimage"},"thumbnailUrl":"https:\/\/futbolhoy.co\/wp-content\/uploads\/2025\/06\/IMG_4840.jpeg","articleSection":["Colombia"],"inLanguage":"es","potentialAction":[{"@type":"CommentAction","name":"Comment","target":["https:\/\/futbolhoy.co\/index.php\/2025\/07\/01\/gigante-de-europa-habria-rechazado-el-prestamo-de-duran\/#respond"]}]},{"@type":"WebPage","@id":"https:\/\/futbolhoy.co\/index.php\/2025\/07\/01\/gigante-de-europa-habria-rechazado-el-prestamo-de-duran\/","url":"https:\/\/futbolhoy.co\/index.php\/2025\/07\/01\/gigante-de-europa-habria-rechazado-el-prestamo-de-duran\/","name":"Gigante de Europa habr\u00eda rechazado el pr\u00e9stamo de Dur\u00e1n -","isPartOf":{"@id":"https:\/\/futbolhoy.co\/#website"},"primaryImageOfPage":{"@id":"https:\/\/futbolhoy.co\/index.php\/2025\/07\/01\/gigante-de-europa-habria-rechazado-el-prestamo-de-duran\/#primaryimage"},"image":{"@id":"https:\/\/futbolhoy.co\/index.php\/2025\/07\/01\/gigante-de-europa-habria-rechazado-el-prestamo-de-duran\/#primaryimage"},"thumbnailUrl":"https:\/\/futbolhoy.co\/wp-content\/uploads\/2025\/06\/IMG_4840.jpeg","datePublished":"2025-07-01T17:36:20+00:00","dateModified":"2025-07-02T23:58:09+00:00","breadcrumb":{"@id":"https:\/\/futbolhoy.co\/index.php\/2025\/07\/01\/gigante-de-europa-habria-rechazado-el-prestamo-de-duran\/#breadcrumb"},"inLanguage":"es","potentialAction":[{"@type":"ReadAction","target":["https:\/\/futbolhoy.co\/index.php\/2025\/07\/01\/gigante-de-europa-habria-rechazado-el-prestamo-de-duran\/"]}]},{"@type":"ImageObject","inLanguage":"es","@id":"https:\/\/futbolhoy.co\/index.php\/2025\/07\/01\/gigante-de-europa-habria-rechazado-el-prestamo-de-duran\/#primaryimage","url":"https:\/\/futbolhoy.co\/wp-content\/uploads\/2025\/06\/IMG_4840.jpeg","contentUrl":"https:\/\/futbolhoy.co\/wp-content\/uploads\/2025\/06\/IMG_4840.jpeg","width":708,"height":398},{"@type":"BreadcrumbList","@id":"https:\/\/futbolhoy.co\/index.php\/2025\/07\/01\/gigante-de-europa-habria-rechazado-el-prestamo-de-duran\/#breadcrumb","itemListElement":[{"@type":"ListItem","position":1,"name":"Portada","item":"https:\/\/futbolhoy.co\/"},{"@type":"ListItem","position":2,"name":"Gigante de Europa habr\u00eda rechazado el pr\u00e9stamo de Dur\u00e1n"}]},{"@type":"WebSite","@id":"https:\/\/futbolhoy.co\/#website","url":"https:\/\/futbolhoy.co\/","name":"FutbolHoy","description":"","publisher":{"@id":"https:\/\/futbolhoy.co\/#organization"},"potentialAction":[{"@type":"SearchAction","target":{"@type":"EntryPoint","urlTemplate":"https:\/\/futbolhoy.co\/?s={search_term_string}"},"query-input":{"@type":"PropertyValueSpecification","valueRequired":true,"valueName":"search_term_string"}}],"inLanguage":"es"},{"@type":"Organization","@id":"https:\/\/futbolhoy.co\/#organization","name":"Futbolhoy.co","url":"https:\/\/futbolhoy.co\/","logo":{"@type":"ImageObject","inLanguage":"es","@id":"https:\/\/futbolhoy.co\/#\/schema\/logo\/image\/","url":"https:\/\/futbolhoy.co\/wp-content\/uploads\/2018\/08\/17426380_1906371736249227_6326180412931521141_n.jpg","contentUrl":"https:\/\/futbolhoy.co\/wp-content\/uploads\/2018\/08\/17426380_1906371736249227_6326180412931521141_n.jpg","width":960,"height":960,"caption":"Futbolhoy.co"},"image":{"@id":"https:\/\/futbolhoy.co\/#\/schema\/logo\/image\/"},"sameAs":["https:\/\/www.facebook.com\/FutbolHoyCol\/","https:\/\/x.com\/FutbolHoyCol","https:\/\/www.instagram.com\/futbolhoycol\/"]},{"@type":"Person","@id":"https:\/\/futbolhoy.co\/#\/schema\/person\/1721b69355b6623eaff15ac7b92d4cc3","name":"contenido","image":{"@type":"ImageObject","inLanguage":"es","@id":"https:\/\/futbolhoy.co\/#\/schema\/person\/image\/","url":"https:\/\/secure.gravatar.com\/avatar\/4f656d3256f5134f466206e7c3941518?s=96&d=mm&r=g","contentUrl":"https:\/\/secure.gravatar.com\/avatar\/4f656d3256f5134f466206e7c3941518?s=96&d=mm&r=g","caption":"contenido"}}]}},"publishpress_future_action":{"enabled":false,"date":"2026-05-06 15:04:13","action":"change-status","newStatus":"draft","terms":[],"taxonomy":"category","extraData":[]},"publishpress_future_workflow_manual_trigger":{"enabledWorkflows":[]},"_links":{"self":[{"href":"https:\/\/futbolhoy.co\/index.php\/wp-json\/wp\/v2\/posts\/120735","targetHints":{"allow":["GET"]}}],"collection":[{"href":"https:\/\/futbolhoy.co\/index.php\/wp-json\/wp\/v2\/posts"}],"about":[{"href":"https:\/\/futbolhoy.co\/index.php\/wp-json\/wp\/v2\/types\/post"}],"author":[{"embeddable":true,"href":"https:\/\/futbolhoy.co\/index.php\/wp-json\/wp\/v2\/users\/4"}],"replies":[{"embeddable":true,"href":"https:\/\/futbolhoy.co\/index.php\/wp-json\/wp\/v2\/comments?post=120735"}],"version-history":[{"count":1,"href":"https:\/\/futbolhoy.co\/index.php\/wp-json\/wp\/v2\/posts\/120735\/revisions"}],"predecessor-version":[{"id":120736,"href":"https:\/\/futbolhoy.co\/index.php\/wp-json\/wp\/v2\/posts\/120735\/revisions\/120736"}],"wp:featuredmedia":[{"embeddable":true,"href":"https:\/\/futbolhoy.co\/index.php\/wp-json\/wp\/v2\/media\/120181"}],"wp:attachment":[{"href":"https:\/\/futbolhoy.co\/index.php\/wp-json\/wp\/v2\/media?parent=120735"}],"wp:term":[{"taxonomy":"category","embeddable":true,"href":"https:\/\/futbolhoy.co\/index.php\/wp-json\/wp\/v2\/categories?post=120735"},{"taxonomy":"post_tag","embeddable":true,"href":"https:\/\/futbolhoy.co\/index.php\/wp-json\/wp\/v2\/tags?post=120735"}],"curies":[{"name":"wp","href":"https:\/\/api.w.org\/{rel}","templated":true}]}}