{"id":120742,"date":"2025-07-01T20:27:29","date_gmt":"2025-07-02T01:27:29","guid":{"rendered":"https:\/\/futbolhoy.co\/?p=120742"},"modified":"2025-07-03T11:59:11","modified_gmt":"2025-07-03T16:59:11","slug":"adios-al-idolo-julian-quinones-se-despide-de-deportes-tolima","status":"publish","type":"post","link":"https:\/\/futbolhoy.co\/index.php\/2025\/07\/01\/adios-al-idolo-julian-quinones-se-despide-de-deportes-tolima\/","title":{"rendered":"Adi\u00f3s al \u00eddolo: Juli\u00e1n Qui\u00f1ones se despide de Deportes Tolima"},"content":{"rendered":"<p style=\"text-align: justify;\"><span style=\"font-family: helvetica, arial, sans-serif;\">Despu\u00e9s de 11 a\u00f1os defendiendo la camiseta vinotinto y oro, <strong>Julian Qui\u00f1ones no va m\u00e1s en Deportes Tolima<\/strong> y se despide siendo uno de los m\u00e1ximos \u00eddolos de la instituci\u00f3n.\u00a0\u00a0<\/span><\/p>\n<p style=\"text-align: justify;\"><span style=\"font-family: helvetica, arial, sans-serif;\">El capit\u00e1n, que <strong>muchos pensaban se retirar\u00eda<\/strong> vistiendo la camiseta del Tolima, sale del equipo despu\u00e9s de 375 partidos disputados, siendo el jugador con m\u00e1s duelos en la historia del club ibaguere\u00f1o.\u00a0<\/span><\/p>\n<p style=\"text-align: justify;\"><span style=\"font-family: helvetica, arial, sans-serif;\">En 11 a\u00f1os, <strong>Qui\u00f1ones anot\u00f3 25 goles, puso 6 asistencias,<\/strong> disput\u00f3 10 finales, consigui\u00f3 4 t\u00edtulos y 6 subcampeonatos.\u00a0<\/span><\/p>\n<p style=\"text-align: justify;\"><span style=\"font-family: helvetica, arial, sans-serif;\">\u201cSu entrega y compromiso han reflejado siempre el verdadero esp\u00edritu del guerrero pijao. <strong>Durante 11 a\u00f1os, este ha sido su hogar,<\/strong> defendiendo nuestro escudo con responsabilidad y destac\u00e1ndose por mantener los valores que nos identifican como tribu\u201d, dice <strong>el comunicado con el que Tolima<\/strong> anunci\u00f3 el adi\u00f3s a su \u00eddolo.\u00a0<\/span><\/p>\n<p style=\"text-align: justify;\"><span style=\"font-family: helvetica, arial, sans-serif;\">Seg\u00fan el equipo, fue el jugador quien tom\u00f3 la decisi\u00f3n de dar un paso al costado: \u201cNosotros deseamos que siga volando alto como futbolista profesional\u201d.\u00a0<\/span><\/p>\n<blockquote class=\"twitter-tweet\" data-media-max-width=\"560\">\n<p dir=\"ltr\" lang=\"es\">Juli\u00e1n, te vas como un verdadero guerrero PIJAO.<\/p>\n<p>Aqu\u00ed siempre tendr\u00e1s tu casa, tu gente y una hinchada que no te olvidar\u00e1.<\/p>\n<p>Esperamos verte en el futuro, capit\u00e1n \ud83e\udee1 <a href=\"https:\/\/t.co\/zTIqiUOOI1\">pic.twitter.com\/zTIqiUOOI1<\/a><\/p>\n<p>\u2014 Club Deportes Tolima (@cdtolima) <a href=\"https:\/\/twitter.com\/cdtolima\/status\/1940198494289191084?ref_src=twsrc%5Etfw\">July 1, 2025<\/a><\/p><\/blockquote>\n<p><script async src=\"https:\/\/platform.twitter.com\/widgets.js\" charset=\"utf-8\"><\/script><br \/>\n<img fetchpriority=\"high\" decoding=\"async\" class=\"alignnone size-full wp-image-120746\" src=\"https:\/\/futbolhoy.co\/wp-content\/uploads\/2025\/07\/IMG_5589.png\" alt=\"\" width=\"1394\" height=\"1808\" srcset=\"https:\/\/futbolhoy.co\/wp-content\/uploads\/2025\/07\/IMG_5589.png 1394w, https:\/\/futbolhoy.co\/wp-content\/uploads\/2025\/07\/IMG_5589-231x300.png 231w, https:\/\/futbolhoy.co\/wp-content\/uploads\/2025\/07\/IMG_5589-790x1024.png 790w, https:\/\/futbolhoy.co\/wp-content\/uploads\/2025\/07\/IMG_5589-768x996.png 768w, https:\/\/futbolhoy.co\/wp-content\/uploads\/2025\/07\/IMG_5589-1184x1536.png 1184w, https:\/\/futbolhoy.co\/wp-content\/uploads\/2025\/07\/IMG_5589-696x903.png 696w, https:\/\/futbolhoy.co\/wp-content\/uploads\/2025\/07\/IMG_5589-1068x1385.png 1068w, https:\/\/futbolhoy.co\/wp-content\/uploads\/2025\/07\/IMG_5589-99x128.png 99w, https:\/\/futbolhoy.co\/wp-content\/uploads\/2025\/07\/IMG_5589-25x32.png 25w\" sizes=\"(max-width: 1394px) 100vw, 1394px\" \/><\/p>\n","protected":false},"excerpt":{"rendered":"<p>Despu\u00e9s de 11 a\u00f1os defendiendo la camiseta vinotinto y oro, Julian Qui\u00f1ones no va m\u00e1s en Deportes Tolima y se despide siendo uno de los m\u00e1ximos \u00eddolos de la instituci\u00f3n.\u00a0\u00a0 El capit\u00e1n, que muchos pensaban se retirar\u00eda vistiendo la camiseta del Tolima, sale del equipo despu\u00e9s de 375 partidos disputados, siendo el jugador con m\u00e1s [&hellip;]<\/p>\n","protected":false},"author":4,"featured_media":120743,"comment_status":"open","ping_status":"closed","sticky":false,"template":"","format":"standard","meta":{"_acf_changed":false,"footnotes":""},"categories":[7],"tags":[],"class_list":{"0":"post-120742","1":"post","2":"type-post","3":"status-publish","4":"format-standard","5":"has-post-thumbnail","7":"category-liga-betplay"},"acf":[],"_links":{"self":[{"href":"https:\/\/futbolhoy.co\/index.php\/wp-json\/wp\/v2\/posts\/120742","targetHints":{"allow":["GET"]}}],"collection":[{"href":"https:\/\/futbolhoy.co\/index.php\/wp-json\/wp\/v2\/posts"}],"about":[{"href":"https:\/\/futbolhoy.co\/index.php\/wp-json\/wp\/v2\/types\/post"}],"author":[{"embeddable":true,"href":"https:\/\/futbolhoy.co\/index.php\/wp-json\/wp\/v2\/users\/4"}],"replies":[{"embeddable":true,"href":"https:\/\/futbolhoy.co\/index.php\/wp-json\/wp\/v2\/comments?post=120742"}],"version-history":[{"count":3,"href":"https:\/\/futbolhoy.co\/index.php\/wp-json\/wp\/v2\/posts\/120742\/revisions"}],"predecessor-version":[{"id":120747,"href":"https:\/\/futbolhoy.co\/index.php\/wp-json\/wp\/v2\/posts\/120742\/revisions\/120747"}],"wp:featuredmedia":[{"embeddable":true,"href":"https:\/\/futbolhoy.co\/index.php\/wp-json\/wp\/v2\/media\/120743"}],"wp:attachment":[{"href":"https:\/\/futbolhoy.co\/index.php\/wp-json\/wp\/v2\/media?parent=120742"}],"wp:term":[{"taxonomy":"category","embeddable":true,"href":"https:\/\/futbolhoy.co\/index.php\/wp-json\/wp\/v2\/categories?post=120742"},{"taxonomy":"post_tag","embeddable":true,"href":"https:\/\/futbolhoy.co\/index.php\/wp-json\/wp\/v2\/tags?post=120742"}],"curies":[{"name":"wp","href":"https:\/\/api.w.org\/{rel}","templated":true}]}}