{"id":120758,"date":"2025-07-02T09:37:07","date_gmt":"2025-07-02T14:37:07","guid":{"rendered":"https:\/\/futbolhoy.co\/?p=120758"},"modified":"2025-07-03T14:41:35","modified_gmt":"2025-07-03T19:41:35","slug":"liverpool-rechaza-acercamiento-del-bayern-por-luis-diaz","status":"publish","type":"post","link":"https:\/\/futbolhoy.co\/index.php\/2025\/07\/02\/liverpool-rechaza-acercamiento-del-bayern-por-luis-diaz\/","title":{"rendered":"Liverpool rechaza acercamiento del Bayern por Luis D\u00edaz"},"content":{"rendered":"<p style=\"text-align: justify;\"><span style=\"font-family: helvetica, arial, sans-serif;\"><strong>Liverpool<\/strong> le dijo \u2018no\u2019 al inter\u00e9s del <strong>Bayern M\u00fanich<\/strong> por el fichaje de <strong>Luis D\u00edaz.<\/strong> El equipo alem\u00e1n pretende al colombiano, pero desde el conjunto ingl\u00e9s no tienen intenci\u00f3n en dejarlo salir.<\/span><\/p>\n<p style=\"text-align: justify;\"><span style=\"font-family: helvetica, arial, sans-serif;\">El conjunto alem\u00e1n habr\u00eda preguntado por Lucho en un primer acercamiento, pero desde Liverpool la respuesta fue negativa y el director deportivo del cuadro b\u00e1varo, <strong>Max Eberl,<\/strong> fue notificado.<\/span><\/p>\n<p style=\"text-align: justify;\"><span style=\"font-family: helvetica, arial, sans-serif;\">\u201cSe dice que el Liverpool no aceptar\u00e1 ninguna propuesta por el colombiano. Su mensaje es claro: no est\u00e1 disponible para la venta. Lo que el Liverpool dice es que priorizan la plantilla actual y que su postura actual sobre D\u00edaz no cambiar\u00e1\u201d, dio a conocer <strong><em>S<\/em><em>ky Sports.<\/em><\/strong><\/span><\/p>\n<p style=\"text-align: justify;\"><span style=\"font-family: helvetica, arial, sans-serif;\">Si bien Lucho es prioridad del Liverpool y est\u00e1 en los planes del t\u00e9cnico Arne Slot, todav\u00eda no hay un acuerdo para renovar su contrato.<\/span><\/p>\n<p style=\"text-align: justify;\"><span style=\"font-family: helvetica, arial, sans-serif;\">Luis D\u00edaz viajar\u00e1 a Liverpool en los pr\u00f3ximos d\u00edas para unirse a la pretemporada. El club tendr\u00e1 su primer juego amistoso el 13 de julio contra el Preston Notrh End.<\/span><\/p>\n","protected":false},"excerpt":{"rendered":"<p>Liverpool le dijo \u2018no\u2019 al inter\u00e9s del Bayern M\u00fanich por el fichaje de Luis D\u00edaz. El equipo alem\u00e1n pretende al colombiano, pero desde el conjunto ingl\u00e9s no tienen intenci\u00f3n en dejarlo salir. El conjunto alem\u00e1n habr\u00eda preguntado por Lucho en un primer acercamiento, pero desde Liverpool la respuesta fue negativa y el director deportivo del [&hellip;]<\/p>\n","protected":false},"author":4,"featured_media":120759,"comment_status":"open","ping_status":"closed","sticky":false,"template":"","format":"standard","meta":{"_acf_changed":false,"footnotes":""},"categories":[418],"tags":[],"class_list":{"0":"post-120758","1":"post","2":"type-post","3":"status-publish","4":"format-standard","5":"has-post-thumbnail","7":"category-colombia"},"acf":[],"_links":{"self":[{"href":"https:\/\/futbolhoy.co\/index.php\/wp-json\/wp\/v2\/posts\/120758","targetHints":{"allow":["GET"]}}],"collection":[{"href":"https:\/\/futbolhoy.co\/index.php\/wp-json\/wp\/v2\/posts"}],"about":[{"href":"https:\/\/futbolhoy.co\/index.php\/wp-json\/wp\/v2\/types\/post"}],"author":[{"embeddable":true,"href":"https:\/\/futbolhoy.co\/index.php\/wp-json\/wp\/v2\/users\/4"}],"replies":[{"embeddable":true,"href":"https:\/\/futbolhoy.co\/index.php\/wp-json\/wp\/v2\/comments?post=120758"}],"version-history":[{"count":1,"href":"https:\/\/futbolhoy.co\/index.php\/wp-json\/wp\/v2\/posts\/120758\/revisions"}],"predecessor-version":[{"id":120760,"href":"https:\/\/futbolhoy.co\/index.php\/wp-json\/wp\/v2\/posts\/120758\/revisions\/120760"}],"wp:featuredmedia":[{"embeddable":true,"href":"https:\/\/futbolhoy.co\/index.php\/wp-json\/wp\/v2\/media\/120759"}],"wp:attachment":[{"href":"https:\/\/futbolhoy.co\/index.php\/wp-json\/wp\/v2\/media?parent=120758"}],"wp:term":[{"taxonomy":"category","embeddable":true,"href":"https:\/\/futbolhoy.co\/index.php\/wp-json\/wp\/v2\/categories?post=120758"},{"taxonomy":"post_tag","embeddable":true,"href":"https:\/\/futbolhoy.co\/index.php\/wp-json\/wp\/v2\/tags?post=120758"}],"curies":[{"name":"wp","href":"https:\/\/api.w.org\/{rel}","templated":true}]}}