{"id":120761,"date":"2025-07-02T18:57:36","date_gmt":"2025-07-02T23:57:36","guid":{"rendered":"https:\/\/futbolhoy.co\/?p=120761"},"modified":"2025-07-04T08:40:01","modified_gmt":"2025-07-04T13:40:01","slug":"emotivo-mensaje-de-falcao-en-su-despedida-de-millonarios","status":"publish","type":"post","link":"https:\/\/futbolhoy.co\/index.php\/2025\/07\/02\/emotivo-mensaje-de-falcao-en-su-despedida-de-millonarios\/","title":{"rendered":"Emotivo mensaje de Falcao en su despedida de Millonarios"},"content":{"rendered":"<p style=\"text-align: justify;\"><span style=\"font-family: helvetica, arial, sans-serif;\"><strong>Lleg\u00f3 el d\u00eda de decir adi\u00f3s. Radame Falcao Garc\u00eda no continuar\u00e1<\/strong> como jugador de Millonarios y este mi\u00e9rcoles anunci\u00f3 su salida del equipo, al tiempo que el club tambi\u00e9n despidi\u00f3 al Tigre.<\/span><\/p>\n<p style=\"text-align: justify;\"><span style=\"font-family: helvetica, arial, sans-serif;\"><strong>A trav\u00e9s de sus redes sociales<\/strong>, Falcao anunci\u00f3 su adi\u00f3s del cuadro embajador despu\u00e9s de un a\u00f1o vistiendo la camiseta albiazul, y lo hizo con un emotivo mensaje.<\/span><\/p>\n<p style=\"text-align: justify;\"><span style=\"font-family: helvetica, arial, sans-serif;\">\u201cLos sue\u00f1os se cumplen y logr\u00e9 cumplir el m\u00edo, el sue\u00f1o que tuve de ni\u00f1o se materializ\u00f3 y pude vestir estos colores. <strong>Hoy solo tengo palabras de agradecimiento<\/strong> para cada uno de ustedes, por su apoyo, su respaldo y por estar ah\u00ed cada fecha\u201d, escribi\u00f3 el hist\u00f3rico jugador de la Selecci\u00f3n Colombia.<\/span><\/p>\n<p style=\"text-align: justify;\"><span style=\"font-family: helvetica, arial, sans-serif;\">\u201cMientras pude dej\u00e9 la vida, el alma y coraz\u00f3n en cada partido, cada jugada, cada minuto&#8230; Y eso es lo que me llevo, tambi\u00e9n me llevo cada palabra de aliento, cada c\u00e1ntico de la tribuna y estos colores tatuados en mi alma. Millonarios, directivos, <strong>cuerpo t\u00e9cnico, compa\u00f1eros,<\/strong> hinchada y a todos los que hacen su trabajo silencioso en el club, gracias por tanto\u201d, a\u00f1adi\u00f3.<\/span><\/p>\n<p style=\"text-align: justify;\"><span style=\"font-family: helvetica, arial, sans-serif;\">\u201cPueden estar seguros de que siempre habr\u00e1 un v\u00ednculo que nos une. Desde la posici\u00f3n que sea, siempre tendr\u00e9 un lazo con el Club y con la hinchada. Vamos todos juntos&#8230;Y no lo olviden&#8230; <strong>SIEMPRE, SIEMPRE Millonarios!\u201d<\/strong>, finaliz\u00f3.<\/span><\/p>\n<p style=\"text-align: justify;\"><span style=\"font-family: helvetica, arial, sans-serif;\">La <strong>publicaci\u00f3n r\u00e1pidamente se llen\u00f3<\/strong> de mensajes de hinchas agradeciendo su paso por el club azul.<\/span><\/p>\n<p style=\"text-align: justify;\"><span style=\"font-family: helvetica, arial, sans-serif;\"><strong>El mensaje de Millonarios<\/strong><\/span><\/p>\n<p style=\"text-align: justify;\"><span style=\"font-family: helvetica, arial, sans-serif;\">Al mismo tiempo, <strong>Millonarios oficializ\u00f3 la salida del Tigre<\/strong> con otro emotivo mensaje y un video que movi\u00f3 todas las fibras.<\/span><\/p>\n<p style=\"text-align: justify;\"><span style=\"font-family: helvetica, arial, sans-serif;\">\u201cEl sue\u00f1o de un ni\u00f1o que jur\u00f3 vestir y defender la camiseta del club que ama, y que nunca dej\u00f3 de creer que alg\u00fan d\u00eda estar\u00eda ah\u00ed, en esta cancha, con estos colores y con esta enorme hinchada. \u00a1<strong>Gracias eternas Radamel<\/strong>!\u201d, dijo el club.<\/span><\/p>\n<blockquote class=\"twitter-tweet\" data-media-max-width=\"560\">\n<p dir=\"ltr\" lang=\"es\">El sue\u00f1o de un ni\u00f1o que jur\u00f3 vestir y defender la camiseta del club que ama, y que nunca dej\u00f3 de creer que alg\u00fan d\u00eda estar\u00eda ah\u00ed, en esta cancha, con estos colores y con esta enorme hinchada.\u24c2\ufe0f\u26bd\ufe0f<\/p>\n<p>\u00a1Gracias eternas Radamel! \ud83d\udc2f\ud83d\udc99 <a href=\"https:\/\/twitter.com\/FALCAO?ref_src=twsrc%5Etfw\">@FALCAO<\/a> <a href=\"https:\/\/t.co\/LnU6i0Otmm\">pic.twitter.com\/LnU6i0Otmm<\/a><\/p>\n<p>\u2014 Millonarios FC (@MillosFCoficial) <a href=\"https:\/\/twitter.com\/MillosFCoficial\/status\/1940531380699722041?ref_src=twsrc%5Etfw\">July 2, 2025<\/a><\/p><\/blockquote>\n<p><script async src=\"https:\/\/platform.twitter.com\/widgets.js\" charset=\"utf-8\"><\/script><\/p>\n<blockquote class=\"twitter-tweet\">\n<p dir=\"ltr\" lang=\"es\">\u00a1Gracias eternas Tigre! \ud83d\udc2f\ud83d\udc99 <a href=\"https:\/\/twitter.com\/FALCAO?ref_src=twsrc%5Etfw\">@FALCAO<\/a> <a href=\"https:\/\/t.co\/1b96q65qIe\">pic.twitter.com\/1b96q65qIe<\/a><\/p>\n<p>\u2014 Millonarios FC (@MillosFCoficial) <a href=\"https:\/\/twitter.com\/MillosFCoficial\/status\/1940534934910943327?ref_src=twsrc%5Etfw\">July 2, 2025<\/a><\/p><\/blockquote>\n<p><script async src=\"https:\/\/platform.twitter.com\/widgets.js\" charset=\"utf-8\"><\/script><\/p>\n<p style=\"text-align: justify;\"><span style=\"font-family: helvetica, arial, sans-serif;\"><strong>Sus n\u00fameros en Millonarios<\/strong><\/span><\/p>\n<p style=\"text-align: justify;\"><span style=\"font-family: helvetica, arial, sans-serif;\">En su a\u00f1o con <strong>Millonarios Falcao no alcanz\u00f3 los mejores n\u00fameros,<\/strong> de hecho, estuvo marcado por algunas lesiones que le impidieron tener mayor continuidad.<\/span><\/p>\n<p style=\"text-align: justify;\"><span style=\"font-family: helvetica, arial, sans-serif;\">Falcao disput\u00f3 <b>29 partidos, 16 de ellos como titular<\/b> y un total de 1.559 minutos, en los que marc\u00f3 11 goles.<\/span><\/p>\n","protected":false},"excerpt":{"rendered":"<p>Lleg\u00f3 el d\u00eda de decir adi\u00f3s. Radame Falcao Garc\u00eda no continuar\u00e1 como jugador de Millonarios y este mi\u00e9rcoles anunci\u00f3 su salida del equipo, al tiempo que el club tambi\u00e9n despidi\u00f3 al Tigre. A trav\u00e9s de sus redes sociales, Falcao anunci\u00f3 su adi\u00f3s del cuadro embajador despu\u00e9s de un a\u00f1o vistiendo la camiseta albiazul, y lo [&hellip;]<\/p>\n","protected":false},"author":4,"featured_media":120763,"comment_status":"open","ping_status":"closed","sticky":false,"template":"","format":"standard","meta":{"_acf_changed":false,"footnotes":""},"categories":[7],"tags":[],"class_list":{"0":"post-120761","1":"post","2":"type-post","3":"status-publish","4":"format-standard","5":"has-post-thumbnail","7":"category-liga-betplay"},"acf":[],"_links":{"self":[{"href":"https:\/\/futbolhoy.co\/index.php\/wp-json\/wp\/v2\/posts\/120761","targetHints":{"allow":["GET"]}}],"collection":[{"href":"https:\/\/futbolhoy.co\/index.php\/wp-json\/wp\/v2\/posts"}],"about":[{"href":"https:\/\/futbolhoy.co\/index.php\/wp-json\/wp\/v2\/types\/post"}],"author":[{"embeddable":true,"href":"https:\/\/futbolhoy.co\/index.php\/wp-json\/wp\/v2\/users\/4"}],"replies":[{"embeddable":true,"href":"https:\/\/futbolhoy.co\/index.php\/wp-json\/wp\/v2\/comments?post=120761"}],"version-history":[{"count":1,"href":"https:\/\/futbolhoy.co\/index.php\/wp-json\/wp\/v2\/posts\/120761\/revisions"}],"predecessor-version":[{"id":120764,"href":"https:\/\/futbolhoy.co\/index.php\/wp-json\/wp\/v2\/posts\/120761\/revisions\/120764"}],"wp:featuredmedia":[{"embeddable":true,"href":"https:\/\/futbolhoy.co\/index.php\/wp-json\/wp\/v2\/media\/120763"}],"wp:attachment":[{"href":"https:\/\/futbolhoy.co\/index.php\/wp-json\/wp\/v2\/media?parent=120761"}],"wp:term":[{"taxonomy":"category","embeddable":true,"href":"https:\/\/futbolhoy.co\/index.php\/wp-json\/wp\/v2\/categories?post=120761"},{"taxonomy":"post_tag","embeddable":true,"href":"https:\/\/futbolhoy.co\/index.php\/wp-json\/wp\/v2\/tags?post=120761"}],"curies":[{"name":"wp","href":"https:\/\/api.w.org\/{rel}","templated":true}]}}