{"id":120765,"date":"2025-07-03T05:20:28","date_gmt":"2025-07-03T10:20:28","guid":{"rendered":"https:\/\/futbolhoy.co\/?p=120765"},"modified":"2025-07-04T13:07:43","modified_gmt":"2025-07-04T18:07:43","slug":"luto-en-el-futbol-murio-diogo-jota","status":"publish","type":"post","link":"https:\/\/futbolhoy.co\/index.php\/2025\/07\/03\/luto-en-el-futbol-murio-diogo-jota\/","title":{"rendered":"Luto en el f\u00fatbol: Muri\u00f3 Diogo Jota"},"content":{"rendered":"<p style=\"text-align: justify;\"><span lang=\"ES-MX\" style=\"font-family: helvetica, arial, sans-serif;\">El futbolista del\u00a0<b>Liverpool Diogo Jota, de 28 a\u00f1os<\/b>, y su hermano Andr\u00e9, de 26, fallecieron esta madrugada en un accidente de tr\u00e1fico ocurrido en la ruta A52, en Cernadilla en\u00a0<b>Zamora en Espa\u00f1a<\/b>\u00a0donde disfrutaba de sus vacaciones.<\/span><\/p>\n<p style=\"text-align: justify;\"><span lang=\"ES-MX\" style=\"font-family: helvetica, arial, sans-serif;\">Los dos hermanos portugueses fallecieron a bordo de un Lamborghini que, por causas que se investigan, se sali\u00f3 de la autov\u00eda R\u00edas Bajas (A52) a la altura del kil\u00f3metro 65, en sentido Benavente, en torno a las\u00a0<b>00:40 horas.<\/b><\/span><\/p>\n<p style=\"text-align: justify;\"><span lang=\"ES-MX\" style=\"font-family: helvetica, arial, sans-serif;\">Seg\u00fan algunas fuentes al veh\u00edculo se le pudo reventar uno de sus neum\u00e1ticos mientras realizaba un adelantamiento, por lo que se sali\u00f3 de la v\u00eda y se incendi\u00f3.<\/span><\/p>\n<p style=\"text-align: justify;\"><span lang=\"ES-MX\" style=\"font-family: helvetica, arial, sans-serif;\">Los bomberos extinguieron el incendio, que se propag\u00f3 a la vegetaci\u00f3n colindante, y colaboraron con los servicios sanitarios de\u00a0<b>Emergencia y la Guardia Civil<\/b>, en tanto que los servicios de emergencias solo pudieron confirmar la muerte de los j\u00f3venes.<\/span><\/p>\n<p style=\"text-align: justify;\"><span lang=\"ES-MX\" style=\"font-family: helvetica, arial, sans-serif;\">Jota era compa\u00f1ero del\u00a0<b>colombiano Luis D\u00edaz<\/b>\u00a0en el club ingl\u00e9s y fue jugador del\u00a0<b>Atl\u00e9tico de Madrid en 2016<\/b>, del\u00a0<b>Porto hasta 2018<\/b>, antes de ser traspasado en\u00a0<b>2020 al Liverpool.<\/b><\/span><\/p>\n<p style=\"text-align: justify;\"><span lang=\"ES-MX\" style=\"font-family: helvetica, arial, sans-serif;\">Su hermano Andr\u00e9 Felipe Silva tambi\u00e9n era futbolista y actuaba en el\u00a0<b>Futebol Clube Penafiel<\/b>, un equipo de la segunda divisi\u00f3n portuguesa.<\/span><\/p>\n","protected":false},"excerpt":{"rendered":"<p>El futbolista del\u00a0Liverpool Diogo Jota, de 28 a\u00f1os, y su hermano Andr\u00e9, de 26, fallecieron esta madrugada en un accidente de tr\u00e1fico ocurrido en la ruta A52, en Cernadilla en\u00a0Zamora en Espa\u00f1a\u00a0donde disfrutaba de sus vacaciones. Los dos hermanos portugueses fallecieron a bordo de un Lamborghini que, por causas que se investigan, se sali\u00f3 de [&hellip;]<\/p>\n","protected":false},"author":5,"featured_media":120766,"comment_status":"open","ping_status":"closed","sticky":false,"template":"","format":"standard","meta":{"_acf_changed":false,"footnotes":""},"categories":[152],"tags":[],"class_list":{"0":"post-120765","1":"post","2":"type-post","3":"status-publish","4":"format-standard","5":"has-post-thumbnail","7":"category-mundo-futbol"},"acf":[],"_links":{"self":[{"href":"https:\/\/futbolhoy.co\/index.php\/wp-json\/wp\/v2\/posts\/120765","targetHints":{"allow":["GET"]}}],"collection":[{"href":"https:\/\/futbolhoy.co\/index.php\/wp-json\/wp\/v2\/posts"}],"about":[{"href":"https:\/\/futbolhoy.co\/index.php\/wp-json\/wp\/v2\/types\/post"}],"author":[{"embeddable":true,"href":"https:\/\/futbolhoy.co\/index.php\/wp-json\/wp\/v2\/users\/5"}],"replies":[{"embeddable":true,"href":"https:\/\/futbolhoy.co\/index.php\/wp-json\/wp\/v2\/comments?post=120765"}],"version-history":[{"count":1,"href":"https:\/\/futbolhoy.co\/index.php\/wp-json\/wp\/v2\/posts\/120765\/revisions"}],"predecessor-version":[{"id":120767,"href":"https:\/\/futbolhoy.co\/index.php\/wp-json\/wp\/v2\/posts\/120765\/revisions\/120767"}],"wp:featuredmedia":[{"embeddable":true,"href":"https:\/\/futbolhoy.co\/index.php\/wp-json\/wp\/v2\/media\/120766"}],"wp:attachment":[{"href":"https:\/\/futbolhoy.co\/index.php\/wp-json\/wp\/v2\/media?parent=120765"}],"wp:term":[{"taxonomy":"category","embeddable":true,"href":"https:\/\/futbolhoy.co\/index.php\/wp-json\/wp\/v2\/categories?post=120765"},{"taxonomy":"post_tag","embeddable":true,"href":"https:\/\/futbolhoy.co\/index.php\/wp-json\/wp\/v2\/tags?post=120765"}],"curies":[{"name":"wp","href":"https:\/\/api.w.org\/{rel}","templated":true}]}}