{"id":120777,"date":"2025-07-03T14:38:51","date_gmt":"2025-07-03T19:38:51","guid":{"rendered":"https:\/\/futbolhoy.co\/?p=120777"},"modified":"2025-07-04T20:15:26","modified_gmt":"2025-07-05T01:15:26","slug":"me-duele-en-el-alma-el-triste-mensaje-de-luis-diaz","status":"publish","type":"post","link":"https:\/\/futbolhoy.co\/index.php\/2025\/07\/03\/me-duele-en-el-alma-el-triste-mensaje-de-luis-diaz\/","title":{"rendered":"\u201cMe duele en el alma\u201d: el triste mensaje de Luis D\u00edaz"},"content":{"rendered":"<p style=\"text-align: justify;\"><span style=\"font-family: helvetica, arial, sans-serif;\">La noticia de la <b>muerte de Diogo Jota ha conmocionado a todo el mundo del f\u00fatbol, <\/b>m\u00e1s a\u00fan a quienes fueron sus compa\u00f1eros m\u00e1s cercanos. Luis D\u00edaz fue el m\u00e1s reciente que se pronunci\u00f3 sobre el fallecimiento del jugador portugu\u00e9s y dijo estar destrozado.\u00a0<\/span><\/p>\n<p style=\"text-align: justify;\"><span style=\"font-family: helvetica, arial, sans-serif;\"><b>Jota, de 28 a\u00f1os, falleci\u00f3 esta madrugada en un accidente de tr\u00e1fico <\/b>ocurrido en la ruta A52, en Cernadilla en Zamora en Espa\u00f1a, junto a su hermano Andr\u00e9, de 26 a\u00f1os.\u00a0<\/span><\/p>\n<p style=\"text-align: justify;\"><span style=\"font-family: helvetica, arial, sans-serif;\">\u201dNo tengo palabras\u2026 <b>Me duele en el alma. <\/b>No solo por lo que fue en la cancha, sino por la persona que fue fuera de ella. Hay gestos que uno nunca olvida, y Diogo tuvo uno conmigo que me acompa\u00f1ar\u00e1 toda la vida. <b>Mi abrazo est\u00e1 con Rute, sus tres hijos y su familia.<\/b> Descansen en paz, Diogo y Andr\u00e9\u201d, escribi\u00f3 el jugador colombiano en sus redes sociales.\u00a0<\/span><\/p>\n<p style=\"text-align: justify;\"><span style=\"font-family: helvetica, arial, sans-serif;\">Luis D\u00edaz record\u00f3 aquel momento en 2023, cuando Diogo Jota le hizo una dedicatoria especial mientras el <b>colombiano sufr\u00eda por el secuestro de su pap\u00e1 en ese entonces<\/b>.\u00a0<\/span><\/p>\n<p style=\"text-align: justify;\"><span style=\"font-family: helvetica, arial, sans-serif;\">Las causas del fat\u00eddico accidente todav\u00eda est\u00e1n en investigaci\u00f3n, <b>pero inicialmente se habla de que uno de los neum\u00e1ticos <\/b>de Lamborghini en el que viajaban los hermanos se habr\u00eda reventado, lo que causar\u00eda que el veh\u00edculo se saliera de la v\u00eda y terminara incendiado.\u00a0<\/span><\/p>\n","protected":false},"excerpt":{"rendered":"<p>La noticia de la muerte de Diogo Jota ha conmocionado a todo el mundo del f\u00fatbol, m\u00e1s a\u00fan a quienes fueron sus compa\u00f1eros m\u00e1s cercanos. Luis D\u00edaz fue el m\u00e1s reciente que se pronunci\u00f3 sobre el fallecimiento del jugador portugu\u00e9s y dijo estar destrozado.\u00a0 Jota, de 28 a\u00f1os, falleci\u00f3 esta madrugada en un accidente de [&hellip;]<\/p>\n","protected":false},"author":4,"featured_media":120778,"comment_status":"open","ping_status":"closed","sticky":false,"template":"","format":"standard","meta":{"_acf_changed":false,"footnotes":""},"categories":[418],"tags":[],"class_list":{"0":"post-120777","1":"post","2":"type-post","3":"status-publish","4":"format-standard","5":"has-post-thumbnail","7":"category-colombia"},"acf":[],"_links":{"self":[{"href":"https:\/\/futbolhoy.co\/index.php\/wp-json\/wp\/v2\/posts\/120777","targetHints":{"allow":["GET"]}}],"collection":[{"href":"https:\/\/futbolhoy.co\/index.php\/wp-json\/wp\/v2\/posts"}],"about":[{"href":"https:\/\/futbolhoy.co\/index.php\/wp-json\/wp\/v2\/types\/post"}],"author":[{"embeddable":true,"href":"https:\/\/futbolhoy.co\/index.php\/wp-json\/wp\/v2\/users\/4"}],"replies":[{"embeddable":true,"href":"https:\/\/futbolhoy.co\/index.php\/wp-json\/wp\/v2\/comments?post=120777"}],"version-history":[{"count":1,"href":"https:\/\/futbolhoy.co\/index.php\/wp-json\/wp\/v2\/posts\/120777\/revisions"}],"predecessor-version":[{"id":120779,"href":"https:\/\/futbolhoy.co\/index.php\/wp-json\/wp\/v2\/posts\/120777\/revisions\/120779"}],"wp:featuredmedia":[{"embeddable":true,"href":"https:\/\/futbolhoy.co\/index.php\/wp-json\/wp\/v2\/media\/120778"}],"wp:attachment":[{"href":"https:\/\/futbolhoy.co\/index.php\/wp-json\/wp\/v2\/media?parent=120777"}],"wp:term":[{"taxonomy":"category","embeddable":true,"href":"https:\/\/futbolhoy.co\/index.php\/wp-json\/wp\/v2\/categories?post=120777"},{"taxonomy":"post_tag","embeddable":true,"href":"https:\/\/futbolhoy.co\/index.php\/wp-json\/wp\/v2\/tags?post=120777"}],"curies":[{"name":"wp","href":"https:\/\/api.w.org\/{rel}","templated":true}]}}