{"id":120782,"date":"2025-07-04T08:35:41","date_gmt":"2025-07-04T13:35:41","guid":{"rendered":"https:\/\/futbolhoy.co\/?p=120782"},"modified":"2025-07-04T16:41:56","modified_gmt":"2025-07-04T21:41:56","slug":"parte-medico-de-hugo-rodallega-santa-fe-hablo-de-la-lesion","status":"publish","type":"post","link":"https:\/\/futbolhoy.co\/index.php\/2025\/07\/04\/parte-medico-de-hugo-rodallega-santa-fe-hablo-de-la-lesion\/","title":{"rendered":"Parte m\u00e9dico de Hugo Rodallega: Santa Fe habl\u00f3 de la lesi\u00f3n"},"content":{"rendered":"<p style=\"text-align: justify;\"><span style=\"font-family: helvetica, arial, sans-serif;\">Santa Fe, campe\u00f3n de la Liga 2025-1, entreg\u00f3 este viernes un parte oficial sobre la lesi\u00f3n que sufri\u00f3 <b>Hugo Rodallega en la final frente a Independiente Medell\u00edn.\u00a0<\/b><\/span><\/p>\n<p style=\"text-align: justify;\"><span style=\"font-family: helvetica, arial, sans-serif;\">El goleador del campeonato, y qui\u00e9n fue el autor del gol del triunfo de los leones frente al poderoso, <b>jug\u00f3 todo el partido con una molestia muscular<\/b>, y en los \u00faltimos minutos, antes de marcar el tanto que entreg\u00f3 el t\u00edtulo, estaba entre l\u00e1grimas por su evidente, dolor.\u00a0<\/span><\/p>\n<p style=\"text-align: justify;\"><span style=\"font-family: helvetica, arial, sans-serif;\">Sin embargo, <b>en lo \u00faltimo que hizo<\/b> en la cancha logr\u00f3 marcar el 2-1 a\u00fan cojeando, posteriormente fue sustituido.\u00a0<\/span><\/p>\n<p style=\"text-align: justify;\"><span style=\"font-family: helvetica, arial, sans-serif;\"><b>Santa Fe anunci\u00f3 que el goleador sufri\u00f3 <\/b>una lesi\u00f3n muscular del aductor derecho, por lo que iniciar\u00e1 su proceso de rehabilitaci\u00f3n la pr\u00f3xima semana y se evaluar\u00e1 su incapacidad seg\u00fan su evoluci\u00f3n.<\/span><\/p>\n<p style=\"text-align: justify;\"><span style=\"font-family: helvetica, arial, sans-serif;\"><b>Asimismo, el mismo Rodallega confirm\u00f3 <\/b>tras el t\u00edtulo que ten\u00eda que someterse a una intervenci\u00f3n quir\u00fargica por tener el tabique fracturado.\u00a0<\/span><\/p>\n","protected":false},"excerpt":{"rendered":"<p>Santa Fe, campe\u00f3n de la Liga 2025-1, entreg\u00f3 este viernes un parte oficial sobre la lesi\u00f3n que sufri\u00f3 Hugo Rodallega en la final frente a Independiente Medell\u00edn.\u00a0 El goleador del campeonato, y qui\u00e9n fue el autor del gol del triunfo de los leones frente al poderoso, jug\u00f3 todo el partido con una molestia muscular, y [&hellip;]<\/p>\n","protected":false},"author":4,"featured_media":120783,"comment_status":"open","ping_status":"closed","sticky":false,"template":"","format":"standard","meta":{"_acf_changed":false,"footnotes":""},"categories":[7],"tags":[],"class_list":{"0":"post-120782","1":"post","2":"type-post","3":"status-publish","4":"format-standard","5":"has-post-thumbnail","7":"category-liga-betplay"},"acf":[],"_links":{"self":[{"href":"https:\/\/futbolhoy.co\/index.php\/wp-json\/wp\/v2\/posts\/120782","targetHints":{"allow":["GET"]}}],"collection":[{"href":"https:\/\/futbolhoy.co\/index.php\/wp-json\/wp\/v2\/posts"}],"about":[{"href":"https:\/\/futbolhoy.co\/index.php\/wp-json\/wp\/v2\/types\/post"}],"author":[{"embeddable":true,"href":"https:\/\/futbolhoy.co\/index.php\/wp-json\/wp\/v2\/users\/4"}],"replies":[{"embeddable":true,"href":"https:\/\/futbolhoy.co\/index.php\/wp-json\/wp\/v2\/comments?post=120782"}],"version-history":[{"count":1,"href":"https:\/\/futbolhoy.co\/index.php\/wp-json\/wp\/v2\/posts\/120782\/revisions"}],"predecessor-version":[{"id":120784,"href":"https:\/\/futbolhoy.co\/index.php\/wp-json\/wp\/v2\/posts\/120782\/revisions\/120784"}],"wp:featuredmedia":[{"embeddable":true,"href":"https:\/\/futbolhoy.co\/index.php\/wp-json\/wp\/v2\/media\/120783"}],"wp:attachment":[{"href":"https:\/\/futbolhoy.co\/index.php\/wp-json\/wp\/v2\/media?parent=120782"}],"wp:term":[{"taxonomy":"category","embeddable":true,"href":"https:\/\/futbolhoy.co\/index.php\/wp-json\/wp\/v2\/categories?post=120782"},{"taxonomy":"post_tag","embeddable":true,"href":"https:\/\/futbolhoy.co\/index.php\/wp-json\/wp\/v2\/tags?post=120782"}],"curies":[{"name":"wp","href":"https:\/\/api.w.org\/{rel}","templated":true}]}}