{"id":120850,"date":"2025-07-06T10:38:03","date_gmt":"2025-07-06T15:38:03","guid":{"rendered":"https:\/\/futbolhoy.co\/?p=120850"},"modified":"2025-07-07T13:58:38","modified_gmt":"2025-07-07T18:58:38","slug":"bayern-munich-anuncio-parte-medico-tras-grave-lesion-de-musiala","status":"publish","type":"post","link":"https:\/\/futbolhoy.co\/index.php\/2025\/07\/06\/bayern-munich-anuncio-parte-medico-tras-grave-lesion-de-musiala\/","title":{"rendered":"Bayern M\u00fanich anunci\u00f3 parte m\u00e9dico tras grave lesi\u00f3n de Musiala"},"content":{"rendered":"<p style=\"text-align: justify;\"><span style=\"font-family: helvetica, arial, sans-serif;\">Jamal Musiala, volante del Bayern M\u00fanich, ser\u00e1 operado de la grave lesi\u00f3n que sufri\u00f3 en el peron\u00e9 de la pierna izquierda en el partido de cuartos de final del Mundial de Clubes ante el PSG, tras ser arrollado por el guardameta <b>Gianluigi Donnarumma en la disputa por un bal\u00f3n al borde del descanso.<\/b><\/span><\/p>\n<p style=\"text-align: justify;\"><span style=\"font-family: helvetica, arial, sans-serif;\">Seg\u00fan inform\u00f3 el club b\u00e1varo, <b>el futbolista germano, de 22 a\u00f1os<\/b>, que acababa reaparecer en el Mundial tras varios meses de baja, vol\u00f3 desde Orlando a M\u00fanich esta misma ma\u00f1ana y ser\u00e1 intervenido.<\/span><\/p>\n<p style=\"text-align: justify;\"><span style=\"font-family: helvetica, arial, sans-serif;\">Las pruebas m\u00e9dicas que le <b>efectuaron tras el percance <\/b>revelaron que Musiala sufri\u00f3 una fractura del peron\u00e9 de la pierna izquierda como consecuencia de una dislocaci\u00f3n de tobillo.<\/span><\/p>\n<p style=\"text-align: justify;\"><span style=\"font-family: helvetica, arial, sans-serif;\">Max Eberl, director general deportivo del <b>Bayern M\u00fanich<\/b>, admiti\u00f3 que \u00abesta grave lesi\u00f3n y la larga baja son un verdadero &#8216;shock&#8217; para Jamal y para todos\u00bb y asegur\u00f3: \u00ab<b>Todo el mundo sabe lo inmensamente <\/b>importante que es Jamal para nuestro juego y el papel central que desempe\u00f1a en nuestro equipo\u00bb.<\/span><\/p>\n","protected":false},"excerpt":{"rendered":"<p>Jamal Musiala, volante del Bayern M\u00fanich, ser\u00e1 operado de la grave lesi\u00f3n que sufri\u00f3 en el peron\u00e9 de la pierna izquierda en el partido de cuartos de final del Mundial de Clubes ante el PSG, tras ser arrollado por el guardameta Gianluigi Donnarumma en la disputa por un bal\u00f3n al borde del descanso. Seg\u00fan inform\u00f3 [&hellip;]<\/p>\n","protected":false},"author":4,"featured_media":120851,"comment_status":"open","ping_status":"closed","sticky":false,"template":"","format":"standard","meta":{"_acf_changed":false,"footnotes":""},"categories":[152],"tags":[],"class_list":{"0":"post-120850","1":"post","2":"type-post","3":"status-publish","4":"format-standard","5":"has-post-thumbnail","7":"category-mundo-futbol"},"acf":[],"_links":{"self":[{"href":"https:\/\/futbolhoy.co\/index.php\/wp-json\/wp\/v2\/posts\/120850","targetHints":{"allow":["GET"]}}],"collection":[{"href":"https:\/\/futbolhoy.co\/index.php\/wp-json\/wp\/v2\/posts"}],"about":[{"href":"https:\/\/futbolhoy.co\/index.php\/wp-json\/wp\/v2\/types\/post"}],"author":[{"embeddable":true,"href":"https:\/\/futbolhoy.co\/index.php\/wp-json\/wp\/v2\/users\/4"}],"replies":[{"embeddable":true,"href":"https:\/\/futbolhoy.co\/index.php\/wp-json\/wp\/v2\/comments?post=120850"}],"version-history":[{"count":1,"href":"https:\/\/futbolhoy.co\/index.php\/wp-json\/wp\/v2\/posts\/120850\/revisions"}],"predecessor-version":[{"id":120852,"href":"https:\/\/futbolhoy.co\/index.php\/wp-json\/wp\/v2\/posts\/120850\/revisions\/120852"}],"wp:featuredmedia":[{"embeddable":true,"href":"https:\/\/futbolhoy.co\/index.php\/wp-json\/wp\/v2\/media\/120851"}],"wp:attachment":[{"href":"https:\/\/futbolhoy.co\/index.php\/wp-json\/wp\/v2\/media?parent=120850"}],"wp:term":[{"taxonomy":"category","embeddable":true,"href":"https:\/\/futbolhoy.co\/index.php\/wp-json\/wp\/v2\/categories?post=120850"},{"taxonomy":"post_tag","embeddable":true,"href":"https:\/\/futbolhoy.co\/index.php\/wp-json\/wp\/v2\/tags?post=120850"}],"curies":[{"name":"wp","href":"https:\/\/api.w.org\/{rel}","templated":true}]}}