{"id":120853,"date":"2025-07-06T14:19:41","date_gmt":"2025-07-06T19:19:41","guid":{"rendered":"https:\/\/futbolhoy.co\/?p=120853"},"modified":"2025-07-07T13:59:13","modified_gmt":"2025-07-07T18:59:13","slug":"jhon-duran-nuevo-jugador-de-fenerbahce","status":"publish","type":"post","link":"https:\/\/futbolhoy.co\/index.php\/2025\/07\/06\/jhon-duran-nuevo-jugador-de-fenerbahce\/","title":{"rendered":"Jhon Dur\u00e1n, nuevo jugador de Fenerbahce"},"content":{"rendered":"<p style=\"text-align: justify;\"><span style=\"font-family: helvetica, arial, sans-serif;\"><strong>Jhon Jader Dur\u00e1n<\/strong> tiene nuevo equipo y regresa a <strong>Europa<\/strong>. El delantero colombiano fue enviado a pr\u00e9stamo al <strong>Fenerbahce<\/strong> de <strong>Turqu\u00eda<\/strong>, club en el que estar\u00e1 por un a\u00f1o.<\/span><\/p>\n<p style=\"text-align: justify;\"><span style=\"font-family: helvetica, arial, sans-serif;\">\u201cLe deseamos a nuestro jugador una temporada llena de \u00e9xitos con nuestra camiseta a rayas\u201d, se lee en la publicaci\u00f3n del club.<\/span><\/p>\n<p style=\"text-align: justify;\"><span style=\"font-family: helvetica, arial, sans-serif;\">Dur\u00e1n, quien al parecer no la estaba pasando bien a nivel personal en suelo saud\u00ed, disput\u00f3 18 partidos con <strong>Al Nassr<\/strong> y anot\u00f3 12 goles. Poco m\u00e1s de cinco meses despu\u00e9s, deja la instituci\u00f3n de manera parcial.<\/span><\/p>\n<p style=\"text-align: justify;\"><span style=\"font-family: helvetica, arial, sans-serif;\">\u201cEs un placer estar de nuevo en Europa con el equipo m\u00e1s grande de <strong>Turqu\u00eda<\/strong>. \u00a1Vamos, triunfemos juntos\u201c, fueron las primeras palabras de Dur\u00e1n como jugador de Fenerbahce.<\/span><\/p>\n<p style=\"text-align: justify;\"><span style=\"font-family: helvetica, arial, sans-serif;\">El primer partido de pretemporada de Fenerbahce ser\u00e1 contra <strong>Leiria<\/strong> de <strong>Portugal<\/strong>. El estreno por la <strong>Superliga de Turqu\u00eda<\/strong> lo har\u00e1 el 10 de agosto ante <strong>Alanyaspor.<\/strong><\/span><\/p>\n<blockquote class=\"twitter-tweet\" data-media-max-width=\"560\">\n<p dir=\"ltr\" lang=\"tr\">Kul\u00fcb\u00fcm\u00fcz, Al Nassr FC formas\u0131 giyen Jhon Duran\u2019\u0131n, 1 y\u0131ll\u0131\u011f\u0131na kiral\u0131k olarak kadromuza kat\u0131lmas\u0131 konusunda hem kul\u00fcb\u00fcyle hem de oyuncuyla anla\u015fmaya varm\u0131\u015ft\u0131r.<\/p>\n<p>Futbolcumuza, \u00e7ubuklu formam\u0131z alt\u0131nda ba\u015far\u0131larla dolu bir sezon dileriz.<\/p>\n<p>Fenerbah\u00e7e Spor Kul\u00fcb\u00fc <a href=\"https:\/\/t.co\/0e2tSE5ayy\">pic.twitter.com\/0e2tSE5ayy<\/a><\/p>\n<p>\u2014 Fenerbah\u00e7e SK (@Fenerbahce) <a href=\"https:\/\/twitter.com\/Fenerbahce\/status\/1941920251987284255?ref_src=twsrc%5Etfw\">July 6, 2025<\/a><\/p><\/blockquote>\n<p><script async src=\"https:\/\/platform.twitter.com\/widgets.js\" charset=\"utf-8\"><\/script><\/p>\n","protected":false},"excerpt":{"rendered":"<p>Jhon Jader Dur\u00e1n tiene nuevo equipo y regresa a Europa. El delantero colombiano fue enviado a pr\u00e9stamo al Fenerbahce de Turqu\u00eda, club en el que estar\u00e1 por un a\u00f1o. \u201cLe deseamos a nuestro jugador una temporada llena de \u00e9xitos con nuestra camiseta a rayas\u201d, se lee en la publicaci\u00f3n del club. Dur\u00e1n, quien al parecer [&hellip;]<\/p>\n","protected":false},"author":4,"featured_media":120854,"comment_status":"open","ping_status":"closed","sticky":false,"template":"","format":"standard","meta":{"_acf_changed":false,"footnotes":""},"categories":[418],"tags":[],"class_list":{"0":"post-120853","1":"post","2":"type-post","3":"status-publish","4":"format-standard","5":"has-post-thumbnail","7":"category-colombia"},"acf":[],"_links":{"self":[{"href":"https:\/\/futbolhoy.co\/index.php\/wp-json\/wp\/v2\/posts\/120853","targetHints":{"allow":["GET"]}}],"collection":[{"href":"https:\/\/futbolhoy.co\/index.php\/wp-json\/wp\/v2\/posts"}],"about":[{"href":"https:\/\/futbolhoy.co\/index.php\/wp-json\/wp\/v2\/types\/post"}],"author":[{"embeddable":true,"href":"https:\/\/futbolhoy.co\/index.php\/wp-json\/wp\/v2\/users\/4"}],"replies":[{"embeddable":true,"href":"https:\/\/futbolhoy.co\/index.php\/wp-json\/wp\/v2\/comments?post=120853"}],"version-history":[{"count":3,"href":"https:\/\/futbolhoy.co\/index.php\/wp-json\/wp\/v2\/posts\/120853\/revisions"}],"predecessor-version":[{"id":120874,"href":"https:\/\/futbolhoy.co\/index.php\/wp-json\/wp\/v2\/posts\/120853\/revisions\/120874"}],"wp:featuredmedia":[{"embeddable":true,"href":"https:\/\/futbolhoy.co\/index.php\/wp-json\/wp\/v2\/media\/120854"}],"wp:attachment":[{"href":"https:\/\/futbolhoy.co\/index.php\/wp-json\/wp\/v2\/media?parent=120853"}],"wp:term":[{"taxonomy":"category","embeddable":true,"href":"https:\/\/futbolhoy.co\/index.php\/wp-json\/wp\/v2\/categories?post=120853"},{"taxonomy":"post_tag","embeddable":true,"href":"https:\/\/futbolhoy.co\/index.php\/wp-json\/wp\/v2\/tags?post=120853"}],"curies":[{"name":"wp","href":"https:\/\/api.w.org\/{rel}","templated":true}]}}