{"id":120877,"date":"2025-07-07T18:01:32","date_gmt":"2025-07-07T23:01:32","guid":{"rendered":"https:\/\/futbolhoy.co\/?p=120877"},"modified":"2025-07-08T17:26:59","modified_gmt":"2025-07-08T22:26:59","slug":"convocatoria-de-la-seleccion-colombia-para-copa-america-femenina","status":"publish","type":"post","link":"https:\/\/futbolhoy.co\/index.php\/2025\/07\/07\/convocatoria-de-la-seleccion-colombia-para-copa-america-femenina\/","title":{"rendered":"Convocatoria de la Selecci\u00f3n Colombia para Copa Am\u00e9rica Femenina"},"content":{"rendered":"<p style=\"text-align: justify;\"><span style=\"font-family: helvetica, arial, sans-serif;\">La <strong>Federaci\u00f3n Colombiana de F\u00fatbol<\/strong> dio a conocer la lista de 23 jugadoras convocadas para disputar la <strong>Copa Am\u00e9rica Femenina.<\/strong> Esta, tendr\u00e1 lugar en <strong>Ecuador<\/strong> entre el 11 de julio y el 2 de agosto.<\/span><\/p>\n<p style=\"text-align: justify;\"><span style=\"font-family: helvetica, arial, sans-serif;\">La Tricolor llega a este torneo con dos partidos amistosos previos como los m\u00e1s recientes disputados. Fueron ante <strong>M\u00e9xico,<\/strong> con saldo de un triunfo y un empate.<\/span><\/p>\n<p style=\"text-align: justify;\"><span style=\"font-family: helvetica, arial, sans-serif;\">El grupo de jugadoras se encuentra concentrado desde el 23 de junio y no cambi\u00f3 con relaci\u00f3n al que disput\u00f3 los juegos de preparaci\u00f3n. Est\u00e1 liderado por <strong>Linda Caicedo, Mayra Ram\u00edrez, Leicy Santos, Catalina Usme y Daniela Montoya.<\/strong><\/span><\/p>\n<p style=\"text-align: justify;\"><span style=\"font-family: helvetica, arial, sans-serif;\">\u2022 <strong>Arqueras:<\/strong> Natalia Giraldo (Am\u00e9rica De Cali), Catalina P\u00e9rez (Werder Bremen - ALE) y Katherine Tapia (Palmeiras - BRA).<\/span><\/p>\n<p style=\"text-align: justify;\"><span style=\"font-family: helvetica, arial, sans-serif;\">\u2022 <strong>Defensas<\/strong>: Mary Jos\u00e9 \u00c1lvarez (Atl\u00e9tico Nacional), Daniela Arias (San Diego Wave - USA), Carolina Arias (Am\u00e9rica De Cali), \u00c1ngela Bar\u00f3n (Racing Louisville - USA), Jorelyn Carabali (Brighton - ING), Daniela Caracas (Espanyol - ESP), Ana Mar\u00eda Guzm\u00e1n (Utah Royals - USA) y Yirleidis Quejada (Pachuca - MEX).<\/span><\/p>\n<p style=\"text-align: justify;\"><span style=\"font-family: helvetica, arial, sans-serif;\">\u2022 <strong>Volantes<\/strong>: Lorena Bedoya (Cruzeiro - BRA), Marcela Restrepo (Monterrey - MEX), Leicy Santos (Washington Spirit - USA), Liced Serna (Alba Fundaci\u00f3n - ESP), Catalina Usme (Galatasaray - TUR), Ilana Izquierdo (Atl\u00e9tico San Luis - MEX), Daniela Montoya (Gremio - BRA).<\/span><\/p>\n<p style=\"text-align: justify;\"><span style=\"font-family: helvetica, arial, sans-serif;\">\u2022 <strong>Delanteras<\/strong>: Wendy Bonilla (Pumas - MEX), Manuela Pavi (West Ham - ING), Valerin Loboa (Deportivo Cali), Mayra Ram\u00edrez (Chelsea - ING) y Linda Caicedo (Real Madrid - ESP).<\/span><\/p>\n","protected":false},"excerpt":{"rendered":"<p>La Federaci\u00f3n Colombiana de F\u00fatbol dio a conocer la lista de 23 jugadoras convocadas para disputar la Copa Am\u00e9rica Femenina. Esta, tendr\u00e1 lugar en Ecuador entre el 11 de julio y el 2 de agosto. La Tricolor llega a este torneo con dos partidos amistosos previos como los m\u00e1s recientes disputados. Fueron ante M\u00e9xico, con [&hellip;]<\/p>\n","protected":false},"author":4,"featured_media":120876,"comment_status":"open","ping_status":"open","sticky":false,"template":"","format":"standard","meta":{"_acf_changed":false,"footnotes":""},"categories":[418],"tags":[],"class_list":{"0":"post-120877","1":"post","2":"type-post","3":"status-publish","4":"format-standard","5":"has-post-thumbnail","7":"category-colombia"},"acf":[],"yoast_head":"<!-- This site is optimized with the Yoast SEO plugin v26.8 - https:\/\/yoast.com\/product\/yoast-seo-wordpress\/ -->\n<title>Convocatoria de la Selecci\u00f3n Colombia para Copa Am\u00e9rica Femenina -<\/title>\n<meta name=\"robots\" content=\"index, follow, max-snippet:-1, max-image-preview:large, max-video-preview:-1\" \/>\n<link rel=\"canonical\" href=\"https:\/\/futbolhoy.co\/index.php\/2025\/07\/07\/convocatoria-de-la-seleccion-colombia-para-copa-america-femenina\/\" \/>\n<meta property=\"og:locale\" content=\"es_ES\" \/>\n<meta property=\"og:type\" content=\"article\" \/>\n<meta property=\"og:title\" content=\"Convocatoria de la Selecci\u00f3n Colombia para Copa Am\u00e9rica Femenina -\" \/>\n<meta property=\"og:description\" content=\"La Federaci\u00f3n Colombiana de F\u00fatbol dio a conocer la lista de 23 jugadoras convocadas para disputar la Copa Am\u00e9rica Femenina. Esta, tendr\u00e1 lugar en Ecuador entre el 11 de julio y el 2 de agosto. La Tricolor llega a este torneo con dos partidos amistosos previos como los m\u00e1s recientes disputados. Fueron ante M\u00e9xico, con [&hellip;]\" \/>\n<meta property=\"og:url\" content=\"https:\/\/futbolhoy.co\/index.php\/2025\/07\/07\/convocatoria-de-la-seleccion-colombia-para-copa-america-femenina\/\" \/>\n<meta property=\"article:publisher\" content=\"https:\/\/www.facebook.com\/FutbolHoyCol\/\" \/>\n<meta property=\"article:published_time\" content=\"2025-07-07T23:01:32+00:00\" \/>\n<meta property=\"article:modified_time\" content=\"2025-07-08T22:26:59+00:00\" \/>\n<meta property=\"og:image\" content=\"https:\/\/futbolhoy.co\/wp-content\/uploads\/2025\/07\/IMG_4661.jpeg\" \/>\n\t<meta property=\"og:image:width\" content=\"1920\" \/>\n\t<meta property=\"og:image:height\" content=\"1080\" \/>\n\t<meta property=\"og:image:type\" content=\"image\/jpeg\" \/>\n<meta name=\"author\" content=\"contenido\" \/>\n<meta name=\"twitter:card\" content=\"summary_large_image\" \/>\n<meta name=\"twitter:creator\" content=\"@FutbolHoyCol\" \/>\n<meta name=\"twitter:site\" content=\"@FutbolHoyCol\" \/>\n<meta name=\"twitter:label1\" content=\"Escrito por\" \/>\n\t<meta name=\"twitter:data1\" content=\"contenido\" \/>\n\t<meta name=\"twitter:label2\" content=\"Tiempo de lectura\" \/>\n\t<meta name=\"twitter:data2\" content=\"1 minuto\" \/>\n<script type=\"application\/ld+json\" class=\"yoast-schema-graph\">{\"@context\":\"https:\/\/schema.org\",\"@graph\":[{\"@type\":\"Article\",\"@id\":\"https:\/\/futbolhoy.co\/index.php\/2025\/07\/07\/convocatoria-de-la-seleccion-colombia-para-copa-america-femenina\/#article\",\"isPartOf\":{\"@id\":\"https:\/\/futbolhoy.co\/index.php\/2025\/07\/07\/convocatoria-de-la-seleccion-colombia-para-copa-america-femenina\/\"},\"author\":{\"name\":\"contenido\",\"@id\":\"https:\/\/futbolhoy.co\/#\/schema\/person\/1721b69355b6623eaff15ac7b92d4cc3\"},\"headline\":\"Convocatoria de la Selecci\u00f3n Colombia para Copa Am\u00e9rica Femenina\",\"datePublished\":\"2025-07-07T23:01:32+00:00\",\"dateModified\":\"2025-07-08T22:26:59+00:00\",\"mainEntityOfPage\":{\"@id\":\"https:\/\/futbolhoy.co\/index.php\/2025\/07\/07\/convocatoria-de-la-seleccion-colombia-para-copa-america-femenina\/\"},\"wordCount\":258,\"commentCount\":0,\"publisher\":{\"@id\":\"https:\/\/futbolhoy.co\/#organization\"},\"image\":{\"@id\":\"https:\/\/futbolhoy.co\/index.php\/2025\/07\/07\/convocatoria-de-la-seleccion-colombia-para-copa-america-femenina\/#primaryimage\"},\"thumbnailUrl\":\"https:\/\/futbolhoy.co\/wp-content\/uploads\/2025\/07\/IMG_4661.jpeg\",\"articleSection\":[\"Colombia\"],\"inLanguage\":\"es\",\"potentialAction\":[{\"@type\":\"CommentAction\",\"name\":\"Comment\",\"target\":[\"https:\/\/futbolhoy.co\/index.php\/2025\/07\/07\/convocatoria-de-la-seleccion-colombia-para-copa-america-femenina\/#respond\"]}]},{\"@type\":\"WebPage\",\"@id\":\"https:\/\/futbolhoy.co\/index.php\/2025\/07\/07\/convocatoria-de-la-seleccion-colombia-para-copa-america-femenina\/\",\"url\":\"https:\/\/futbolhoy.co\/index.php\/2025\/07\/07\/convocatoria-de-la-seleccion-colombia-para-copa-america-femenina\/\",\"name\":\"Convocatoria de la Selecci\u00f3n Colombia para Copa Am\u00e9rica Femenina -\",\"isPartOf\":{\"@id\":\"https:\/\/futbolhoy.co\/#website\"},\"primaryImageOfPage\":{\"@id\":\"https:\/\/futbolhoy.co\/index.php\/2025\/07\/07\/convocatoria-de-la-seleccion-colombia-para-copa-america-femenina\/#primaryimage\"},\"image\":{\"@id\":\"https:\/\/futbolhoy.co\/index.php\/2025\/07\/07\/convocatoria-de-la-seleccion-colombia-para-copa-america-femenina\/#primaryimage\"},\"thumbnailUrl\":\"https:\/\/futbolhoy.co\/wp-content\/uploads\/2025\/07\/IMG_4661.jpeg\",\"datePublished\":\"2025-07-07T23:01:32+00:00\",\"dateModified\":\"2025-07-08T22:26:59+00:00\",\"breadcrumb\":{\"@id\":\"https:\/\/futbolhoy.co\/index.php\/2025\/07\/07\/convocatoria-de-la-seleccion-colombia-para-copa-america-femenina\/#breadcrumb\"},\"inLanguage\":\"es\",\"potentialAction\":[{\"@type\":\"ReadAction\",\"target\":[\"https:\/\/futbolhoy.co\/index.php\/2025\/07\/07\/convocatoria-de-la-seleccion-colombia-para-copa-america-femenina\/\"]}]},{\"@type\":\"ImageObject\",\"inLanguage\":\"es\",\"@id\":\"https:\/\/futbolhoy.co\/index.php\/2025\/07\/07\/convocatoria-de-la-seleccion-colombia-para-copa-america-femenina\/#primaryimage\",\"url\":\"https:\/\/futbolhoy.co\/wp-content\/uploads\/2025\/07\/IMG_4661.jpeg\",\"contentUrl\":\"https:\/\/futbolhoy.co\/wp-content\/uploads\/2025\/07\/IMG_4661.jpeg\",\"width\":1920,\"height\":1080},{\"@type\":\"BreadcrumbList\",\"@id\":\"https:\/\/futbolhoy.co\/index.php\/2025\/07\/07\/convocatoria-de-la-seleccion-colombia-para-copa-america-femenina\/#breadcrumb\",\"itemListElement\":[{\"@type\":\"ListItem\",\"position\":1,\"name\":\"Portada\",\"item\":\"https:\/\/futbolhoy.co\/\"},{\"@type\":\"ListItem\",\"position\":2,\"name\":\"Convocatoria de la Selecci\u00f3n Colombia para Copa Am\u00e9rica Femenina\"}]},{\"@type\":\"WebSite\",\"@id\":\"https:\/\/futbolhoy.co\/#website\",\"url\":\"https:\/\/futbolhoy.co\/\",\"name\":\"FutbolHoy\",\"description\":\"\",\"publisher\":{\"@id\":\"https:\/\/futbolhoy.co\/#organization\"},\"potentialAction\":[{\"@type\":\"SearchAction\",\"target\":{\"@type\":\"EntryPoint\",\"urlTemplate\":\"https:\/\/futbolhoy.co\/?s={search_term_string}\"},\"query-input\":{\"@type\":\"PropertyValueSpecification\",\"valueRequired\":true,\"valueName\":\"search_term_string\"}}],\"inLanguage\":\"es\"},{\"@type\":\"Organization\",\"@id\":\"https:\/\/futbolhoy.co\/#organization\",\"name\":\"Futbolhoy.co\",\"url\":\"https:\/\/futbolhoy.co\/\",\"logo\":{\"@type\":\"ImageObject\",\"inLanguage\":\"es\",\"@id\":\"https:\/\/futbolhoy.co\/#\/schema\/logo\/image\/\",\"url\":\"https:\/\/futbolhoy.co\/wp-content\/uploads\/2018\/08\/17426380_1906371736249227_6326180412931521141_n.jpg\",\"contentUrl\":\"https:\/\/futbolhoy.co\/wp-content\/uploads\/2018\/08\/17426380_1906371736249227_6326180412931521141_n.jpg\",\"width\":960,\"height\":960,\"caption\":\"Futbolhoy.co\"},\"image\":{\"@id\":\"https:\/\/futbolhoy.co\/#\/schema\/logo\/image\/\"},\"sameAs\":[\"https:\/\/www.facebook.com\/FutbolHoyCol\/\",\"https:\/\/x.com\/FutbolHoyCol\",\"https:\/\/www.instagram.com\/futbolhoycol\/\"]},{\"@type\":\"Person\",\"@id\":\"https:\/\/futbolhoy.co\/#\/schema\/person\/1721b69355b6623eaff15ac7b92d4cc3\",\"name\":\"contenido\",\"image\":{\"@type\":\"ImageObject\",\"inLanguage\":\"es\",\"@id\":\"https:\/\/futbolhoy.co\/#\/schema\/person\/image\/\",\"url\":\"https:\/\/secure.gravatar.com\/avatar\/4f656d3256f5134f466206e7c3941518?s=96&d=mm&r=g\",\"contentUrl\":\"https:\/\/secure.gravatar.com\/avatar\/4f656d3256f5134f466206e7c3941518?s=96&d=mm&r=g\",\"caption\":\"contenido\"}}]}<\/script>\n<!-- \/ Yoast SEO plugin. -->","yoast_head_json":{"title":"Convocatoria de la Selecci\u00f3n Colombia para Copa Am\u00e9rica Femenina -","robots":{"index":"index","follow":"follow","max-snippet":"max-snippet:-1","max-image-preview":"max-image-preview:large","max-video-preview":"max-video-preview:-1"},"canonical":"https:\/\/futbolhoy.co\/index.php\/2025\/07\/07\/convocatoria-de-la-seleccion-colombia-para-copa-america-femenina\/","og_locale":"es_ES","og_type":"article","og_title":"Convocatoria de la Selecci\u00f3n Colombia para Copa Am\u00e9rica Femenina -","og_description":"La Federaci\u00f3n Colombiana de F\u00fatbol dio a conocer la lista de 23 jugadoras convocadas para disputar la Copa Am\u00e9rica Femenina. Esta, tendr\u00e1 lugar en Ecuador entre el 11 de julio y el 2 de agosto. La Tricolor llega a este torneo con dos partidos amistosos previos como los m\u00e1s recientes disputados. Fueron ante M\u00e9xico, con [&hellip;]","og_url":"https:\/\/futbolhoy.co\/index.php\/2025\/07\/07\/convocatoria-de-la-seleccion-colombia-para-copa-america-femenina\/","article_publisher":"https:\/\/www.facebook.com\/FutbolHoyCol\/","article_published_time":"2025-07-07T23:01:32+00:00","article_modified_time":"2025-07-08T22:26:59+00:00","og_image":[{"width":1920,"height":1080,"url":"https:\/\/futbolhoy.co\/wp-content\/uploads\/2025\/07\/IMG_4661.jpeg","type":"image\/jpeg"}],"author":"contenido","twitter_card":"summary_large_image","twitter_creator":"@FutbolHoyCol","twitter_site":"@FutbolHoyCol","twitter_misc":{"Escrito por":"contenido","Tiempo de lectura":"1 minuto"},"schema":{"@context":"https:\/\/schema.org","@graph":[{"@type":"Article","@id":"https:\/\/futbolhoy.co\/index.php\/2025\/07\/07\/convocatoria-de-la-seleccion-colombia-para-copa-america-femenina\/#article","isPartOf":{"@id":"https:\/\/futbolhoy.co\/index.php\/2025\/07\/07\/convocatoria-de-la-seleccion-colombia-para-copa-america-femenina\/"},"author":{"name":"contenido","@id":"https:\/\/futbolhoy.co\/#\/schema\/person\/1721b69355b6623eaff15ac7b92d4cc3"},"headline":"Convocatoria de la Selecci\u00f3n Colombia para Copa Am\u00e9rica Femenina","datePublished":"2025-07-07T23:01:32+00:00","dateModified":"2025-07-08T22:26:59+00:00","mainEntityOfPage":{"@id":"https:\/\/futbolhoy.co\/index.php\/2025\/07\/07\/convocatoria-de-la-seleccion-colombia-para-copa-america-femenina\/"},"wordCount":258,"commentCount":0,"publisher":{"@id":"https:\/\/futbolhoy.co\/#organization"},"image":{"@id":"https:\/\/futbolhoy.co\/index.php\/2025\/07\/07\/convocatoria-de-la-seleccion-colombia-para-copa-america-femenina\/#primaryimage"},"thumbnailUrl":"https:\/\/futbolhoy.co\/wp-content\/uploads\/2025\/07\/IMG_4661.jpeg","articleSection":["Colombia"],"inLanguage":"es","potentialAction":[{"@type":"CommentAction","name":"Comment","target":["https:\/\/futbolhoy.co\/index.php\/2025\/07\/07\/convocatoria-de-la-seleccion-colombia-para-copa-america-femenina\/#respond"]}]},{"@type":"WebPage","@id":"https:\/\/futbolhoy.co\/index.php\/2025\/07\/07\/convocatoria-de-la-seleccion-colombia-para-copa-america-femenina\/","url":"https:\/\/futbolhoy.co\/index.php\/2025\/07\/07\/convocatoria-de-la-seleccion-colombia-para-copa-america-femenina\/","name":"Convocatoria de la Selecci\u00f3n Colombia para Copa Am\u00e9rica Femenina -","isPartOf":{"@id":"https:\/\/futbolhoy.co\/#website"},"primaryImageOfPage":{"@id":"https:\/\/futbolhoy.co\/index.php\/2025\/07\/07\/convocatoria-de-la-seleccion-colombia-para-copa-america-femenina\/#primaryimage"},"image":{"@id":"https:\/\/futbolhoy.co\/index.php\/2025\/07\/07\/convocatoria-de-la-seleccion-colombia-para-copa-america-femenina\/#primaryimage"},"thumbnailUrl":"https:\/\/futbolhoy.co\/wp-content\/uploads\/2025\/07\/IMG_4661.jpeg","datePublished":"2025-07-07T23:01:32+00:00","dateModified":"2025-07-08T22:26:59+00:00","breadcrumb":{"@id":"https:\/\/futbolhoy.co\/index.php\/2025\/07\/07\/convocatoria-de-la-seleccion-colombia-para-copa-america-femenina\/#breadcrumb"},"inLanguage":"es","potentialAction":[{"@type":"ReadAction","target":["https:\/\/futbolhoy.co\/index.php\/2025\/07\/07\/convocatoria-de-la-seleccion-colombia-para-copa-america-femenina\/"]}]},{"@type":"ImageObject","inLanguage":"es","@id":"https:\/\/futbolhoy.co\/index.php\/2025\/07\/07\/convocatoria-de-la-seleccion-colombia-para-copa-america-femenina\/#primaryimage","url":"https:\/\/futbolhoy.co\/wp-content\/uploads\/2025\/07\/IMG_4661.jpeg","contentUrl":"https:\/\/futbolhoy.co\/wp-content\/uploads\/2025\/07\/IMG_4661.jpeg","width":1920,"height":1080},{"@type":"BreadcrumbList","@id":"https:\/\/futbolhoy.co\/index.php\/2025\/07\/07\/convocatoria-de-la-seleccion-colombia-para-copa-america-femenina\/#breadcrumb","itemListElement":[{"@type":"ListItem","position":1,"name":"Portada","item":"https:\/\/futbolhoy.co\/"},{"@type":"ListItem","position":2,"name":"Convocatoria de la Selecci\u00f3n Colombia para Copa Am\u00e9rica Femenina"}]},{"@type":"WebSite","@id":"https:\/\/futbolhoy.co\/#website","url":"https:\/\/futbolhoy.co\/","name":"FutbolHoy","description":"","publisher":{"@id":"https:\/\/futbolhoy.co\/#organization"},"potentialAction":[{"@type":"SearchAction","target":{"@type":"EntryPoint","urlTemplate":"https:\/\/futbolhoy.co\/?s={search_term_string}"},"query-input":{"@type":"PropertyValueSpecification","valueRequired":true,"valueName":"search_term_string"}}],"inLanguage":"es"},{"@type":"Organization","@id":"https:\/\/futbolhoy.co\/#organization","name":"Futbolhoy.co","url":"https:\/\/futbolhoy.co\/","logo":{"@type":"ImageObject","inLanguage":"es","@id":"https:\/\/futbolhoy.co\/#\/schema\/logo\/image\/","url":"https:\/\/futbolhoy.co\/wp-content\/uploads\/2018\/08\/17426380_1906371736249227_6326180412931521141_n.jpg","contentUrl":"https:\/\/futbolhoy.co\/wp-content\/uploads\/2018\/08\/17426380_1906371736249227_6326180412931521141_n.jpg","width":960,"height":960,"caption":"Futbolhoy.co"},"image":{"@id":"https:\/\/futbolhoy.co\/#\/schema\/logo\/image\/"},"sameAs":["https:\/\/www.facebook.com\/FutbolHoyCol\/","https:\/\/x.com\/FutbolHoyCol","https:\/\/www.instagram.com\/futbolhoycol\/"]},{"@type":"Person","@id":"https:\/\/futbolhoy.co\/#\/schema\/person\/1721b69355b6623eaff15ac7b92d4cc3","name":"contenido","image":{"@type":"ImageObject","inLanguage":"es","@id":"https:\/\/futbolhoy.co\/#\/schema\/person\/image\/","url":"https:\/\/secure.gravatar.com\/avatar\/4f656d3256f5134f466206e7c3941518?s=96&d=mm&r=g","contentUrl":"https:\/\/secure.gravatar.com\/avatar\/4f656d3256f5134f466206e7c3941518?s=96&d=mm&r=g","caption":"contenido"}}]}},"publishpress_future_action":{"enabled":false,"date":"2026-05-03 06:23:02","action":"change-status","newStatus":"draft","terms":[],"taxonomy":"category","extraData":[]},"publishpress_future_workflow_manual_trigger":{"enabledWorkflows":[]},"_links":{"self":[{"href":"https:\/\/futbolhoy.co\/index.php\/wp-json\/wp\/v2\/posts\/120877","targetHints":{"allow":["GET"]}}],"collection":[{"href":"https:\/\/futbolhoy.co\/index.php\/wp-json\/wp\/v2\/posts"}],"about":[{"href":"https:\/\/futbolhoy.co\/index.php\/wp-json\/wp\/v2\/types\/post"}],"author":[{"embeddable":true,"href":"https:\/\/futbolhoy.co\/index.php\/wp-json\/wp\/v2\/users\/4"}],"replies":[{"embeddable":true,"href":"https:\/\/futbolhoy.co\/index.php\/wp-json\/wp\/v2\/comments?post=120877"}],"version-history":[{"count":1,"href":"https:\/\/futbolhoy.co\/index.php\/wp-json\/wp\/v2\/posts\/120877\/revisions"}],"predecessor-version":[{"id":120878,"href":"https:\/\/futbolhoy.co\/index.php\/wp-json\/wp\/v2\/posts\/120877\/revisions\/120878"}],"wp:featuredmedia":[{"embeddable":true,"href":"https:\/\/futbolhoy.co\/index.php\/wp-json\/wp\/v2\/media\/120876"}],"wp:attachment":[{"href":"https:\/\/futbolhoy.co\/index.php\/wp-json\/wp\/v2\/media?parent=120877"}],"wp:term":[{"taxonomy":"category","embeddable":true,"href":"https:\/\/futbolhoy.co\/index.php\/wp-json\/wp\/v2\/categories?post=120877"},{"taxonomy":"post_tag","embeddable":true,"href":"https:\/\/futbolhoy.co\/index.php\/wp-json\/wp\/v2\/tags?post=120877"}],"curies":[{"name":"wp","href":"https:\/\/api.w.org\/{rel}","templated":true}]}}