{"id":120879,"date":"2025-07-07T21:55:23","date_gmt":"2025-07-08T02:55:23","guid":{"rendered":"https:\/\/futbolhoy.co\/?p=120879"},"modified":"2025-07-09T13:08:24","modified_gmt":"2025-07-09T18:08:24","slug":"nacional-tendria-acuerdo-por-campuzano","status":"publish","type":"post","link":"https:\/\/futbolhoy.co\/index.php\/2025\/07\/07\/nacional-tendria-acuerdo-por-campuzano\/","title":{"rendered":"Nacional tendr\u00eda acuerdo por Campuzano"},"content":{"rendered":"<p style=\"text-align: justify;\"><span style=\"font-family: helvetica, arial, sans-serif;\"><strong>Jorman Campuzano<\/strong> se encontraba a pr\u00e9stamo en <strong>Nacional<\/strong> desde <strong>Boca Juniors.<\/strong> El futbolista tuvo que presentarse en el equipo <strong>Xeneize<\/strong> en los \u00faltimos d\u00edas, pero con el deseo de seguir en el cuadro Verdolaga.<\/span><\/p>\n<p style=\"text-align: justify;\"><span style=\"font-family: helvetica, arial, sans-serif;\">Luego de una complicada negociaci\u00f3n, el equipo antioque\u00f1o y el argentino habr\u00edan alcanzado un acuerdo por el pase total del jugador. Ser\u00eda por <strong>una cifra de 1.7 millones de d\u00f3lares<\/strong> y con un contrato hasta mediados de 2028.<\/span><\/p>\n<p style=\"text-align: justify;\"><span style=\"font-family: helvetica, arial, sans-serif;\">Campuzano ha tenido 3 pasos por <strong>Nacional.<\/strong> En ellos, acumul<strong>a 100 partidos jugados y cuatro t\u00edtulos (2 Copas Colombia, 1 Liga y 1 Superliga).<\/strong><\/span><\/p>\n<p style=\"text-align: justify;\"><span style=\"font-family: helvetica, arial, sans-serif;\">Adem\u00e1s de Nacional y Boca, Jorman surgi\u00f3 del <strong>Deportivo Pereira<\/strong> y tuvo un paso entre 2022 y 2023 por el <strong>Giresunspor<\/strong> de <strong>Turqu\u00eda.<\/strong><\/span><\/p>\n","protected":false},"excerpt":{"rendered":"<p>Jorman Campuzano se encontraba a pr\u00e9stamo en Nacional desde Boca Juniors. El futbolista tuvo que presentarse en el equipo Xeneize en los \u00faltimos d\u00edas, pero con el deseo de seguir en el cuadro Verdolaga. Luego de una complicada negociaci\u00f3n, el equipo antioque\u00f1o y el argentino habr\u00edan alcanzado un acuerdo por el pase total del jugador. [&hellip;]<\/p>\n","protected":false},"author":4,"featured_media":120880,"comment_status":"open","ping_status":"open","sticky":false,"template":"","format":"standard","meta":{"_acf_changed":false,"footnotes":""},"categories":[7],"tags":[],"class_list":{"0":"post-120879","1":"post","2":"type-post","3":"status-publish","4":"format-standard","5":"has-post-thumbnail","7":"category-liga-betplay"},"acf":[],"yoast_head":"<!-- This site is optimized with the Yoast SEO plugin v26.8 - https:\/\/yoast.com\/product\/yoast-seo-wordpress\/ -->\n<title>Nacional tendr\u00eda acuerdo por Campuzano -<\/title>\n<meta name=\"robots\" content=\"index, follow, max-snippet:-1, max-image-preview:large, max-video-preview:-1\" \/>\n<link rel=\"canonical\" href=\"https:\/\/futbolhoy.co\/index.php\/2025\/07\/07\/nacional-tendria-acuerdo-por-campuzano\/\" \/>\n<meta property=\"og:locale\" content=\"es_ES\" \/>\n<meta property=\"og:type\" content=\"article\" \/>\n<meta property=\"og:title\" content=\"Nacional tendr\u00eda acuerdo por Campuzano -\" \/>\n<meta property=\"og:description\" content=\"Jorman Campuzano se encontraba a pr\u00e9stamo en Nacional desde Boca Juniors. El futbolista tuvo que presentarse en el equipo Xeneize en los \u00faltimos d\u00edas, pero con el deseo de seguir en el cuadro Verdolaga. Luego de una complicada negociaci\u00f3n, el equipo antioque\u00f1o y el argentino habr\u00edan alcanzado un acuerdo por el pase total del jugador. [&hellip;]\" \/>\n<meta property=\"og:url\" content=\"https:\/\/futbolhoy.co\/index.php\/2025\/07\/07\/nacional-tendria-acuerdo-por-campuzano\/\" \/>\n<meta property=\"article:publisher\" content=\"https:\/\/www.facebook.com\/FutbolHoyCol\/\" \/>\n<meta property=\"article:published_time\" content=\"2025-07-08T02:55:23+00:00\" \/>\n<meta property=\"article:modified_time\" content=\"2025-07-09T18:08:24+00:00\" \/>\n<meta property=\"og:image\" content=\"https:\/\/futbolhoy.co\/wp-content\/uploads\/2025\/07\/Campuzano-1024x777.png\" \/>\n\t<meta property=\"og:image:width\" content=\"1024\" \/>\n\t<meta property=\"og:image:height\" content=\"777\" \/>\n\t<meta property=\"og:image:type\" content=\"image\/png\" \/>\n<meta name=\"author\" content=\"contenido\" \/>\n<meta name=\"twitter:card\" content=\"summary_large_image\" \/>\n<meta name=\"twitter:creator\" content=\"@FutbolHoyCol\" \/>\n<meta name=\"twitter:site\" content=\"@FutbolHoyCol\" \/>\n<meta name=\"twitter:label1\" content=\"Escrito por\" \/>\n\t<meta name=\"twitter:data1\" content=\"contenido\" \/>\n\t<meta name=\"twitter:label2\" content=\"Tiempo de lectura\" \/>\n\t<meta name=\"twitter:data2\" content=\"1 minuto\" \/>\n<script type=\"application\/ld+json\" class=\"yoast-schema-graph\">{\"@context\":\"https:\/\/schema.org\",\"@graph\":[{\"@type\":\"Article\",\"@id\":\"https:\/\/futbolhoy.co\/index.php\/2025\/07\/07\/nacional-tendria-acuerdo-por-campuzano\/#article\",\"isPartOf\":{\"@id\":\"https:\/\/futbolhoy.co\/index.php\/2025\/07\/07\/nacional-tendria-acuerdo-por-campuzano\/\"},\"author\":{\"name\":\"contenido\",\"@id\":\"https:\/\/futbolhoy.co\/#\/schema\/person\/1721b69355b6623eaff15ac7b92d4cc3\"},\"headline\":\"Nacional tendr\u00eda acuerdo por Campuzano\",\"datePublished\":\"2025-07-08T02:55:23+00:00\",\"dateModified\":\"2025-07-09T18:08:24+00:00\",\"mainEntityOfPage\":{\"@id\":\"https:\/\/futbolhoy.co\/index.php\/2025\/07\/07\/nacional-tendria-acuerdo-por-campuzano\/\"},\"wordCount\":126,\"commentCount\":0,\"publisher\":{\"@id\":\"https:\/\/futbolhoy.co\/#organization\"},\"image\":{\"@id\":\"https:\/\/futbolhoy.co\/index.php\/2025\/07\/07\/nacional-tendria-acuerdo-por-campuzano\/#primaryimage\"},\"thumbnailUrl\":\"https:\/\/futbolhoy.co\/wp-content\/uploads\/2025\/07\/Campuzano.png\",\"articleSection\":[\"Liga BetPlay\"],\"inLanguage\":\"es\",\"potentialAction\":[{\"@type\":\"CommentAction\",\"name\":\"Comment\",\"target\":[\"https:\/\/futbolhoy.co\/index.php\/2025\/07\/07\/nacional-tendria-acuerdo-por-campuzano\/#respond\"]}]},{\"@type\":\"WebPage\",\"@id\":\"https:\/\/futbolhoy.co\/index.php\/2025\/07\/07\/nacional-tendria-acuerdo-por-campuzano\/\",\"url\":\"https:\/\/futbolhoy.co\/index.php\/2025\/07\/07\/nacional-tendria-acuerdo-por-campuzano\/\",\"name\":\"Nacional tendr\u00eda acuerdo por Campuzano -\",\"isPartOf\":{\"@id\":\"https:\/\/futbolhoy.co\/#website\"},\"primaryImageOfPage\":{\"@id\":\"https:\/\/futbolhoy.co\/index.php\/2025\/07\/07\/nacional-tendria-acuerdo-por-campuzano\/#primaryimage\"},\"image\":{\"@id\":\"https:\/\/futbolhoy.co\/index.php\/2025\/07\/07\/nacional-tendria-acuerdo-por-campuzano\/#primaryimage\"},\"thumbnailUrl\":\"https:\/\/futbolhoy.co\/wp-content\/uploads\/2025\/07\/Campuzano.png\",\"datePublished\":\"2025-07-08T02:55:23+00:00\",\"dateModified\":\"2025-07-09T18:08:24+00:00\",\"breadcrumb\":{\"@id\":\"https:\/\/futbolhoy.co\/index.php\/2025\/07\/07\/nacional-tendria-acuerdo-por-campuzano\/#breadcrumb\"},\"inLanguage\":\"es\",\"potentialAction\":[{\"@type\":\"ReadAction\",\"target\":[\"https:\/\/futbolhoy.co\/index.php\/2025\/07\/07\/nacional-tendria-acuerdo-por-campuzano\/\"]}]},{\"@type\":\"ImageObject\",\"inLanguage\":\"es\",\"@id\":\"https:\/\/futbolhoy.co\/index.php\/2025\/07\/07\/nacional-tendria-acuerdo-por-campuzano\/#primaryimage\",\"url\":\"https:\/\/futbolhoy.co\/wp-content\/uploads\/2025\/07\/Campuzano.png\",\"contentUrl\":\"https:\/\/futbolhoy.co\/wp-content\/uploads\/2025\/07\/Campuzano.png\",\"width\":1135,\"height\":861},{\"@type\":\"BreadcrumbList\",\"@id\":\"https:\/\/futbolhoy.co\/index.php\/2025\/07\/07\/nacional-tendria-acuerdo-por-campuzano\/#breadcrumb\",\"itemListElement\":[{\"@type\":\"ListItem\",\"position\":1,\"name\":\"Portada\",\"item\":\"https:\/\/futbolhoy.co\/\"},{\"@type\":\"ListItem\",\"position\":2,\"name\":\"Nacional tendr\u00eda acuerdo por Campuzano\"}]},{\"@type\":\"WebSite\",\"@id\":\"https:\/\/futbolhoy.co\/#website\",\"url\":\"https:\/\/futbolhoy.co\/\",\"name\":\"FutbolHoy\",\"description\":\"\",\"publisher\":{\"@id\":\"https:\/\/futbolhoy.co\/#organization\"},\"potentialAction\":[{\"@type\":\"SearchAction\",\"target\":{\"@type\":\"EntryPoint\",\"urlTemplate\":\"https:\/\/futbolhoy.co\/?s={search_term_string}\"},\"query-input\":{\"@type\":\"PropertyValueSpecification\",\"valueRequired\":true,\"valueName\":\"search_term_string\"}}],\"inLanguage\":\"es\"},{\"@type\":\"Organization\",\"@id\":\"https:\/\/futbolhoy.co\/#organization\",\"name\":\"Futbolhoy.co\",\"url\":\"https:\/\/futbolhoy.co\/\",\"logo\":{\"@type\":\"ImageObject\",\"inLanguage\":\"es\",\"@id\":\"https:\/\/futbolhoy.co\/#\/schema\/logo\/image\/\",\"url\":\"https:\/\/futbolhoy.co\/wp-content\/uploads\/2018\/08\/17426380_1906371736249227_6326180412931521141_n.jpg\",\"contentUrl\":\"https:\/\/futbolhoy.co\/wp-content\/uploads\/2018\/08\/17426380_1906371736249227_6326180412931521141_n.jpg\",\"width\":960,\"height\":960,\"caption\":\"Futbolhoy.co\"},\"image\":{\"@id\":\"https:\/\/futbolhoy.co\/#\/schema\/logo\/image\/\"},\"sameAs\":[\"https:\/\/www.facebook.com\/FutbolHoyCol\/\",\"https:\/\/x.com\/FutbolHoyCol\",\"https:\/\/www.instagram.com\/futbolhoycol\/\"]},{\"@type\":\"Person\",\"@id\":\"https:\/\/futbolhoy.co\/#\/schema\/person\/1721b69355b6623eaff15ac7b92d4cc3\",\"name\":\"contenido\",\"image\":{\"@type\":\"ImageObject\",\"inLanguage\":\"es\",\"@id\":\"https:\/\/futbolhoy.co\/#\/schema\/person\/image\/\",\"url\":\"https:\/\/secure.gravatar.com\/avatar\/4f656d3256f5134f466206e7c3941518?s=96&d=mm&r=g\",\"contentUrl\":\"https:\/\/secure.gravatar.com\/avatar\/4f656d3256f5134f466206e7c3941518?s=96&d=mm&r=g\",\"caption\":\"contenido\"}}]}<\/script>\n<!-- \/ Yoast SEO plugin. -->","yoast_head_json":{"title":"Nacional tendr\u00eda acuerdo por Campuzano -","robots":{"index":"index","follow":"follow","max-snippet":"max-snippet:-1","max-image-preview":"max-image-preview:large","max-video-preview":"max-video-preview:-1"},"canonical":"https:\/\/futbolhoy.co\/index.php\/2025\/07\/07\/nacional-tendria-acuerdo-por-campuzano\/","og_locale":"es_ES","og_type":"article","og_title":"Nacional tendr\u00eda acuerdo por Campuzano -","og_description":"Jorman Campuzano se encontraba a pr\u00e9stamo en Nacional desde Boca Juniors. El futbolista tuvo que presentarse en el equipo Xeneize en los \u00faltimos d\u00edas, pero con el deseo de seguir en el cuadro Verdolaga. Luego de una complicada negociaci\u00f3n, el equipo antioque\u00f1o y el argentino habr\u00edan alcanzado un acuerdo por el pase total del jugador. [&hellip;]","og_url":"https:\/\/futbolhoy.co\/index.php\/2025\/07\/07\/nacional-tendria-acuerdo-por-campuzano\/","article_publisher":"https:\/\/www.facebook.com\/FutbolHoyCol\/","article_published_time":"2025-07-08T02:55:23+00:00","article_modified_time":"2025-07-09T18:08:24+00:00","og_image":[{"width":1024,"height":777,"url":"https:\/\/futbolhoy.co\/wp-content\/uploads\/2025\/07\/Campuzano-1024x777.png","type":"image\/png"}],"author":"contenido","twitter_card":"summary_large_image","twitter_creator":"@FutbolHoyCol","twitter_site":"@FutbolHoyCol","twitter_misc":{"Escrito por":"contenido","Tiempo de lectura":"1 minuto"},"schema":{"@context":"https:\/\/schema.org","@graph":[{"@type":"Article","@id":"https:\/\/futbolhoy.co\/index.php\/2025\/07\/07\/nacional-tendria-acuerdo-por-campuzano\/#article","isPartOf":{"@id":"https:\/\/futbolhoy.co\/index.php\/2025\/07\/07\/nacional-tendria-acuerdo-por-campuzano\/"},"author":{"name":"contenido","@id":"https:\/\/futbolhoy.co\/#\/schema\/person\/1721b69355b6623eaff15ac7b92d4cc3"},"headline":"Nacional tendr\u00eda acuerdo por Campuzano","datePublished":"2025-07-08T02:55:23+00:00","dateModified":"2025-07-09T18:08:24+00:00","mainEntityOfPage":{"@id":"https:\/\/futbolhoy.co\/index.php\/2025\/07\/07\/nacional-tendria-acuerdo-por-campuzano\/"},"wordCount":126,"commentCount":0,"publisher":{"@id":"https:\/\/futbolhoy.co\/#organization"},"image":{"@id":"https:\/\/futbolhoy.co\/index.php\/2025\/07\/07\/nacional-tendria-acuerdo-por-campuzano\/#primaryimage"},"thumbnailUrl":"https:\/\/futbolhoy.co\/wp-content\/uploads\/2025\/07\/Campuzano.png","articleSection":["Liga BetPlay"],"inLanguage":"es","potentialAction":[{"@type":"CommentAction","name":"Comment","target":["https:\/\/futbolhoy.co\/index.php\/2025\/07\/07\/nacional-tendria-acuerdo-por-campuzano\/#respond"]}]},{"@type":"WebPage","@id":"https:\/\/futbolhoy.co\/index.php\/2025\/07\/07\/nacional-tendria-acuerdo-por-campuzano\/","url":"https:\/\/futbolhoy.co\/index.php\/2025\/07\/07\/nacional-tendria-acuerdo-por-campuzano\/","name":"Nacional tendr\u00eda acuerdo por Campuzano -","isPartOf":{"@id":"https:\/\/futbolhoy.co\/#website"},"primaryImageOfPage":{"@id":"https:\/\/futbolhoy.co\/index.php\/2025\/07\/07\/nacional-tendria-acuerdo-por-campuzano\/#primaryimage"},"image":{"@id":"https:\/\/futbolhoy.co\/index.php\/2025\/07\/07\/nacional-tendria-acuerdo-por-campuzano\/#primaryimage"},"thumbnailUrl":"https:\/\/futbolhoy.co\/wp-content\/uploads\/2025\/07\/Campuzano.png","datePublished":"2025-07-08T02:55:23+00:00","dateModified":"2025-07-09T18:08:24+00:00","breadcrumb":{"@id":"https:\/\/futbolhoy.co\/index.php\/2025\/07\/07\/nacional-tendria-acuerdo-por-campuzano\/#breadcrumb"},"inLanguage":"es","potentialAction":[{"@type":"ReadAction","target":["https:\/\/futbolhoy.co\/index.php\/2025\/07\/07\/nacional-tendria-acuerdo-por-campuzano\/"]}]},{"@type":"ImageObject","inLanguage":"es","@id":"https:\/\/futbolhoy.co\/index.php\/2025\/07\/07\/nacional-tendria-acuerdo-por-campuzano\/#primaryimage","url":"https:\/\/futbolhoy.co\/wp-content\/uploads\/2025\/07\/Campuzano.png","contentUrl":"https:\/\/futbolhoy.co\/wp-content\/uploads\/2025\/07\/Campuzano.png","width":1135,"height":861},{"@type":"BreadcrumbList","@id":"https:\/\/futbolhoy.co\/index.php\/2025\/07\/07\/nacional-tendria-acuerdo-por-campuzano\/#breadcrumb","itemListElement":[{"@type":"ListItem","position":1,"name":"Portada","item":"https:\/\/futbolhoy.co\/"},{"@type":"ListItem","position":2,"name":"Nacional tendr\u00eda acuerdo por Campuzano"}]},{"@type":"WebSite","@id":"https:\/\/futbolhoy.co\/#website","url":"https:\/\/futbolhoy.co\/","name":"FutbolHoy","description":"","publisher":{"@id":"https:\/\/futbolhoy.co\/#organization"},"potentialAction":[{"@type":"SearchAction","target":{"@type":"EntryPoint","urlTemplate":"https:\/\/futbolhoy.co\/?s={search_term_string}"},"query-input":{"@type":"PropertyValueSpecification","valueRequired":true,"valueName":"search_term_string"}}],"inLanguage":"es"},{"@type":"Organization","@id":"https:\/\/futbolhoy.co\/#organization","name":"Futbolhoy.co","url":"https:\/\/futbolhoy.co\/","logo":{"@type":"ImageObject","inLanguage":"es","@id":"https:\/\/futbolhoy.co\/#\/schema\/logo\/image\/","url":"https:\/\/futbolhoy.co\/wp-content\/uploads\/2018\/08\/17426380_1906371736249227_6326180412931521141_n.jpg","contentUrl":"https:\/\/futbolhoy.co\/wp-content\/uploads\/2018\/08\/17426380_1906371736249227_6326180412931521141_n.jpg","width":960,"height":960,"caption":"Futbolhoy.co"},"image":{"@id":"https:\/\/futbolhoy.co\/#\/schema\/logo\/image\/"},"sameAs":["https:\/\/www.facebook.com\/FutbolHoyCol\/","https:\/\/x.com\/FutbolHoyCol","https:\/\/www.instagram.com\/futbolhoycol\/"]},{"@type":"Person","@id":"https:\/\/futbolhoy.co\/#\/schema\/person\/1721b69355b6623eaff15ac7b92d4cc3","name":"contenido","image":{"@type":"ImageObject","inLanguage":"es","@id":"https:\/\/futbolhoy.co\/#\/schema\/person\/image\/","url":"https:\/\/secure.gravatar.com\/avatar\/4f656d3256f5134f466206e7c3941518?s=96&d=mm&r=g","contentUrl":"https:\/\/secure.gravatar.com\/avatar\/4f656d3256f5134f466206e7c3941518?s=96&d=mm&r=g","caption":"contenido"}}]}},"publishpress_future_action":{"enabled":false,"date":"2026-05-03 10:38:13","action":"change-status","newStatus":"draft","terms":[],"taxonomy":"category","extraData":[]},"publishpress_future_workflow_manual_trigger":{"enabledWorkflows":[]},"_links":{"self":[{"href":"https:\/\/futbolhoy.co\/index.php\/wp-json\/wp\/v2\/posts\/120879","targetHints":{"allow":["GET"]}}],"collection":[{"href":"https:\/\/futbolhoy.co\/index.php\/wp-json\/wp\/v2\/posts"}],"about":[{"href":"https:\/\/futbolhoy.co\/index.php\/wp-json\/wp\/v2\/types\/post"}],"author":[{"embeddable":true,"href":"https:\/\/futbolhoy.co\/index.php\/wp-json\/wp\/v2\/users\/4"}],"replies":[{"embeddable":true,"href":"https:\/\/futbolhoy.co\/index.php\/wp-json\/wp\/v2\/comments?post=120879"}],"version-history":[{"count":1,"href":"https:\/\/futbolhoy.co\/index.php\/wp-json\/wp\/v2\/posts\/120879\/revisions"}],"predecessor-version":[{"id":120881,"href":"https:\/\/futbolhoy.co\/index.php\/wp-json\/wp\/v2\/posts\/120879\/revisions\/120881"}],"wp:featuredmedia":[{"embeddable":true,"href":"https:\/\/futbolhoy.co\/index.php\/wp-json\/wp\/v2\/media\/120880"}],"wp:attachment":[{"href":"https:\/\/futbolhoy.co\/index.php\/wp-json\/wp\/v2\/media?parent=120879"}],"wp:term":[{"taxonomy":"category","embeddable":true,"href":"https:\/\/futbolhoy.co\/index.php\/wp-json\/wp\/v2\/categories?post=120879"},{"taxonomy":"post_tag","embeddable":true,"href":"https:\/\/futbolhoy.co\/index.php\/wp-json\/wp\/v2\/tags?post=120879"}],"curies":[{"name":"wp","href":"https:\/\/api.w.org\/{rel}","templated":true}]}}