{"id":120882,"date":"2025-07-08T10:32:49","date_gmt":"2025-07-08T15:32:49","guid":{"rendered":"https:\/\/futbolhoy.co\/?p=120882"},"modified":"2025-07-09T13:27:22","modified_gmt":"2025-07-09T18:27:22","slug":"oficial-programacion-de-las-ultimas-fechas-de-eliminatorias-al-mundial","status":"publish","type":"post","link":"https:\/\/futbolhoy.co\/index.php\/2025\/07\/08\/oficial-programacion-de-las-ultimas-fechas-de-eliminatorias-al-mundial\/","title":{"rendered":"Oficial: programaci\u00f3n de las \u00faltimas fechas de Eliminatorias al Mundial"},"content":{"rendered":"<p style=\"text-align: justify;\"><span style=\"font-family: helvetica, arial, sans-serif;\"><b>Por el cupo al mundial 2026, la Selecci\u00f3n Colombia <\/b>ya conoce la programaci\u00f3n de las \u00faltimas dos fechas de las Eliminatorias a la Copa del Mundo, en la que buscar\u00e1 sellar su clasificaci\u00f3n.\u00a0<\/span><\/p>\n<p style=\"text-align: justify;\"><span style=\"font-family: helvetica, arial, sans-serif;\">En septiembre pr\u00f3ximo se disputar\u00e1n las <b>jornadas 17 y 18 de las Eliminatorias Sudamericanas, <\/b>en las que Argentina, Ecuador y Brasil son los \u00fanicos clasificados hasta el momento.\u00a0<\/span><\/p>\n<p style=\"text-align: justify;\"><span style=\"font-family: helvetica, arial, sans-serif;\">La <b>Selecci\u00f3n Colombia est\u00e1 parcialmente <\/b>clasificada la copa del mundo, pero deber\u00e1 sellar su cupo con por lo menos una victoria en las dos jornadas que le restan disputar.\u00a0<\/span><\/p>\n<p style=\"text-align: justify;\"><span style=\"font-family: helvetica, arial, sans-serif;\">As\u00ed qued\u00f3 la programaci\u00f3n de las \u00faltimas jornadas a las Eliminatorias:<\/span><\/p>\n<p><img fetchpriority=\"high\" decoding=\"async\" class=\"alignnone size-full wp-image-120883\" src=\"https:\/\/futbolhoy.co\/wp-content\/uploads\/2025\/07\/0e14f2fa-40dc-43bb-9459-acffffb52da1.jpeg\" alt=\"\" width=\"686\" height=\"713\" srcset=\"https:\/\/futbolhoy.co\/wp-content\/uploads\/2025\/07\/0e14f2fa-40dc-43bb-9459-acffffb52da1.jpeg 686w, https:\/\/futbolhoy.co\/wp-content\/uploads\/2025\/07\/0e14f2fa-40dc-43bb-9459-acffffb52da1-289x300.jpeg 289w, https:\/\/futbolhoy.co\/wp-content\/uploads\/2025\/07\/0e14f2fa-40dc-43bb-9459-acffffb52da1-123x128.jpeg 123w, https:\/\/futbolhoy.co\/wp-content\/uploads\/2025\/07\/0e14f2fa-40dc-43bb-9459-acffffb52da1-32x32.jpeg 32w\" sizes=\"(max-width: 686px) 100vw, 686px\" \/><img decoding=\"async\" class=\"alignnone size-full wp-image-120884\" src=\"https:\/\/futbolhoy.co\/wp-content\/uploads\/2025\/07\/0860676a-f9f8-4bdc-bc7d-78250f33f9f2.jpeg\" alt=\"\" width=\"771\" height=\"852\" srcset=\"https:\/\/futbolhoy.co\/wp-content\/uploads\/2025\/07\/0860676a-f9f8-4bdc-bc7d-78250f33f9f2.jpeg 771w, https:\/\/futbolhoy.co\/wp-content\/uploads\/2025\/07\/0860676a-f9f8-4bdc-bc7d-78250f33f9f2-271x300.jpeg 271w, https:\/\/futbolhoy.co\/wp-content\/uploads\/2025\/07\/0860676a-f9f8-4bdc-bc7d-78250f33f9f2-768x849.jpeg 768w, https:\/\/futbolhoy.co\/wp-content\/uploads\/2025\/07\/0860676a-f9f8-4bdc-bc7d-78250f33f9f2-696x769.jpeg 696w, https:\/\/futbolhoy.co\/wp-content\/uploads\/2025\/07\/0860676a-f9f8-4bdc-bc7d-78250f33f9f2-116x128.jpeg 116w, https:\/\/futbolhoy.co\/wp-content\/uploads\/2025\/07\/0860676a-f9f8-4bdc-bc7d-78250f33f9f2-29x32.jpeg 29w\" sizes=\"(max-width: 771px) 100vw, 771px\" \/><\/p>\n","protected":false},"excerpt":{"rendered":"<p>Por el cupo al mundial 2026, la Selecci\u00f3n Colombia ya conoce la programaci\u00f3n de las \u00faltimas dos fechas de las Eliminatorias a la Copa del Mundo, en la que buscar\u00e1 sellar su clasificaci\u00f3n.\u00a0 En septiembre pr\u00f3ximo se disputar\u00e1n las jornadas 17 y 18 de las Eliminatorias Sudamericanas, en las que Argentina, Ecuador y Brasil son [&hellip;]<\/p>\n","protected":false},"author":4,"featured_media":120268,"comment_status":"open","ping_status":"open","sticky":false,"template":"","format":"standard","meta":{"_acf_changed":false,"footnotes":""},"categories":[418],"tags":[],"class_list":{"0":"post-120882","1":"post","2":"type-post","3":"status-publish","4":"format-standard","5":"has-post-thumbnail","7":"category-colombia"},"acf":[],"yoast_head":"<!-- This site is optimized with the Yoast SEO plugin v26.8 - https:\/\/yoast.com\/product\/yoast-seo-wordpress\/ -->\n<title>Oficial: programaci\u00f3n de las \u00faltimas fechas de Eliminatorias al Mundial -<\/title>\n<meta name=\"robots\" content=\"index, follow, max-snippet:-1, max-image-preview:large, max-video-preview:-1\" \/>\n<link rel=\"canonical\" href=\"https:\/\/futbolhoy.co\/index.php\/2025\/07\/08\/oficial-programacion-de-las-ultimas-fechas-de-eliminatorias-al-mundial\/\" \/>\n<meta property=\"og:locale\" content=\"es_ES\" \/>\n<meta property=\"og:type\" content=\"article\" \/>\n<meta property=\"og:title\" content=\"Oficial: programaci\u00f3n de las \u00faltimas fechas de Eliminatorias al Mundial -\" \/>\n<meta property=\"og:description\" content=\"Por el cupo al mundial 2026, la Selecci\u00f3n Colombia ya conoce la programaci\u00f3n de las \u00faltimas dos fechas de las Eliminatorias a la Copa del Mundo, en la que buscar\u00e1 sellar su clasificaci\u00f3n.\u00a0 En septiembre pr\u00f3ximo se disputar\u00e1n las jornadas 17 y 18 de las Eliminatorias Sudamericanas, en las que Argentina, Ecuador y Brasil son [&hellip;]\" \/>\n<meta property=\"og:url\" content=\"https:\/\/futbolhoy.co\/index.php\/2025\/07\/08\/oficial-programacion-de-las-ultimas-fechas-de-eliminatorias-al-mundial\/\" \/>\n<meta property=\"article:publisher\" content=\"https:\/\/www.facebook.com\/FutbolHoyCol\/\" \/>\n<meta property=\"article:published_time\" content=\"2025-07-08T15:32:49+00:00\" \/>\n<meta property=\"article:modified_time\" content=\"2025-07-09T18:27:22+00:00\" \/>\n<meta property=\"og:image\" content=\"https:\/\/futbolhoy.co\/wp-content\/uploads\/2025\/06\/IMG_4922.png\" \/>\n\t<meta property=\"og:image:width\" content=\"640\" \/>\n\t<meta property=\"og:image:height\" content=\"360\" \/>\n\t<meta property=\"og:image:type\" content=\"image\/png\" \/>\n<meta name=\"author\" content=\"contenido\" \/>\n<meta name=\"twitter:card\" content=\"summary_large_image\" \/>\n<meta name=\"twitter:creator\" content=\"@FutbolHoyCol\" \/>\n<meta name=\"twitter:site\" content=\"@FutbolHoyCol\" \/>\n<meta name=\"twitter:label1\" content=\"Escrito por\" \/>\n\t<meta name=\"twitter:data1\" content=\"contenido\" \/>\n\t<meta name=\"twitter:label2\" content=\"Tiempo de lectura\" \/>\n\t<meta name=\"twitter:data2\" content=\"1 minuto\" \/>\n<script type=\"application\/ld+json\" class=\"yoast-schema-graph\">{\"@context\":\"https:\/\/schema.org\",\"@graph\":[{\"@type\":\"Article\",\"@id\":\"https:\/\/futbolhoy.co\/index.php\/2025\/07\/08\/oficial-programacion-de-las-ultimas-fechas-de-eliminatorias-al-mundial\/#article\",\"isPartOf\":{\"@id\":\"https:\/\/futbolhoy.co\/index.php\/2025\/07\/08\/oficial-programacion-de-las-ultimas-fechas-de-eliminatorias-al-mundial\/\"},\"author\":{\"name\":\"contenido\",\"@id\":\"https:\/\/futbolhoy.co\/#\/schema\/person\/1721b69355b6623eaff15ac7b92d4cc3\"},\"headline\":\"Oficial: programaci\u00f3n de las \u00faltimas fechas de Eliminatorias al Mundial\",\"datePublished\":\"2025-07-08T15:32:49+00:00\",\"dateModified\":\"2025-07-09T18:27:22+00:00\",\"mainEntityOfPage\":{\"@id\":\"https:\/\/futbolhoy.co\/index.php\/2025\/07\/08\/oficial-programacion-de-las-ultimas-fechas-de-eliminatorias-al-mundial\/\"},\"wordCount\":116,\"commentCount\":0,\"publisher\":{\"@id\":\"https:\/\/futbolhoy.co\/#organization\"},\"image\":{\"@id\":\"https:\/\/futbolhoy.co\/index.php\/2025\/07\/08\/oficial-programacion-de-las-ultimas-fechas-de-eliminatorias-al-mundial\/#primaryimage\"},\"thumbnailUrl\":\"https:\/\/futbolhoy.co\/wp-content\/uploads\/2025\/06\/IMG_4922.png\",\"articleSection\":[\"Colombia\"],\"inLanguage\":\"es\",\"potentialAction\":[{\"@type\":\"CommentAction\",\"name\":\"Comment\",\"target\":[\"https:\/\/futbolhoy.co\/index.php\/2025\/07\/08\/oficial-programacion-de-las-ultimas-fechas-de-eliminatorias-al-mundial\/#respond\"]}]},{\"@type\":\"WebPage\",\"@id\":\"https:\/\/futbolhoy.co\/index.php\/2025\/07\/08\/oficial-programacion-de-las-ultimas-fechas-de-eliminatorias-al-mundial\/\",\"url\":\"https:\/\/futbolhoy.co\/index.php\/2025\/07\/08\/oficial-programacion-de-las-ultimas-fechas-de-eliminatorias-al-mundial\/\",\"name\":\"Oficial: programaci\u00f3n de las \u00faltimas fechas de Eliminatorias al Mundial -\",\"isPartOf\":{\"@id\":\"https:\/\/futbolhoy.co\/#website\"},\"primaryImageOfPage\":{\"@id\":\"https:\/\/futbolhoy.co\/index.php\/2025\/07\/08\/oficial-programacion-de-las-ultimas-fechas-de-eliminatorias-al-mundial\/#primaryimage\"},\"image\":{\"@id\":\"https:\/\/futbolhoy.co\/index.php\/2025\/07\/08\/oficial-programacion-de-las-ultimas-fechas-de-eliminatorias-al-mundial\/#primaryimage\"},\"thumbnailUrl\":\"https:\/\/futbolhoy.co\/wp-content\/uploads\/2025\/06\/IMG_4922.png\",\"datePublished\":\"2025-07-08T15:32:49+00:00\",\"dateModified\":\"2025-07-09T18:27:22+00:00\",\"breadcrumb\":{\"@id\":\"https:\/\/futbolhoy.co\/index.php\/2025\/07\/08\/oficial-programacion-de-las-ultimas-fechas-de-eliminatorias-al-mundial\/#breadcrumb\"},\"inLanguage\":\"es\",\"potentialAction\":[{\"@type\":\"ReadAction\",\"target\":[\"https:\/\/futbolhoy.co\/index.php\/2025\/07\/08\/oficial-programacion-de-las-ultimas-fechas-de-eliminatorias-al-mundial\/\"]}]},{\"@type\":\"ImageObject\",\"inLanguage\":\"es\",\"@id\":\"https:\/\/futbolhoy.co\/index.php\/2025\/07\/08\/oficial-programacion-de-las-ultimas-fechas-de-eliminatorias-al-mundial\/#primaryimage\",\"url\":\"https:\/\/futbolhoy.co\/wp-content\/uploads\/2025\/06\/IMG_4922.png\",\"contentUrl\":\"https:\/\/futbolhoy.co\/wp-content\/uploads\/2025\/06\/IMG_4922.png\",\"width\":640,\"height\":360},{\"@type\":\"BreadcrumbList\",\"@id\":\"https:\/\/futbolhoy.co\/index.php\/2025\/07\/08\/oficial-programacion-de-las-ultimas-fechas-de-eliminatorias-al-mundial\/#breadcrumb\",\"itemListElement\":[{\"@type\":\"ListItem\",\"position\":1,\"name\":\"Portada\",\"item\":\"https:\/\/futbolhoy.co\/\"},{\"@type\":\"ListItem\",\"position\":2,\"name\":\"Oficial: programaci\u00f3n de las \u00faltimas fechas de Eliminatorias al Mundial\"}]},{\"@type\":\"WebSite\",\"@id\":\"https:\/\/futbolhoy.co\/#website\",\"url\":\"https:\/\/futbolhoy.co\/\",\"name\":\"FutbolHoy\",\"description\":\"\",\"publisher\":{\"@id\":\"https:\/\/futbolhoy.co\/#organization\"},\"potentialAction\":[{\"@type\":\"SearchAction\",\"target\":{\"@type\":\"EntryPoint\",\"urlTemplate\":\"https:\/\/futbolhoy.co\/?s={search_term_string}\"},\"query-input\":{\"@type\":\"PropertyValueSpecification\",\"valueRequired\":true,\"valueName\":\"search_term_string\"}}],\"inLanguage\":\"es\"},{\"@type\":\"Organization\",\"@id\":\"https:\/\/futbolhoy.co\/#organization\",\"name\":\"Futbolhoy.co\",\"url\":\"https:\/\/futbolhoy.co\/\",\"logo\":{\"@type\":\"ImageObject\",\"inLanguage\":\"es\",\"@id\":\"https:\/\/futbolhoy.co\/#\/schema\/logo\/image\/\",\"url\":\"https:\/\/futbolhoy.co\/wp-content\/uploads\/2018\/08\/17426380_1906371736249227_6326180412931521141_n.jpg\",\"contentUrl\":\"https:\/\/futbolhoy.co\/wp-content\/uploads\/2018\/08\/17426380_1906371736249227_6326180412931521141_n.jpg\",\"width\":960,\"height\":960,\"caption\":\"Futbolhoy.co\"},\"image\":{\"@id\":\"https:\/\/futbolhoy.co\/#\/schema\/logo\/image\/\"},\"sameAs\":[\"https:\/\/www.facebook.com\/FutbolHoyCol\/\",\"https:\/\/x.com\/FutbolHoyCol\",\"https:\/\/www.instagram.com\/futbolhoycol\/\"]},{\"@type\":\"Person\",\"@id\":\"https:\/\/futbolhoy.co\/#\/schema\/person\/1721b69355b6623eaff15ac7b92d4cc3\",\"name\":\"contenido\",\"image\":{\"@type\":\"ImageObject\",\"inLanguage\":\"es\",\"@id\":\"https:\/\/futbolhoy.co\/#\/schema\/person\/image\/\",\"url\":\"https:\/\/secure.gravatar.com\/avatar\/4f656d3256f5134f466206e7c3941518?s=96&d=mm&r=g\",\"contentUrl\":\"https:\/\/secure.gravatar.com\/avatar\/4f656d3256f5134f466206e7c3941518?s=96&d=mm&r=g\",\"caption\":\"contenido\"}}]}<\/script>\n<!-- \/ Yoast SEO plugin. -->","yoast_head_json":{"title":"Oficial: programaci\u00f3n de las \u00faltimas fechas de Eliminatorias al Mundial -","robots":{"index":"index","follow":"follow","max-snippet":"max-snippet:-1","max-image-preview":"max-image-preview:large","max-video-preview":"max-video-preview:-1"},"canonical":"https:\/\/futbolhoy.co\/index.php\/2025\/07\/08\/oficial-programacion-de-las-ultimas-fechas-de-eliminatorias-al-mundial\/","og_locale":"es_ES","og_type":"article","og_title":"Oficial: programaci\u00f3n de las \u00faltimas fechas de Eliminatorias al Mundial -","og_description":"Por el cupo al mundial 2026, la Selecci\u00f3n Colombia ya conoce la programaci\u00f3n de las \u00faltimas dos fechas de las Eliminatorias a la Copa del Mundo, en la que buscar\u00e1 sellar su clasificaci\u00f3n.\u00a0 En septiembre pr\u00f3ximo se disputar\u00e1n las jornadas 17 y 18 de las Eliminatorias Sudamericanas, en las que Argentina, Ecuador y Brasil son [&hellip;]","og_url":"https:\/\/futbolhoy.co\/index.php\/2025\/07\/08\/oficial-programacion-de-las-ultimas-fechas-de-eliminatorias-al-mundial\/","article_publisher":"https:\/\/www.facebook.com\/FutbolHoyCol\/","article_published_time":"2025-07-08T15:32:49+00:00","article_modified_time":"2025-07-09T18:27:22+00:00","og_image":[{"width":640,"height":360,"url":"https:\/\/futbolhoy.co\/wp-content\/uploads\/2025\/06\/IMG_4922.png","type":"image\/png"}],"author":"contenido","twitter_card":"summary_large_image","twitter_creator":"@FutbolHoyCol","twitter_site":"@FutbolHoyCol","twitter_misc":{"Escrito por":"contenido","Tiempo de lectura":"1 minuto"},"schema":{"@context":"https:\/\/schema.org","@graph":[{"@type":"Article","@id":"https:\/\/futbolhoy.co\/index.php\/2025\/07\/08\/oficial-programacion-de-las-ultimas-fechas-de-eliminatorias-al-mundial\/#article","isPartOf":{"@id":"https:\/\/futbolhoy.co\/index.php\/2025\/07\/08\/oficial-programacion-de-las-ultimas-fechas-de-eliminatorias-al-mundial\/"},"author":{"name":"contenido","@id":"https:\/\/futbolhoy.co\/#\/schema\/person\/1721b69355b6623eaff15ac7b92d4cc3"},"headline":"Oficial: programaci\u00f3n de las \u00faltimas fechas de Eliminatorias al Mundial","datePublished":"2025-07-08T15:32:49+00:00","dateModified":"2025-07-09T18:27:22+00:00","mainEntityOfPage":{"@id":"https:\/\/futbolhoy.co\/index.php\/2025\/07\/08\/oficial-programacion-de-las-ultimas-fechas-de-eliminatorias-al-mundial\/"},"wordCount":116,"commentCount":0,"publisher":{"@id":"https:\/\/futbolhoy.co\/#organization"},"image":{"@id":"https:\/\/futbolhoy.co\/index.php\/2025\/07\/08\/oficial-programacion-de-las-ultimas-fechas-de-eliminatorias-al-mundial\/#primaryimage"},"thumbnailUrl":"https:\/\/futbolhoy.co\/wp-content\/uploads\/2025\/06\/IMG_4922.png","articleSection":["Colombia"],"inLanguage":"es","potentialAction":[{"@type":"CommentAction","name":"Comment","target":["https:\/\/futbolhoy.co\/index.php\/2025\/07\/08\/oficial-programacion-de-las-ultimas-fechas-de-eliminatorias-al-mundial\/#respond"]}]},{"@type":"WebPage","@id":"https:\/\/futbolhoy.co\/index.php\/2025\/07\/08\/oficial-programacion-de-las-ultimas-fechas-de-eliminatorias-al-mundial\/","url":"https:\/\/futbolhoy.co\/index.php\/2025\/07\/08\/oficial-programacion-de-las-ultimas-fechas-de-eliminatorias-al-mundial\/","name":"Oficial: programaci\u00f3n de las \u00faltimas fechas de Eliminatorias al Mundial -","isPartOf":{"@id":"https:\/\/futbolhoy.co\/#website"},"primaryImageOfPage":{"@id":"https:\/\/futbolhoy.co\/index.php\/2025\/07\/08\/oficial-programacion-de-las-ultimas-fechas-de-eliminatorias-al-mundial\/#primaryimage"},"image":{"@id":"https:\/\/futbolhoy.co\/index.php\/2025\/07\/08\/oficial-programacion-de-las-ultimas-fechas-de-eliminatorias-al-mundial\/#primaryimage"},"thumbnailUrl":"https:\/\/futbolhoy.co\/wp-content\/uploads\/2025\/06\/IMG_4922.png","datePublished":"2025-07-08T15:32:49+00:00","dateModified":"2025-07-09T18:27:22+00:00","breadcrumb":{"@id":"https:\/\/futbolhoy.co\/index.php\/2025\/07\/08\/oficial-programacion-de-las-ultimas-fechas-de-eliminatorias-al-mundial\/#breadcrumb"},"inLanguage":"es","potentialAction":[{"@type":"ReadAction","target":["https:\/\/futbolhoy.co\/index.php\/2025\/07\/08\/oficial-programacion-de-las-ultimas-fechas-de-eliminatorias-al-mundial\/"]}]},{"@type":"ImageObject","inLanguage":"es","@id":"https:\/\/futbolhoy.co\/index.php\/2025\/07\/08\/oficial-programacion-de-las-ultimas-fechas-de-eliminatorias-al-mundial\/#primaryimage","url":"https:\/\/futbolhoy.co\/wp-content\/uploads\/2025\/06\/IMG_4922.png","contentUrl":"https:\/\/futbolhoy.co\/wp-content\/uploads\/2025\/06\/IMG_4922.png","width":640,"height":360},{"@type":"BreadcrumbList","@id":"https:\/\/futbolhoy.co\/index.php\/2025\/07\/08\/oficial-programacion-de-las-ultimas-fechas-de-eliminatorias-al-mundial\/#breadcrumb","itemListElement":[{"@type":"ListItem","position":1,"name":"Portada","item":"https:\/\/futbolhoy.co\/"},{"@type":"ListItem","position":2,"name":"Oficial: programaci\u00f3n de las \u00faltimas fechas de Eliminatorias al Mundial"}]},{"@type":"WebSite","@id":"https:\/\/futbolhoy.co\/#website","url":"https:\/\/futbolhoy.co\/","name":"FutbolHoy","description":"","publisher":{"@id":"https:\/\/futbolhoy.co\/#organization"},"potentialAction":[{"@type":"SearchAction","target":{"@type":"EntryPoint","urlTemplate":"https:\/\/futbolhoy.co\/?s={search_term_string}"},"query-input":{"@type":"PropertyValueSpecification","valueRequired":true,"valueName":"search_term_string"}}],"inLanguage":"es"},{"@type":"Organization","@id":"https:\/\/futbolhoy.co\/#organization","name":"Futbolhoy.co","url":"https:\/\/futbolhoy.co\/","logo":{"@type":"ImageObject","inLanguage":"es","@id":"https:\/\/futbolhoy.co\/#\/schema\/logo\/image\/","url":"https:\/\/futbolhoy.co\/wp-content\/uploads\/2018\/08\/17426380_1906371736249227_6326180412931521141_n.jpg","contentUrl":"https:\/\/futbolhoy.co\/wp-content\/uploads\/2018\/08\/17426380_1906371736249227_6326180412931521141_n.jpg","width":960,"height":960,"caption":"Futbolhoy.co"},"image":{"@id":"https:\/\/futbolhoy.co\/#\/schema\/logo\/image\/"},"sameAs":["https:\/\/www.facebook.com\/FutbolHoyCol\/","https:\/\/x.com\/FutbolHoyCol","https:\/\/www.instagram.com\/futbolhoycol\/"]},{"@type":"Person","@id":"https:\/\/futbolhoy.co\/#\/schema\/person\/1721b69355b6623eaff15ac7b92d4cc3","name":"contenido","image":{"@type":"ImageObject","inLanguage":"es","@id":"https:\/\/futbolhoy.co\/#\/schema\/person\/image\/","url":"https:\/\/secure.gravatar.com\/avatar\/4f656d3256f5134f466206e7c3941518?s=96&d=mm&r=g","contentUrl":"https:\/\/secure.gravatar.com\/avatar\/4f656d3256f5134f466206e7c3941518?s=96&d=mm&r=g","caption":"contenido"}}]}},"publishpress_future_action":{"enabled":false,"date":"2026-05-03 10:40:29","action":"change-status","newStatus":"draft","terms":[],"taxonomy":"category","extraData":[]},"publishpress_future_workflow_manual_trigger":{"enabledWorkflows":[]},"_links":{"self":[{"href":"https:\/\/futbolhoy.co\/index.php\/wp-json\/wp\/v2\/posts\/120882","targetHints":{"allow":["GET"]}}],"collection":[{"href":"https:\/\/futbolhoy.co\/index.php\/wp-json\/wp\/v2\/posts"}],"about":[{"href":"https:\/\/futbolhoy.co\/index.php\/wp-json\/wp\/v2\/types\/post"}],"author":[{"embeddable":true,"href":"https:\/\/futbolhoy.co\/index.php\/wp-json\/wp\/v2\/users\/4"}],"replies":[{"embeddable":true,"href":"https:\/\/futbolhoy.co\/index.php\/wp-json\/wp\/v2\/comments?post=120882"}],"version-history":[{"count":1,"href":"https:\/\/futbolhoy.co\/index.php\/wp-json\/wp\/v2\/posts\/120882\/revisions"}],"predecessor-version":[{"id":120885,"href":"https:\/\/futbolhoy.co\/index.php\/wp-json\/wp\/v2\/posts\/120882\/revisions\/120885"}],"wp:featuredmedia":[{"embeddable":true,"href":"https:\/\/futbolhoy.co\/index.php\/wp-json\/wp\/v2\/media\/120268"}],"wp:attachment":[{"href":"https:\/\/futbolhoy.co\/index.php\/wp-json\/wp\/v2\/media?parent=120882"}],"wp:term":[{"taxonomy":"category","embeddable":true,"href":"https:\/\/futbolhoy.co\/index.php\/wp-json\/wp\/v2\/categories?post=120882"},{"taxonomy":"post_tag","embeddable":true,"href":"https:\/\/futbolhoy.co\/index.php\/wp-json\/wp\/v2\/tags?post=120882"}],"curies":[{"name":"wp","href":"https:\/\/api.w.org\/{rel}","templated":true}]}}