{"id":120951,"date":"2025-07-11T19:09:30","date_gmt":"2025-07-12T00:09:30","guid":{"rendered":"https:\/\/futbolhoy.co\/?p=120951"},"modified":"2025-07-12T14:16:25","modified_gmt":"2025-07-12T19:16:25","slug":"liverpool-retira-el-dorsal-20-de-siogo-jota","status":"publish","type":"post","link":"https:\/\/futbolhoy.co\/index.php\/2025\/07\/11\/liverpool-retira-el-dorsal-20-de-siogo-jota\/","title":{"rendered":"Liverpool retira el dorsal  \u201820\u2019 de Diogo Jota"},"content":{"rendered":"<p style=\"text-align: justify;\"><span style=\"font-family: helvetica, arial, sans-serif;\">El <strong>Liverpool<\/strong> retira el dorsal &#8217;20&#8217; en honor al portugu\u00e9s <strong>Diogo Jota,<\/strong> fallecido la semana pasada en un accidente de tr\u00e1fico.<\/span><\/p>\n<p style=\"text-align: justify;\"><span style=\"font-family: helvetica, arial, sans-serif;\">Es la primera vez que los &#8216;Reds&#8217; retiran un n\u00famero y una de las pocas veces que ha ocurrido en la historia de la <strong>Premier.<\/strong> <\/span><\/p>\n<p style=\"text-align: justify;\"><span style=\"font-family: helvetica, arial, sans-serif;\">\u00abDespu\u00e9s de consultarlo con su esposa y con su familia, el Liverpool puede anunciar que su n\u00famero ser\u00e1 retirado en todos los niveles, incluyendo el equipo femenino y la cantera\u00bb, dijo el Liverpool en un comunicado.<\/span><\/p>\n<p style=\"text-align: justify;\"><span style=\"font-family: helvetica, arial, sans-serif;\">El primer futbolista en la Premier que tuvo su dorsal retirado fue Bobby Moore, leyenda del West Ham, cuyo n\u00famero 6 fue retirado en 2008, y, poco despu\u00e9s, el 38 de <strong>Dylan Tombides<\/strong> tambi\u00e9n fue honrado al &#8216;jubilarlo&#8217; el club londinense.<\/span><\/p>\n<p style=\"text-align: justify;\"><span style=\"font-family: helvetica, arial, sans-serif;\">En una situaci\u00f3n similar a la de Jota, el <strong>Manchester City<\/strong> honr\u00f3 el n\u00famero 23 que portaba<strong> Marc-Vivien Fo\u00e9 (1975-2003<\/strong>), que perdi\u00f3 la vida tr\u00e1gicamente en 2003 durante un partido de la <strong>Copa Confederaci\u00f3n<\/strong> que enfrentaba a su selecci\u00f3n, <strong>Camer\u00fan,<\/strong> con <strong>Colombia.<\/strong><\/span><\/p>\n","protected":false},"excerpt":{"rendered":"<p>El Liverpool retira el dorsal &#8217;20&#8217; en honor al portugu\u00e9s Diogo Jota, fallecido la semana pasada en un accidente de tr\u00e1fico. Es la primera vez que los &#8216;Reds&#8217; retiran un n\u00famero y una de las pocas veces que ha ocurrido en la historia de la Premier. \u00abDespu\u00e9s de consultarlo con su esposa y con su [&hellip;]<\/p>\n","protected":false},"author":4,"featured_media":120952,"comment_status":"open","ping_status":"closed","sticky":false,"template":"","format":"standard","meta":{"_acf_changed":false,"footnotes":""},"categories":[152],"tags":[],"class_list":{"0":"post-120951","1":"post","2":"type-post","3":"status-publish","4":"format-standard","5":"has-post-thumbnail","7":"category-mundo-futbol"},"acf":[],"_links":{"self":[{"href":"https:\/\/futbolhoy.co\/index.php\/wp-json\/wp\/v2\/posts\/120951","targetHints":{"allow":["GET"]}}],"collection":[{"href":"https:\/\/futbolhoy.co\/index.php\/wp-json\/wp\/v2\/posts"}],"about":[{"href":"https:\/\/futbolhoy.co\/index.php\/wp-json\/wp\/v2\/types\/post"}],"author":[{"embeddable":true,"href":"https:\/\/futbolhoy.co\/index.php\/wp-json\/wp\/v2\/users\/4"}],"replies":[{"embeddable":true,"href":"https:\/\/futbolhoy.co\/index.php\/wp-json\/wp\/v2\/comments?post=120951"}],"version-history":[{"count":2,"href":"https:\/\/futbolhoy.co\/index.php\/wp-json\/wp\/v2\/posts\/120951\/revisions"}],"predecessor-version":[{"id":120955,"href":"https:\/\/futbolhoy.co\/index.php\/wp-json\/wp\/v2\/posts\/120951\/revisions\/120955"}],"wp:featuredmedia":[{"embeddable":true,"href":"https:\/\/futbolhoy.co\/index.php\/wp-json\/wp\/v2\/media\/120952"}],"wp:attachment":[{"href":"https:\/\/futbolhoy.co\/index.php\/wp-json\/wp\/v2\/media?parent=120951"}],"wp:term":[{"taxonomy":"category","embeddable":true,"href":"https:\/\/futbolhoy.co\/index.php\/wp-json\/wp\/v2\/categories?post=120951"},{"taxonomy":"post_tag","embeddable":true,"href":"https:\/\/futbolhoy.co\/index.php\/wp-json\/wp\/v2\/tags?post=120951"}],"curies":[{"name":"wp","href":"https:\/\/api.w.org\/{rel}","templated":true}]}}