{"id":120971,"date":"2025-07-12T14:35:05","date_gmt":"2025-07-12T19:35:05","guid":{"rendered":"https:\/\/futbolhoy.co\/?p=120971"},"modified":"2025-07-13T07:07:58","modified_gmt":"2025-07-13T12:07:58","slug":"angelo-marsiglia-optimista-de-cara-a-la-copa-america","status":"publish","type":"post","link":"https:\/\/futbolhoy.co\/index.php\/2025\/07\/12\/angelo-marsiglia-optimista-de-cara-a-la-copa-america\/","title":{"rendered":"Angelo Marsiglia, optimista de cara a la Copa Am\u00e9rica"},"content":{"rendered":"<p style=\"text-align: justify;\"><span style=\"font-family: helvetica, arial, sans-serif;\">El t\u00e9cnico de la <strong>Selecci\u00f3n Colombia Femenina, Angelo Marsiglia,<\/strong> habl\u00f3 en rueda de prensa previo al viaje de la Tricolor a <strong>Ecuador<\/strong> para encarar la <strong>Copa Am\u00e9rica<\/strong>. En ella, destac\u00f3 el objetivo de llegar a la final, as\u00ed como cont\u00f3 detalles de la lesi\u00f3n de <strong>Natalia Giraldo,<\/strong> quien fue reemplazada por <strong>Luisa Agudelo.<\/strong><\/span><\/p>\n<p style=\"text-align: justify;\"><span style=\"font-family: helvetica, arial, sans-serif;\">\u201cEsto es f\u00fatbol y el primer partido ser\u00e1 fundamental, el equipo viene mentalizado en competir y sacar el primer partido adelante\u2026 Convenci\u00e9ndonos de eso, vamos a superar los obst\u00e1culos y dios mediante el 2 de agosto estemos disputando la final\u201d, dijo.<\/span><\/p>\n<p style=\"text-align: justify;\"><span style=\"font-family: helvetica, arial, sans-serif;\">\u201cEs triste lo que pas\u00f3. La jugada fue una finalizaci\u00f3n, en su af\u00e1n se le queda el dedo en el c\u00e9sped y se da ah\u00ed la fractura. Luisa viene en proyecci\u00f3n, es importante lo que ha hecho no solo en la absoluta, sino en la 17 y la 20. Es una posici\u00f3n que requiere madurez y por eso la hab\u00edamos esperado un poco\u201d, agreg\u00f3 sobre la lesi\u00f3n de la arquera.<\/span><\/p>\n<p style=\"text-align: justify;\"><span style=\"font-family: helvetica, arial, sans-serif;\"><strong>Colombia<\/strong> descans\u00f3 en su primera fecha, pero se estrenar\u00e1 el mi\u00e9rcoles 16 de julio ante <strong>Venezuela.<\/strong><\/span><\/p>\n","protected":false},"excerpt":{"rendered":"<p>El t\u00e9cnico de la Selecci\u00f3n Colombia Femenina, Angelo Marsiglia, habl\u00f3 en rueda de prensa previo al viaje de la Tricolor a Ecuador para encarar la Copa Am\u00e9rica. En ella, destac\u00f3 el objetivo de llegar a la final, as\u00ed como cont\u00f3 detalles de la lesi\u00f3n de Natalia Giraldo, quien fue reemplazada por Luisa Agudelo. \u201cEsto es [&hellip;]<\/p>\n","protected":false},"author":4,"featured_media":120972,"comment_status":"open","ping_status":"closed","sticky":false,"template":"","format":"standard","meta":{"_acf_changed":false,"footnotes":""},"categories":[418],"tags":[],"class_list":{"0":"post-120971","1":"post","2":"type-post","3":"status-publish","4":"format-standard","5":"has-post-thumbnail","7":"category-colombia"},"acf":[],"_links":{"self":[{"href":"https:\/\/futbolhoy.co\/index.php\/wp-json\/wp\/v2\/posts\/120971","targetHints":{"allow":["GET"]}}],"collection":[{"href":"https:\/\/futbolhoy.co\/index.php\/wp-json\/wp\/v2\/posts"}],"about":[{"href":"https:\/\/futbolhoy.co\/index.php\/wp-json\/wp\/v2\/types\/post"}],"author":[{"embeddable":true,"href":"https:\/\/futbolhoy.co\/index.php\/wp-json\/wp\/v2\/users\/4"}],"replies":[{"embeddable":true,"href":"https:\/\/futbolhoy.co\/index.php\/wp-json\/wp\/v2\/comments?post=120971"}],"version-history":[{"count":1,"href":"https:\/\/futbolhoy.co\/index.php\/wp-json\/wp\/v2\/posts\/120971\/revisions"}],"predecessor-version":[{"id":120973,"href":"https:\/\/futbolhoy.co\/index.php\/wp-json\/wp\/v2\/posts\/120971\/revisions\/120973"}],"wp:featuredmedia":[{"embeddable":true,"href":"https:\/\/futbolhoy.co\/index.php\/wp-json\/wp\/v2\/media\/120972"}],"wp:attachment":[{"href":"https:\/\/futbolhoy.co\/index.php\/wp-json\/wp\/v2\/media?parent=120971"}],"wp:term":[{"taxonomy":"category","embeddable":true,"href":"https:\/\/futbolhoy.co\/index.php\/wp-json\/wp\/v2\/categories?post=120971"},{"taxonomy":"post_tag","embeddable":true,"href":"https:\/\/futbolhoy.co\/index.php\/wp-json\/wp\/v2\/tags?post=120971"}],"curies":[{"name":"wp","href":"https:\/\/api.w.org\/{rel}","templated":true}]}}