{"id":121063,"date":"2025-07-17T10:24:25","date_gmt":"2025-07-17T15:24:25","guid":{"rendered":"https:\/\/futbolhoy.co\/?p=121063"},"modified":"2025-07-17T21:56:18","modified_gmt":"2025-07-18T02:56:18","slug":"duvan-zapata-regresa-progresivamente-a-entrenamientos-con-torino","status":"publish","type":"post","link":"https:\/\/futbolhoy.co\/index.php\/2025\/07\/17\/duvan-zapata-regresa-progresivamente-a-entrenamientos-con-torino\/","title":{"rendered":"Duv\u00e1n Zapata regresa progresivamente a entrenamientos con Torino"},"content":{"rendered":"<p style=\"text-align: justify;\"><span style=\"font-family: helvetica, arial, sans-serif;\"><strong>Duv\u00e1n Zapata<\/strong> est\u00e1 de regreso luego de sufrir una lesi\u00f3n de ligamento cruzado y menisco de la rodilla izquierda, el pasado 5 de octubre en un juego ante <strong>Inter de Mil\u00e1n.<\/strong><\/span><\/p>\n<p style=\"text-align: justify;\"><span style=\"font-family: helvetica, arial, sans-serif;\">El futbolista vallecaucano fue operado diez d\u00edas despu\u00e9s y entr\u00f3 en una fase recuperaci\u00f3n larga. Sin embargo, ya se ha podido sumar a ejercicios con el resto del plantel.<\/span><\/p>\n<p style=\"text-align: justify;\"><span style=\"font-family: helvetica, arial, sans-serif;\">\u201cMediahora con el grupo, el torino disfruta de su regreso. El colombiano particip\u00f3 por primera vez en ejercicios t\u00e1cticos antes de dedicarse a ejercicios personalizados: la recuperaci\u00f3n avanza bien\u201d, inform\u00f3 la <em>Gazzetta dello Sport.<\/em><\/span><\/p>\n<p style=\"text-align: justify;\"><span style=\"font-family: helvetica, arial, sans-serif;\">Si bien no se trata de un regreso definitivo, en <strong>Torino<\/strong> celebran los primeros grandes avances del delantero de 34 a\u00f1os que tiene contrato hasta junio de 2027 con el club.<\/span><\/p>\n<p style=\"text-align: justify;\"><span style=\"font-family: helvetica, arial, sans-serif;\">Se espera que Zapata pueda hacer parte de algunos partidos de pretemporada. El estreno oficial ser\u00e1 por Copa de Italia ante el <strong>Modena<\/strong> el 18 de agosto, mientras que por <strong>Serie A<\/strong> debutar\u00e1 el lunes 25 de agosto ante<strong> Inter de Mil\u00e1n.<\/strong><\/span><\/p>\n","protected":false},"excerpt":{"rendered":"<p>Duv\u00e1n Zapata est\u00e1 de regreso luego de sufrir una lesi\u00f3n de ligamento cruzado y menisco de la rodilla izquierda, el pasado 5 de octubre en un juego ante Inter de Mil\u00e1n. El futbolista vallecaucano fue operado diez d\u00edas despu\u00e9s y entr\u00f3 en una fase recuperaci\u00f3n larga. Sin embargo, ya se ha podido sumar a ejercicios [&hellip;]<\/p>\n","protected":false},"author":4,"featured_media":121064,"comment_status":"open","ping_status":"closed","sticky":false,"template":"","format":"standard","meta":{"_acf_changed":false,"footnotes":""},"categories":[152],"tags":[],"class_list":{"0":"post-121063","1":"post","2":"type-post","3":"status-publish","4":"format-standard","5":"has-post-thumbnail","7":"category-mundo-futbol"},"acf":[],"_links":{"self":[{"href":"https:\/\/futbolhoy.co\/index.php\/wp-json\/wp\/v2\/posts\/121063","targetHints":{"allow":["GET"]}}],"collection":[{"href":"https:\/\/futbolhoy.co\/index.php\/wp-json\/wp\/v2\/posts"}],"about":[{"href":"https:\/\/futbolhoy.co\/index.php\/wp-json\/wp\/v2\/types\/post"}],"author":[{"embeddable":true,"href":"https:\/\/futbolhoy.co\/index.php\/wp-json\/wp\/v2\/users\/4"}],"replies":[{"embeddable":true,"href":"https:\/\/futbolhoy.co\/index.php\/wp-json\/wp\/v2\/comments?post=121063"}],"version-history":[{"count":1,"href":"https:\/\/futbolhoy.co\/index.php\/wp-json\/wp\/v2\/posts\/121063\/revisions"}],"predecessor-version":[{"id":121065,"href":"https:\/\/futbolhoy.co\/index.php\/wp-json\/wp\/v2\/posts\/121063\/revisions\/121065"}],"wp:featuredmedia":[{"embeddable":true,"href":"https:\/\/futbolhoy.co\/index.php\/wp-json\/wp\/v2\/media\/121064"}],"wp:attachment":[{"href":"https:\/\/futbolhoy.co\/index.php\/wp-json\/wp\/v2\/media?parent=121063"}],"wp:term":[{"taxonomy":"category","embeddable":true,"href":"https:\/\/futbolhoy.co\/index.php\/wp-json\/wp\/v2\/categories?post=121063"},{"taxonomy":"post_tag","embeddable":true,"href":"https:\/\/futbolhoy.co\/index.php\/wp-json\/wp\/v2\/tags?post=121063"}],"curies":[{"name":"wp","href":"https:\/\/api.w.org\/{rel}","templated":true}]}}