{"id":121067,"date":"2025-07-17T17:12:00","date_gmt":"2025-07-17T22:12:00","guid":{"rendered":"https:\/\/futbolhoy.co\/?p=121067"},"modified":"2025-07-18T17:00:34","modified_gmt":"2025-07-18T22:00:34","slug":"alvaro-montero-no-va-mas-en-millonarios-velez-lo-anuncio","status":"publish","type":"post","link":"https:\/\/futbolhoy.co\/index.php\/2025\/07\/17\/alvaro-montero-no-va-mas-en-millonarios-velez-lo-anuncio\/","title":{"rendered":"\u00c1lvaro Montero no va m\u00e1s en Millonarios: V\u00e9lez lo anunci\u00f3"},"content":{"rendered":"<p style=\"text-align: justify;\"><span style=\"font-weight: 400; font-family: helvetica, arial, sans-serif;\"><strong>Millonarios se comenz\u00f3 a quedar sin figuras<\/strong> desde el final del semestre pasado y ahora, con el campeonato reci\u00e9n iniciado, el portero insignia dice adi\u00f3s: \u00c1lvaro Montero no es m\u00e1s embajador y ahora se viste con los guantes de V\u00e9lez Sarsfield.<\/span><\/p>\n<p style=\"text-align: justify;\"><span style=\"font-weight: 400; font-family: helvetica, arial, sans-serif;\">Lo que era pr\u00e1cticamente <strong>un hecho se termin\u00f3 oficializando este jueves<\/strong>, con un emotivo adi\u00f3s que Millonarios le hizo al portero campe\u00f3n con el cuadro albiazul.<\/span><\/p>\n<p style=\"text-align: justify;\"><span style=\"font-weight: 400; font-family: helvetica, arial, sans-serif;\">\u201c\u00a1La Magia Azul siempre estar\u00e1 activa! Gracias por todas las atajadas, las arengas, la seguridad, los t\u00edtulos\u2026 Dejaste huella en nuestra historia y en cada integrante de la Familia Azul. <strong>\u00c1lvaro Montero ir\u00e1 en condici\u00f3n de pr\u00e9stamo<\/strong> con opci\u00f3n de compra a V\u00e9lez de Argentina\u201d, inform\u00f3 el equipo azul en sus redes sociales.<\/span><\/p>\n<blockquote class=\"twitter-tweet\">\n<p dir=\"ltr\" lang=\"es\">La Magia Azul siempre estar\u00e1 activa! \ud83d\udc49\ud83c\udf00\u2728<\/p>\n<p>\ud83d\ude4c\ud83d\udc99 Gracias por todas las atajadas, las arenga, la seguridad, los t\u00edtulos\u2026 Dejaste huella en nuestra historia y en cada integrante de la Familia Azul.<\/p>\n<p>\u2708\ufe0f\ud83c\udde6\ud83c\uddf7 \u00c1lvaro Montero ir\u00e1 en condici\u00f3n de pr\u00e9stamo con opci\u00f3n de compra a <a href=\"https:\/\/twitter.com\/Velez?ref_src=twsrc%5Etfw\">@Velez<\/a> de\u2026 <a href=\"https:\/\/t.co\/dq0lEUhhXh\">pic.twitter.com\/dq0lEUhhXh<\/a><\/p>\n<p>\u2014 Millonarios FC (@MillosFCoficial) <a href=\"https:\/\/twitter.com\/MillosFCoficial\/status\/1945940718054461742?ref_src=twsrc%5Etfw\">July 17, 2025<\/a><\/p><\/blockquote>\n<p><script async src=\"https:\/\/platform.twitter.com\/widgets.js\" charset=\"utf-8\"><\/script><\/p>\n<p style=\"text-align: justify;\"><span style=\"font-weight: 400; font-family: helvetica, arial, sans-serif;\"><strong>\u00c1lvaro Montero consigui\u00f3 tres t\u00edtulos en su paso por Millonarios:<\/strong> Copa Colombia 2022, Torneo Apertura 2023 y Superliga 2024, siendo adem\u00e1s uno de los jugadores que m\u00e1s cari\u00f1o se gan\u00f3 en los \u00faltimos a\u00f1os por parte de la afici\u00f3n embajadora.\u00a0<\/span><\/p>\n<p style=\"text-align: justify;\"><strong><span style=\"font-family: helvetica, arial, sans-serif;\">Millonarios no pierde tiempo<\/span><\/strong><\/p>\n<p style=\"text-align: justify;\"><span style=\"font-weight: 400; font-family: helvetica, arial, sans-serif;\">A rey muerto, rey puesto. El cuadro bogotano no perdi\u00f3 el tiempo y minutos despu\u00e9s de confirmar la salida de Montero anunci\u00f3 la llegada de su reemplazo, con la contrataci\u00f3n del <strong>uruguayo Guillermo de Amores.<\/strong><\/span><\/p>\n<p style=\"text-align: justify;\"><span style=\"font-weight: 400; font-family: helvetica, arial, sans-serif;\"><strong>El guardameta llega proveniente de Pe\u00f1arol,<\/strong> aunque en este 2025 apenas ha disputado 10 partidos. De Amores, adem\u00e1s, ya conoce el f\u00fatbol colombiano, pues tuvo un paso en el Deportivo Cali entre 2021 y 2022.<\/span><\/p>\n<blockquote class=\"twitter-tweet\">\n<p dir=\"ltr\" lang=\"es\">\ud83e\udde4 Reflejos, seguridad y experiencia en el arco \ud83d\udd35\u24c2<\/p>\n<p>\u25b6\ufe0f M\u00e1s detalles de Guillermo De Amores en <a href=\"https:\/\/t.co\/MU2zVQAIqv\">https:\/\/t.co\/MU2zVQAIqv<\/a> <a href=\"https:\/\/t.co\/fKZV0PDIJE\">pic.twitter.com\/fKZV0PDIJE<\/a><\/p>\n<p>\u2014 Millonarios FC (@MillosFCoficial) <a href=\"https:\/\/twitter.com\/MillosFCoficial\/status\/1945945011062820950?ref_src=twsrc%5Etfw\">July 17, 2025<\/a><\/p><\/blockquote>\n<p><script async src=\"https:\/\/platform.twitter.com\/widgets.js\" charset=\"utf-8\"><\/script><\/p>\n","protected":false},"excerpt":{"rendered":"<p>Millonarios se comenz\u00f3 a quedar sin figuras desde el final del semestre pasado y ahora, con el campeonato reci\u00e9n iniciado, el portero insignia dice adi\u00f3s: \u00c1lvaro Montero no es m\u00e1s embajador y ahora se viste con los guantes de V\u00e9lez Sarsfield. Lo que era pr\u00e1cticamente un hecho se termin\u00f3 oficializando este jueves, con un emotivo [&hellip;]<\/p>\n","protected":false},"author":4,"featured_media":121069,"comment_status":"open","ping_status":"closed","sticky":false,"template":"","format":"standard","meta":{"_acf_changed":false,"footnotes":""},"categories":[7],"tags":[],"class_list":{"0":"post-121067","1":"post","2":"type-post","3":"status-publish","4":"format-standard","5":"has-post-thumbnail","7":"category-liga-betplay"},"acf":[],"_links":{"self":[{"href":"https:\/\/futbolhoy.co\/index.php\/wp-json\/wp\/v2\/posts\/121067","targetHints":{"allow":["GET"]}}],"collection":[{"href":"https:\/\/futbolhoy.co\/index.php\/wp-json\/wp\/v2\/posts"}],"about":[{"href":"https:\/\/futbolhoy.co\/index.php\/wp-json\/wp\/v2\/types\/post"}],"author":[{"embeddable":true,"href":"https:\/\/futbolhoy.co\/index.php\/wp-json\/wp\/v2\/users\/4"}],"replies":[{"embeddable":true,"href":"https:\/\/futbolhoy.co\/index.php\/wp-json\/wp\/v2\/comments?post=121067"}],"version-history":[{"count":3,"href":"https:\/\/futbolhoy.co\/index.php\/wp-json\/wp\/v2\/posts\/121067\/revisions"}],"predecessor-version":[{"id":121096,"href":"https:\/\/futbolhoy.co\/index.php\/wp-json\/wp\/v2\/posts\/121067\/revisions\/121096"}],"wp:featuredmedia":[{"embeddable":true,"href":"https:\/\/futbolhoy.co\/index.php\/wp-json\/wp\/v2\/media\/121069"}],"wp:attachment":[{"href":"https:\/\/futbolhoy.co\/index.php\/wp-json\/wp\/v2\/media?parent=121067"}],"wp:term":[{"taxonomy":"category","embeddable":true,"href":"https:\/\/futbolhoy.co\/index.php\/wp-json\/wp\/v2\/categories?post=121067"},{"taxonomy":"post_tag","embeddable":true,"href":"https:\/\/futbolhoy.co\/index.php\/wp-json\/wp\/v2\/tags?post=121067"}],"curies":[{"name":"wp","href":"https:\/\/api.w.org\/{rel}","templated":true}]}}