{"id":121077,"date":"2025-07-17T18:01:56","date_gmt":"2025-07-17T23:01:56","guid":{"rendered":"https:\/\/futbolhoy.co\/?p=121077"},"modified":"2025-07-19T11:39:22","modified_gmt":"2025-07-19T16:39:22","slug":"es-oficial-river-plate-anuncio-el-regreso-de-juan-fernando-quintero","status":"publish","type":"post","link":"https:\/\/futbolhoy.co\/index.php\/2025\/07\/17\/es-oficial-river-plate-anuncio-el-regreso-de-juan-fernando-quintero\/","title":{"rendered":"Es oficial: River Plate anunci\u00f3 el regreso de Juan Fernando Quintero"},"content":{"rendered":"<p style=\"text-align: justify;\"><span style=\"font-weight: 400; font-family: helvetica, arial, sans-serif;\">Despu\u00e9s de varios d\u00edas de rumores, <strong>River Plate hizo oficial el regreso de Juan Fernando Quintero,<\/strong> tras su paso por Am\u00e9rica de Cali y pol\u00e9mica salida reciente.<\/span><\/p>\n<p style=\"text-align: justify;\"><span style=\"font-weight: 400; font-family: helvetica, arial, sans-serif;\">\u201c\u00a1Bienvenido a tu casa, Juanfer! Por m\u00e1s gloria con nuestros colores\u201d, escribi\u00f3 el Millonario en sus redes sociales.<\/span><\/p>\n<p style=\"text-align: justify;\"><span style=\"font-weight: 400; font-family: helvetica, arial, sans-serif;\"><strong>Este ser\u00e1 el tercer periodo del volante en River Plate,<\/strong> donde hace parte de la historia del club, sobre todo por la ic\u00f3nica final de Copa Libertadores frente a Boca Juniors, en la que el colombiano anot\u00f3 uno de los goles del triunfo.\u00a0<\/span><\/p>\n<p style=\"text-align: justify;\"><span style=\"font-weight: 400; font-family: helvetica, arial, sans-serif;\">Tras su \u00faltima salida del equipo de N\u00fa\u00f1ez, <strong>Juanfer Quintero se visti\u00f3 con las camisetas del Junior<\/strong> de Barranquilla, Racing de Avellaneda y Am\u00e9rica de Cali, a\u00f1os en los que consigui\u00f3 solamente un t\u00edtulo: la Copa Sudamericana con el club argentino.<\/span><\/p>\n<p style=\"text-align: justify;\"><span style=\"font-weight: 400; font-family: helvetica, arial, sans-serif;\">Marcelo Gallardo no ha dudado en recordar la gran relaci\u00f3n que ha tenido con Juanfer Quintero, lo que adelantaba que su llegada era inminente. <strong>Ahora Juanfer ser\u00e1, nuevamente, el 10 de River. <\/strong><\/span><\/p>\n<blockquote class=\"twitter-tweet\">\n<p dir=\"ltr\" lang=\"es\">Estaba escrito \ud83d\udd2e <a href=\"https:\/\/t.co\/S5v4a2fhuO\">pic.twitter.com\/S5v4a2fhuO<\/a><\/p>\n<p>\u2014 River Plate (@RiverPlate) <a href=\"https:\/\/twitter.com\/RiverPlate\/status\/1945973858474869200?ref_src=twsrc%5Etfw\">July 17, 2025<\/a><\/p><\/blockquote>\n<p><script async src=\"https:\/\/platform.twitter.com\/widgets.js\" charset=\"utf-8\"><\/script><\/p>\n<blockquote class=\"twitter-tweet\">\n<p dir=\"ltr\" lang=\"es\">Juan Fernando Quintero, por m\u00e1s gloria con nuestros colores \ud83e\udd0d\u2764\ufe0f\ud83e\udd0d <a href=\"https:\/\/t.co\/n1IIZ05aq0\">pic.twitter.com\/n1IIZ05aq0<\/a><\/p>\n<p>\u2014 River Plate (@RiverPlate) <a href=\"https:\/\/twitter.com\/RiverPlate\/status\/1945977570995933395?ref_src=twsrc%5Etfw\">July 17, 2025<\/a><\/p><\/blockquote>\n<p><script async src=\"https:\/\/platform.twitter.com\/widgets.js\" charset=\"utf-8\"><\/script><\/p>\n","protected":false},"excerpt":{"rendered":"<p>Despu\u00e9s de varios d\u00edas de rumores, River Plate hizo oficial el regreso de Juan Fernando Quintero, tras su paso por Am\u00e9rica de Cali y pol\u00e9mica salida reciente. \u201c\u00a1Bienvenido a tu casa, Juanfer! Por m\u00e1s gloria con nuestros colores\u201d, escribi\u00f3 el Millonario en sus redes sociales. Este ser\u00e1 el tercer periodo del volante en River Plate, [&hellip;]<\/p>\n","protected":false},"author":4,"featured_media":121078,"comment_status":"open","ping_status":"closed","sticky":false,"template":"","format":"standard","meta":{"_acf_changed":false,"footnotes":""},"categories":[418],"tags":[],"class_list":{"0":"post-121077","1":"post","2":"type-post","3":"status-publish","4":"format-standard","5":"has-post-thumbnail","7":"category-colombia"},"acf":[],"_links":{"self":[{"href":"https:\/\/futbolhoy.co\/index.php\/wp-json\/wp\/v2\/posts\/121077","targetHints":{"allow":["GET"]}}],"collection":[{"href":"https:\/\/futbolhoy.co\/index.php\/wp-json\/wp\/v2\/posts"}],"about":[{"href":"https:\/\/futbolhoy.co\/index.php\/wp-json\/wp\/v2\/types\/post"}],"author":[{"embeddable":true,"href":"https:\/\/futbolhoy.co\/index.php\/wp-json\/wp\/v2\/users\/4"}],"replies":[{"embeddable":true,"href":"https:\/\/futbolhoy.co\/index.php\/wp-json\/wp\/v2\/comments?post=121077"}],"version-history":[{"count":3,"href":"https:\/\/futbolhoy.co\/index.php\/wp-json\/wp\/v2\/posts\/121077\/revisions"}],"predecessor-version":[{"id":121081,"href":"https:\/\/futbolhoy.co\/index.php\/wp-json\/wp\/v2\/posts\/121077\/revisions\/121081"}],"wp:featuredmedia":[{"embeddable":true,"href":"https:\/\/futbolhoy.co\/index.php\/wp-json\/wp\/v2\/media\/121078"}],"wp:attachment":[{"href":"https:\/\/futbolhoy.co\/index.php\/wp-json\/wp\/v2\/media?parent=121077"}],"wp:term":[{"taxonomy":"category","embeddable":true,"href":"https:\/\/futbolhoy.co\/index.php\/wp-json\/wp\/v2\/categories?post=121077"},{"taxonomy":"post_tag","embeddable":true,"href":"https:\/\/futbolhoy.co\/index.php\/wp-json\/wp\/v2\/tags?post=121077"}],"curies":[{"name":"wp","href":"https:\/\/api.w.org\/{rel}","templated":true}]}}