{"id":121083,"date":"2025-07-17T21:53:54","date_gmt":"2025-07-18T02:53:54","guid":{"rendered":"https:\/\/futbolhoy.co\/?p=121083"},"modified":"2025-07-19T16:50:40","modified_gmt":"2025-07-19T21:50:40","slug":"bucaramanga-no-pudo-con-mineiro-todo-se-define-en-brasil","status":"publish","type":"post","link":"https:\/\/futbolhoy.co\/index.php\/2025\/07\/17\/bucaramanga-no-pudo-con-mineiro-todo-se-define-en-brasil\/","title":{"rendered":"Bucaramanga no pudo con Mineiro: todo se define en Brasil"},"content":{"rendered":"<p style=\"text-align: justify;\"><span style=\"font-family: helvetica, arial, sans-serif;\"><b>Atl\u00e9tico Bucaramanga<\/b> tuvo una noche para el olvido este jueves tras caer <b>0-1 en su casa frente a Atl\u00e9tico Mineiro<\/b>, en el juego de ida de los playoffs por un cupo a octavos de final de la Copa Sudamericana.\u00a0<\/span><\/p>\n<p style=\"text-align: justify;\"><span style=\"font-family: helvetica, arial, sans-serif;\">El equipo de Leonel \u00c1lvarez contuvo durante todo el primer tiempo a un insistente Mineiro <b>que lleg\u00f3 al estadio Am\u00e9rico Montanini<\/b> con el objetivo de llevarse la victoria, pero para la segunda parte los leopardos comenzaron a sufrir de m\u00e1s.\u00a0<\/span><\/p>\n<p style=\"text-align: justify;\"><span style=\"font-family: helvetica, arial, sans-serif;\">Sin embargo, <b>el duelo continu\u00f3 siendo dirigido por los locales,<\/b> hasta que lleg\u00f3 el gol de Mineiro, con un cobro de penal que encaj\u00f3 dentro de la red Hulk al minuto 68, lo que descoloc\u00f3 al Bucaramanga.\u00a0<\/span><\/p>\n<p style=\"text-align: justify;\"><span style=\"font-family: helvetica, arial, sans-serif;\">Al <b>minuto 88 lleg\u00f3 la otra mala noticia <\/b>para Bucaramanga, con la expulsi\u00f3n de Bayron Duarte por empujar a un rival, pese a que el futbolista del leopardo estaba siendo uno de los m\u00e1s destacados del compromiso.\u00a0<\/span><\/p>\n<p style=\"text-align: justify;\"><span style=\"font-family: helvetica, arial, sans-serif;\">Ahora Bucaramanga deber\u00e1 jugar a hacer historia y visitar a <b>Atl\u00e9tico Mineiro con todo en su contra, <\/b>un marcador apretado y la local\u00eda que en Brasil pesa.\u00a0<\/span><\/p>\n","protected":false},"excerpt":{"rendered":"<p>Atl\u00e9tico Bucaramanga tuvo una noche para el olvido este jueves tras caer 0-1 en su casa frente a Atl\u00e9tico Mineiro, en el juego de ida de los playoffs por un cupo a octavos de final de la Copa Sudamericana.\u00a0 El equipo de Leonel \u00c1lvarez contuvo durante todo el primer tiempo a un insistente Mineiro que [&hellip;]<\/p>\n","protected":false},"author":4,"featured_media":121085,"comment_status":"open","ping_status":"closed","sticky":false,"template":"","format":"standard","meta":{"_acf_changed":false,"footnotes":""},"categories":[7],"tags":[],"class_list":{"0":"post-121083","1":"post","2":"type-post","3":"status-publish","4":"format-standard","5":"has-post-thumbnail","7":"category-liga-betplay"},"acf":[],"_links":{"self":[{"href":"https:\/\/futbolhoy.co\/index.php\/wp-json\/wp\/v2\/posts\/121083","targetHints":{"allow":["GET"]}}],"collection":[{"href":"https:\/\/futbolhoy.co\/index.php\/wp-json\/wp\/v2\/posts"}],"about":[{"href":"https:\/\/futbolhoy.co\/index.php\/wp-json\/wp\/v2\/types\/post"}],"author":[{"embeddable":true,"href":"https:\/\/futbolhoy.co\/index.php\/wp-json\/wp\/v2\/users\/4"}],"replies":[{"embeddable":true,"href":"https:\/\/futbolhoy.co\/index.php\/wp-json\/wp\/v2\/comments?post=121083"}],"version-history":[{"count":1,"href":"https:\/\/futbolhoy.co\/index.php\/wp-json\/wp\/v2\/posts\/121083\/revisions"}],"predecessor-version":[{"id":121086,"href":"https:\/\/futbolhoy.co\/index.php\/wp-json\/wp\/v2\/posts\/121083\/revisions\/121086"}],"wp:featuredmedia":[{"embeddable":true,"href":"https:\/\/futbolhoy.co\/index.php\/wp-json\/wp\/v2\/media\/121085"}],"wp:attachment":[{"href":"https:\/\/futbolhoy.co\/index.php\/wp-json\/wp\/v2\/media?parent=121083"}],"wp:term":[{"taxonomy":"category","embeddable":true,"href":"https:\/\/futbolhoy.co\/index.php\/wp-json\/wp\/v2\/categories?post=121083"},{"taxonomy":"post_tag","embeddable":true,"href":"https:\/\/futbolhoy.co\/index.php\/wp-json\/wp\/v2\/tags?post=121083"}],"curies":[{"name":"wp","href":"https:\/\/api.w.org\/{rel}","templated":true}]}}