{"id":121128,"date":"2025-07-19T21:06:41","date_gmt":"2025-07-20T02:06:41","guid":{"rendered":"https:\/\/futbolhoy.co\/?p=121128"},"modified":"2025-07-20T19:26:46","modified_gmt":"2025-07-21T00:26:46","slug":"nacional-vencio-a-la-equidad-y-comparte-la-punta","status":"publish","type":"post","link":"https:\/\/futbolhoy.co\/index.php\/2025\/07\/19\/nacional-vencio-a-la-equidad-y-comparte-la-punta\/","title":{"rendered":"Nacional venci\u00f3 a La Equidad y comparte la punta"},"content":{"rendered":"<p style=\"text-align: justify;\"><span style=\"font-family: helvetica, arial, sans-serif;\"><b>Atl\u00e9tico Nacional consigui\u00f3 un triunfo 3-1 <\/b>en el inicio del campeonato este s\u00e1bado, al recibir a <b>La Equidad<\/b> por la fecha 2 de la Liga, en el <b>estadio Atanasio Girardot de Medell\u00edn.\u00a0<\/b><\/span><\/p>\n<p style=\"text-align: justify;\"><span style=\"font-family: helvetica, arial, sans-serif;\">El partido comenz\u00f3 con un gol tempranero, al minuto 3 <b>con la anotaci\u00f3n de Juan Zapata para Atl\u00e9tico Nacional<\/b>. Al 34\u2019 Andr\u00e9s Sarmiento aument\u00f3 el marcador y puso el 2-0 antes del entretiempo.\u00a0<\/span><\/p>\n<p style=\"text-align: justify;\"><span style=\"font-family: helvetica, arial, sans-serif;\">Kevin Parra al minuto 50 consigui\u00f3 descontar para <b>La Equidad, pero al 68\u2019 Alfredo Morelos <\/b>sigui\u00f3 con la cuenta de Nacional, que termin\u00f3 sumando su segunda victoria en l\u00ednea.\u00a0<\/span><\/p>\n<p style=\"text-align: justify;\"><span style=\"font-family: helvetica, arial, sans-serif;\"><b>Nacional suma 6 puntos<\/b> y se ubica primero en la tabla, compartiendo el liderato con el Junior de Barranquilla. Equidad, por su parte, no ha podido ganar en esta Liga y tiene 1 punto tras un empate y una derrota.\u00a0<\/span><\/p>\n","protected":false},"excerpt":{"rendered":"<p>Atl\u00e9tico Nacional consigui\u00f3 un triunfo 3-1 en el inicio del campeonato este s\u00e1bado, al recibir a La Equidad por la fecha 2 de la Liga, en el estadio Atanasio Girardot de Medell\u00edn.\u00a0 El partido comenz\u00f3 con un gol tempranero, al minuto 3 con la anotaci\u00f3n de Juan Zapata para Atl\u00e9tico Nacional. Al 34\u2019 Andr\u00e9s Sarmiento [&hellip;]<\/p>\n","protected":false},"author":4,"featured_media":121129,"comment_status":"open","ping_status":"closed","sticky":false,"template":"","format":"standard","meta":{"_acf_changed":false,"footnotes":""},"categories":[7],"tags":[],"class_list":{"0":"post-121128","1":"post","2":"type-post","3":"status-publish","4":"format-standard","5":"has-post-thumbnail","7":"category-liga-betplay"},"acf":[],"_links":{"self":[{"href":"https:\/\/futbolhoy.co\/index.php\/wp-json\/wp\/v2\/posts\/121128","targetHints":{"allow":["GET"]}}],"collection":[{"href":"https:\/\/futbolhoy.co\/index.php\/wp-json\/wp\/v2\/posts"}],"about":[{"href":"https:\/\/futbolhoy.co\/index.php\/wp-json\/wp\/v2\/types\/post"}],"author":[{"embeddable":true,"href":"https:\/\/futbolhoy.co\/index.php\/wp-json\/wp\/v2\/users\/4"}],"replies":[{"embeddable":true,"href":"https:\/\/futbolhoy.co\/index.php\/wp-json\/wp\/v2\/comments?post=121128"}],"version-history":[{"count":1,"href":"https:\/\/futbolhoy.co\/index.php\/wp-json\/wp\/v2\/posts\/121128\/revisions"}],"predecessor-version":[{"id":121130,"href":"https:\/\/futbolhoy.co\/index.php\/wp-json\/wp\/v2\/posts\/121128\/revisions\/121130"}],"wp:featuredmedia":[{"embeddable":true,"href":"https:\/\/futbolhoy.co\/index.php\/wp-json\/wp\/v2\/media\/121129"}],"wp:attachment":[{"href":"https:\/\/futbolhoy.co\/index.php\/wp-json\/wp\/v2\/media?parent=121128"}],"wp:term":[{"taxonomy":"category","embeddable":true,"href":"https:\/\/futbolhoy.co\/index.php\/wp-json\/wp\/v2\/categories?post=121128"},{"taxonomy":"post_tag","embeddable":true,"href":"https:\/\/futbolhoy.co\/index.php\/wp-json\/wp\/v2\/tags?post=121128"}],"curies":[{"name":"wp","href":"https:\/\/api.w.org\/{rel}","templated":true}]}}