{"id":121144,"date":"2025-07-20T10:03:41","date_gmt":"2025-07-20T15:03:41","guid":{"rendered":"https:\/\/futbolhoy.co\/?p=121144"},"modified":"2025-07-21T13:43:26","modified_gmt":"2025-07-21T18:43:26","slug":"richard-rios-jugara-en-el-benfica-de-portugal","status":"publish","type":"post","link":"https:\/\/futbolhoy.co\/index.php\/2025\/07\/20\/richard-rios-jugara-en-el-benfica-de-portugal\/","title":{"rendered":"Richard R\u00edos jugar\u00e1 en el Benfica de Portugal"},"content":{"rendered":"<p style=\"text-align: justify;\"><span style=\"font-family: helvetica, arial, sans-serif;\">La novela de <b>Richard R\u00edos est\u00e1 por llegar a su fin. <\/b>Luego de que la Roma de Italia ofreciera, pero no llegara a un acuerdo con Palmeiras, Benfica se meti\u00f3 en la conversaci\u00f3n y est\u00e1 muy cerca de sumar al colombiano.<\/span><\/p>\n<p style=\"text-align: justify;\"><span style=\"font-family: helvetica, arial, sans-serif;\">El director deportivo del club portugu\u00e9s, <b>Rui Pedro Braz, viaj\u00f3 a Brasil<\/b> y se encarg\u00f3 de llevar a cabo la negociaci\u00f3n hasta encontrar un acuerdo con el club Paulista.<\/span><\/p>\n<p style=\"text-align: justify;\"><span style=\"font-family: helvetica, arial, sans-serif;\">\u201c<b>R\u00edos volar\u00e1 a Lisboa la pr\u00f3xima semana<\/b> para recibir reconocimiento m\u00e9dico\u201d, inform\u00f3 Fabrizio Romano sobre la transferencia.<\/span><\/p>\n<p style=\"text-align: justify;\"><span style=\"font-family: helvetica, arial, sans-serif;\">Se dice que el <b>futbolista antioque\u00f1o habr\u00eda renunciado al 10% <\/b>de lo que le correspond\u00eda, mientras que el 14% ir\u00e1 al club Guaran\u00ed y el 6% restante de los 28 millones de euros, a Flamengo.<\/span><\/p>\n<p style=\"text-align: justify;\"><span style=\"font-family: helvetica, arial, sans-serif;\">Rios, con <b>Palmeiras, jug\u00f3 138 partidos,<\/b> de los cuales en 90 lo hizo como titular y aport\u00f3 11 goles y 10 asistencias.<\/span><\/p>\n","protected":false},"excerpt":{"rendered":"<p>La novela de Richard R\u00edos est\u00e1 por llegar a su fin. Luego de que la Roma de Italia ofreciera, pero no llegara a un acuerdo con Palmeiras, Benfica se meti\u00f3 en la conversaci\u00f3n y est\u00e1 muy cerca de sumar al colombiano. El director deportivo del club portugu\u00e9s, Rui Pedro Braz, viaj\u00f3 a Brasil y se [&hellip;]<\/p>\n","protected":false},"author":4,"featured_media":121145,"comment_status":"open","ping_status":"closed","sticky":false,"template":"","format":"standard","meta":{"_acf_changed":false,"footnotes":""},"categories":[418],"tags":[],"class_list":{"0":"post-121144","1":"post","2":"type-post","3":"status-publish","4":"format-standard","5":"has-post-thumbnail","7":"category-colombia"},"acf":[],"_links":{"self":[{"href":"https:\/\/futbolhoy.co\/index.php\/wp-json\/wp\/v2\/posts\/121144","targetHints":{"allow":["GET"]}}],"collection":[{"href":"https:\/\/futbolhoy.co\/index.php\/wp-json\/wp\/v2\/posts"}],"about":[{"href":"https:\/\/futbolhoy.co\/index.php\/wp-json\/wp\/v2\/types\/post"}],"author":[{"embeddable":true,"href":"https:\/\/futbolhoy.co\/index.php\/wp-json\/wp\/v2\/users\/4"}],"replies":[{"embeddable":true,"href":"https:\/\/futbolhoy.co\/index.php\/wp-json\/wp\/v2\/comments?post=121144"}],"version-history":[{"count":1,"href":"https:\/\/futbolhoy.co\/index.php\/wp-json\/wp\/v2\/posts\/121144\/revisions"}],"predecessor-version":[{"id":121146,"href":"https:\/\/futbolhoy.co\/index.php\/wp-json\/wp\/v2\/posts\/121144\/revisions\/121146"}],"wp:featuredmedia":[{"embeddable":true,"href":"https:\/\/futbolhoy.co\/index.php\/wp-json\/wp\/v2\/media\/121145"}],"wp:attachment":[{"href":"https:\/\/futbolhoy.co\/index.php\/wp-json\/wp\/v2\/media?parent=121144"}],"wp:term":[{"taxonomy":"category","embeddable":true,"href":"https:\/\/futbolhoy.co\/index.php\/wp-json\/wp\/v2\/categories?post=121144"},{"taxonomy":"post_tag","embeddable":true,"href":"https:\/\/futbolhoy.co\/index.php\/wp-json\/wp\/v2\/tags?post=121144"}],"curies":[{"name":"wp","href":"https:\/\/api.w.org\/{rel}","templated":true}]}}